{"id":2775,"date":"2025-11-14T09:59:18","date_gmt":"2025-11-14T08:59:18","guid":{"rendered":"https:\/\/webalquimia.es\/?p=2775"},"modified":"2025-11-14T10:01:47","modified_gmt":"2025-11-14T09:01:47","slug":"la-junta-de-castilla-y-leon-declara-la-fiesta-de-la-salchicha-de-zaratan-como-fiesta-de-interes-turistico-regional","status":"publish","type":"post","link":"https:\/\/pueblosycomarcas.com\/en\/la-junta-de-castilla-y-leon-declara-la-fiesta-de-la-salchicha-de-zaratan-como-fiesta-de-interes-turistico-regional\/","title":{"rendered":"La Junta de Castilla y Le\u00f3n declara la Fiesta de la Salchicha de Zarat\u00e1n como Fiesta de Inter\u00e9s Tur\u00edstico Regional"},"content":{"rendered":"<div data-elementor-type=\"wp-post\" data-elementor-id=\"2775\" class=\"elementor elementor-2775\">\n\t\t\t\t<div class=\"elementor-element elementor-element-9d927a7 e-flex e-con-boxed wpr-particle-no wpr-jarallax-no wpr-parallax-no wpr-sticky-section-no wpr-equal-height-no e-con e-parent\" data-id=\"9d927a7\" data-element_type=\"container\" data-e-type=\"container\">\n\t\t\t\t\t<div class=\"e-con-inner\">\n\t\t\t\t<div class=\"elementor-element elementor-element-da26235 elementor-widget elementor-widget-heading\" data-id=\"da26235\" data-element_type=\"widget\" data-e-type=\"widget\" data-widget_type=\"heading.default\">\n\t\t\t\t\t<h2 class=\"elementor-heading-title elementor-size-default\">La Junta de Castilla y Le\u00f3n declara la Fiesta de la Salchicha de Zarat\u00e1n como Fiesta de Inter\u00e9s Tur\u00edstico Regional<\/h2>\t\t\t\t<\/div>\n\t\t\t\t\t<\/div>\n\t\t\t\t<\/div>\n\t\t<div class=\"elementor-element elementor-element-f84e857 e-flex e-con-boxed wpr-particle-no wpr-jarallax-no wpr-parallax-no wpr-sticky-section-no wpr-equal-height-no e-con e-parent\" data-id=\"f84e857\" data-element_type=\"container\" data-e-type=\"container\">\n\t\t\t\t\t<div class=\"e-con-inner\">\n\t\t\t\t<div class=\"elementor-element elementor-element-7183b22 elementor-widget elementor-widget-text-editor\" data-id=\"7183b22\" data-element_type=\"widget\" data-e-type=\"widget\" data-widget_type=\"text-editor.default\">\n\t\t\t\t\t\t\t\t\t<ul><li><h6><em><strong>La Orden CYT\/1256\/2025 reconoce el valor cultural y gastron\u00f3mico de una de las celebraciones m\u00e1s emblem\u00e1ticas del municipio<\/strong><\/em><\/h6><\/li><li><h6><em><strong>El Consistorio agradece su contribuci\u00f3n a este reconocimiento a todas las entidades que lo han hecho posible, subrayando que ello \u201cpone en valor el trabajo, esfuerzo y dedicaci\u00f3n de muchas personas que, durante d\u00e9cadas, han mantenido viva esta tradici\u00f3n\u201d<\/strong><\/em><\/h6><\/li><\/ul>\t\t\t\t\t\t\t\t<\/div>\n\t\t\t\t<div class=\"elementor-element elementor-element-e2386ed elementor-widget-divider--view-line elementor-widget elementor-widget-divider\" data-id=\"e2386ed\" data-element_type=\"widget\" data-e-type=\"widget\" data-widget_type=\"divider.default\">\n\t\t\t\t\t\t\t<div class=\"elementor-divider\">\n\t\t\t<span class=\"elementor-divider-separator\">\n\t\t\t\t\t\t<\/span>\n\t\t<\/div>\n\t\t\t\t\t\t<\/div>\n\t\t\t\t<div class=\"elementor-element elementor-element-1542610 elementor-widget elementor-widget-image\" data-id=\"1542610\" data-element_type=\"widget\" data-e-type=\"widget\" data-widget_type=\"image.default\">\n\t\t\t\t\t\t\t\t\t\t\t\t\t\t\t<img fetchpriority=\"high\" decoding=\"async\" width=\"800\" height=\"400\" src=\"https:\/\/pueblosycomarcas.com\/wp-content\/uploads\/2025\/11\/20251103_degustacion_salchicha_zaratan.jpg\" class=\"attachment-large size-large wp-image-2004\" alt=\"\" srcset=\"https:\/\/pueblosycomarcas.com\/wp-content\/uploads\/2025\/11\/20251103_degustacion_salchicha_zaratan.jpg 800w, https:\/\/pueblosycomarcas.com\/wp-content\/uploads\/2025\/11\/20251103_degustacion_salchicha_zaratan-300x150.jpg 300w, https:\/\/pueblosycomarcas.com\/wp-content\/uploads\/2025\/11\/20251103_degustacion_salchicha_zaratan-768x384.jpg 768w\" sizes=\"(max-width: 800px) 100vw, 800px\" \/>\t\t\t\t\t\t\t\t\t\t\t\t\t\t\t<\/div>\n\t\t\t\t<div class=\"elementor-element elementor-element-d8e307a elementor-widget elementor-widget-text-editor\" data-id=\"d8e307a\" data-element_type=\"widget\" data-e-type=\"widget\" data-widget_type=\"text-editor.default\">\n\t\t\t\t\t\t\t\t\t<p><a href=\"https:\/\/www.facebook.com\/Pueblos-y-Comarcas-125437870924169\/?fref=ts\"><em><strong>Pueblosycomarcas.com<\/strong><\/em><\/a><em><strong>;\u00a0<\/strong><\/em><a href=\"https:\/\/twitter.com\/PueblosComarcas\"><em><strong>@PueblosComarcas<\/strong><\/em><\/a><\/p><p>El Ayuntamiento de Zarat\u00e1n informa de que la Junta de Castilla y Le\u00f3n ha otorgado a la Fiesta de la Salchicha la distinci\u00f3n oficial de Fiesta de Inter\u00e9s Tur\u00edstico de Castilla y Le\u00f3n, seg\u00fan la Orden CYT\/1256\/2025, de 10 de noviembre, publicada en el Bolet\u00edn Oficial de Castilla y Le\u00f3n. Este reconocimiento supone un importante impulso para la promoci\u00f3n tur\u00edstica del municipio y refrenda el valor cultural, social y gastron\u00f3mico de una tradici\u00f3n profundamente arraigada en la identidad de Zarat\u00e1n.<\/p><p>El Ayuntamiento desea expresar su agradecimiento a todas las instituciones que han contribuido a la consecuci\u00f3n de este hito: a la Diputaci\u00f3n de Valladolid, y especialmente a su presidente, Conrado \u00cdscar, por su apoyo continuo a la celebraci\u00f3n y su compromiso con la promoci\u00f3n de las tradiciones de la provincia; al presidente de la Junta de Castilla y Le\u00f3n, Alfonso Fern\u00e1ndez Ma\u00f1ueco, por su respaldo a esta declaraci\u00f3n que reconoce el valor tur\u00edstico y patrimonial de la fiesta; y a la Junta de Castilla y Le\u00f3n en su conjunto por haber otorgado oficialmente esta distinci\u00f3n tan significativa para el municipio.<\/p><p>El alcalde de Zarat\u00e1n, Roberto Migall\u00f3n, ha expresado su satisfacci\u00f3n por este importante logro, afirmando que \u201cla declaraci\u00f3n de la Fiesta de la Salchicha como Fiesta de Inter\u00e9s Tur\u00edstico de Castilla y Le\u00f3n es un reconocimiento al trabajo, esfuerzo y dedicaci\u00f3n de todas las personas que, durante d\u00e9cadas, han mantenido viva esta tradici\u00f3n que nos identifica como pueblo.\u201d<\/p><p>Asimismo, ha a\u00f1adido: \u201cQuiero agradecer especialmente a la Diputaci\u00f3n de Valladolid y a su presidente, Conrado \u00cdscar, su apoyo constante, as\u00ed como al presidente de la Junta, Alfonso Fern\u00e1ndez Ma\u00f1ueco, por este distintivo que sit\u00faa a Zarat\u00e1n en el mapa tur\u00edstico regional.\u201d<\/p><p>Finalmente, el alcalde ha subrayado que \u201ceste reconocimiento nos anima a seguir trabajando para que nuestra fiesta contin\u00fae creciendo, atrayendo visitantes y siendo motivo de orgullo para nuestros vecinos.\u201d<\/p><p>La Fiesta de la Salchicha refuerza as\u00ed su posici\u00f3n como un referente gastron\u00f3mico y cultural dentro de Castilla y Le\u00f3n, consolid\u00e1ndose como una celebraci\u00f3n imprescindible en el calendario festivo\u00a0regional.<\/p>\t\t\t\t\t\t\t\t<\/div>\n\t\t\t\t\t<\/div>\n\t\t\t\t<\/div>\n\t\t\t\t<\/div>","protected":false},"excerpt":{"rendered":"<p>La Junta de Castilla y Le\u00f3n declara la Fiesta de la Salchicha de Zarat\u00e1n como Fiesta de Inter\u00e9s Tur\u00edstico Regional La Orden CYT\/1256\/2025 reconoce el valor cultural y gastron\u00f3mico de una de las celebraciones m\u00e1s emblem\u00e1ticas del municipio El Consistorio agradece su contribuci\u00f3n a este reconocimiento a todas las entidades que lo han hecho posible, subrayando que ello \u201cpone en valor el trabajo, esfuerzo y dedicaci\u00f3n de muchas personas que, durante d\u00e9cadas, han mantenido viva esta tradici\u00f3n\u201d Pueblosycomarcas.com;\u00a0@PueblosComarcas El Ayuntamiento de Zarat\u00e1n informa de que la Junta de Castilla y Le\u00f3n ha otorgado a la Fiesta de la Salchicha la distinci\u00f3n oficial de Fiesta de Inter\u00e9s Tur\u00edstico de Castilla y Le\u00f3n, seg\u00fan la Orden CYT\/1256\/2025, de 10 de noviembre, publicada en el Bolet\u00edn Oficial de Castilla y Le\u00f3n. Este reconocimiento supone un importante impulso para la promoci\u00f3n tur\u00edstica del municipio y refrenda el valor cultural, social y gastron\u00f3mico de una tradici\u00f3n profundamente arraigada en la identidad de Zarat\u00e1n. El Ayuntamiento desea expresar su agradecimiento a todas las instituciones que han contribuido a la consecuci\u00f3n de este hito: a la Diputaci\u00f3n de Valladolid, y especialmente a su presidente, Conrado \u00cdscar, por su apoyo continuo a la celebraci\u00f3n y su compromiso con la promoci\u00f3n de las tradiciones de la provincia; al presidente de la Junta de Castilla y Le\u00f3n, Alfonso Fern\u00e1ndez Ma\u00f1ueco, por su respaldo a esta declaraci\u00f3n que reconoce el valor tur\u00edstico y patrimonial de la fiesta; y a la Junta de Castilla y Le\u00f3n en su conjunto por haber otorgado oficialmente esta distinci\u00f3n tan significativa para el municipio. El alcalde de Zarat\u00e1n, Roberto Migall\u00f3n, ha expresado su satisfacci\u00f3n por este importante logro, afirmando que \u201cla declaraci\u00f3n de la Fiesta de la Salchicha como Fiesta de Inter\u00e9s Tur\u00edstico de Castilla y Le\u00f3n es un reconocimiento al trabajo, esfuerzo y dedicaci\u00f3n de todas las personas que, durante d\u00e9cadas, han mantenido viva esta tradici\u00f3n que nos identifica como pueblo.\u201d Asimismo, ha a\u00f1adido: \u201cQuiero agradecer especialmente a la Diputaci\u00f3n de Valladolid y a su presidente, Conrado \u00cdscar, su apoyo constante, as\u00ed como al presidente de la Junta, Alfonso Fern\u00e1ndez Ma\u00f1ueco, por este distintivo que sit\u00faa a Zarat\u00e1n en el mapa tur\u00edstico regional.\u201d Finalmente, el alcalde ha subrayado que \u201ceste reconocimiento nos anima a seguir trabajando para que nuestra fiesta contin\u00fae creciendo, atrayendo visitantes y siendo motivo de orgullo para nuestros vecinos.\u201d La Fiesta de la Salchicha refuerza as\u00ed su posici\u00f3n como un referente gastron\u00f3mico y cultural dentro de Castilla y Le\u00f3n, consolid\u00e1ndose como una celebraci\u00f3n imprescindible en el calendario festivo\u00a0regional.<\/p>","protected":false},"author":1,"featured_media":2004,"comment_status":"open","ping_status":"closed","sticky":false,"template":"","format":"standard","meta":{"site-sidebar-layout":"default","site-content-layout":"","ast-site-content-layout":"default","site-content-style":"default","site-sidebar-style":"default","ast-global-header-display":"","ast-banner-title-visibility":"","ast-main-header-display":"","ast-hfb-above-header-display":"","ast-hfb-below-header-display":"","ast-hfb-mobile-header-display":"","site-post-title":"disabled","ast-breadcrumbs-content":"","ast-featured-img":"","footer-sml-layout":"","theme-transparent-header-meta":"","adv-header-id-meta":"","stick-header-meta":"","header-above-stick-meta":"","header-main-stick-meta":"","header-below-stick-meta":"","astra-migrate-meta-layouts":"default","ast-page-background-enabled":"default","ast-page-background-meta":{"desktop":{"background-color":"var(--ast-global-color-5)","background-image":"","background-repeat":"repeat","background-position":"center center","background-size":"auto","background-attachment":"scroll","background-type":"","background-media":"","overlay-type":"","overlay-color":"","overlay-opacity":"","overlay-gradient":""},"tablet":{"background-color":"","background-image":"","background-repeat":"repeat","background-position":"center center","background-size":"auto","background-attachment":"scroll","background-type":"","background-media":"","overlay-type":"","overlay-color":"","overlay-opacity":"","overlay-gradient":""},"mobile":{"background-color":"","background-image":"","background-repeat":"repeat","background-position":"center center","background-size":"auto","background-attachment":"scroll","background-type":"","background-media":"","overlay-type":"","overlay-color":"","overlay-opacity":"","overlay-gradient":""}},"ast-content-background-meta":{"desktop":{"background-color":"var(--ast-global-color-4)","background-image":"","background-repeat":"repeat","background-position":"center center","background-size":"auto","background-attachment":"scroll","background-type":"","background-media":"","overlay-type":"","overlay-color":"","overlay-opacity":"","overlay-gradient":""},"tablet":{"background-color":"var(--ast-global-color-4)","background-image":"","background-repeat":"repeat","background-position":"center center","background-size":"auto","background-attachment":"scroll","background-type":"","background-media":"","overlay-type":"","overlay-color":"","overlay-opacity":"","overlay-gradient":""},"mobile":{"background-color":"var(--ast-global-color-4)","background-image":"","background-repeat":"repeat","background-position":"center center","background-size":"auto","background-attachment":"scroll","background-type":"","background-media":"","overlay-type":"","overlay-color":"","overlay-opacity":"","overlay-gradient":""}},"ngg_post_thumbnail":0,"footnotes":""},"categories":[14,10,16],"tags":[171,105],"class_list":["post-2775","post","type-post","status-publish","format-standard","has-post-thumbnail","hentry","category-cultura-y-tradicion","category-otras-comarcas","category-portada","tag-fiesta-de-la-salchicha","tag-zaratan"],"aioseo_notices":[],"rttpg_featured_image_url":{"full":["https:\/\/pueblosycomarcas.com\/wp-content\/uploads\/2025\/11\/20251103_degustacion_salchicha_zaratan.jpg",800,400,false],"landscape":["https:\/\/pueblosycomarcas.com\/wp-content\/uploads\/2025\/11\/20251103_degustacion_salchicha_zaratan.jpg",800,400,false],"portraits":["https:\/\/pueblosycomarcas.com\/wp-content\/uploads\/2025\/11\/20251103_degustacion_salchicha_zaratan.jpg",800,400,false],"thumbnail":["https:\/\/pueblosycomarcas.com\/wp-content\/uploads\/2025\/11\/20251103_degustacion_salchicha_zaratan-150x150.jpg",150,150,true],"medium":["https:\/\/pueblosycomarcas.com\/wp-content\/uploads\/2025\/11\/20251103_degustacion_salchicha_zaratan-300x150.jpg",300,150,true],"large":["https:\/\/pueblosycomarcas.com\/wp-content\/uploads\/2025\/11\/20251103_degustacion_salchicha_zaratan.jpg",800,400,false],"1536x1536":["https:\/\/pueblosycomarcas.com\/wp-content\/uploads\/2025\/11\/20251103_degustacion_salchicha_zaratan.jpg",800,400,false],"2048x2048":["https:\/\/pueblosycomarcas.com\/wp-content\/uploads\/2025\/11\/20251103_degustacion_salchicha_zaratan.jpg",800,400,false],"trp-custom-language-flag":["https:\/\/pueblosycomarcas.com\/wp-content\/uploads\/2025\/11\/20251103_degustacion_salchicha_zaratan.jpg",18,9,false]},"rttpg_author":{"display_name":"admin","author_link":"https:\/\/pueblosycomarcas.com\/en\/author\/webalquimia\/"},"rttpg_comment":0,"rttpg_category":"<a href=\"https:\/\/pueblosycomarcas.com\/en\/category\/cultura-y-tradicion\/\" rel=\"category tag\">Cultura y Tradici\u00f3n<\/a> <a href=\"https:\/\/pueblosycomarcas.com\/en\/category\/otras-comarcas\/\" rel=\"category tag\">Otras Comarcas<\/a> <a href=\"https:\/\/pueblosycomarcas.com\/en\/category\/portada\/\" rel=\"category tag\">Portada<\/a>","rttpg_excerpt":"La Junta de Castilla y Le\u00f3n declara la Fiesta de la Salchicha de Zarat\u00e1n como Fiesta de Inter\u00e9s Tur\u00edstico Regional La Orden CYT\/1256\/2025 reconoce el valor cultural y gastron\u00f3mico de una de las celebraciones m\u00e1s emblem\u00e1ticas del municipio El Consistorio agradece su contribuci\u00f3n a este reconocimiento a todas las entidades que lo han hecho posible,&hellip;","_links":{"self":[{"href":"https:\/\/pueblosycomarcas.com\/en\/wp-json\/wp\/v2\/posts\/2775","targetHints":{"allow":["GET"]}}],"collection":[{"href":"https:\/\/pueblosycomarcas.com\/en\/wp-json\/wp\/v2\/posts"}],"about":[{"href":"https:\/\/pueblosycomarcas.com\/en\/wp-json\/wp\/v2\/types\/post"}],"author":[{"embeddable":true,"href":"https:\/\/pueblosycomarcas.com\/en\/wp-json\/wp\/v2\/users\/1"}],"replies":[{"embeddable":true,"href":"https:\/\/pueblosycomarcas.com\/en\/wp-json\/wp\/v2\/comments?post=2775"}],"version-history":[{"count":5,"href":"https:\/\/pueblosycomarcas.com\/en\/wp-json\/wp\/v2\/posts\/2775\/revisions"}],"predecessor-version":[{"id":2780,"href":"https:\/\/pueblosycomarcas.com\/en\/wp-json\/wp\/v2\/posts\/2775\/revisions\/2780"}],"wp:featuredmedia":[{"embeddable":true,"href":"https:\/\/pueblosycomarcas.com\/en\/wp-json\/wp\/v2\/media\/2004"}],"wp:attachment":[{"href":"https:\/\/pueblosycomarcas.com\/en\/wp-json\/wp\/v2\/media?parent=2775"}],"wp:term":[{"taxonomy":"category","embeddable":true,"href":"https:\/\/pueblosycomarcas.com\/en\/wp-json\/wp\/v2\/categories?post=2775"},{"taxonomy":"post_tag","embeddable":true,"href":"https:\/\/pueblosycomarcas.com\/en\/wp-json\/wp\/v2\/tags?post=2775"}],"curies":[{"name":"wp","href":"https:\/\/api.w.org\/{rel}","templated":true}]}}