{"id":2768,"date":"2025-11-14T06:06:00","date_gmt":"2025-11-14T05:06:00","guid":{"rendered":"https:\/\/webalquimia.es\/?p=2768"},"modified":"2025-11-13T20:58:43","modified_gmt":"2025-11-13T19:58:43","slug":"el-arzobispo-de-valladolid-el-dean-de-la-catedral-y-el-delegado-de-patrimonio-visitan-las-obras-de-restauracion-y-revitalizacion-del-conjunto-catedralicio","status":"publish","type":"post","link":"https:\/\/pueblosycomarcas.com\/en\/el-arzobispo-de-valladolid-el-dean-de-la-catedral-y-el-delegado-de-patrimonio-visitan-las-obras-de-restauracion-y-revitalizacion-del-conjunto-catedralicio\/","title":{"rendered":"El Arzobispo de Valladolid, el de\u00e1n de la Catedral y el delegado de Patrimonio visitan las obras de restauraci\u00f3n y revitalizaci\u00f3n del Conjunto Catedralicio"},"content":{"rendered":"<div data-elementor-type=\"wp-post\" data-elementor-id=\"2768\" class=\"elementor elementor-2768\">\n\t\t\t\t<div class=\"elementor-element elementor-element-e00317a e-flex e-con-boxed wpr-particle-no wpr-jarallax-no wpr-parallax-no wpr-sticky-section-no wpr-equal-height-no e-con e-parent\" data-id=\"e00317a\" data-element_type=\"container\" data-e-type=\"container\">\n\t\t\t\t\t<div class=\"e-con-inner\">\n\t\t\t\t<div class=\"elementor-element elementor-element-144be9d elementor-widget elementor-widget-heading\" data-id=\"144be9d\" data-element_type=\"widget\" data-e-type=\"widget\" data-widget_type=\"heading.default\">\n\t\t\t\t\t<h2 class=\"elementor-heading-title elementor-size-default\">El Arzobispo de Valladolid, el de\u00e1n de la Catedral y el delegado de Patrimonio visitan las obras de restauraci\u00f3n y revitalizaci\u00f3n del Conjunto Catedralicio<\/h2>\t\t\t\t<\/div>\n\t\t\t\t<div class=\"elementor-element elementor-element-4d27d97 elementor-widget elementor-widget-text-editor\" data-id=\"4d27d97\" data-element_type=\"widget\" data-e-type=\"widget\" data-widget_type=\"text-editor.default\">\n\t\t\t\t\t\t\t\t\t<ul><li><h6><em><strong>En su visita han podido comprobar de primera mano el avance de las obras, que se iniciaron el pasado mes de octubre, as\u00ed como el vaciado de las distintas estancias donde se intervendr\u00e1<\/strong><\/em><\/h6><\/li><\/ul>\t\t\t\t\t\t\t\t<\/div>\n\t\t\t\t<div class=\"elementor-element elementor-element-7bb9b04 elementor-widget-divider--view-line elementor-widget elementor-widget-divider\" data-id=\"7bb9b04\" data-element_type=\"widget\" data-e-type=\"widget\" data-widget_type=\"divider.default\">\n\t\t\t\t\t\t\t<div class=\"elementor-divider\">\n\t\t\t<span class=\"elementor-divider-separator\">\n\t\t\t\t\t\t<\/span>\n\t\t<\/div>\n\t\t\t\t\t\t<\/div>\n\t\t\t\t<div class=\"elementor-element elementor-element-6174eca elementor-widget elementor-widget-image\" data-id=\"6174eca\" data-element_type=\"widget\" data-e-type=\"widget\" data-widget_type=\"image.default\">\n\t\t\t\t\t\t\t\t\t\t\t\t\t\t\t<img fetchpriority=\"high\" decoding=\"async\" width=\"800\" height=\"400\" src=\"https:\/\/pueblosycomarcas.com\/wp-content\/uploads\/2025\/11\/20251114_obras-catedral.jpg\" class=\"attachment-large size-large wp-image-2769\" alt=\"\" srcset=\"https:\/\/pueblosycomarcas.com\/wp-content\/uploads\/2025\/11\/20251114_obras-catedral.jpg 800w, https:\/\/pueblosycomarcas.com\/wp-content\/uploads\/2025\/11\/20251114_obras-catedral-300x150.jpg 300w, https:\/\/pueblosycomarcas.com\/wp-content\/uploads\/2025\/11\/20251114_obras-catedral-768x384.jpg 768w\" sizes=\"(max-width: 800px) 100vw, 800px\" \/>\t\t\t\t\t\t\t\t\t\t\t\t\t\t\t<\/div>\n\t\t\t\t<div class=\"elementor-element elementor-element-5a15af8 elementor-widget elementor-widget-text-editor\" data-id=\"5a15af8\" data-element_type=\"widget\" data-e-type=\"widget\" data-widget_type=\"text-editor.default\">\n\t\t\t\t\t\t\t\t\t<p>El arzobispo de Valladolid, don Luis Arg\u00fcello, el de\u00e1n de la Santa Iglesia Metropolitana Catedral, Manuel Fern\u00e1ndez Narros, y el delegado de Patrimonio y Obras de la Archidi\u00f3cesis vallisoletana, Juan Carlos \u00c1lvarez, han visitado ayer jueves las obras de restauraci\u00f3n y revitalizaci\u00f3n del Conjunto Catedralicio.<\/p>\n<p>En su visita han podido comprobar de primera mano el avance de las obras, que se iniciaron el pasado mes de octubre, as\u00ed como el vaciado de las distintas estancias donde se intervendr\u00e1.<\/p>\n<p>Adem\u00e1s, este jueves ha comenzado la instalaci\u00f3n en el Patio de los Cipreses de una gr\u00faa de gran tonelaje y 45 metros de altura que permitir\u00e1 a los operarios acceder por el aire a todo el \u00e1mbito de trabajo.<\/p>\n<p>En su visita han estado acompa\u00f1ados por Enrique Mart\u00edn, secretario general de Las Edades del Hombre, fundaci\u00f3n encargada de la direcci\u00f3n y gesti\u00f3n del Proyecto, el arquitecto Juan Carlos Arnuncio y representantes de TRYCSA, empresa adjudicataria de las obras.<\/p>\n<h4><strong>UN PROYECTO, CUATRO GRANDES ACTUACIONES<\/strong><\/h4>\n<p>El coste del Proyecto para la restauraci\u00f3n y revitalizaci\u00f3n del Conjunto Catedralicio de Valladolid asciende hasta los 6,4 millones de euros (IVA, incluido).<\/p>\n<p>Estas obras de mejora promovidas por el Arzobispado de Valladolid est\u00e1n cofinanciadas por el Gobierno de Espa\u00f1a con una ayuda de 2,3 millones de euros con cargo al Programa 2% Cultural y por la Junta de Castilla y Le\u00f3n, cuyo Consejo de Gobierno ha autorizado este jueves la concesi\u00f3n de una subvenci\u00f3n por importe de 1,3 millones de euros a trav\u00e9s de su Consejer\u00eda de Cultura, Turismo y Deporte. Las obras cuentan tambi\u00e9n con el respaldo del Ayuntamiento de Valladolid.<\/p>\n<p>El Proyecto contempla cuatro grandes actuaciones: la modernizaci\u00f3n del actual Museo Diocesano y Catedralicio, con un nuevo dise\u00f1o expositivo y estructural que, adem\u00e1s de ofrecer al visitante un renovado concepto museogr\u00e1fico, favorecer\u00e1 una mejor contemplaci\u00f3n de las obras que en \u00e9l se custodian; la apertura y urbanizaci\u00f3n del Patio de los Cipreses, quedando completamente integrado en la ciudad; la adecuaci\u00f3n de la Puerta de Santa Mar\u00eda, con salida a la Plaza de la Universidad, para facilitar el tr\u00e1nsito de las procesiones de Semana Santa y otras celebraciones religiosas; y la creaci\u00f3n de la citada Biblioteca Hist\u00f3rica de la Archidi\u00f3cesis de Valladolid, de m\u00e1s de 800 metros cuadrados, que estar\u00e1 conectada con el exterior por medio de unas escaleras y un ascensor que dar\u00e1n acceso a este nuevo espacio desde la Plaza de Portugalete.<\/p>\t\t\t\t\t\t\t\t<\/div>\n\t\t\t\t\t<\/div>\n\t\t\t\t<\/div>\n\t\t\t\t<\/div>","protected":false},"excerpt":{"rendered":"<p>El Arzobispo de Valladolid, el de\u00e1n de la Catedral y el delegado de Patrimonio visitan las obras de restauraci\u00f3n y revitalizaci\u00f3n del Conjunto Catedralicio En su visita han podido comprobar de primera mano el avance de las obras, que se iniciaron el pasado mes de octubre, as\u00ed como el vaciado de las distintas estancias donde se intervendr\u00e1 El arzobispo de Valladolid, don Luis Arg\u00fcello, el de\u00e1n de la Santa Iglesia Metropolitana Catedral, Manuel Fern\u00e1ndez Narros, y el delegado de Patrimonio y Obras de la Archidi\u00f3cesis vallisoletana, Juan Carlos \u00c1lvarez, han visitado ayer jueves las obras de restauraci\u00f3n y revitalizaci\u00f3n del Conjunto Catedralicio. En su visita han podido comprobar de primera mano el avance de las obras, que se iniciaron el pasado mes de octubre, as\u00ed como el vaciado de las distintas estancias donde se intervendr\u00e1. Adem\u00e1s, este jueves ha comenzado la instalaci\u00f3n en el Patio de los Cipreses de una gr\u00faa de gran tonelaje y 45 metros de altura que permitir\u00e1 a los operarios acceder por el aire a todo el \u00e1mbito de trabajo. En su visita han estado acompa\u00f1ados por Enrique Mart\u00edn, secretario general de Las Edades del Hombre, fundaci\u00f3n encargada de la direcci\u00f3n y gesti\u00f3n del Proyecto, el arquitecto Juan Carlos Arnuncio y representantes de TRYCSA, empresa adjudicataria de las obras. UN PROYECTO, CUATRO GRANDES ACTUACIONES El coste del Proyecto para la restauraci\u00f3n y revitalizaci\u00f3n del Conjunto Catedralicio de Valladolid asciende hasta los 6,4 millones de euros (IVA, incluido). Estas obras de mejora promovidas por el Arzobispado de Valladolid est\u00e1n cofinanciadas por el Gobierno de Espa\u00f1a con una ayuda de 2,3 millones de euros con cargo al Programa 2% Cultural y por la Junta de Castilla y Le\u00f3n, cuyo Consejo de Gobierno ha autorizado este jueves la concesi\u00f3n de una subvenci\u00f3n por importe de 1,3 millones de euros a trav\u00e9s de su Consejer\u00eda de Cultura, Turismo y Deporte. Las obras cuentan tambi\u00e9n con el respaldo del Ayuntamiento de Valladolid. El Proyecto contempla cuatro grandes actuaciones: la modernizaci\u00f3n del actual Museo Diocesano y Catedralicio, con un nuevo dise\u00f1o expositivo y estructural que, adem\u00e1s de ofrecer al visitante un renovado concepto museogr\u00e1fico, favorecer\u00e1 una mejor contemplaci\u00f3n de las obras que en \u00e9l se custodian; la apertura y urbanizaci\u00f3n del Patio de los Cipreses, quedando completamente integrado en la ciudad; la adecuaci\u00f3n de la Puerta de Santa Mar\u00eda, con salida a la Plaza de la Universidad, para facilitar el tr\u00e1nsito de las procesiones de Semana Santa y otras celebraciones religiosas; y la creaci\u00f3n de la citada Biblioteca Hist\u00f3rica de la Archidi\u00f3cesis de Valladolid, de m\u00e1s de 800 metros cuadrados, que estar\u00e1 conectada con el exterior por medio de unas escaleras y un ascensor que dar\u00e1n acceso a este nuevo espacio desde la Plaza de Portugalete.<\/p>","protected":false},"author":1,"featured_media":2769,"comment_status":"open","ping_status":"closed","sticky":false,"template":"","format":"standard","meta":{"site-sidebar-layout":"default","site-content-layout":"","ast-site-content-layout":"default","site-content-style":"default","site-sidebar-style":"default","ast-global-header-display":"","ast-banner-title-visibility":"","ast-main-header-display":"","ast-hfb-above-header-display":"","ast-hfb-below-header-display":"","ast-hfb-mobile-header-display":"","site-post-title":"disabled","ast-breadcrumbs-content":"","ast-featured-img":"","footer-sml-layout":"","theme-transparent-header-meta":"","adv-header-id-meta":"","stick-header-meta":"","header-above-stick-meta":"","header-main-stick-meta":"","header-below-stick-meta":"","astra-migrate-meta-layouts":"default","ast-page-background-enabled":"default","ast-page-background-meta":{"desktop":{"background-color":"var(--ast-global-color-5)","background-image":"","background-repeat":"repeat","background-position":"center center","background-size":"auto","background-attachment":"scroll","background-type":"","background-media":"","overlay-type":"","overlay-color":"","overlay-opacity":"","overlay-gradient":""},"tablet":{"background-color":"","background-image":"","background-repeat":"repeat","background-position":"center center","background-size":"auto","background-attachment":"scroll","background-type":"","background-media":"","overlay-type":"","overlay-color":"","overlay-opacity":"","overlay-gradient":""},"mobile":{"background-color":"","background-image":"","background-repeat":"repeat","background-position":"center center","background-size":"auto","background-attachment":"scroll","background-type":"","background-media":"","overlay-type":"","overlay-color":"","overlay-opacity":"","overlay-gradient":""}},"ast-content-background-meta":{"desktop":{"background-color":"var(--ast-global-color-4)","background-image":"","background-repeat":"repeat","background-position":"center center","background-size":"auto","background-attachment":"scroll","background-type":"","background-media":"","overlay-type":"","overlay-color":"","overlay-opacity":"","overlay-gradient":""},"tablet":{"background-color":"var(--ast-global-color-4)","background-image":"","background-repeat":"repeat","background-position":"center center","background-size":"auto","background-attachment":"scroll","background-type":"","background-media":"","overlay-type":"","overlay-color":"","overlay-opacity":"","overlay-gradient":""},"mobile":{"background-color":"var(--ast-global-color-4)","background-image":"","background-repeat":"repeat","background-position":"center center","background-size":"auto","background-attachment":"scroll","background-type":"","background-media":"","overlay-type":"","overlay-color":"","overlay-opacity":"","overlay-gradient":""}},"ngg_post_thumbnail":0,"footnotes":""},"categories":[14,16],"tags":[52],"class_list":["post-2768","post","type-post","status-publish","format-standard","has-post-thumbnail","hentry","category-cultura-y-tradicion","category-portada","tag-archidiocesis-de-valladolid"],"aioseo_notices":[],"rttpg_featured_image_url":{"full":["https:\/\/pueblosycomarcas.com\/wp-content\/uploads\/2025\/11\/20251114_obras-catedral.jpg",800,400,false],"landscape":["https:\/\/pueblosycomarcas.com\/wp-content\/uploads\/2025\/11\/20251114_obras-catedral.jpg",800,400,false],"portraits":["https:\/\/pueblosycomarcas.com\/wp-content\/uploads\/2025\/11\/20251114_obras-catedral.jpg",800,400,false],"thumbnail":["https:\/\/pueblosycomarcas.com\/wp-content\/uploads\/2025\/11\/20251114_obras-catedral-150x150.jpg",150,150,true],"medium":["https:\/\/pueblosycomarcas.com\/wp-content\/uploads\/2025\/11\/20251114_obras-catedral-300x150.jpg",300,150,true],"large":["https:\/\/pueblosycomarcas.com\/wp-content\/uploads\/2025\/11\/20251114_obras-catedral.jpg",800,400,false],"1536x1536":["https:\/\/pueblosycomarcas.com\/wp-content\/uploads\/2025\/11\/20251114_obras-catedral.jpg",800,400,false],"2048x2048":["https:\/\/pueblosycomarcas.com\/wp-content\/uploads\/2025\/11\/20251114_obras-catedral.jpg",800,400,false],"trp-custom-language-flag":["https:\/\/pueblosycomarcas.com\/wp-content\/uploads\/2025\/11\/20251114_obras-catedral.jpg",18,9,false]},"rttpg_author":{"display_name":"admin","author_link":"https:\/\/pueblosycomarcas.com\/en\/author\/webalquimia\/"},"rttpg_comment":0,"rttpg_category":"<a href=\"https:\/\/pueblosycomarcas.com\/en\/category\/cultura-y-tradicion\/\" rel=\"category tag\">Cultura y Tradici\u00f3n<\/a> <a href=\"https:\/\/pueblosycomarcas.com\/en\/category\/portada\/\" rel=\"category tag\">Portada<\/a>","rttpg_excerpt":"El Arzobispo de Valladolid, el de\u00e1n de la Catedral y el delegado de Patrimonio visitan las obras de restauraci\u00f3n y revitalizaci\u00f3n del Conjunto Catedralicio En su visita han podido comprobar de primera mano el avance de las obras, que se iniciaron el pasado mes de octubre, as\u00ed como el vaciado de las distintas estancias donde&hellip;","_links":{"self":[{"href":"https:\/\/pueblosycomarcas.com\/en\/wp-json\/wp\/v2\/posts\/2768","targetHints":{"allow":["GET"]}}],"collection":[{"href":"https:\/\/pueblosycomarcas.com\/en\/wp-json\/wp\/v2\/posts"}],"about":[{"href":"https:\/\/pueblosycomarcas.com\/en\/wp-json\/wp\/v2\/types\/post"}],"author":[{"embeddable":true,"href":"https:\/\/pueblosycomarcas.com\/en\/wp-json\/wp\/v2\/users\/1"}],"replies":[{"embeddable":true,"href":"https:\/\/pueblosycomarcas.com\/en\/wp-json\/wp\/v2\/comments?post=2768"}],"version-history":[{"count":5,"href":"https:\/\/pueblosycomarcas.com\/en\/wp-json\/wp\/v2\/posts\/2768\/revisions"}],"predecessor-version":[{"id":2774,"href":"https:\/\/pueblosycomarcas.com\/en\/wp-json\/wp\/v2\/posts\/2768\/revisions\/2774"}],"wp:featuredmedia":[{"embeddable":true,"href":"https:\/\/pueblosycomarcas.com\/en\/wp-json\/wp\/v2\/media\/2769"}],"wp:attachment":[{"href":"https:\/\/pueblosycomarcas.com\/en\/wp-json\/wp\/v2\/media?parent=2768"}],"wp:term":[{"taxonomy":"category","embeddable":true,"href":"https:\/\/pueblosycomarcas.com\/en\/wp-json\/wp\/v2\/categories?post=2768"},{"taxonomy":"post_tag","embeddable":true,"href":"https:\/\/pueblosycomarcas.com\/en\/wp-json\/wp\/v2\/tags?post=2768"}],"curies":[{"name":"wp","href":"https:\/\/api.w.org\/{rel}","templated":true}]}}