{"id":2761,"date":"2025-11-13T20:43:52","date_gmt":"2025-11-13T19:43:52","guid":{"rendered":"https:\/\/webalquimia.es\/?p=2761"},"modified":"2025-11-13T20:46:26","modified_gmt":"2025-11-13T19:46:26","slug":"valladolid-promociona-la-oferta-turistica-de-la-ciudad-y-la-provincia-en-intur-2025","status":"publish","type":"post","link":"https:\/\/pueblosycomarcas.com\/en\/valladolid-promociona-la-oferta-turistica-de-la-ciudad-y-la-provincia-en-intur-2025\/","title":{"rendered":"Valladolid promociona la oferta tur\u00edstica de la ciudad y la provincia en INTUR 2025"},"content":{"rendered":"<div data-elementor-type=\"wp-post\" data-elementor-id=\"2761\" class=\"elementor elementor-2761\">\n\t\t\t\t<div class=\"elementor-element elementor-element-1d21fce e-flex e-con-boxed wpr-particle-no wpr-jarallax-no wpr-parallax-no wpr-sticky-section-no wpr-equal-height-no e-con e-parent\" data-id=\"1d21fce\" data-element_type=\"container\" data-e-type=\"container\">\n\t\t\t\t\t<div class=\"e-con-inner\">\n\t\t\t\t<div class=\"elementor-element elementor-element-b483b4f elementor-widget elementor-widget-heading\" data-id=\"b483b4f\" data-element_type=\"widget\" data-e-type=\"widget\" data-widget_type=\"heading.default\">\n\t\t\t\t\t<h2 class=\"elementor-heading-title elementor-size-default\">Valladolid promociona la oferta tur\u00edstica de la ciudad y la provincia en INTUR 2025<\/h2>\t\t\t\t<\/div>\n\t\t\t\t<div class=\"elementor-element elementor-element-d0eca4f elementor-widget elementor-widget-text-editor\" data-id=\"d0eca4f\" data-element_type=\"widget\" data-e-type=\"widget\" data-widget_type=\"text-editor.default\">\n\t\t\t\t\t\t\t\t\t<ul><li><h6><em><strong>Ayuntamiento y Diputaci\u00f3n comparten stand un a\u00f1o m\u00e1s en la Feria de Valladolid<\/strong><\/em><\/h6><\/li><li><h6><em><strong>La provincia acude a esta cita destacando su patrimonio cultural, sus tradiciones y su gastronom\u00eda, e impulsa una nueva l\u00ednea de turismo sostenible a trav\u00e9s del astroturismo<\/strong><\/em><\/h6><\/li><\/ul>\t\t\t\t\t\t\t\t<\/div>\n\t\t\t\t<div class=\"elementor-element elementor-element-6f250a1 elementor-widget-divider--view-line elementor-widget elementor-widget-divider\" data-id=\"6f250a1\" data-element_type=\"widget\" data-e-type=\"widget\" data-widget_type=\"divider.default\">\n\t\t\t\t\t\t\t<div class=\"elementor-divider\">\n\t\t\t<span class=\"elementor-divider-separator\">\n\t\t\t\t\t\t<\/span>\n\t\t<\/div>\n\t\t\t\t\t\t<\/div>\n\t\t\t\t<div class=\"elementor-element elementor-element-f2a3069 elementor-widget elementor-widget-image\" data-id=\"f2a3069\" data-element_type=\"widget\" data-e-type=\"widget\" data-widget_type=\"image.default\">\n\t\t\t\t\t\t\t\t\t\t\t\t\t\t\t<img fetchpriority=\"high\" decoding=\"async\" width=\"800\" height=\"400\" src=\"https:\/\/pueblosycomarcas.com\/wp-content\/uploads\/2025\/11\/20251113_valladolid_intur.jpeg\" class=\"attachment-large size-large wp-image-2762\" alt=\"\" srcset=\"https:\/\/pueblosycomarcas.com\/wp-content\/uploads\/2025\/11\/20251113_valladolid_intur.jpeg 800w, https:\/\/pueblosycomarcas.com\/wp-content\/uploads\/2025\/11\/20251113_valladolid_intur-300x150.jpeg 300w, https:\/\/pueblosycomarcas.com\/wp-content\/uploads\/2025\/11\/20251113_valladolid_intur-768x384.jpeg 768w\" sizes=\"(max-width: 800px) 100vw, 800px\" \/>\t\t\t\t\t\t\t\t\t\t\t\t\t\t\t<\/div>\n\t\t\t\t<div class=\"elementor-element elementor-element-86e6998 elementor-widget elementor-widget-text-editor\" data-id=\"86e6998\" data-element_type=\"widget\" data-e-type=\"widget\" data-widget_type=\"text-editor.default\">\n\t\t\t\t\t\t\t\t\t<p><a href=\"https:\/\/www.facebook.com\/Pueblos-y-Comarcas-125437870924169\/?fref=ts\"><strong><em>Pueblosycomarcas.com<\/em><\/strong><\/a><strong><em>;&nbsp;<\/em><\/strong><a href=\"https:\/\/twitter.com\/PueblosComarcas\"><strong><em>@PueblosComarcas<\/em><\/strong><\/a><\/p>\n<p>La concejala de Turismo, Eventos y Marca Ciudad del Ayuntamiento de Valladolid, Blanca Jim\u00e9nez, y el diputado de Empleo, Desarrollo Econ\u00f3mico y Reto Demogr\u00e1fico de la Diputaci\u00f3n de Valladolid, Roberto Migall\u00f3n, han presentado hoy el stand conjunto de turismo de Valladolid que ambas instituciones compartir\u00e1n durante la Feria de Turismo de Interior, INTUR, que se celebrar\u00e1 del 13 al 16 de noviembre de 2025.<\/p>\n<p>Blanca Jim\u00e9nez ha hecho referencia, en primer lugar, a los eventos gastron\u00f3micos que la ciudad ha albergado durante esta semana: la XXI edici\u00f3n del Concurso Nacional de Pinchos y Tapas \u2018Ciudad de Valladolid\u2019 y el IX Campeonato Mundial de Tapas \u2018Ciudad de Valladolid\u2019. Dos cert\u00e1menes consolidados que cada a\u00f1o refuerzan la capitan\u00eda de la ciudad en torno a la tapa y que se prolongan durante esta semana con el \u2018Festival Internacional de la Tapa\u2019: \u201cuna oportunidad \u00fanica para que todos los asistentes de INTUR puedan degustar las tapas finalistas en los restaurantes de la ciudad\u201d, ha remarcado. Toda la informaci\u00f3n estar\u00e1 disponible en la app SpainisTapas, en la que los usuarios podr\u00e1n consultar los establecimientos que han apadrinado cada uno de los pinchos, as\u00ed como el horario en el que podr\u00e1n ir a probarlos.<\/p>\n<p>El Ayuntamiento adem\u00e1s promocionar\u00e1 durante estos d\u00edas uno de los grandes proyectos en los que la ciudad est\u00e1 trabajando: el Centro de la Cultura del Vino. Un espacio dirigido a la promoci\u00f3n del patrimonio cultural del mundo del vino, el enoturismo y el turismo gastron\u00f3mico que posicionar\u00e1 a Valladolid como un punto de encuentro de la cultura vitivin\u00edcola.<\/p>\n<p>Jim\u00e9nez tambi\u00e9n ha hecho referencia a la conmemoraci\u00f3n del 475 aniversario de la Controversia de Valladolid. Un hecho hist\u00f3rico al que Valladolid est\u00e1 haciendo un homenaje especial, y que durar\u00e1 hasta el pr\u00f3ximo a\u00f1o, con un extenso programa de actividades a trav\u00e9s de exposiciones, congresos, encuentros, conferencias, m\u00fasica, cine, teatro, publicaciones y visitas guiadas.<\/p>\n<p>Por \u00faltimo, Blanca Jim\u00e9nez ha presentado la pr\u00f3xima campa\u00f1a tur\u00edstica del mes de diciembre: el encendido navide\u00f1o. \u201cUno de los momentos m\u00e1s especiales y esperados por todos los vallisoletanos y que congrega a\u00f1o tras a\u00f1o a m\u00e1s visitantes\u201d. La inauguraci\u00f3n tendr\u00e1 lugar el pr\u00f3ximo 27 de noviembre con el encendido de las luces por las calles y plazas de nuestra ciudad.<\/p>\n<p>Por su parte, la Diputaci\u00f3n de Valladolid va a mostrar la amplia y variada oferta tur\u00edstica, cultural, gastron\u00f3mica, natural y patrimonial de la provincia. Por ello, se han integrado en el stand varias im\u00e1genes significativas de la provincia como la Iglesia de San Cipriano, en San Cebri\u00e1n de Mazote, una joya del prerrom\u00e1nico espa\u00f1ol en un entorno natural privilegiado; la Plaza Mayor de Villal\u00f3n de Campos que representa la importancia de nuestras plazas mayores como centro neur\u00e1lgico de nuestros municipios; y los \u201cdanzantes\u201d de Herr\u00edn de Campos, ejemplo de la conservaci\u00f3n de las tradiciones etnogr\u00e1ficas de Tierra de Campos.<\/p>\n<p>El diputado Roberto Migall\u00f3n ha subrayado que \u201cValladolid cuenta con una gran diversidad de paisajes, un rico patrimonio hist\u00f3rico y un conjunto de tradiciones vivas que hacen de nuestra provincia un destino de interior de referencia\u201d.<\/p>\n<p>Adem\u00e1s, el stand incorpora la imagen del cielo estrellado de Matallana, una de las ubicaciones destacadas en el estudio del Turismo Astron\u00f3mico, un sector que est\u00e1 en auge y en el que la provincia de Valladolid cuenta con importantes ventajas como la oreograf\u00eda llana, los cielos despejados y la baja contaminaci\u00f3n lum\u00ednica ideales para observar las estrellas. Este recurso \u201cno s\u00f3lo invita a disfrutar de la belleza del cielo nocturno, sino que tambi\u00e9n supone una oportunidad para impulsar el desarrollo econ\u00f3mico y cultural de nuestros pueblos a trav\u00e9s de un modelo de turismo sostenible y de calidad\u201d, ha se\u00f1alado Migall\u00f3n.<\/p>\n<p>En esta edici\u00f3n, el astroturismo adquiere un papel protagonista dentro de la oferta de la Diputaci\u00f3n, con la presentaci\u00f3n del proyecto \u201cValladolid, una mirada al cielo\u201d, que pone en valor los cielos limpios de la provincia como recurso tur\u00edstico sostenible y de desarrollo para el medio rural. \u201cEl eclipse solar total del 12 de agosto de 2026 sit\u00faa a Valladolid en la franja de totalidad y representa una oportunidad \u00fanica para convertirnos en un referente del turismo astron\u00f3mico\u201d, ha concluido el diputado.<\/p>\n<h4><strong>ACTIVIDADES DEL STAND<\/strong><\/h4>\n<p>El stand del Ayuntamiento de Valladolid y la Diputaci\u00f3n contar\u00e1, adem\u00e1s, con diversas actividades:<\/p>\n<p>La recreaci\u00f3n de una escena de la visita teatralizada \u2018La Controversia de Valladolid\u2019 que la Sociedad Mixta para la Promoci\u00f3n del Turismo de Valladolid ha puesto en marcha. En ella, uno de los protagonistas de este hecho hist\u00f3rico, Bartolom\u00e9 de las Casas, narrar\u00e1 la historia de uno de los momentos hist\u00f3ricos recreando las tesis que se expusieron en la ciudad y que marcaron la evoluci\u00f3n de la historia del hombre, consideradas como precursoras del desarrollo de los Derechos Humanos.<\/p>\n<p>La puesta en escena se realizar\u00e1 el viernes 14 a la 13:00h, el s\u00e1bado a las 18:00h y el domingo a la 13:00h.<\/p>\n<p>Asimismo, el espacio de la Diputaci\u00f3n ofrecer\u00e1 una programaci\u00f3n continua de actividades durante todo el fin de semana, con presentaciones, talleres, degustaciones, juegos interactivos de Kahoot y actuaciones vinculadas a los municipios y recursos tur\u00edsticos provinciales. Entre ellas, destacan propuestas relacionadas con la astronom\u00eda, como observaciones solares y talleres infantiles a cargo del Centro Astron\u00f3mico Cielo y Tiedra; muestras gastron\u00f3micas de productos locales como la trufa negra, la miel o el pi\u00f1\u00f3n; y representaciones culturales y musicales de diferentes localidades.<\/p>\t\t\t\t\t\t\t\t<\/div>\n\t\t\t\t\t<\/div>\n\t\t\t\t<\/div>\n\t\t\t\t<\/div>","protected":false},"excerpt":{"rendered":"<p>Valladolid promociona la oferta tur\u00edstica de la ciudad y la provincia en INTUR 2025 Ayuntamiento y Diputaci\u00f3n comparten stand un a\u00f1o m\u00e1s en la Feria de Valladolid La provincia acude a esta cita destacando su patrimonio cultural, sus tradiciones y su gastronom\u00eda, e impulsa una nueva l\u00ednea de turismo sostenible a trav\u00e9s del astroturismo Pueblosycomarcas.com;&nbsp;@PueblosComarcas La concejala de Turismo, Eventos y Marca Ciudad del Ayuntamiento de Valladolid, Blanca Jim\u00e9nez, y el diputado de Empleo, Desarrollo Econ\u00f3mico y Reto Demogr\u00e1fico de la Diputaci\u00f3n de Valladolid, Roberto Migall\u00f3n, han presentado hoy el stand conjunto de turismo de Valladolid que ambas instituciones compartir\u00e1n durante la Feria de Turismo de Interior, INTUR, que se celebrar\u00e1 del 13 al 16 de noviembre de 2025. Blanca Jim\u00e9nez ha hecho referencia, en primer lugar, a los eventos gastron\u00f3micos que la ciudad ha albergado durante esta semana: la XXI edici\u00f3n del Concurso Nacional de Pinchos y Tapas \u2018Ciudad de Valladolid\u2019 y el IX Campeonato Mundial de Tapas \u2018Ciudad de Valladolid\u2019. Dos cert\u00e1menes consolidados que cada a\u00f1o refuerzan la capitan\u00eda de la ciudad en torno a la tapa y que se prolongan durante esta semana con el \u2018Festival Internacional de la Tapa\u2019: \u201cuna oportunidad \u00fanica para que todos los asistentes de INTUR puedan degustar las tapas finalistas en los restaurantes de la ciudad\u201d, ha remarcado. Toda la informaci\u00f3n estar\u00e1 disponible en la app SpainisTapas, en la que los usuarios podr\u00e1n consultar los establecimientos que han apadrinado cada uno de los pinchos, as\u00ed como el horario en el que podr\u00e1n ir a probarlos. El Ayuntamiento adem\u00e1s promocionar\u00e1 durante estos d\u00edas uno de los grandes proyectos en los que la ciudad est\u00e1 trabajando: el Centro de la Cultura del Vino. Un espacio dirigido a la promoci\u00f3n del patrimonio cultural del mundo del vino, el enoturismo y el turismo gastron\u00f3mico que posicionar\u00e1 a Valladolid como un punto de encuentro de la cultura vitivin\u00edcola. Jim\u00e9nez tambi\u00e9n ha hecho referencia a la conmemoraci\u00f3n del 475 aniversario de la Controversia de Valladolid. Un hecho hist\u00f3rico al que Valladolid est\u00e1 haciendo un homenaje especial, y que durar\u00e1 hasta el pr\u00f3ximo a\u00f1o, con un extenso programa de actividades a trav\u00e9s de exposiciones, congresos, encuentros, conferencias, m\u00fasica, cine, teatro, publicaciones y visitas guiadas. Por \u00faltimo, Blanca Jim\u00e9nez ha presentado la pr\u00f3xima campa\u00f1a tur\u00edstica del mes de diciembre: el encendido navide\u00f1o. \u201cUno de los momentos m\u00e1s especiales y esperados por todos los vallisoletanos y que congrega a\u00f1o tras a\u00f1o a m\u00e1s visitantes\u201d. La inauguraci\u00f3n tendr\u00e1 lugar el pr\u00f3ximo 27 de noviembre con el encendido de las luces por las calles y plazas de nuestra ciudad. Por su parte, la Diputaci\u00f3n de Valladolid va a mostrar la amplia y variada oferta tur\u00edstica, cultural, gastron\u00f3mica, natural y patrimonial de la provincia. Por ello, se han integrado en el stand varias im\u00e1genes significativas de la provincia como la Iglesia de San Cipriano, en San Cebri\u00e1n de Mazote, una joya del prerrom\u00e1nico espa\u00f1ol en un entorno natural privilegiado; la Plaza Mayor de Villal\u00f3n de Campos que representa la importancia de nuestras plazas mayores como centro neur\u00e1lgico de nuestros municipios; y los \u201cdanzantes\u201d de Herr\u00edn de Campos, ejemplo de la conservaci\u00f3n de las tradiciones etnogr\u00e1ficas de Tierra de Campos. El diputado Roberto Migall\u00f3n ha subrayado que \u201cValladolid cuenta con una gran diversidad de paisajes, un rico patrimonio hist\u00f3rico y un conjunto de tradiciones vivas que hacen de nuestra provincia un destino de interior de referencia\u201d. Adem\u00e1s, el stand incorpora la imagen del cielo estrellado de Matallana, una de las ubicaciones destacadas en el estudio del Turismo Astron\u00f3mico, un sector que est\u00e1 en auge y en el que la provincia de Valladolid cuenta con importantes ventajas como la oreograf\u00eda llana, los cielos despejados y la baja contaminaci\u00f3n lum\u00ednica ideales para observar las estrellas. Este recurso \u201cno s\u00f3lo invita a disfrutar de la belleza del cielo nocturno, sino que tambi\u00e9n supone una oportunidad para impulsar el desarrollo econ\u00f3mico y cultural de nuestros pueblos a trav\u00e9s de un modelo de turismo sostenible y de calidad\u201d, ha se\u00f1alado Migall\u00f3n. En esta edici\u00f3n, el astroturismo adquiere un papel protagonista dentro de la oferta de la Diputaci\u00f3n, con la presentaci\u00f3n del proyecto \u201cValladolid, una mirada al cielo\u201d, que pone en valor los cielos limpios de la provincia como recurso tur\u00edstico sostenible y de desarrollo para el medio rural. \u201cEl eclipse solar total del 12 de agosto de 2026 sit\u00faa a Valladolid en la franja de totalidad y representa una oportunidad \u00fanica para convertirnos en un referente del turismo astron\u00f3mico\u201d, ha concluido el diputado. ACTIVIDADES DEL STAND El stand del Ayuntamiento de Valladolid y la Diputaci\u00f3n contar\u00e1, adem\u00e1s, con diversas actividades: La recreaci\u00f3n de una escena de la visita teatralizada \u2018La Controversia de Valladolid\u2019 que la Sociedad Mixta para la Promoci\u00f3n del Turismo de Valladolid ha puesto en marcha. En ella, uno de los protagonistas de este hecho hist\u00f3rico, Bartolom\u00e9 de las Casas, narrar\u00e1 la historia de uno de los momentos hist\u00f3ricos recreando las tesis que se expusieron en la ciudad y que marcaron la evoluci\u00f3n de la historia del hombre, consideradas como precursoras del desarrollo de los Derechos Humanos. La puesta en escena se realizar\u00e1 el viernes 14 a la 13:00h, el s\u00e1bado a las 18:00h y el domingo a la 13:00h. Asimismo, el espacio de la Diputaci\u00f3n ofrecer\u00e1 una programaci\u00f3n continua de actividades durante todo el fin de semana, con presentaciones, talleres, degustaciones, juegos interactivos de Kahoot y actuaciones vinculadas a los municipios y recursos tur\u00edsticos provinciales. Entre ellas, destacan propuestas relacionadas con la astronom\u00eda, como observaciones solares y talleres infantiles a cargo del Centro Astron\u00f3mico Cielo y Tiedra; muestras gastron\u00f3micas de productos locales como la trufa negra, la miel o el pi\u00f1\u00f3n; y representaciones culturales y musicales de diferentes localidades.<\/p>","protected":false},"author":1,"featured_media":2762,"comment_status":"open","ping_status":"closed","sticky":false,"template":"","format":"standard","meta":{"site-sidebar-layout":"default","site-content-layout":"","ast-site-content-layout":"default","site-content-style":"default","site-sidebar-style":"default","ast-global-header-display":"","ast-banner-title-visibility":"","ast-main-header-display":"","ast-hfb-above-header-display":"","ast-hfb-below-header-display":"","ast-hfb-mobile-header-display":"","site-post-title":"disabled","ast-breadcrumbs-content":"","ast-featured-img":"","footer-sml-layout":"","theme-transparent-header-meta":"","adv-header-id-meta":"","stick-header-meta":"","header-above-stick-meta":"","header-main-stick-meta":"","header-below-stick-meta":"","astra-migrate-meta-layouts":"default","ast-page-background-enabled":"default","ast-page-background-meta":{"desktop":{"background-color":"var(--ast-global-color-5)","background-image":"","background-repeat":"repeat","background-position":"center center","background-size":"auto","background-attachment":"scroll","background-type":"","background-media":"","overlay-type":"","overlay-color":"","overlay-opacity":"","overlay-gradient":""},"tablet":{"background-color":"","background-image":"","background-repeat":"repeat","background-position":"center center","background-size":"auto","background-attachment":"scroll","background-type":"","background-media":"","overlay-type":"","overlay-color":"","overlay-opacity":"","overlay-gradient":""},"mobile":{"background-color":"","background-image":"","background-repeat":"repeat","background-position":"center center","background-size":"auto","background-attachment":"scroll","background-type":"","background-media":"","overlay-type":"","overlay-color":"","overlay-opacity":"","overlay-gradient":""}},"ast-content-background-meta":{"desktop":{"background-color":"var(--ast-global-color-4)","background-image":"","background-repeat":"repeat","background-position":"center center","background-size":"auto","background-attachment":"scroll","background-type":"","background-media":"","overlay-type":"","overlay-color":"","overlay-opacity":"","overlay-gradient":""},"tablet":{"background-color":"var(--ast-global-color-4)","background-image":"","background-repeat":"repeat","background-position":"center center","background-size":"auto","background-attachment":"scroll","background-type":"","background-media":"","overlay-type":"","overlay-color":"","overlay-opacity":"","overlay-gradient":""},"mobile":{"background-color":"var(--ast-global-color-4)","background-image":"","background-repeat":"repeat","background-position":"center center","background-size":"auto","background-attachment":"scroll","background-type":"","background-media":"","overlay-type":"","overlay-color":"","overlay-opacity":"","overlay-gradient":""}},"ngg_post_thumbnail":0,"footnotes":""},"categories":[11,18,16],"tags":[170,163,115],"class_list":["post-2761","post","type-post","status-publish","format-standard","has-post-thumbnail","hentry","category-deportes-y-ocio","category-ocio","category-portada","tag-diputacion-de-valladodoli","tag-intur","tag-provincia"],"aioseo_notices":[],"rttpg_featured_image_url":{"full":["https:\/\/pueblosycomarcas.com\/wp-content\/uploads\/2025\/11\/20251113_valladolid_intur.jpeg",800,400,false],"landscape":["https:\/\/pueblosycomarcas.com\/wp-content\/uploads\/2025\/11\/20251113_valladolid_intur.jpeg",800,400,false],"portraits":["https:\/\/pueblosycomarcas.com\/wp-content\/uploads\/2025\/11\/20251113_valladolid_intur.jpeg",800,400,false],"thumbnail":["https:\/\/pueblosycomarcas.com\/wp-content\/uploads\/2025\/11\/20251113_valladolid_intur-150x150.jpeg",150,150,true],"medium":["https:\/\/pueblosycomarcas.com\/wp-content\/uploads\/2025\/11\/20251113_valladolid_intur-300x150.jpeg",300,150,true],"large":["https:\/\/pueblosycomarcas.com\/wp-content\/uploads\/2025\/11\/20251113_valladolid_intur.jpeg",800,400,false],"1536x1536":["https:\/\/pueblosycomarcas.com\/wp-content\/uploads\/2025\/11\/20251113_valladolid_intur.jpeg",800,400,false],"2048x2048":["https:\/\/pueblosycomarcas.com\/wp-content\/uploads\/2025\/11\/20251113_valladolid_intur.jpeg",800,400,false],"trp-custom-language-flag":["https:\/\/pueblosycomarcas.com\/wp-content\/uploads\/2025\/11\/20251113_valladolid_intur.jpeg",18,9,false]},"rttpg_author":{"display_name":"admin","author_link":"https:\/\/pueblosycomarcas.com\/en\/author\/webalquimia\/"},"rttpg_comment":0,"rttpg_category":"<a href=\"https:\/\/pueblosycomarcas.com\/en\/category\/deportes-y-ocio\/\" rel=\"category tag\">Deporte y Ocio<\/a> <a href=\"https:\/\/pueblosycomarcas.com\/en\/category\/ocio\/\" rel=\"category tag\">Ocio<\/a> <a href=\"https:\/\/pueblosycomarcas.com\/en\/category\/portada\/\" rel=\"category tag\">Portada<\/a>","rttpg_excerpt":"Valladolid promociona la oferta tur\u00edstica de la ciudad y la provincia en INTUR 2025 Ayuntamiento y Diputaci\u00f3n comparten stand un a\u00f1o m\u00e1s en la Feria de Valladolid La provincia acude a esta cita destacando su patrimonio cultural, sus tradiciones y su gastronom\u00eda, e impulsa una nueva l\u00ednea de turismo sostenible a trav\u00e9s del astroturismo Pueblosycomarcas.com;&nbsp;@PueblosComarcas&hellip;","_links":{"self":[{"href":"https:\/\/pueblosycomarcas.com\/en\/wp-json\/wp\/v2\/posts\/2761","targetHints":{"allow":["GET"]}}],"collection":[{"href":"https:\/\/pueblosycomarcas.com\/en\/wp-json\/wp\/v2\/posts"}],"about":[{"href":"https:\/\/pueblosycomarcas.com\/en\/wp-json\/wp\/v2\/types\/post"}],"author":[{"embeddable":true,"href":"https:\/\/pueblosycomarcas.com\/en\/wp-json\/wp\/v2\/users\/1"}],"replies":[{"embeddable":true,"href":"https:\/\/pueblosycomarcas.com\/en\/wp-json\/wp\/v2\/comments?post=2761"}],"version-history":[{"count":5,"href":"https:\/\/pueblosycomarcas.com\/en\/wp-json\/wp\/v2\/posts\/2761\/revisions"}],"predecessor-version":[{"id":2767,"href":"https:\/\/pueblosycomarcas.com\/en\/wp-json\/wp\/v2\/posts\/2761\/revisions\/2767"}],"wp:featuredmedia":[{"embeddable":true,"href":"https:\/\/pueblosycomarcas.com\/en\/wp-json\/wp\/v2\/media\/2762"}],"wp:attachment":[{"href":"https:\/\/pueblosycomarcas.com\/en\/wp-json\/wp\/v2\/media?parent=2761"}],"wp:term":[{"taxonomy":"category","embeddable":true,"href":"https:\/\/pueblosycomarcas.com\/en\/wp-json\/wp\/v2\/categories?post=2761"},{"taxonomy":"post_tag","embeddable":true,"href":"https:\/\/pueblosycomarcas.com\/en\/wp-json\/wp\/v2\/tags?post=2761"}],"curies":[{"name":"wp","href":"https:\/\/api.w.org\/{rel}","templated":true}]}}