{"id":2741,"date":"2025-11-14T06:04:00","date_gmt":"2025-11-14T05:04:00","guid":{"rendered":"https:\/\/webalquimia.es\/?p=2741"},"modified":"2025-11-13T13:45:30","modified_gmt":"2025-11-13T12:45:30","slug":"la-junta-destina-13-millones-para-la-restauracion-y-revitalizacion-del-conjunto-catedralicio-de-valladolid","status":"publish","type":"post","link":"https:\/\/pueblosycomarcas.com\/en\/la-junta-destina-13-millones-para-la-restauracion-y-revitalizacion-del-conjunto-catedralicio-de-valladolid\/","title":{"rendered":"La Junta destina 1,3 millones para la restauraci\u00f3n y revitalizaci\u00f3n del conjunto catedralicio de Valladolid"},"content":{"rendered":"<div data-elementor-type=\"wp-post\" data-elementor-id=\"2741\" class=\"elementor elementor-2741\">\n\t\t\t\t<div class=\"elementor-element elementor-element-d26ca1b e-flex e-con-boxed wpr-particle-no wpr-jarallax-no wpr-parallax-no wpr-sticky-section-no wpr-equal-height-no e-con e-parent\" data-id=\"d26ca1b\" data-element_type=\"container\" data-e-type=\"container\">\n\t\t\t\t\t<div class=\"e-con-inner\">\n\t\t\t\t<div class=\"elementor-element elementor-element-fffbf79 elementor-widget elementor-widget-heading\" data-id=\"fffbf79\" data-element_type=\"widget\" data-e-type=\"widget\" data-widget_type=\"heading.default\">\n\t\t\t\t\t<h2 class=\"elementor-heading-title elementor-size-default\">La Junta destina 1,3 millones para la restauraci\u00f3n y revitalizaci\u00f3n del conjunto catedralicio de Valladolid<\/h2>\t\t\t\t<\/div>\n\t\t\t\t\t<\/div>\n\t\t\t\t<\/div>\n\t\t<div class=\"elementor-element elementor-element-d774502 e-flex e-con-boxed wpr-particle-no wpr-jarallax-no wpr-parallax-no wpr-sticky-section-no wpr-equal-height-no e-con e-parent\" data-id=\"d774502\" data-element_type=\"container\" data-e-type=\"container\">\n\t\t\t\t\t<div class=\"e-con-inner\">\n\t\t\t\t<div class=\"elementor-element elementor-element-2767419 elementor-widget elementor-widget-text-editor\" data-id=\"2767419\" data-element_type=\"widget\" data-e-type=\"widget\" data-widget_type=\"text-editor.default\">\n\t\t\t\t\t\t\t\t\t<ul><li><h6><em><strong>El objetivo de la subvenci\u00f3n es preservar, recuperar y poner en valor el conjunto de construcciones hist\u00f3ricas que conforman el actual templo de la Catedral de Valladolid y espacios anexos<\/strong><\/em><\/h6><\/li><\/ul>\t\t\t\t\t\t\t\t<\/div>\n\t\t\t\t<div class=\"elementor-element elementor-element-25648fa elementor-widget-divider--view-line elementor-widget elementor-widget-divider\" data-id=\"25648fa\" data-element_type=\"widget\" data-e-type=\"widget\" data-widget_type=\"divider.default\">\n\t\t\t\t\t\t\t<div class=\"elementor-divider\">\n\t\t\t<span class=\"elementor-divider-separator\">\n\t\t\t\t\t\t<\/span>\n\t\t<\/div>\n\t\t\t\t\t\t<\/div>\n\t\t\t\t<div class=\"elementor-element elementor-element-28508e5 elementor-widget elementor-widget-image\" data-id=\"28508e5\" data-element_type=\"widget\" data-e-type=\"widget\" data-widget_type=\"image.default\">\n\t\t\t\t\t\t\t\t\t\t\t\t\t\t\t<img fetchpriority=\"high\" decoding=\"async\" width=\"800\" height=\"400\" src=\"https:\/\/pueblosycomarcas.com\/wp-content\/uploads\/2025\/10\/20251028_catedral_valladolid.jpg\" class=\"attachment-large size-large wp-image-1707\" alt=\"\" srcset=\"https:\/\/pueblosycomarcas.com\/wp-content\/uploads\/2025\/10\/20251028_catedral_valladolid.jpg 800w, https:\/\/pueblosycomarcas.com\/wp-content\/uploads\/2025\/10\/20251028_catedral_valladolid-300x150.jpg 300w, https:\/\/pueblosycomarcas.com\/wp-content\/uploads\/2025\/10\/20251028_catedral_valladolid-768x384.jpg 768w\" sizes=\"(max-width: 800px) 100vw, 800px\" \/>\t\t\t\t\t\t\t\t\t\t\t\t\t\t\t<\/div>\n\t\t\t\t<div class=\"elementor-element elementor-element-7c54765 elementor-widget elementor-widget-text-editor\" data-id=\"7c54765\" data-element_type=\"widget\" data-e-type=\"widget\" data-widget_type=\"text-editor.default\">\n\t\t\t\t\t\t\t\t\t<p><a href=\"https:\/\/www.facebook.com\/Pueblos-y-Comarcas-125437870924169\/?fref=ts\"><strong><em>Pueblosycomarcas.com<\/em><\/strong><\/a><strong><em>;\u00a0<\/em><\/strong><a href=\"https:\/\/twitter.com\/PueblosComarcas\"><strong><em>@PueblosComarcas<\/em><\/strong><\/a><\/p><p>El Consejo de Gobierno de la Junta de Castilla y Le\u00f3n celebrado ayer jueves ha autorizado a la Consejer\u00eda de Cultura, Turismo y Deporte, la concesi\u00f3n de una subvenci\u00f3n de 1.300.000 euros al Arzobispado de Valladolid para financiar actuaciones de restauraci\u00f3n y revitalizaci\u00f3n del conjunto catedralicio de Valladolid. El objetivo de la subvenci\u00f3n es preservar, recuperar y poner en valor el conjunto de construcciones hist\u00f3ricas que conforman el actual templo de la Catedral de Valladolid y espacios anexos, garantizando su conservaci\u00f3n material, su integraci\u00f3n en la vida cultural y social de la ciudad y su proyecci\u00f3n como recurso estrat\u00e9gico para el desarrollo territorial.<\/p><p>El conjunto catedralicio de Valladolid constituye uno de los bienes patrimoniales m\u00e1s relevantes de la ciudad y de la Comunidad, tanto por su valor hist\u00f3rico-art\u00edstico como por su significaci\u00f3n cultural, religiosa y urbana. Su configuraci\u00f3n actual es el resultado de un proceso constructivo complejo, desarrollado a lo largo de varios siglos, que ha dado lugar a una superposici\u00f3n de estilos, soluciones arquitect\u00f3nicas y espacios funcionales. Esta riqueza formal y simb\u00f3lica convierte a la Catedral en un referente del patrimonio monumental de Castilla y Le\u00f3n, pero tambi\u00e9n plantea importantes desaf\u00edos en t\u00e9rminos de conservaci\u00f3n, uso y gesti\u00f3n.<\/p><p>El proyecto promovido por el Arzobispado de Valladolid tiene como objeto principal la restauraci\u00f3n de diversos elementos del conjunto catedralicio en estado de deterioro. La intervenci\u00f3n prevista incluye actuaciones sobre f\u00e1bricas, cubiertas, paramentos, accesos y espacios interiores, con el objetivo de garantizar la conservaci\u00f3n material del conjunto y su adecuaci\u00f3n a los est\u00e1ndares t\u00e9cnicos y normativos vigentes.<\/p><p>Junto a la restauraci\u00f3n f\u00edsica, el proyecto contempla una dimensi\u00f3n de revitalizaci\u00f3n funcional y cultural, orientada a integrar la Catedral en la vida activa de la ciudad y a potenciar su papel como espacio de referencia en el \u00e1mbito religioso, cultural y tur\u00edstico. En este sentido, se prev\u00e9 la reorganizaci\u00f3n de los espacios de las antiguas Colegiatas, con el fin de racionalizar su uso y facilitar su aprovechamiento para actividades culturales, expositivas y pastorales. Asimismo, se plantea la recuperaci\u00f3n del espacio de la Puerta de Santa Mar\u00eda que permita la incorporaci\u00f3n de la Catedral al recorrido oficial de la Semana Santa vallisoletana, reforzando as\u00ed su v\u00ednculo con una de las manifestaciones culturales m\u00e1s emblem\u00e1ticas de la ciudad.<\/p><p>Otro de los ejes del proyecto es la habilitaci\u00f3n de espacios adecuados para la Biblioteca Diocesana y los fondos documentales y bibliogr\u00e1ficos del Cabildo Catedralicio. La intervenci\u00f3n prevista permitir\u00e1 dotar a estos fondos de un espacio digno, seguro y funcional, situado sobre las capillas del lado del Evangelio, y facilitar su catalogaci\u00f3n, digitalizaci\u00f3n y puesta a disposici\u00f3n de investigadores y ciudadanos, en l\u00ednea con los objetivos de difusi\u00f3n y democratizaci\u00f3n del conocimiento que inspiran la pol\u00edtica cultural de la Comunidad.<\/p><p>La intervenci\u00f3n se fundamenta en la necesidad de preservar un bien patrimonial de primer orden, de mejorar de su estado de conservaci\u00f3n y funcionalidad y de potenciar su valor como recurso cultural, educativo y tur\u00edstico. El proyecto responde a una visi\u00f3n integral del patrimonio, que lo concibe no solo como legado hist\u00f3rico, sino como activo estrat\u00e9gico para el desarrollo territorial, la cohesi\u00f3n social y la proyecci\u00f3n internacional de Castilla y Le\u00f3n. En este sentido, la actuaci\u00f3n se inscribe en una pol\u00edtica de concertaci\u00f3n institucional que ha demostrado su eficacia en otros proyectos similares, y que permite canalizar recursos p\u00fablicos y privados hacia objetivos compartidos de conservaci\u00f3n y valorizaci\u00f3n.<\/p><p>La financiaci\u00f3n del proyecto se articula mediante la participaci\u00f3n de diversas entidades, entre ellas el Ministerio de Transportes y Movilidad Sostenible, que ha seleccionado provisionalmente el proyecto para su cofinanciaci\u00f3n con cargo al Programa 2 % Cultural, y otras instituciones locales y auton\u00f3micas. La aportaci\u00f3n de la Junta de Castilla y Le\u00f3n, por importe de 1.300.000 euros, representa el 20,38 % del coste total previsto, que asciende a 6.378.305 euros. Esta contribuci\u00f3n se considera esencial para garantizar la viabilidad del proyecto y para reafirmar el compromiso de la Junta con la protecci\u00f3n y promoci\u00f3n de su patrimonio cultural.<\/p><p>La finalidad \u00faltima de la subvenci\u00f3n no se limita a la ejecuci\u00f3n material de las obras, sino que se proyecta hacia la transformaci\u00f3n del conjunto catedralicio en un espacio vivo, accesible y din\u00e1mico, capaz de generar actividad cultural, atraer visitantes, fomentar el conocimiento y fortalecer el v\u00ednculo entre patrimonio y ciudadan\u00eda.<\/p>\t\t\t\t\t\t\t\t<\/div>\n\t\t\t\t\t<\/div>\n\t\t\t\t<\/div>\n\t\t\t\t<\/div>","protected":false},"excerpt":{"rendered":"<p>La Junta destina 1,3 millones para la restauraci\u00f3n y revitalizaci\u00f3n del conjunto catedralicio de Valladolid El objetivo de la subvenci\u00f3n es preservar, recuperar y poner en valor el conjunto de construcciones hist\u00f3ricas que conforman el actual templo de la Catedral de Valladolid y espacios anexos Pueblosycomarcas.com;\u00a0@PueblosComarcas El Consejo de Gobierno de la Junta de Castilla y Le\u00f3n celebrado ayer jueves ha autorizado a la Consejer\u00eda de Cultura, Turismo y Deporte, la concesi\u00f3n de una subvenci\u00f3n de 1.300.000 euros al Arzobispado de Valladolid para financiar actuaciones de restauraci\u00f3n y revitalizaci\u00f3n del conjunto catedralicio de Valladolid. El objetivo de la subvenci\u00f3n es preservar, recuperar y poner en valor el conjunto de construcciones hist\u00f3ricas que conforman el actual templo de la Catedral de Valladolid y espacios anexos, garantizando su conservaci\u00f3n material, su integraci\u00f3n en la vida cultural y social de la ciudad y su proyecci\u00f3n como recurso estrat\u00e9gico para el desarrollo territorial. El conjunto catedralicio de Valladolid constituye uno de los bienes patrimoniales m\u00e1s relevantes de la ciudad y de la Comunidad, tanto por su valor hist\u00f3rico-art\u00edstico como por su significaci\u00f3n cultural, religiosa y urbana. Su configuraci\u00f3n actual es el resultado de un proceso constructivo complejo, desarrollado a lo largo de varios siglos, que ha dado lugar a una superposici\u00f3n de estilos, soluciones arquitect\u00f3nicas y espacios funcionales. Esta riqueza formal y simb\u00f3lica convierte a la Catedral en un referente del patrimonio monumental de Castilla y Le\u00f3n, pero tambi\u00e9n plantea importantes desaf\u00edos en t\u00e9rminos de conservaci\u00f3n, uso y gesti\u00f3n. El proyecto promovido por el Arzobispado de Valladolid tiene como objeto principal la restauraci\u00f3n de diversos elementos del conjunto catedralicio en estado de deterioro. La intervenci\u00f3n prevista incluye actuaciones sobre f\u00e1bricas, cubiertas, paramentos, accesos y espacios interiores, con el objetivo de garantizar la conservaci\u00f3n material del conjunto y su adecuaci\u00f3n a los est\u00e1ndares t\u00e9cnicos y normativos vigentes. Junto a la restauraci\u00f3n f\u00edsica, el proyecto contempla una dimensi\u00f3n de revitalizaci\u00f3n funcional y cultural, orientada a integrar la Catedral en la vida activa de la ciudad y a potenciar su papel como espacio de referencia en el \u00e1mbito religioso, cultural y tur\u00edstico. En este sentido, se prev\u00e9 la reorganizaci\u00f3n de los espacios de las antiguas Colegiatas, con el fin de racionalizar su uso y facilitar su aprovechamiento para actividades culturales, expositivas y pastorales. Asimismo, se plantea la recuperaci\u00f3n del espacio de la Puerta de Santa Mar\u00eda que permita la incorporaci\u00f3n de la Catedral al recorrido oficial de la Semana Santa vallisoletana, reforzando as\u00ed su v\u00ednculo con una de las manifestaciones culturales m\u00e1s emblem\u00e1ticas de la ciudad. Otro de los ejes del proyecto es la habilitaci\u00f3n de espacios adecuados para la Biblioteca Diocesana y los fondos documentales y bibliogr\u00e1ficos del Cabildo Catedralicio. La intervenci\u00f3n prevista permitir\u00e1 dotar a estos fondos de un espacio digno, seguro y funcional, situado sobre las capillas del lado del Evangelio, y facilitar su catalogaci\u00f3n, digitalizaci\u00f3n y puesta a disposici\u00f3n de investigadores y ciudadanos, en l\u00ednea con los objetivos de difusi\u00f3n y democratizaci\u00f3n del conocimiento que inspiran la pol\u00edtica cultural de la Comunidad. La intervenci\u00f3n se fundamenta en la necesidad de preservar un bien patrimonial de primer orden, de mejorar de su estado de conservaci\u00f3n y funcionalidad y de potenciar su valor como recurso cultural, educativo y tur\u00edstico. El proyecto responde a una visi\u00f3n integral del patrimonio, que lo concibe no solo como legado hist\u00f3rico, sino como activo estrat\u00e9gico para el desarrollo territorial, la cohesi\u00f3n social y la proyecci\u00f3n internacional de Castilla y Le\u00f3n. En este sentido, la actuaci\u00f3n se inscribe en una pol\u00edtica de concertaci\u00f3n institucional que ha demostrado su eficacia en otros proyectos similares, y que permite canalizar recursos p\u00fablicos y privados hacia objetivos compartidos de conservaci\u00f3n y valorizaci\u00f3n. La financiaci\u00f3n del proyecto se articula mediante la participaci\u00f3n de diversas entidades, entre ellas el Ministerio de Transportes y Movilidad Sostenible, que ha seleccionado provisionalmente el proyecto para su cofinanciaci\u00f3n con cargo al Programa 2 % Cultural, y otras instituciones locales y auton\u00f3micas. La aportaci\u00f3n de la Junta de Castilla y Le\u00f3n, por importe de 1.300.000 euros, representa el 20,38 % del coste total previsto, que asciende a 6.378.305 euros. Esta contribuci\u00f3n se considera esencial para garantizar la viabilidad del proyecto y para reafirmar el compromiso de la Junta con la protecci\u00f3n y promoci\u00f3n de su patrimonio cultural. La finalidad \u00faltima de la subvenci\u00f3n no se limita a la ejecuci\u00f3n material de las obras, sino que se proyecta hacia la transformaci\u00f3n del conjunto catedralicio en un espacio vivo, accesible y din\u00e1mico, capaz de generar actividad cultural, atraer visitantes, fomentar el conocimiento y fortalecer el v\u00ednculo entre patrimonio y ciudadan\u00eda.<\/p>","protected":false},"author":1,"featured_media":1707,"comment_status":"open","ping_status":"closed","sticky":false,"template":"","format":"standard","meta":{"site-sidebar-layout":"default","site-content-layout":"","ast-site-content-layout":"default","site-content-style":"default","site-sidebar-style":"default","ast-global-header-display":"","ast-banner-title-visibility":"","ast-main-header-display":"","ast-hfb-above-header-display":"","ast-hfb-below-header-display":"","ast-hfb-mobile-header-display":"","site-post-title":"disabled","ast-breadcrumbs-content":"","ast-featured-img":"","footer-sml-layout":"","theme-transparent-header-meta":"","adv-header-id-meta":"","stick-header-meta":"","header-above-stick-meta":"","header-main-stick-meta":"","header-below-stick-meta":"","astra-migrate-meta-layouts":"default","ast-page-background-enabled":"default","ast-page-background-meta":{"desktop":{"background-color":"var(--ast-global-color-5)","background-image":"","background-repeat":"repeat","background-position":"center center","background-size":"auto","background-attachment":"scroll","background-type":"","background-media":"","overlay-type":"","overlay-color":"","overlay-opacity":"","overlay-gradient":""},"tablet":{"background-color":"","background-image":"","background-repeat":"repeat","background-position":"center center","background-size":"auto","background-attachment":"scroll","background-type":"","background-media":"","overlay-type":"","overlay-color":"","overlay-opacity":"","overlay-gradient":""},"mobile":{"background-color":"","background-image":"","background-repeat":"repeat","background-position":"center center","background-size":"auto","background-attachment":"scroll","background-type":"","background-media":"","overlay-type":"","overlay-color":"","overlay-opacity":"","overlay-gradient":""}},"ast-content-background-meta":{"desktop":{"background-color":"var(--ast-global-color-4)","background-image":"","background-repeat":"repeat","background-position":"center center","background-size":"auto","background-attachment":"scroll","background-type":"","background-media":"","overlay-type":"","overlay-color":"","overlay-opacity":"","overlay-gradient":""},"tablet":{"background-color":"var(--ast-global-color-4)","background-image":"","background-repeat":"repeat","background-position":"center center","background-size":"auto","background-attachment":"scroll","background-type":"","background-media":"","overlay-type":"","overlay-color":"","overlay-opacity":"","overlay-gradient":""},"mobile":{"background-color":"var(--ast-global-color-4)","background-image":"","background-repeat":"repeat","background-position":"center center","background-size":"auto","background-attachment":"scroll","background-type":"","background-media":"","overlay-type":"","overlay-color":"","overlay-opacity":"","overlay-gradient":""}},"ngg_post_thumbnail":0,"footnotes":""},"categories":[14,16],"tags":[55],"class_list":["post-2741","post","type-post","status-publish","format-standard","has-post-thumbnail","hentry","category-cultura-y-tradicion","category-portada","tag-junta-de-castilla-y-leon"],"aioseo_notices":[],"rttpg_featured_image_url":{"full":["https:\/\/pueblosycomarcas.com\/wp-content\/uploads\/2025\/10\/20251028_catedral_valladolid.jpg",800,400,false],"landscape":["https:\/\/pueblosycomarcas.com\/wp-content\/uploads\/2025\/10\/20251028_catedral_valladolid.jpg",800,400,false],"portraits":["https:\/\/pueblosycomarcas.com\/wp-content\/uploads\/2025\/10\/20251028_catedral_valladolid.jpg",800,400,false],"thumbnail":["https:\/\/pueblosycomarcas.com\/wp-content\/uploads\/2025\/10\/20251028_catedral_valladolid-150x150.jpg",150,150,true],"medium":["https:\/\/pueblosycomarcas.com\/wp-content\/uploads\/2025\/10\/20251028_catedral_valladolid-300x150.jpg",300,150,true],"large":["https:\/\/pueblosycomarcas.com\/wp-content\/uploads\/2025\/10\/20251028_catedral_valladolid.jpg",800,400,false],"1536x1536":["https:\/\/pueblosycomarcas.com\/wp-content\/uploads\/2025\/10\/20251028_catedral_valladolid.jpg",800,400,false],"2048x2048":["https:\/\/pueblosycomarcas.com\/wp-content\/uploads\/2025\/10\/20251028_catedral_valladolid.jpg",800,400,false],"trp-custom-language-flag":["https:\/\/pueblosycomarcas.com\/wp-content\/uploads\/2025\/10\/20251028_catedral_valladolid.jpg",18,9,false]},"rttpg_author":{"display_name":"admin","author_link":"https:\/\/pueblosycomarcas.com\/en\/author\/webalquimia\/"},"rttpg_comment":0,"rttpg_category":"<a href=\"https:\/\/pueblosycomarcas.com\/en\/category\/cultura-y-tradicion\/\" rel=\"category tag\">Cultura y Tradici\u00f3n<\/a> <a href=\"https:\/\/pueblosycomarcas.com\/en\/category\/portada\/\" rel=\"category tag\">Portada<\/a>","rttpg_excerpt":"La Junta destina 1,3 millones para la restauraci\u00f3n y revitalizaci\u00f3n del conjunto catedralicio de Valladolid El objetivo de la subvenci\u00f3n es preservar, recuperar y poner en valor el conjunto de construcciones hist\u00f3ricas que conforman el actual templo de la Catedral de Valladolid y espacios anexos Pueblosycomarcas.com;\u00a0@PueblosComarcas El Consejo de Gobierno de la Junta de Castilla&hellip;","_links":{"self":[{"href":"https:\/\/pueblosycomarcas.com\/en\/wp-json\/wp\/v2\/posts\/2741","targetHints":{"allow":["GET"]}}],"collection":[{"href":"https:\/\/pueblosycomarcas.com\/en\/wp-json\/wp\/v2\/posts"}],"about":[{"href":"https:\/\/pueblosycomarcas.com\/en\/wp-json\/wp\/v2\/types\/post"}],"author":[{"embeddable":true,"href":"https:\/\/pueblosycomarcas.com\/en\/wp-json\/wp\/v2\/users\/1"}],"replies":[{"embeddable":true,"href":"https:\/\/pueblosycomarcas.com\/en\/wp-json\/wp\/v2\/comments?post=2741"}],"version-history":[{"count":5,"href":"https:\/\/pueblosycomarcas.com\/en\/wp-json\/wp\/v2\/posts\/2741\/revisions"}],"predecessor-version":[{"id":2746,"href":"https:\/\/pueblosycomarcas.com\/en\/wp-json\/wp\/v2\/posts\/2741\/revisions\/2746"}],"wp:featuredmedia":[{"embeddable":true,"href":"https:\/\/pueblosycomarcas.com\/en\/wp-json\/wp\/v2\/media\/1707"}],"wp:attachment":[{"href":"https:\/\/pueblosycomarcas.com\/en\/wp-json\/wp\/v2\/media?parent=2741"}],"wp:term":[{"taxonomy":"category","embeddable":true,"href":"https:\/\/pueblosycomarcas.com\/en\/wp-json\/wp\/v2\/categories?post=2741"},{"taxonomy":"post_tag","embeddable":true,"href":"https:\/\/pueblosycomarcas.com\/en\/wp-json\/wp\/v2\/tags?post=2741"}],"curies":[{"name":"wp","href":"https:\/\/api.w.org\/{rel}","templated":true}]}}