{"id":2608,"date":"2025-11-11T17:40:48","date_gmt":"2025-11-11T16:40:48","guid":{"rendered":"https:\/\/webalquimia.es\/?p=2608"},"modified":"2025-11-11T17:43:20","modified_gmt":"2025-11-11T16:43:20","slug":"la-subdelegacion-del-gobierno-hace-balance-de-los-servicios-que-presta-en-valladolid","status":"publish","type":"post","link":"https:\/\/pueblosycomarcas.com\/en\/la-subdelegacion-del-gobierno-hace-balance-de-los-servicios-que-presta-en-valladolid\/","title":{"rendered":"La Subdelegaci\u00f3n del Gobierno hace balance de los servicios que presta en Valladolid"},"content":{"rendered":"<div data-elementor-type=\"wp-post\" data-elementor-id=\"2608\" class=\"elementor elementor-2608\">\n\t\t\t\t<div class=\"elementor-element elementor-element-30bf9a0 e-flex e-con-boxed wpr-particle-no wpr-jarallax-no wpr-parallax-no wpr-sticky-section-no wpr-equal-height-no e-con e-parent\" data-id=\"30bf9a0\" data-element_type=\"container\" data-e-type=\"container\">\n\t\t\t\t\t<div class=\"e-con-inner\">\n\t\t\t\t<div class=\"elementor-element elementor-element-dd6871b elementor-widget elementor-widget-heading\" data-id=\"dd6871b\" data-element_type=\"widget\" data-e-type=\"widget\" data-widget_type=\"heading.default\">\n\t\t\t\t\t<h2 class=\"elementor-heading-title elementor-size-default\">La Subdelegaci\u00f3n del Gobierno hace balance de los servicios que presta en Valladolid<\/h2>\t\t\t\t<\/div>\n\t\t\t\t<div class=\"elementor-element elementor-element-91d6e2f elementor-widget elementor-widget-text-editor\" data-id=\"91d6e2f\" data-element_type=\"widget\" data-e-type=\"widget\" data-widget_type=\"text-editor.default\">\n\t\t\t\t\t\t\t\t\t<ul><li><h6><em><strong>La Unidad de Protecci\u00f3n Civil tramita ayudas para paliar los efectos de fen\u00f3menos meteorol\u00f3gicos adversos en 24 municipios de la provincia, con un coste global que supera los 1,6 millones de euros<\/strong><\/em><\/h6><\/li><li><h6><em><strong>La entrada en vigor del nuevo Reglamento de Extranjer\u00eda ha incrementado el volumen de procedimientos que tramita la Oficina de Extranjer\u00eda<\/strong><\/em><\/h6><\/li><li><h6><em><strong>El \u00e1rea funcional de Industria y Energ\u00eda trabaja en este momento con 60 instalaciones el\u00e9ctricas en tramitaci\u00f3n, la mayor parte de ellas fotovoltaicas<\/strong><\/em><\/h6><\/li><li><h6><em><strong>La Unidad contra la Violencia sobre la Mujer de Valladolid mantiene el seguimiento de 820 casos activos en la provincia<\/strong><\/em><\/h6><\/li><\/ul>\t\t\t\t\t\t\t\t<\/div>\n\t\t\t\t<div class=\"elementor-element elementor-element-b57501f elementor-widget-divider--view-line elementor-widget elementor-widget-divider\" data-id=\"b57501f\" data-element_type=\"widget\" data-e-type=\"widget\" data-widget_type=\"divider.default\">\n\t\t\t\t\t\t\t<div class=\"elementor-divider\">\n\t\t\t<span class=\"elementor-divider-separator\">\n\t\t\t\t\t\t<\/span>\n\t\t<\/div>\n\t\t\t\t\t\t<\/div>\n\t\t\t\t<div class=\"elementor-element elementor-element-cb9347d elementor-widget elementor-widget-image\" data-id=\"cb9347d\" data-element_type=\"widget\" data-e-type=\"widget\" data-widget_type=\"image.default\">\n\t\t\t\t\t\t\t\t\t\t\t\t\t\t\t<img fetchpriority=\"high\" decoding=\"async\" width=\"800\" height=\"400\" src=\"https:\/\/pueblosycomarcas.com\/wp-content\/uploads\/2025\/11\/20251111_subdelegado_gobierno.jpg\" class=\"attachment-large size-large wp-image-2609\" alt=\"\" srcset=\"https:\/\/pueblosycomarcas.com\/wp-content\/uploads\/2025\/11\/20251111_subdelegado_gobierno.jpg 800w, https:\/\/pueblosycomarcas.com\/wp-content\/uploads\/2025\/11\/20251111_subdelegado_gobierno-300x150.jpg 300w, https:\/\/pueblosycomarcas.com\/wp-content\/uploads\/2025\/11\/20251111_subdelegado_gobierno-768x384.jpg 768w\" sizes=\"(max-width: 800px) 100vw, 800px\" \/>\t\t\t\t\t\t\t\t\t\t\t\t\t\t\t<\/div>\n\t\t\t\t<div class=\"elementor-element elementor-element-d25975d elementor-widget elementor-widget-text-editor\" data-id=\"d25975d\" data-element_type=\"widget\" data-e-type=\"widget\" data-widget_type=\"text-editor.default\">\n\t\t\t\t\t\t\t\t\t<p><a href=\"https:\/\/www.facebook.com\/Pueblos-y-Comarcas-125437870924169\/?fref=ts\"><em><strong>Pueblosycomarcas.com<\/strong><\/em><\/a><em><strong>;&nbsp;<\/strong><\/em><a href=\"https:\/\/twitter.com\/PueblosComarcas\"><em><strong>@PueblosComarcas<\/strong><\/em><\/a><\/p>\n<p>El subdelegado del Gobierno en Valladolid, Jacinto Canales, ha presidido hoy la comisi\u00f3n que lo asiste en las materias relacionadas con los servicios con sede en la Subdelegaci\u00f3n: Agricultura, Alta Inspecci\u00f3n de Educaci\u00f3n, Fomento, Industria y Energ\u00eda, Protecci\u00f3n Civil, Sanidad, Trabajo e Inmigraci\u00f3n y la Unidad contra la Violencia sobre la Mujer.<\/p>\n<p>La Unidad de Protecci\u00f3n Civil de la Subdelegaci\u00f3n del Gobierno en Valladolid ha trasladado en la reuni\u00f3n que, entre 2024 y 2025 se han tramitado o se encuentran en tramitaci\u00f3n ayudas destinadas a paliar los efectos de fen\u00f3menos meteorol\u00f3gicos adversos en 24 municipios de la provincia, que afectaron a un total de 104 infraestructuras, con un coste global que supera los 1,6 millones de euros, por las inundaciones del 19 de enero de 2024 y el 3 de junio de 2025, las lluvias y tormentas del 4 de julio de 2025 y el paso de la Borrasca Martinho, el 22 de marzo tambi\u00e9n de este a\u00f1o 2025.<\/p>\n<h4><strong>NUEVO REGLAMENTO DE EXTRANJER\u00cdA <\/strong><\/h4>\n<p>La entrada en vigor del nuevo Reglamento de Extranjer\u00eda, aprobado por Real Decreto 1155\/2024 de 19 de noviembre, ha incrementado el volumen de procedimientos que tramita la Oficina de Extranjer\u00eda. En los primeros nueve meses de 2025, el servicio recibi\u00f3 7.624 solicitudes, frente a las 6.355 recibidas en el mismo periodo de 2024. Se ha notado un incremento, cada vez m\u00e1s significativo, de la presentaci\u00f3n telem\u00e1tica y tambi\u00e9n en las resoluciones dictadas que, de enero a septiembre de este a\u00f1o, superan en cerca de un 11% la del mismo periodo del a\u00f1o pasado. Por otro lado, en 2025, se est\u00e1n concediendo aproximadamente nueve de cada diez permisos solicitados.<\/p>\n<p>Tambi\u00e9n en la Alta Inspecci\u00f3n de Educaci\u00f3n se percibe un incremento sostenido de los expedientes de homologaci\u00f3n de t\u00edtulos, convalidaciones no universitarias y otras gestiones. En los diez primeros meses de este 2025 se han tramitado 5.122 expedientes, frente a los 4.386 del a\u00f1o completo 2024, que ya supon\u00edan un aumento notable tras los 3.699 de 2023 o los 2.438 de 2022.<\/p>\n<h4><strong>60 INSTALACIONES EL\u00c9CTRICAS EN TRAMITACI\u00d3N <\/strong><\/h4>\n<p>Los presupuestos de ejecuci\u00f3n material de los proyectos asociados al Plan Nacional Integrado de Energ\u00eda y Clima 2021-2030 (PNIEC) en Valladolid suman en torno a 1.864 millones de euros. El \u00e1rea funcional de Industria y Energ\u00eda trabaja en este momento con 60 instalaciones el\u00e9ctricas en tramitaci\u00f3n -la mayor parte de ellas fotovoltaicas-, once en periodo de expropiaci\u00f3n y siete ya con autorizaci\u00f3n de explotaci\u00f3n, dentro del desarrollo del Plan, que supondr\u00e1n 4,6 gigavatios de potencia instalada.<\/p>\n<p>El \u00e1rea de Fomento ha tramitado este a\u00f1o los procedimientos de informaci\u00f3n p\u00fablica para las siguientes infraestructuras del Ministerio de Transportes y Movilidad Sostenible en la provincia de Valladolid:<\/p>\n<ul>\n<li>Proyecto de construcci\u00f3n rectificaci\u00f3n del terrapl\u00e9n de acceso al paso superior de la VP-9004 en Valdestillas.<\/li>\n<li>Proyecto B\u00e1sico de las zonas de acopio para el montaje de v\u00eda 2 de la L\u00ednea de Alta Velocidad Olmedo-Lubi\u00e1n-Orense, en Siete Iglesias de Trabancos (Lote 1: Olmedo-Pedralba de la Prader\u00eda. Subtramo Medina del Campo-Coreses).<\/li>\n<li>Proyecto constructivo para la supresi\u00f3n del paso a nivel del punto kilom\u00e9trico 190,716 de la l\u00ednea de la Red Ferroviaria de Inter\u00e9s General Madrid-Chamart\u00edn-Hendaya, en Ataquines.<\/li>\n<li>Proyecto de construcci\u00f3n para la supresi\u00f3n del paso a nivel del punto kilom\u00e9trico 225,066 de la l\u00ednea Madrid-Chamart\u00edn-Hendaya, en Matapozuelos.<\/li>\n<li>Proyecto constructivo de racionalizaci\u00f3n de la estaci\u00f3n de Medina del Campo.<\/li>\n<li>Proyecto de acondicionamiento y mejora de drenajes del kil\u00f3metro 15 al 177. Eje Norte de la L\u00ednea de Alta Velocidad Madrid-Segovia-Valladolid, en los t\u00e9rminos municipales de Valladolid y Segovia.<\/li>\n<\/ul>\n<h4><strong>820 CASOS ACTIVOS EN EL SISTEMA VIOG\u00c9N <\/strong><\/h4>\n<p>La Unidad contra la Violencia sobre la Mujer de Valladolid mantiene el seguimiento de 820 casos activos en la provincia en este momento. Todos ellos cuentan con protecci\u00f3n policial. 15 mujeres han muerto en la provincia a manos de sus parejas o exparejas, desde 2003, cuando empezaron a contabilizarse las v\u00edctimas. Adem\u00e1s, el 016 ha recibido en Valladolid 17.267 consultas desde el 3 de septiembre de 2007, cuando entr\u00f3 en funcionamiento, hasta el 30 de septiembre de este a\u00f1o 2025.<\/p>\n<p>El \u00e1rea de Sanidad gestiona en Valladolid el an\u00e1lisis y la destrucci\u00f3n de alijos de droga decomisados por las Fuerzas y Cuerpos de Seguridad de Le\u00f3n, Zamora, Salamanca, \u00c1vila, Segovia y Valladolid. En el primer semestre del a\u00f1o se recibieron 10.609 decomisos, se analizaron 12.145 muestras y se destruyeron 584 kilos de todo tipo de drogas decomisadas.<\/p>\n<p>Entre los aspectos que m\u00e1s est\u00e1n afectando al Servicio de Sanidad Animal, del \u00e1rea funcional de Agricultura, los responsables han citado la gripe aviar, especialmente en la provincia de Valladolid, de la que se han declarado siete casos y que ha supuesto el sacrificio de en torno a dos millones de gallinas. Tambi\u00e9n se ha comentado la incidencia del bloqueo de la exportaci\u00f3n de bovinos fuera de la UE por la dermatosis nodular. El Servicio de Inspecci\u00f3n Sanitaria en Frontera prev\u00e9 tramitar este a\u00f1o m\u00e1s de 4.500 certificaciones, lo que representa un notable incremento en comparaci\u00f3n con las 2.934 de 2024.<\/p>\t\t\t\t\t\t\t\t<\/div>\n\t\t\t\t\t<\/div>\n\t\t\t\t<\/div>\n\t\t\t\t<\/div>","protected":false},"excerpt":{"rendered":"<p>La Subdelegaci\u00f3n del Gobierno hace balance de los servicios que presta en Valladolid La Unidad de Protecci\u00f3n Civil tramita ayudas para paliar los efectos de fen\u00f3menos meteorol\u00f3gicos adversos en 24 municipios de la provincia, con un coste global que supera los 1,6 millones de euros La entrada en vigor del nuevo Reglamento de Extranjer\u00eda ha incrementado el volumen de procedimientos que tramita la Oficina de Extranjer\u00eda El \u00e1rea funcional de Industria y Energ\u00eda trabaja en este momento con 60 instalaciones el\u00e9ctricas en tramitaci\u00f3n, la mayor parte de ellas fotovoltaicas La Unidad contra la Violencia sobre la Mujer de Valladolid mantiene el seguimiento de 820 casos activos en la provincia Pueblosycomarcas.com;&nbsp;@PueblosComarcas El subdelegado del Gobierno en Valladolid, Jacinto Canales, ha presidido hoy la comisi\u00f3n que lo asiste en las materias relacionadas con los servicios con sede en la Subdelegaci\u00f3n: Agricultura, Alta Inspecci\u00f3n de Educaci\u00f3n, Fomento, Industria y Energ\u00eda, Protecci\u00f3n Civil, Sanidad, Trabajo e Inmigraci\u00f3n y la Unidad contra la Violencia sobre la Mujer. La Unidad de Protecci\u00f3n Civil de la Subdelegaci\u00f3n del Gobierno en Valladolid ha trasladado en la reuni\u00f3n que, entre 2024 y 2025 se han tramitado o se encuentran en tramitaci\u00f3n ayudas destinadas a paliar los efectos de fen\u00f3menos meteorol\u00f3gicos adversos en 24 municipios de la provincia, que afectaron a un total de 104 infraestructuras, con un coste global que supera los 1,6 millones de euros, por las inundaciones del 19 de enero de 2024 y el 3 de junio de 2025, las lluvias y tormentas del 4 de julio de 2025 y el paso de la Borrasca Martinho, el 22 de marzo tambi\u00e9n de este a\u00f1o 2025. NUEVO REGLAMENTO DE EXTRANJER\u00cdA La entrada en vigor del nuevo Reglamento de Extranjer\u00eda, aprobado por Real Decreto 1155\/2024 de 19 de noviembre, ha incrementado el volumen de procedimientos que tramita la Oficina de Extranjer\u00eda. En los primeros nueve meses de 2025, el servicio recibi\u00f3 7.624 solicitudes, frente a las 6.355 recibidas en el mismo periodo de 2024. Se ha notado un incremento, cada vez m\u00e1s significativo, de la presentaci\u00f3n telem\u00e1tica y tambi\u00e9n en las resoluciones dictadas que, de enero a septiembre de este a\u00f1o, superan en cerca de un 11% la del mismo periodo del a\u00f1o pasado. Por otro lado, en 2025, se est\u00e1n concediendo aproximadamente nueve de cada diez permisos solicitados. Tambi\u00e9n en la Alta Inspecci\u00f3n de Educaci\u00f3n se percibe un incremento sostenido de los expedientes de homologaci\u00f3n de t\u00edtulos, convalidaciones no universitarias y otras gestiones. En los diez primeros meses de este 2025 se han tramitado 5.122 expedientes, frente a los 4.386 del a\u00f1o completo 2024, que ya supon\u00edan un aumento notable tras los 3.699 de 2023 o los 2.438 de 2022. 60 INSTALACIONES EL\u00c9CTRICAS EN TRAMITACI\u00d3N Los presupuestos de ejecuci\u00f3n material de los proyectos asociados al Plan Nacional Integrado de Energ\u00eda y Clima 2021-2030 (PNIEC) en Valladolid suman en torno a 1.864 millones de euros. El \u00e1rea funcional de Industria y Energ\u00eda trabaja en este momento con 60 instalaciones el\u00e9ctricas en tramitaci\u00f3n -la mayor parte de ellas fotovoltaicas-, once en periodo de expropiaci\u00f3n y siete ya con autorizaci\u00f3n de explotaci\u00f3n, dentro del desarrollo del Plan, que supondr\u00e1n 4,6 gigavatios de potencia instalada. El \u00e1rea de Fomento ha tramitado este a\u00f1o los procedimientos de informaci\u00f3n p\u00fablica para las siguientes infraestructuras del Ministerio de Transportes y Movilidad Sostenible en la provincia de Valladolid: Proyecto de construcci\u00f3n rectificaci\u00f3n del terrapl\u00e9n de acceso al paso superior de la VP-9004 en Valdestillas. Proyecto B\u00e1sico de las zonas de acopio para el montaje de v\u00eda 2 de la L\u00ednea de Alta Velocidad Olmedo-Lubi\u00e1n-Orense, en Siete Iglesias de Trabancos (Lote 1: Olmedo-Pedralba de la Prader\u00eda. Subtramo Medina del Campo-Coreses). Proyecto constructivo para la supresi\u00f3n del paso a nivel del punto kilom\u00e9trico 190,716 de la l\u00ednea de la Red Ferroviaria de Inter\u00e9s General Madrid-Chamart\u00edn-Hendaya, en Ataquines. Proyecto de construcci\u00f3n para la supresi\u00f3n del paso a nivel del punto kilom\u00e9trico 225,066 de la l\u00ednea Madrid-Chamart\u00edn-Hendaya, en Matapozuelos. Proyecto constructivo de racionalizaci\u00f3n de la estaci\u00f3n de Medina del Campo. Proyecto de acondicionamiento y mejora de drenajes del kil\u00f3metro 15 al 177. Eje Norte de la L\u00ednea de Alta Velocidad Madrid-Segovia-Valladolid, en los t\u00e9rminos municipales de Valladolid y Segovia. 820 CASOS ACTIVOS EN EL SISTEMA VIOG\u00c9N La Unidad contra la Violencia sobre la Mujer de Valladolid mantiene el seguimiento de 820 casos activos en la provincia en este momento. Todos ellos cuentan con protecci\u00f3n policial. 15 mujeres han muerto en la provincia a manos de sus parejas o exparejas, desde 2003, cuando empezaron a contabilizarse las v\u00edctimas. Adem\u00e1s, el 016 ha recibido en Valladolid 17.267 consultas desde el 3 de septiembre de 2007, cuando entr\u00f3 en funcionamiento, hasta el 30 de septiembre de este a\u00f1o 2025. El \u00e1rea de Sanidad gestiona en Valladolid el an\u00e1lisis y la destrucci\u00f3n de alijos de droga decomisados por las Fuerzas y Cuerpos de Seguridad de Le\u00f3n, Zamora, Salamanca, \u00c1vila, Segovia y Valladolid. En el primer semestre del a\u00f1o se recibieron 10.609 decomisos, se analizaron 12.145 muestras y se destruyeron 584 kilos de todo tipo de drogas decomisadas. Entre los aspectos que m\u00e1s est\u00e1n afectando al Servicio de Sanidad Animal, del \u00e1rea funcional de Agricultura, los responsables han citado la gripe aviar, especialmente en la provincia de Valladolid, de la que se han declarado siete casos y que ha supuesto el sacrificio de en torno a dos millones de gallinas. Tambi\u00e9n se ha comentado la incidencia del bloqueo de la exportaci\u00f3n de bovinos fuera de la UE por la dermatosis nodular. El Servicio de Inspecci\u00f3n Sanitaria en Frontera prev\u00e9 tramitar este a\u00f1o m\u00e1s de 4.500 certificaciones, lo que representa un notable incremento en comparaci\u00f3n con las 2.934 de 2024.<\/p>","protected":false},"author":1,"featured_media":2609,"comment_status":"open","ping_status":"closed","sticky":false,"template":"","format":"standard","meta":{"site-sidebar-layout":"default","site-content-layout":"","ast-site-content-layout":"default","site-content-style":"default","site-sidebar-style":"default","ast-global-header-display":"","ast-banner-title-visibility":"","ast-main-header-display":"","ast-hfb-above-header-display":"","ast-hfb-below-header-display":"","ast-hfb-mobile-header-display":"","site-post-title":"disabled","ast-breadcrumbs-content":"","ast-featured-img":"","footer-sml-layout":"","theme-transparent-header-meta":"","adv-header-id-meta":"","stick-header-meta":"","header-above-stick-meta":"","header-main-stick-meta":"","header-below-stick-meta":"","astra-migrate-meta-layouts":"default","ast-page-background-enabled":"default","ast-page-background-meta":{"desktop":{"background-color":"var(--ast-global-color-5)","background-image":"","background-repeat":"repeat","background-position":"center center","background-size":"auto","background-attachment":"scroll","background-type":"","background-media":"","overlay-type":"","overlay-color":"","overlay-opacity":"","overlay-gradient":""},"tablet":{"background-color":"","background-image":"","background-repeat":"repeat","background-position":"center center","background-size":"auto","background-attachment":"scroll","background-type":"","background-media":"","overlay-type":"","overlay-color":"","overlay-opacity":"","overlay-gradient":""},"mobile":{"background-color":"","background-image":"","background-repeat":"repeat","background-position":"center center","background-size":"auto","background-attachment":"scroll","background-type":"","background-media":"","overlay-type":"","overlay-color":"","overlay-opacity":"","overlay-gradient":""}},"ast-content-background-meta":{"desktop":{"background-color":"var(--ast-global-color-4)","background-image":"","background-repeat":"repeat","background-position":"center center","background-size":"auto","background-attachment":"scroll","background-type":"","background-media":"","overlay-type":"","overlay-color":"","overlay-opacity":"","overlay-gradient":""},"tablet":{"background-color":"var(--ast-global-color-4)","background-image":"","background-repeat":"repeat","background-position":"center center","background-size":"auto","background-attachment":"scroll","background-type":"","background-media":"","overlay-type":"","overlay-color":"","overlay-opacity":"","overlay-gradient":""},"mobile":{"background-color":"var(--ast-global-color-4)","background-image":"","background-repeat":"repeat","background-position":"center center","background-size":"auto","background-attachment":"scroll","background-type":"","background-media":"","overlay-type":"","overlay-color":"","overlay-opacity":"","overlay-gradient":""}},"ngg_post_thumbnail":0,"footnotes":""},"categories":[16,5],"tags":[124],"class_list":["post-2608","post","type-post","status-publish","format-standard","has-post-thumbnail","hentry","category-portada","category-actualidad","tag-subdelegacion-del-gobierno-en-valladolid"],"aioseo_notices":[],"rttpg_featured_image_url":{"full":["https:\/\/pueblosycomarcas.com\/wp-content\/uploads\/2025\/11\/20251111_subdelegado_gobierno.jpg",800,400,false],"landscape":["https:\/\/pueblosycomarcas.com\/wp-content\/uploads\/2025\/11\/20251111_subdelegado_gobierno.jpg",800,400,false],"portraits":["https:\/\/pueblosycomarcas.com\/wp-content\/uploads\/2025\/11\/20251111_subdelegado_gobierno.jpg",800,400,false],"thumbnail":["https:\/\/pueblosycomarcas.com\/wp-content\/uploads\/2025\/11\/20251111_subdelegado_gobierno-150x150.jpg",150,150,true],"medium":["https:\/\/pueblosycomarcas.com\/wp-content\/uploads\/2025\/11\/20251111_subdelegado_gobierno-300x150.jpg",300,150,true],"large":["https:\/\/pueblosycomarcas.com\/wp-content\/uploads\/2025\/11\/20251111_subdelegado_gobierno.jpg",800,400,false],"1536x1536":["https:\/\/pueblosycomarcas.com\/wp-content\/uploads\/2025\/11\/20251111_subdelegado_gobierno.jpg",800,400,false],"2048x2048":["https:\/\/pueblosycomarcas.com\/wp-content\/uploads\/2025\/11\/20251111_subdelegado_gobierno.jpg",800,400,false],"trp-custom-language-flag":["https:\/\/pueblosycomarcas.com\/wp-content\/uploads\/2025\/11\/20251111_subdelegado_gobierno.jpg",18,9,false]},"rttpg_author":{"display_name":"admin","author_link":"https:\/\/pueblosycomarcas.com\/en\/author\/webalquimia\/"},"rttpg_comment":0,"rttpg_category":"<a href=\"https:\/\/pueblosycomarcas.com\/en\/category\/portada\/\" rel=\"category tag\">Portada<\/a> <a href=\"https:\/\/pueblosycomarcas.com\/en\/category\/actualidad\/\" rel=\"category tag\">Tierra de Pinares<\/a>","rttpg_excerpt":"La Subdelegaci\u00f3n del Gobierno hace balance de los servicios que presta en Valladolid La Unidad de Protecci\u00f3n Civil tramita ayudas para paliar los efectos de fen\u00f3menos meteorol\u00f3gicos adversos en 24 municipios de la provincia, con un coste global que supera los 1,6 millones de euros La entrada en vigor del nuevo Reglamento de Extranjer\u00eda ha&hellip;","_links":{"self":[{"href":"https:\/\/pueblosycomarcas.com\/en\/wp-json\/wp\/v2\/posts\/2608","targetHints":{"allow":["GET"]}}],"collection":[{"href":"https:\/\/pueblosycomarcas.com\/en\/wp-json\/wp\/v2\/posts"}],"about":[{"href":"https:\/\/pueblosycomarcas.com\/en\/wp-json\/wp\/v2\/types\/post"}],"author":[{"embeddable":true,"href":"https:\/\/pueblosycomarcas.com\/en\/wp-json\/wp\/v2\/users\/1"}],"replies":[{"embeddable":true,"href":"https:\/\/pueblosycomarcas.com\/en\/wp-json\/wp\/v2\/comments?post=2608"}],"version-history":[{"count":5,"href":"https:\/\/pueblosycomarcas.com\/en\/wp-json\/wp\/v2\/posts\/2608\/revisions"}],"predecessor-version":[{"id":2614,"href":"https:\/\/pueblosycomarcas.com\/en\/wp-json\/wp\/v2\/posts\/2608\/revisions\/2614"}],"wp:featuredmedia":[{"embeddable":true,"href":"https:\/\/pueblosycomarcas.com\/en\/wp-json\/wp\/v2\/media\/2609"}],"wp:attachment":[{"href":"https:\/\/pueblosycomarcas.com\/en\/wp-json\/wp\/v2\/media?parent=2608"}],"wp:term":[{"taxonomy":"category","embeddable":true,"href":"https:\/\/pueblosycomarcas.com\/en\/wp-json\/wp\/v2\/categories?post=2608"},{"taxonomy":"post_tag","embeddable":true,"href":"https:\/\/pueblosycomarcas.com\/en\/wp-json\/wp\/v2\/tags?post=2608"}],"curies":[{"name":"wp","href":"https:\/\/api.w.org\/{rel}","templated":true}]}}