{"id":2578,"date":"2025-11-12T06:02:00","date_gmt":"2025-11-12T05:02:00","guid":{"rendered":"https:\/\/webalquimia.es\/?p=2578"},"modified":"2025-11-11T16:08:28","modified_gmt":"2025-11-11T15:08:28","slug":"la-banda-de-musica-san-nicolas-de-pollos-valladolid-celebra-su-trigesimo-aniversario","status":"publish","type":"post","link":"https:\/\/pueblosycomarcas.com\/en\/la-banda-de-musica-san-nicolas-de-pollos-valladolid-celebra-su-trigesimo-aniversario\/","title":{"rendered":"La Banda de M\u00fasica San Nicol\u00e1s de Pollos (Valladolid) celebra su trig\u00e9simo aniversario"},"content":{"rendered":"<div data-elementor-type=\"wp-post\" data-elementor-id=\"2578\" class=\"elementor elementor-2578\">\n\t\t\t\t<div class=\"elementor-element elementor-element-1427aa2 e-flex e-con-boxed wpr-particle-no wpr-jarallax-no wpr-parallax-no wpr-sticky-section-no wpr-equal-height-no e-con e-parent\" data-id=\"1427aa2\" data-element_type=\"container\" data-e-type=\"container\">\n\t\t\t\t\t<div class=\"e-con-inner\">\n\t\t\t\t<div class=\"elementor-element elementor-element-84ca863 elementor-widget elementor-widget-heading\" data-id=\"84ca863\" data-element_type=\"widget\" data-e-type=\"widget\" data-widget_type=\"heading.default\">\n\t\t\t\t\t<h2 class=\"elementor-heading-title elementor-size-default\">La Banda de M\u00fasica San Nicol\u00e1s de Pollos (Valladolid) celebra su trig\u00e9simo aniversario<\/h2>\t\t\t\t<\/div>\n\t\t\t\t<div class=\"elementor-element elementor-element-e6dfc55 elementor-widget elementor-widget-text-editor\" data-id=\"e6dfc55\" data-element_type=\"widget\" data-e-type=\"widget\" data-widget_type=\"text-editor.default\">\n\t\t\t\t\t\t\t\t\t<ul><li><h6><em><strong>Con un espectacular concierto que tendr\u00e1 lugar el pr\u00f3ximo 22 de noviembre, Santa Cecilia, en el Centro Cultural Miguel Delibes de la capital vallisoletana<\/strong><\/em><\/h6><\/li><\/ul>\t\t\t\t\t\t\t\t<\/div>\n\t\t\t\t<div class=\"elementor-element elementor-element-9978b47 elementor-widget-divider--view-line elementor-widget elementor-widget-divider\" data-id=\"9978b47\" data-element_type=\"widget\" data-e-type=\"widget\" data-widget_type=\"divider.default\">\n\t\t\t\t\t\t\t<div class=\"elementor-divider\">\n\t\t\t<span class=\"elementor-divider-separator\">\n\t\t\t\t\t\t<\/span>\n\t\t<\/div>\n\t\t\t\t\t\t<\/div>\n\t\t\t\t<div class=\"elementor-element elementor-element-b764239 elementor-widget elementor-widget-image\" data-id=\"b764239\" data-element_type=\"widget\" data-e-type=\"widget\" data-widget_type=\"image.default\">\n\t\t\t\t\t\t\t\t\t\t\t\t<figure class=\"wp-caption\">\n\t\t\t\t\t\t\t\t\t\t<img fetchpriority=\"high\" decoding=\"async\" width=\"800\" height=\"400\" src=\"https:\/\/pueblosycomarcas.com\/wp-content\/uploads\/2025\/11\/20251112_aniversario_banda_pollos.jpeg\" class=\"attachment-large size-large wp-image-2579\" alt=\"\" srcset=\"https:\/\/pueblosycomarcas.com\/wp-content\/uploads\/2025\/11\/20251112_aniversario_banda_pollos.jpeg 800w, https:\/\/pueblosycomarcas.com\/wp-content\/uploads\/2025\/11\/20251112_aniversario_banda_pollos-300x150.jpeg 300w, https:\/\/pueblosycomarcas.com\/wp-content\/uploads\/2025\/11\/20251112_aniversario_banda_pollos-768x384.jpeg 768w\" sizes=\"(max-width: 800px) 100vw, 800px\" \/>\t\t\t\t\t\t\t\t\t\t\t<figcaption class=\"widget-image-caption wp-caption-text\">Presentaci\u00f3n del concierto en la sede de la Diputaci\u00f3n de Valladolid.<\/figcaption>\n\t\t\t\t\t\t\t\t\t\t<\/figure>\n\t\t\t\t\t\t\t\t\t<\/div>\n\t\t\t\t<div class=\"elementor-element elementor-element-8e8987b elementor-widget elementor-widget-text-editor\" data-id=\"8e8987b\" data-element_type=\"widget\" data-e-type=\"widget\" data-widget_type=\"text-editor.default\">\n\t\t\t\t\t\t\t\t\t<p><a href=\"https:\/\/www.facebook.com\/Pueblos-y-Comarcas-125437870924169\/?fref=ts\"><strong><em>Pueblosycomarcas.com<\/em><\/strong><\/a><strong><em>;\u00a0<\/em><\/strong><a href=\"https:\/\/twitter.com\/PueblosComarcas\"><strong><em>@PueblosComarcas<\/em><\/strong><\/a><\/p><p>La banda de m\u00fasica San Nicol\u00e1s de Pollos anunci\u00f3 ayer en un acto en la Diputaci\u00f3n de Valladolid la celebraci\u00f3n de su 30 aniversario con un espectacular concierto que tendr\u00e1 lugar en la sala sinf\u00f3nica del Centro Cultural Miguel Delibes, de Valladolid.<\/p><p>Este evento, programado para el d\u00eda 22 de noviembre, Santa Cecilia, ser\u00e1 una velada llena de tradici\u00f3n, abarcando una variedad de g\u00e9neros musicales.<\/p><p>Durante este emotivo concierto, la banda interpretar\u00e1 una rica selecci\u00f3n de piezas que incluir\u00e1 zarzuelas, pasodobles, conocidas melod\u00edas del cine y m\u00fasica original compuesta para banda de m\u00fasica. Este repertorio buscar\u00e1 conectar con el p\u00fablico y rendir homenaje a las tres d\u00e9cadas de dedicaci\u00f3n y pasi\u00f3n por la m\u00fasica.<\/p><p>Adem\u00e1s, la celebraci\u00f3n contar\u00e1 con la participaci\u00f3n especial de los Amigos de la Zarzuela de Valladolid, quienes deleitar\u00e1n a los presentes con tres piezas emblem\u00e1ticas de zarzuela. Tambi\u00e9n, el grupo de Baile de Medina del Campo se unir\u00e1 a la celebraci\u00f3n con dos coreograf\u00edas que a\u00f1adir\u00e1n un toque vibrante al evento.<\/p><p>La banda de m\u00fasica invita a unirse a esta celebraci\u00f3n donde no solo conmemora sus 30 a\u00f1os de existencia, sino que tambi\u00e9n promueve la cultura y el arte en nuestra provincia.<\/p>\t\t\t\t\t\t\t\t<\/div>\n\t\t\t\t\t<\/div>\n\t\t\t\t<\/div>\n\t\t\t\t<\/div>","protected":false},"excerpt":{"rendered":"<p>La Banda de M\u00fasica San Nicol\u00e1s de Pollos (Valladolid) celebra su trig\u00e9simo aniversario Con un espectacular concierto que tendr\u00e1 lugar el pr\u00f3ximo 22 de noviembre, Santa Cecilia, en el Centro Cultural Miguel Delibes de la capital vallisoletana Presentaci\u00f3n del concierto en la sede de la Diputaci\u00f3n de Valladolid. Pueblosycomarcas.com;\u00a0@PueblosComarcas La banda de m\u00fasica San Nicol\u00e1s de Pollos anunci\u00f3 ayer en un acto en la Diputaci\u00f3n de Valladolid la celebraci\u00f3n de su 30 aniversario con un espectacular concierto que tendr\u00e1 lugar en la sala sinf\u00f3nica del Centro Cultural Miguel Delibes, de Valladolid. Este evento, programado para el d\u00eda 22 de noviembre, Santa Cecilia, ser\u00e1 una velada llena de tradici\u00f3n, abarcando una variedad de g\u00e9neros musicales. Durante este emotivo concierto, la banda interpretar\u00e1 una rica selecci\u00f3n de piezas que incluir\u00e1 zarzuelas, pasodobles, conocidas melod\u00edas del cine y m\u00fasica original compuesta para banda de m\u00fasica. Este repertorio buscar\u00e1 conectar con el p\u00fablico y rendir homenaje a las tres d\u00e9cadas de dedicaci\u00f3n y pasi\u00f3n por la m\u00fasica. Adem\u00e1s, la celebraci\u00f3n contar\u00e1 con la participaci\u00f3n especial de los Amigos de la Zarzuela de Valladolid, quienes deleitar\u00e1n a los presentes con tres piezas emblem\u00e1ticas de zarzuela. Tambi\u00e9n, el grupo de Baile de Medina del Campo se unir\u00e1 a la celebraci\u00f3n con dos coreograf\u00edas que a\u00f1adir\u00e1n un toque vibrante al evento. La banda de m\u00fasica invita a unirse a esta celebraci\u00f3n donde no solo conmemora sus 30 a\u00f1os de existencia, sino que tambi\u00e9n promueve la cultura y el arte en nuestra provincia.<\/p>","protected":false},"author":1,"featured_media":2579,"comment_status":"open","ping_status":"closed","sticky":false,"template":"","format":"standard","meta":{"site-sidebar-layout":"default","site-content-layout":"","ast-site-content-layout":"default","site-content-style":"default","site-sidebar-style":"default","ast-global-header-display":"","ast-banner-title-visibility":"","ast-main-header-display":"","ast-hfb-above-header-display":"","ast-hfb-below-header-display":"","ast-hfb-mobile-header-display":"","site-post-title":"disabled","ast-breadcrumbs-content":"","ast-featured-img":"","footer-sml-layout":"","theme-transparent-header-meta":"","adv-header-id-meta":"","stick-header-meta":"","header-above-stick-meta":"","header-main-stick-meta":"","header-below-stick-meta":"","astra-migrate-meta-layouts":"default","ast-page-background-enabled":"default","ast-page-background-meta":{"desktop":{"background-color":"var(--ast-global-color-5)","background-image":"","background-repeat":"repeat","background-position":"center center","background-size":"auto","background-attachment":"scroll","background-type":"","background-media":"","overlay-type":"","overlay-color":"","overlay-opacity":"","overlay-gradient":""},"tablet":{"background-color":"","background-image":"","background-repeat":"repeat","background-position":"center center","background-size":"auto","background-attachment":"scroll","background-type":"","background-media":"","overlay-type":"","overlay-color":"","overlay-opacity":"","overlay-gradient":""},"mobile":{"background-color":"","background-image":"","background-repeat":"repeat","background-position":"center center","background-size":"auto","background-attachment":"scroll","background-type":"","background-media":"","overlay-type":"","overlay-color":"","overlay-opacity":"","overlay-gradient":""}},"ast-content-background-meta":{"desktop":{"background-color":"var(--ast-global-color-4)","background-image":"","background-repeat":"repeat","background-position":"center center","background-size":"auto","background-attachment":"scroll","background-type":"","background-media":"","overlay-type":"","overlay-color":"","overlay-opacity":"","overlay-gradient":""},"tablet":{"background-color":"var(--ast-global-color-4)","background-image":"","background-repeat":"repeat","background-position":"center center","background-size":"auto","background-attachment":"scroll","background-type":"","background-media":"","overlay-type":"","overlay-color":"","overlay-opacity":"","overlay-gradient":""},"mobile":{"background-color":"var(--ast-global-color-4)","background-image":"","background-repeat":"repeat","background-position":"center center","background-size":"auto","background-attachment":"scroll","background-type":"","background-media":"","overlay-type":"","overlay-color":"","overlay-opacity":"","overlay-gradient":""}},"ngg_post_thumbnail":0,"footnotes":""},"categories":[14,18,16],"tags":[26,151],"class_list":["post-2578","post","type-post","status-publish","format-standard","has-post-thumbnail","hentry","category-cultura-y-tradicion","category-ocio","category-portada","tag-diputacion-de-valladolid","tag-pollos"],"aioseo_notices":[],"rttpg_featured_image_url":{"full":["https:\/\/pueblosycomarcas.com\/wp-content\/uploads\/2025\/11\/20251112_aniversario_banda_pollos.jpeg",800,400,false],"landscape":["https:\/\/pueblosycomarcas.com\/wp-content\/uploads\/2025\/11\/20251112_aniversario_banda_pollos.jpeg",800,400,false],"portraits":["https:\/\/pueblosycomarcas.com\/wp-content\/uploads\/2025\/11\/20251112_aniversario_banda_pollos.jpeg",800,400,false],"thumbnail":["https:\/\/pueblosycomarcas.com\/wp-content\/uploads\/2025\/11\/20251112_aniversario_banda_pollos-150x150.jpeg",150,150,true],"medium":["https:\/\/pueblosycomarcas.com\/wp-content\/uploads\/2025\/11\/20251112_aniversario_banda_pollos-300x150.jpeg",300,150,true],"large":["https:\/\/pueblosycomarcas.com\/wp-content\/uploads\/2025\/11\/20251112_aniversario_banda_pollos.jpeg",800,400,false],"1536x1536":["https:\/\/pueblosycomarcas.com\/wp-content\/uploads\/2025\/11\/20251112_aniversario_banda_pollos.jpeg",800,400,false],"2048x2048":["https:\/\/pueblosycomarcas.com\/wp-content\/uploads\/2025\/11\/20251112_aniversario_banda_pollos.jpeg",800,400,false],"trp-custom-language-flag":["https:\/\/pueblosycomarcas.com\/wp-content\/uploads\/2025\/11\/20251112_aniversario_banda_pollos.jpeg",18,9,false]},"rttpg_author":{"display_name":"admin","author_link":"https:\/\/pueblosycomarcas.com\/en\/author\/webalquimia\/"},"rttpg_comment":0,"rttpg_category":"<a href=\"https:\/\/pueblosycomarcas.com\/en\/category\/cultura-y-tradicion\/\" rel=\"category tag\">Cultura y Tradici\u00f3n<\/a> <a href=\"https:\/\/pueblosycomarcas.com\/en\/category\/ocio\/\" rel=\"category tag\">Ocio<\/a> <a href=\"https:\/\/pueblosycomarcas.com\/en\/category\/portada\/\" rel=\"category tag\">Portada<\/a>","rttpg_excerpt":"La Banda de M\u00fasica San Nicol\u00e1s de Pollos (Valladolid) celebra su trig\u00e9simo aniversario Con un espectacular concierto que tendr\u00e1 lugar el pr\u00f3ximo 22 de noviembre, Santa Cecilia, en el Centro Cultural Miguel Delibes de la capital vallisoletana Presentaci\u00f3n del concierto en la sede de la Diputaci\u00f3n de Valladolid. Pueblosycomarcas.com;\u00a0@PueblosComarcas La banda de m\u00fasica San Nicol\u00e1s&hellip;","_links":{"self":[{"href":"https:\/\/pueblosycomarcas.com\/en\/wp-json\/wp\/v2\/posts\/2578","targetHints":{"allow":["GET"]}}],"collection":[{"href":"https:\/\/pueblosycomarcas.com\/en\/wp-json\/wp\/v2\/posts"}],"about":[{"href":"https:\/\/pueblosycomarcas.com\/en\/wp-json\/wp\/v2\/types\/post"}],"author":[{"embeddable":true,"href":"https:\/\/pueblosycomarcas.com\/en\/wp-json\/wp\/v2\/users\/1"}],"replies":[{"embeddable":true,"href":"https:\/\/pueblosycomarcas.com\/en\/wp-json\/wp\/v2\/comments?post=2578"}],"version-history":[{"count":8,"href":"https:\/\/pueblosycomarcas.com\/en\/wp-json\/wp\/v2\/posts\/2578\/revisions"}],"predecessor-version":[{"id":2587,"href":"https:\/\/pueblosycomarcas.com\/en\/wp-json\/wp\/v2\/posts\/2578\/revisions\/2587"}],"wp:featuredmedia":[{"embeddable":true,"href":"https:\/\/pueblosycomarcas.com\/en\/wp-json\/wp\/v2\/media\/2579"}],"wp:attachment":[{"href":"https:\/\/pueblosycomarcas.com\/en\/wp-json\/wp\/v2\/media?parent=2578"}],"wp:term":[{"taxonomy":"category","embeddable":true,"href":"https:\/\/pueblosycomarcas.com\/en\/wp-json\/wp\/v2\/categories?post=2578"},{"taxonomy":"post_tag","embeddable":true,"href":"https:\/\/pueblosycomarcas.com\/en\/wp-json\/wp\/v2\/tags?post=2578"}],"curies":[{"name":"wp","href":"https:\/\/api.w.org\/{rel}","templated":true}]}}