{"id":2525,"date":"2025-11-10T14:24:17","date_gmt":"2025-11-10T13:24:17","guid":{"rendered":"https:\/\/webalquimia.es\/?p=2525"},"modified":"2025-11-10T14:26:40","modified_gmt":"2025-11-10T13:26:40","slug":"detienen-en-iscar-a-una-mujer-como-presunta-autora-de-cinco-hurtos-en-supermercados","status":"publish","type":"post","link":"https:\/\/pueblosycomarcas.com\/en\/detienen-en-iscar-a-una-mujer-como-presunta-autora-de-cinco-hurtos-en-supermercados\/","title":{"rendered":"Detienen en \u00cdscar a una mujer como presunta autora de cinco hurtos en supermercados"},"content":{"rendered":"<div data-elementor-type=\"wp-post\" data-elementor-id=\"2525\" class=\"elementor elementor-2525\">\n\t\t\t\t<div class=\"elementor-element elementor-element-6bf9e7a e-flex e-con-boxed wpr-particle-no wpr-jarallax-no wpr-parallax-no wpr-sticky-section-no wpr-equal-height-no e-con e-parent\" data-id=\"6bf9e7a\" data-element_type=\"container\" data-e-type=\"container\">\n\t\t\t\t\t<div class=\"e-con-inner\">\n\t\t\t\t<div class=\"elementor-element elementor-element-748e0f5 elementor-widget elementor-widget-heading\" data-id=\"748e0f5\" data-element_type=\"widget\" data-e-type=\"widget\" data-widget_type=\"heading.default\">\n\t\t\t\t\t<h2 class=\"elementor-heading-title elementor-size-default\">Detienen en \u00cdscar a una mujer como presunta autora de cinco hurtos en supermercados<\/h2>\t\t\t\t<\/div>\n\t\t\t\t<div class=\"elementor-element elementor-element-a5f5317 elementor-widget elementor-widget-text-editor\" data-id=\"a5f5317\" data-element_type=\"widget\" data-e-type=\"widget\" data-widget_type=\"text-editor.default\">\n\t\t\t\t\t\t\t\t\t<ul><li><h6><em><strong>La detenida, de nacionalidad extranjera, acumula 35 intervenciones policiales en lo que va de a\u00f1o<\/strong><\/em><\/h6><\/li><li><h6><em><strong>Su conducta conflictiva ha generado alarma social en Pedrajas de San Esteban e \u00cdscar, donde ha residido sin domicilio fijo<\/strong><\/em><\/h6><\/li><\/ul>\t\t\t\t\t\t\t\t<\/div>\n\t\t\t\t<div class=\"elementor-element elementor-element-9e6ebc9 elementor-widget-divider--view-line elementor-widget elementor-widget-divider\" data-id=\"9e6ebc9\" data-element_type=\"widget\" data-e-type=\"widget\" data-widget_type=\"divider.default\">\n\t\t\t\t\t\t\t<div class=\"elementor-divider\">\n\t\t\t<span class=\"elementor-divider-separator\">\n\t\t\t\t\t\t<\/span>\n\t\t<\/div>\n\t\t\t\t\t\t<\/div>\n\t\t\t\t<div class=\"elementor-element elementor-element-dd1a7bc elementor-widget elementor-widget-image\" data-id=\"dd1a7bc\" data-element_type=\"widget\" data-e-type=\"widget\" data-widget_type=\"image.default\">\n\t\t\t\t\t\t\t\t\t\t\t\t\t\t\t<img fetchpriority=\"high\" decoding=\"async\" width=\"800\" height=\"400\" src=\"https:\/\/pueblosycomarcas.com\/wp-content\/uploads\/2025\/11\/20251110_guardia_civil_iscar-1.jpg\" class=\"attachment-large size-large wp-image-2527\" alt=\"\" srcset=\"https:\/\/pueblosycomarcas.com\/wp-content\/uploads\/2025\/11\/20251110_guardia_civil_iscar-1.jpg 800w, https:\/\/pueblosycomarcas.com\/wp-content\/uploads\/2025\/11\/20251110_guardia_civil_iscar-1-300x150.jpg 300w, https:\/\/pueblosycomarcas.com\/wp-content\/uploads\/2025\/11\/20251110_guardia_civil_iscar-1-768x384.jpg 768w\" sizes=\"(max-width: 800px) 100vw, 800px\" \/>\t\t\t\t\t\t\t\t\t\t\t\t\t\t\t<\/div>\n\t\t\t\t<div class=\"elementor-element elementor-element-73d2738 elementor-widget elementor-widget-text-editor\" data-id=\"73d2738\" data-element_type=\"widget\" data-e-type=\"widget\" data-widget_type=\"text-editor.default\">\n\t\t\t\t\t\t\t\t\t<p><a href=\"https:\/\/www.facebook.com\/Pueblos-y-Comarcas-125437870924169\/?fref=ts\"><em><strong>Pueblosycomarcas.com<\/strong><\/em><\/a><em><strong>;\u00a0<\/strong><\/em><a href=\"https:\/\/twitter.com\/PueblosComarcas\"><em><strong>@PueblosComarcas<\/strong><\/em><\/a><\/p><p>La Guardia Civil ha procedido a la detenci\u00f3n de una mujer, de nacionalidad extranjera, como presunta autora de cinco delitos de hurto cometidos en la demarcaci\u00f3n de \u00cdscar.<\/p><p>La actuaci\u00f3n se llev\u00f3 a cabo tras recibir varias denuncias por parte de establecimientos comerciales de la zona.<\/p><p>La detenida presentaba un elevado grado de conflictividad social, lo que ha provocado episodios de violencia verbal en su comportamiento cotidiano. Esta situaci\u00f3n ha generado inquietud entre los vecinos de Pedrajas de San Esteban e \u00cdscar, localidades en las que ha residido durante los \u00faltimos dos a\u00f1os. En numerosas ocasiones, los ciudadanos han requerido la intervenci\u00f3n de la Guardia Civil, aunque muchos incidentes no han sido denunciados formalmente por temor a represalias.<\/p><p>Desde comienzos de 2025, la Guardia Civil de Valladolid ha realizado un total de 35 actuaciones relacionadas con esta persona, siendo detenida en una ocasi\u00f3n y habi\u00e9ndosele imputado cinco delitos. La mujer carece de domicilio fijo.<\/p><p>La Guardia Civil tras diversas gestiones realizadas localiz\u00f3 e identific\u00f3 a una persona, confirmando que se trataba de la mujer que se estaba buscando. Acto seguido, se procedi\u00f3 a su detenci\u00f3n.<\/p><p>La Guardia Civil contin\u00faa trabajando para garantizar la seguridad ciudadana y atender las demandas de los vecinos de las localidades afectadas.<\/p>\t\t\t\t\t\t\t\t<\/div>\n\t\t\t\t\t<\/div>\n\t\t\t\t<\/div>\n\t\t\t\t<\/div>","protected":false},"excerpt":{"rendered":"<p>Detienen en \u00cdscar a una mujer como presunta autora de cinco hurtos en supermercados La detenida, de nacionalidad extranjera, acumula 35 intervenciones policiales en lo que va de a\u00f1o Su conducta conflictiva ha generado alarma social en Pedrajas de San Esteban e \u00cdscar, donde ha residido sin domicilio fijo Pueblosycomarcas.com;\u00a0@PueblosComarcas La Guardia Civil ha procedido a la detenci\u00f3n de una mujer, de nacionalidad extranjera, como presunta autora de cinco delitos de hurto cometidos en la demarcaci\u00f3n de \u00cdscar. La actuaci\u00f3n se llev\u00f3 a cabo tras recibir varias denuncias por parte de establecimientos comerciales de la zona. La detenida presentaba un elevado grado de conflictividad social, lo que ha provocado episodios de violencia verbal en su comportamiento cotidiano. Esta situaci\u00f3n ha generado inquietud entre los vecinos de Pedrajas de San Esteban e \u00cdscar, localidades en las que ha residido durante los \u00faltimos dos a\u00f1os. En numerosas ocasiones, los ciudadanos han requerido la intervenci\u00f3n de la Guardia Civil, aunque muchos incidentes no han sido denunciados formalmente por temor a represalias. Desde comienzos de 2025, la Guardia Civil de Valladolid ha realizado un total de 35 actuaciones relacionadas con esta persona, siendo detenida en una ocasi\u00f3n y habi\u00e9ndosele imputado cinco delitos. La mujer carece de domicilio fijo. La Guardia Civil tras diversas gestiones realizadas localiz\u00f3 e identific\u00f3 a una persona, confirmando que se trataba de la mujer que se estaba buscando. Acto seguido, se procedi\u00f3 a su detenci\u00f3n. La Guardia Civil contin\u00faa trabajando para garantizar la seguridad ciudadana y atender las demandas de los vecinos de las localidades afectadas.<\/p>","protected":false},"author":1,"featured_media":2527,"comment_status":"open","ping_status":"closed","sticky":false,"template":"","format":"standard","meta":{"site-sidebar-layout":"default","site-content-layout":"","ast-site-content-layout":"default","site-content-style":"default","site-sidebar-style":"default","ast-global-header-display":"","ast-banner-title-visibility":"","ast-main-header-display":"","ast-hfb-above-header-display":"","ast-hfb-below-header-display":"","ast-hfb-mobile-header-display":"","site-post-title":"disabled","ast-breadcrumbs-content":"","ast-featured-img":"","footer-sml-layout":"","theme-transparent-header-meta":"","adv-header-id-meta":"","stick-header-meta":"","header-above-stick-meta":"","header-main-stick-meta":"","header-below-stick-meta":"","astra-migrate-meta-layouts":"default","ast-page-background-enabled":"default","ast-page-background-meta":{"desktop":{"background-color":"var(--ast-global-color-5)","background-image":"","background-repeat":"repeat","background-position":"center center","background-size":"auto","background-attachment":"scroll","background-type":"","background-media":"","overlay-type":"","overlay-color":"","overlay-opacity":"","overlay-gradient":""},"tablet":{"background-color":"","background-image":"","background-repeat":"repeat","background-position":"center center","background-size":"auto","background-attachment":"scroll","background-type":"","background-media":"","overlay-type":"","overlay-color":"","overlay-opacity":"","overlay-gradient":""},"mobile":{"background-color":"","background-image":"","background-repeat":"repeat","background-position":"center center","background-size":"auto","background-attachment":"scroll","background-type":"","background-media":"","overlay-type":"","overlay-color":"","overlay-opacity":"","overlay-gradient":""}},"ast-content-background-meta":{"desktop":{"background-color":"var(--ast-global-color-4)","background-image":"","background-repeat":"repeat","background-position":"center center","background-size":"auto","background-attachment":"scroll","background-type":"","background-media":"","overlay-type":"","overlay-color":"","overlay-opacity":"","overlay-gradient":""},"tablet":{"background-color":"var(--ast-global-color-4)","background-image":"","background-repeat":"repeat","background-position":"center center","background-size":"auto","background-attachment":"scroll","background-type":"","background-media":"","overlay-type":"","overlay-color":"","overlay-opacity":"","overlay-gradient":""},"mobile":{"background-color":"var(--ast-global-color-4)","background-image":"","background-repeat":"repeat","background-position":"center center","background-size":"auto","background-attachment":"scroll","background-type":"","background-media":"","overlay-type":"","overlay-color":"","overlay-opacity":"","overlay-gradient":""}},"ngg_post_thumbnail":0,"footnotes":""},"categories":[16,12,5],"tags":[28,69,42],"class_list":["post-2525","post","type-post","status-publish","format-standard","has-post-thumbnail","hentry","category-portada","category-sucesos","category-actualidad","tag-guardia-civil","tag-iscar","tag-pedrajas-de-san-esteban"],"aioseo_notices":[],"rttpg_featured_image_url":{"full":["https:\/\/pueblosycomarcas.com\/wp-content\/uploads\/2025\/11\/20251110_guardia_civil_iscar-1.jpg",800,400,false],"landscape":["https:\/\/pueblosycomarcas.com\/wp-content\/uploads\/2025\/11\/20251110_guardia_civil_iscar-1.jpg",800,400,false],"portraits":["https:\/\/pueblosycomarcas.com\/wp-content\/uploads\/2025\/11\/20251110_guardia_civil_iscar-1.jpg",800,400,false],"thumbnail":["https:\/\/pueblosycomarcas.com\/wp-content\/uploads\/2025\/11\/20251110_guardia_civil_iscar-1-150x150.jpg",150,150,true],"medium":["https:\/\/pueblosycomarcas.com\/wp-content\/uploads\/2025\/11\/20251110_guardia_civil_iscar-1-300x150.jpg",300,150,true],"large":["https:\/\/pueblosycomarcas.com\/wp-content\/uploads\/2025\/11\/20251110_guardia_civil_iscar-1.jpg",800,400,false],"1536x1536":["https:\/\/pueblosycomarcas.com\/wp-content\/uploads\/2025\/11\/20251110_guardia_civil_iscar-1.jpg",800,400,false],"2048x2048":["https:\/\/pueblosycomarcas.com\/wp-content\/uploads\/2025\/11\/20251110_guardia_civil_iscar-1.jpg",800,400,false],"trp-custom-language-flag":["https:\/\/pueblosycomarcas.com\/wp-content\/uploads\/2025\/11\/20251110_guardia_civil_iscar-1.jpg",18,9,false]},"rttpg_author":{"display_name":"admin","author_link":"https:\/\/pueblosycomarcas.com\/en\/author\/webalquimia\/"},"rttpg_comment":0,"rttpg_category":"<a href=\"https:\/\/pueblosycomarcas.com\/en\/category\/portada\/\" rel=\"category tag\">Portada<\/a> <a href=\"https:\/\/pueblosycomarcas.com\/en\/category\/sucesos\/\" rel=\"category tag\">Sucesos<\/a> <a href=\"https:\/\/pueblosycomarcas.com\/en\/category\/actualidad\/\" rel=\"category tag\">Tierra de Pinares<\/a>","rttpg_excerpt":"Detienen en \u00cdscar a una mujer como presunta autora de cinco hurtos en supermercados La detenida, de nacionalidad extranjera, acumula 35 intervenciones policiales en lo que va de a\u00f1o Su conducta conflictiva ha generado alarma social en Pedrajas de San Esteban e \u00cdscar, donde ha residido sin domicilio fijo Pueblosycomarcas.com;\u00a0@PueblosComarcas La Guardia Civil ha procedido&hellip;","_links":{"self":[{"href":"https:\/\/pueblosycomarcas.com\/en\/wp-json\/wp\/v2\/posts\/2525","targetHints":{"allow":["GET"]}}],"collection":[{"href":"https:\/\/pueblosycomarcas.com\/en\/wp-json\/wp\/v2\/posts"}],"about":[{"href":"https:\/\/pueblosycomarcas.com\/en\/wp-json\/wp\/v2\/types\/post"}],"author":[{"embeddable":true,"href":"https:\/\/pueblosycomarcas.com\/en\/wp-json\/wp\/v2\/users\/1"}],"replies":[{"embeddable":true,"href":"https:\/\/pueblosycomarcas.com\/en\/wp-json\/wp\/v2\/comments?post=2525"}],"version-history":[{"count":5,"href":"https:\/\/pueblosycomarcas.com\/en\/wp-json\/wp\/v2\/posts\/2525\/revisions"}],"predecessor-version":[{"id":2532,"href":"https:\/\/pueblosycomarcas.com\/en\/wp-json\/wp\/v2\/posts\/2525\/revisions\/2532"}],"wp:featuredmedia":[{"embeddable":true,"href":"https:\/\/pueblosycomarcas.com\/en\/wp-json\/wp\/v2\/media\/2527"}],"wp:attachment":[{"href":"https:\/\/pueblosycomarcas.com\/en\/wp-json\/wp\/v2\/media?parent=2525"}],"wp:term":[{"taxonomy":"category","embeddable":true,"href":"https:\/\/pueblosycomarcas.com\/en\/wp-json\/wp\/v2\/categories?post=2525"},{"taxonomy":"post_tag","embeddable":true,"href":"https:\/\/pueblosycomarcas.com\/en\/wp-json\/wp\/v2\/tags?post=2525"}],"curies":[{"name":"wp","href":"https:\/\/api.w.org\/{rel}","templated":true}]}}