{"id":2508,"date":"2025-11-10T12:03:38","date_gmt":"2025-11-10T11:03:38","guid":{"rendered":"https:\/\/webalquimia.es\/?p=2508"},"modified":"2025-11-10T12:05:56","modified_gmt":"2025-11-10T11:05:56","slug":"conrado-iscar-presenta-unos-presupuestos-de-18435-millones-con-las-personas-como-centro-de-la-accion-politica","status":"publish","type":"post","link":"https:\/\/pueblosycomarcas.com\/en\/conrado-iscar-presenta-unos-presupuestos-de-18435-millones-con-las-personas-como-centro-de-la-accion-politica\/","title":{"rendered":"Conrado \u00cdscar presenta unos Presupuestos de 184,35 millones \u201ccon las personas como centro de la acci\u00f3n pol\u00edtica\u201d"},"content":{"rendered":"<div data-elementor-type=\"wp-post\" data-elementor-id=\"2508\" class=\"elementor elementor-2508\">\n\t\t\t\t<div class=\"elementor-element elementor-element-ce66ee1 e-flex e-con-boxed wpr-particle-no wpr-jarallax-no wpr-parallax-no wpr-sticky-section-no wpr-equal-height-no e-con e-parent\" data-id=\"ce66ee1\" data-element_type=\"container\" data-e-type=\"container\">\n\t\t\t\t\t<div class=\"e-con-inner\">\n\t\t\t\t<div class=\"elementor-element elementor-element-b95916a elementor-widget elementor-widget-heading\" data-id=\"b95916a\" data-element_type=\"widget\" data-e-type=\"widget\" data-widget_type=\"heading.default\">\n\t\t\t\t\t<h2 class=\"elementor-heading-title elementor-size-default\">Conrado \u00cdscar presenta unos Presupuestos de 184,35 millones \u201ccon las personas como centro de la acci\u00f3n pol\u00edtica\u201d<\/h2>\t\t\t\t<\/div>\n\t\t\t\t<div class=\"elementor-element elementor-element-ba50219 elementor-widget elementor-widget-text-editor\" data-id=\"ba50219\" data-element_type=\"widget\" data-e-type=\"widget\" data-widget_type=\"text-editor.default\">\n\t\t\t\t\t\t\t\t\t<ul><li><h6><em><strong>El presupuesto crece un 5,06% y dedica 92,6 millones de euros a programas centrados en las personas de la provincia. La Ayuda a Domicilio vuelve a ser la acci\u00f3n estrella de los Servicios Sociales, con un presupuesto de 19,5 millones, lo que representa un aumento del 16,4%<\/strong><\/em><\/h6><\/li><li><h5><em><strong>La cooperaci\u00f3n econ\u00f3mica directa con los municipios se eleva a 63,23 millones, un 8,2 por ciento m\u00e1s que el pasado ejercicio. El Plan V cuenta con un aumento de m\u00e1s de un 6% hasta alcanzar los 3,7 millones<\/strong><\/em><\/h5><\/li><li><h6><em><strong>El conjunto de programas destinados al empleo supera los 18,8 millones de euros, con un incremento del 15% respecto al a\u00f1o anterior. Se refuerzan las l\u00edneas de colaboraci\u00f3n con los Grupos de Acci\u00f3n Local, con un aumento del 20% hasta llegar a los 150.000 euros<\/strong><\/em><\/h6><\/li><\/ul>\t\t\t\t\t\t\t\t<\/div>\n\t\t\t\t<div class=\"elementor-element elementor-element-db4db1b elementor-widget-divider--view-line elementor-widget elementor-widget-divider\" data-id=\"db4db1b\" data-element_type=\"widget\" data-e-type=\"widget\" data-widget_type=\"divider.default\">\n\t\t\t\t\t\t\t<div class=\"elementor-divider\">\n\t\t\t<span class=\"elementor-divider-separator\">\n\t\t\t\t\t\t<\/span>\n\t\t<\/div>\n\t\t\t\t\t\t<\/div>\n\t\t\t\t<div class=\"elementor-element elementor-element-a2be978 elementor-widget elementor-widget-image\" data-id=\"a2be978\" data-element_type=\"widget\" data-e-type=\"widget\" data-widget_type=\"image.default\">\n\t\t\t\t\t\t\t\t\t\t\t\t\t\t\t<img fetchpriority=\"high\" decoding=\"async\" width=\"800\" height=\"400\" src=\"https:\/\/pueblosycomarcas.com\/wp-content\/uploads\/2025\/11\/20251110_pp_diputacion.jpeg\" class=\"attachment-large size-large wp-image-2509\" alt=\"\" srcset=\"https:\/\/pueblosycomarcas.com\/wp-content\/uploads\/2025\/11\/20251110_pp_diputacion.jpeg 800w, https:\/\/pueblosycomarcas.com\/wp-content\/uploads\/2025\/11\/20251110_pp_diputacion-300x150.jpeg 300w, https:\/\/pueblosycomarcas.com\/wp-content\/uploads\/2025\/11\/20251110_pp_diputacion-768x384.jpeg 768w\" sizes=\"(max-width: 800px) 100vw, 800px\" \/>\t\t\t\t\t\t\t\t\t\t\t\t\t\t\t<\/div>\n\t\t\t\t<div class=\"elementor-element elementor-element-81019de elementor-widget elementor-widget-text-editor\" data-id=\"81019de\" data-element_type=\"widget\" data-e-type=\"widget\" data-widget_type=\"text-editor.default\">\n\t\t\t\t\t\t\t\t\t<p><a href=\"https:\/\/www.facebook.com\/Pueblos-y-Comarcas-125437870924169\/?fref=ts\"><em><strong>Pueblosycomarcas.com<\/strong><\/em><\/a><em><strong>;&nbsp;<\/strong><\/em><a href=\"https:\/\/twitter.com\/PueblosComarcas\"><em><strong>@PueblosComarcas<\/strong><\/em><\/a><\/p>\n<p>El presidente de la Diputaci\u00f3n de Valladolid, Conrado \u00cdscar, acompa\u00f1ado del vicepresidente primero y responsable de Hacienda, V\u00edctor Alonso, y de todos los miembros del Equipo de Gobierno, ha presentado el Proyecto de Presupuestos para el ejercicio 2026, que alcanza la cifra hist\u00f3rica de&nbsp;<strong>184.365.590 euros<\/strong>, lo que supone, en palabras del presidente, \u201cel presupuesto m\u00e1s alto de la historia de la Diputaci\u00f3n de Valladolid\u201d, con un incremento del 5,06% respecto al ejercicio anterior.<\/p>\n<p>El presidente ha subrayado que la Diputaci\u00f3n \u201cvolver\u00e1 a tener presupuestos en tiempo y forma, porque creemos que es lo mejor para nuestros ayuntamientos y para los vecinos de la provincia\u201d, pese a que, una vez m\u00e1s, \u201clos presentamos sin poder contar con unos Presupuestos Generales del Estado\u201d. Por ello, ha recordado que las cuentas provinciales se elaboran cumpliendo \u201cdos premisas b\u00e1sicas: el principio de prudencia en la previsi\u00f3n de ingresos y el principio de suficiencia en la previsi\u00f3n de gastos\u201d.<\/p>\n<p>El presidente ha destacado que el nuevo presupuesto se apoya en \u201cla buena salud financiera de la instituci\u00f3n\u201d, que permitir\u00e1 cerrar el ejercicio con un endeudamiento de un 4,67%, \u201cpara no hipotecar el futuro de nuestros pueblos y de las generaciones venideras\u201d<\/p>\n<h4><strong>RESPONSABLE, PRUDENTE Y COMPROMETIDO CON EL FUTURO<\/strong><\/h4>\n<p>Conrado \u00cdscar ha afirmado que el presupuesto supone un proyecto \u201creal y realizable, ajustado a las necesidades de los vecinos de nuestros pueblos\u201d. Seg\u00fan ha explicado, el presupuesto 2026 es \u201cresponsable, prudente y comprometido con el futuro\u201d, porque combina la estabilidad financiera con un fuerte impulso a la inversi\u00f3n p\u00fablica y al gasto social.<\/p>\n<p>El presidente ha insistido en que el presupuesto refuerza los compromisos con las personas, con los ayuntamientos y con el empleo, siendo unos presupuestos \u201ccentrados en seguir dotando a los pueblos de la provincia de las infraestructuras y los servicios necesarios para que las personas puedan desarrollar su proyecto de vida\u201d. Por eso, el presupuesto prioriza las pol\u00edticas dirigidas a j\u00f3venes, a los mayores, las mujeres del mundo rural, las familias y las personas con discapacidad.<\/p>\n<h4><strong>LAS PERSONAS, CENTRO DE LA ACCI\u00d3N POL\u00cdTICA<\/strong><\/h4>\n<p>Las pol\u00edticas destinadas a las personas llegan a los&nbsp;<strong>92.586.088 euros<\/strong>, una nueva cifra hist\u00f3rica alcanzando m\u00e1s de la mitad del presupuesto total de la instituci\u00f3n provincial, lo que supone un incremento del 10,08% respecto a 2025.<\/p>\n<p>El&nbsp;<strong>Servicio de Ayuda a Domicilio<\/strong>&nbsp;vuelve a ser el programa estrella de la casa, con un presupuesto de&nbsp;<strong>19,5 millones de euros<\/strong>, un aumento del 16,4%, para mantener el compromiso de no tener listas de espera. Tambi\u00e9n se refuerza la atenci\u00f3n a las personas con discapacidad, con un incremento en la&nbsp;<strong>Red Rural Integrada de Servicios<\/strong>&nbsp;y la renovaci\u00f3n de veh\u00edculos adaptados.<\/p>\n<p>El bienestar de las personas mayores sigue siendo una prioridad para la Diputaci\u00f3n, con el refuerzo de la colaboraci\u00f3n con la&nbsp;<strong>Federaci\u00f3n de Mayores<\/strong>, que crece un 20% hasta los&nbsp;<strong>60.000 euros<\/strong>. Adem\u00e1s, se pone en marcha un nuevo programa de digitalizaci\u00f3n dotado con 27.500 euros, junto a la mejora de la climatizaci\u00f3n y eficiencia energ\u00e9tica de los centros asistenciales, con 50.000 euros.<\/p>\n<p>Se ampl\u00eda el convenio con el&nbsp;<strong>Colegio de Farmac\u00e9uticos<\/strong>&nbsp;para la dispensaci\u00f3n de medicamentos a mayores, que pasa de 30.000 a&nbsp;<strong>130.000 euros<\/strong>. Se crea una nueva l\u00ednea de ayudas a ayuntamientos, dotada con 70.000 euros, para la mejora de las instalaciones de residencias de titularidad municipal.<\/p>\n<p>Crecen los programas de Familia e Igualdad, con nuevas ayudas a ayuntamientos para el desarrollo de pol\u00edticas contra la violencia de g\u00e9nero y de promoci\u00f3n de la igualdad. Se refuerzan tambi\u00e9n los programas de Envejecimiento Activo y Juventud, donde se crea una nueva partida para para el funcionamiento de la nueva residencia juvenil.<\/p>\n<p>En materia de&nbsp;<strong>carreteras<\/strong>, se destinan&nbsp;<strong>7.970.000 euros<\/strong>, un 2,6% m\u00e1s que el a\u00f1o anterior, incluyendo el nuevo programa de se\u00f1alizaci\u00f3n horizontal dotado con 300.000 euros. Asimismo, se mantiene el esfuerzo en la extensi\u00f3n de la TDT, con una partida de 114.000 euros.<\/p>\n<p>Uno de los pilares de este presupuesto es la&nbsp;<strong>pol\u00edtica de vivienda<\/strong>, con un importante&nbsp;<strong>incremento del 120%<\/strong>&nbsp;respecto al a\u00f1o anterior. El Plan de Vivienda Provincial contar\u00e1 en 2026 con&nbsp;<strong>3.212.000 euros<\/strong>, de los que 1.050.000 se destinar\u00e1n a ayudas a particulares y 2.162.000 a los ayuntamientos, incluyendo el programa Rehabitare.<\/p>\n<h4><strong>LOS AYUNTAMIENTOS, RAZ\u00d3N DE SER DE LA DIPUTACI\u00d3N<\/strong><\/h4>\n<p>El compromiso con los ayuntamientos es la raz\u00f3n de ser de la Diputaci\u00f3n de Valladolid y se concreta en m\u00faltiples l\u00edneas de ayudas para los municipios. La&nbsp;<strong>cooperaci\u00f3n econ\u00f3mica directa<\/strong>&nbsp;con los municipios se eleva a&nbsp;<strong>63.23 millones de euros<\/strong>, un 8,2% m\u00e1s que en 2025.<\/p>\n<p>Entre las principales novedades en este \u00e1mbito destacan el&nbsp;<strong>incremento del 14,5% en los Planes Provinciales<\/strong>, que alcanzan los&nbsp;<strong>11,9 millones de euros<\/strong>, el refuerzo del Plan de Empleo Local con casi tres millones de euros, el aumento de m\u00e1s de un 6% del&nbsp;<strong>Plan V<\/strong>&nbsp;hasta los&nbsp;<strong>3,7 millones<\/strong>, la creaci\u00f3n de una partida para ayudas ante&nbsp;<strong>da\u00f1os meteorol\u00f3gicos con 50.000 euros<\/strong>, y el incremento de un 50% en las ayudas a mancomunidades.<\/p>\n<p>Tambi\u00e9n se refuerza el&nbsp;<strong>Plan de Ruinas,<\/strong>&nbsp;con un incremento del&nbsp;<strong>13,2%<\/strong>, se crea una nueva l\u00ednea de apoyo a la elaboraci\u00f3n de planeamientos urban\u00edsticos, se dota con 100.000 euros un programa de mantenimiento de hidrantes, y se ampl\u00eda la inversi\u00f3n en el&nbsp;<strong>Servicio de Extinci\u00f3n de Incendios<\/strong>&nbsp;hasta 1.340.000 euros,&nbsp;<strong>un 120% m\u00e1s<\/strong>&nbsp;que el a\u00f1o anterior. Asimismo, el&nbsp;<strong>Plan de Empleo Forestal<\/strong>&nbsp;se dota con una partida de 100.000 euros para equipamiento y maquinaria, lo que unido al refuerzo de la plantilla supone casi&nbsp;<strong>un mill\u00f3n de euros<\/strong>.<\/p>\n<p>El presupuesto tambi\u00e9n refuerza el Plan de Reto Demogr\u00e1fico, que duplica su dotaci\u00f3n hasta los 500.000 euros, y la aportaci\u00f3n al&nbsp;<strong>Consorcio Provincial de<\/strong>&nbsp;<strong>Medio Ambiente,&nbsp;<\/strong>que&nbsp;<strong>crece un 30%<\/strong>&nbsp;hasta los 6,56 millones de euros, para ayudar a los ayuntamientos en todo lo relacionado con la gesti\u00f3n de residuos y compostaje, ampliando la cartera de servicios y realizando un esfuerzo inversor para dotar de nueva maquinaria y renovar el parque de contenedores.<\/p>\n<h4><strong>EMPLEO Y DESARROLLO ECON\u00d3MICO: LA ESPA\u00d1A QUE LLENA<\/strong><\/h4>\n<p>La creaci\u00f3n de empleo y la actividad econ\u00f3mica en el medio rural constituyen otro eje fundamental del presupuesto. El conjunto de programas destinados a este fin supera los&nbsp;<strong>18,8 millones de euros<\/strong>, con un&nbsp;<strong>incremento del 15%<\/strong>&nbsp;respecto al a\u00f1o anterior.<\/p>\n<p>Se refuerza el apoyo al sector primario, con una subida<strong>&nbsp;del 26%<\/strong>&nbsp;en el programa de&nbsp;<strong>Promoci\u00f3n Agroalimentaria<\/strong>, que alcanza 1,33 millones de euros, y la creaci\u00f3n de un nuevo programa para potenciar la marca&nbsp;<strong>Milla de Oro<\/strong>&nbsp;del Vino, dotado con&nbsp;<strong>180.000 euros<\/strong>.<\/p>\n<p>Tambi\u00e9n se refuerzan las l\u00edneas de colaboraci\u00f3n con los&nbsp;<strong>Grupos de Acci\u00f3n Local<\/strong>&nbsp;con un aumento del 20% hasta llegar a los&nbsp;<strong>150.000 euros<\/strong>, y se incrementa un 25% la aportaci\u00f3n al programa de atracci\u00f3n de inversiones en colaboraci\u00f3n con la CEOE de Valladolid.<\/p>\n<p>En el \u00e1mbito tur\u00edstico, la sociedad Valladolid Avanza incrementa su presupuesto un 15% para&nbsp;<strong>modernizar los centros tur\u00edsticos provinciales<\/strong>&nbsp;y seguir implementando el servicio de montaje de carpas en los municipios.<\/p>\n<p>Asimismo, se recoge un convenio de colaboraci\u00f3n con la Universidad de Valladolid por 20.000 euros para la promoci\u00f3n del eclipse solar total, que tendr\u00e1 lugar el 12 de agosto de 2026. Un evento que podr\u00e1 disfrutarse plenamente en la provincia.<\/p>\n<p>El proyecto de Presupuestos se encuentra ya en manos de los distintos grupos pol\u00edticos de la Diputaci\u00f3n de Valladolid, que en los pr\u00f3ximos d\u00edas mantendr\u00e1n reuniones por \u00e1reas para analizar el documento antes de su dictamen en comisi\u00f3n y la presentaci\u00f3n de enmiendas, con el objetivo de aprobarlo en el pleno del pr\u00f3ximo&nbsp;<strong>28 de noviembre<\/strong>.<\/p>\n<p>El presidente ha recordado que los presupuestos deben ser una \u201cherramienta eficaz para ofrecer soluciones a los problemas de las personas que viven en los pueblos de la provincia, apoyar a emprendedores, aut\u00f3nomos y empresas, y reforzar la labor de asesoramiento y ayuda a los 221 municipios de menos de 20.000 habitantes y las 9 pedan\u00edas de Valladolid\u201d y ha subrayado que este proyecto es \u201cel mejor instrumento para alcanzar esos objetivos\u201d.<\/p>\t\t\t\t\t\t\t\t<\/div>\n\t\t\t\t\t<\/div>\n\t\t\t\t<\/div>\n\t\t\t\t<\/div>","protected":false},"excerpt":{"rendered":"<p>Conrado \u00cdscar presenta unos Presupuestos de 184,35 millones \u201ccon las personas como centro de la acci\u00f3n pol\u00edtica\u201d El presupuesto crece un 5,06% y dedica 92,6 millones de euros a programas centrados en las personas de la provincia. La Ayuda a Domicilio vuelve a ser la acci\u00f3n estrella de los Servicios Sociales, con un presupuesto de 19,5 millones, lo que representa un aumento del 16,4% La cooperaci\u00f3n econ\u00f3mica directa con los municipios se eleva a 63,23 millones, un 8,2 por ciento m\u00e1s que el pasado ejercicio. El Plan V cuenta con un aumento de m\u00e1s de un 6% hasta alcanzar los 3,7 millones El conjunto de programas destinados al empleo supera los 18,8 millones de euros, con un incremento del 15% respecto al a\u00f1o anterior. Se refuerzan las l\u00edneas de colaboraci\u00f3n con los Grupos de Acci\u00f3n Local, con un aumento del 20% hasta llegar a los 150.000 euros Pueblosycomarcas.com;&nbsp;@PueblosComarcas El presidente de la Diputaci\u00f3n de Valladolid, Conrado \u00cdscar, acompa\u00f1ado del vicepresidente primero y responsable de Hacienda, V\u00edctor Alonso, y de todos los miembros del Equipo de Gobierno, ha presentado el Proyecto de Presupuestos para el ejercicio 2026, que alcanza la cifra hist\u00f3rica de&nbsp;184.365.590 euros, lo que supone, en palabras del presidente, \u201cel presupuesto m\u00e1s alto de la historia de la Diputaci\u00f3n de Valladolid\u201d, con un incremento del 5,06% respecto al ejercicio anterior. El presidente ha subrayado que la Diputaci\u00f3n \u201cvolver\u00e1 a tener presupuestos en tiempo y forma, porque creemos que es lo mejor para nuestros ayuntamientos y para los vecinos de la provincia\u201d, pese a que, una vez m\u00e1s, \u201clos presentamos sin poder contar con unos Presupuestos Generales del Estado\u201d. Por ello, ha recordado que las cuentas provinciales se elaboran cumpliendo \u201cdos premisas b\u00e1sicas: el principio de prudencia en la previsi\u00f3n de ingresos y el principio de suficiencia en la previsi\u00f3n de gastos\u201d. El presidente ha destacado que el nuevo presupuesto se apoya en \u201cla buena salud financiera de la instituci\u00f3n\u201d, que permitir\u00e1 cerrar el ejercicio con un endeudamiento de un 4,67%, \u201cpara no hipotecar el futuro de nuestros pueblos y de las generaciones venideras\u201d RESPONSABLE, PRUDENTE Y COMPROMETIDO CON EL FUTURO Conrado \u00cdscar ha afirmado que el presupuesto supone un proyecto \u201creal y realizable, ajustado a las necesidades de los vecinos de nuestros pueblos\u201d. Seg\u00fan ha explicado, el presupuesto 2026 es \u201cresponsable, prudente y comprometido con el futuro\u201d, porque combina la estabilidad financiera con un fuerte impulso a la inversi\u00f3n p\u00fablica y al gasto social. El presidente ha insistido en que el presupuesto refuerza los compromisos con las personas, con los ayuntamientos y con el empleo, siendo unos presupuestos \u201ccentrados en seguir dotando a los pueblos de la provincia de las infraestructuras y los servicios necesarios para que las personas puedan desarrollar su proyecto de vida\u201d. Por eso, el presupuesto prioriza las pol\u00edticas dirigidas a j\u00f3venes, a los mayores, las mujeres del mundo rural, las familias y las personas con discapacidad. LAS PERSONAS, CENTRO DE LA ACCI\u00d3N POL\u00cdTICA Las pol\u00edticas destinadas a las personas llegan a los&nbsp;92.586.088 euros, una nueva cifra hist\u00f3rica alcanzando m\u00e1s de la mitad del presupuesto total de la instituci\u00f3n provincial, lo que supone un incremento del 10,08% respecto a 2025. El&nbsp;Servicio de Ayuda a Domicilio&nbsp;vuelve a ser el programa estrella de la casa, con un presupuesto de&nbsp;19,5 millones de euros, un aumento del 16,4%, para mantener el compromiso de no tener listas de espera. Tambi\u00e9n se refuerza la atenci\u00f3n a las personas con discapacidad, con un incremento en la&nbsp;Red Rural Integrada de Servicios&nbsp;y la renovaci\u00f3n de veh\u00edculos adaptados. El bienestar de las personas mayores sigue siendo una prioridad para la Diputaci\u00f3n, con el refuerzo de la colaboraci\u00f3n con la&nbsp;Federaci\u00f3n de Mayores, que crece un 20% hasta los&nbsp;60.000 euros. Adem\u00e1s, se pone en marcha un nuevo programa de digitalizaci\u00f3n dotado con 27.500 euros, junto a la mejora de la climatizaci\u00f3n y eficiencia energ\u00e9tica de los centros asistenciales, con 50.000 euros. Se ampl\u00eda el convenio con el&nbsp;Colegio de Farmac\u00e9uticos&nbsp;para la dispensaci\u00f3n de medicamentos a mayores, que pasa de 30.000 a&nbsp;130.000 euros. Se crea una nueva l\u00ednea de ayudas a ayuntamientos, dotada con 70.000 euros, para la mejora de las instalaciones de residencias de titularidad municipal. Crecen los programas de Familia e Igualdad, con nuevas ayudas a ayuntamientos para el desarrollo de pol\u00edticas contra la violencia de g\u00e9nero y de promoci\u00f3n de la igualdad. Se refuerzan tambi\u00e9n los programas de Envejecimiento Activo y Juventud, donde se crea una nueva partida para para el funcionamiento de la nueva residencia juvenil. En materia de&nbsp;carreteras, se destinan&nbsp;7.970.000 euros, un 2,6% m\u00e1s que el a\u00f1o anterior, incluyendo el nuevo programa de se\u00f1alizaci\u00f3n horizontal dotado con 300.000 euros. Asimismo, se mantiene el esfuerzo en la extensi\u00f3n de la TDT, con una partida de 114.000 euros. Uno de los pilares de este presupuesto es la&nbsp;pol\u00edtica de vivienda, con un importante&nbsp;incremento del 120%&nbsp;respecto al a\u00f1o anterior. El Plan de Vivienda Provincial contar\u00e1 en 2026 con&nbsp;3.212.000 euros, de los que 1.050.000 se destinar\u00e1n a ayudas a particulares y 2.162.000 a los ayuntamientos, incluyendo el programa Rehabitare. LOS AYUNTAMIENTOS, RAZ\u00d3N DE SER DE LA DIPUTACI\u00d3N El compromiso con los ayuntamientos es la raz\u00f3n de ser de la Diputaci\u00f3n de Valladolid y se concreta en m\u00faltiples l\u00edneas de ayudas para los municipios. La&nbsp;cooperaci\u00f3n econ\u00f3mica directa&nbsp;con los municipios se eleva a&nbsp;63.23 millones de euros, un 8,2% m\u00e1s que en 2025. Entre las principales novedades en este \u00e1mbito destacan el&nbsp;incremento del 14,5% en los Planes Provinciales, que alcanzan los&nbsp;11,9 millones de euros, el refuerzo del Plan de Empleo Local con casi tres millones de euros, el aumento de m\u00e1s de un 6% del&nbsp;Plan V&nbsp;hasta los&nbsp;3,7 millones, la creaci\u00f3n de una partida para ayudas ante&nbsp;da\u00f1os meteorol\u00f3gicos con 50.000 euros, y el incremento de un 50% en las ayudas a mancomunidades. Tambi\u00e9n se refuerza el&nbsp;Plan de Ruinas,&nbsp;con un incremento del&nbsp;13,2%, se crea una nueva l\u00ednea de apoyo a la elaboraci\u00f3n de planeamientos urban\u00edsticos, se dota con 100.000 euros un programa de mantenimiento de hidrantes, y se ampl\u00eda la inversi\u00f3n en el&nbsp;Servicio de Extinci\u00f3n de Incendios&nbsp;hasta 1.340.000 euros,&nbsp;un 120% m\u00e1s&nbsp;que el a\u00f1o anterior.<\/p>","protected":false},"author":1,"featured_media":2509,"comment_status":"open","ping_status":"closed","sticky":false,"template":"","format":"standard","meta":{"site-sidebar-layout":"default","site-content-layout":"","ast-site-content-layout":"default","site-content-style":"default","site-sidebar-style":"default","ast-global-header-display":"","ast-banner-title-visibility":"","ast-main-header-display":"","ast-hfb-above-header-display":"","ast-hfb-below-header-display":"","ast-hfb-mobile-header-display":"","site-post-title":"disabled","ast-breadcrumbs-content":"","ast-featured-img":"","footer-sml-layout":"","theme-transparent-header-meta":"","adv-header-id-meta":"","stick-header-meta":"","header-above-stick-meta":"","header-main-stick-meta":"","header-below-stick-meta":"","astra-migrate-meta-layouts":"default","ast-page-background-enabled":"default","ast-page-background-meta":{"desktop":{"background-color":"var(--ast-global-color-5)","background-image":"","background-repeat":"repeat","background-position":"center center","background-size":"auto","background-attachment":"scroll","background-type":"","background-media":"","overlay-type":"","overlay-color":"","overlay-opacity":"","overlay-gradient":""},"tablet":{"background-color":"","background-image":"","background-repeat":"repeat","background-position":"center center","background-size":"auto","background-attachment":"scroll","background-type":"","background-media":"","overlay-type":"","overlay-color":"","overlay-opacity":"","overlay-gradient":""},"mobile":{"background-color":"","background-image":"","background-repeat":"repeat","background-position":"center center","background-size":"auto","background-attachment":"scroll","background-type":"","background-media":"","overlay-type":"","overlay-color":"","overlay-opacity":"","overlay-gradient":""}},"ast-content-background-meta":{"desktop":{"background-color":"var(--ast-global-color-4)","background-image":"","background-repeat":"repeat","background-position":"center center","background-size":"auto","background-attachment":"scroll","background-type":"","background-media":"","overlay-type":"","overlay-color":"","overlay-opacity":"","overlay-gradient":""},"tablet":{"background-color":"var(--ast-global-color-4)","background-image":"","background-repeat":"repeat","background-position":"center center","background-size":"auto","background-attachment":"scroll","background-type":"","background-media":"","overlay-type":"","overlay-color":"","overlay-opacity":"","overlay-gradient":""},"mobile":{"background-color":"var(--ast-global-color-4)","background-image":"","background-repeat":"repeat","background-position":"center center","background-size":"auto","background-attachment":"scroll","background-type":"","background-media":"","overlay-type":"","overlay-color":"","overlay-opacity":"","overlay-gradient":""}},"ngg_post_thumbnail":0,"footnotes":""},"categories":[16,5],"tags":[26],"class_list":["post-2508","post","type-post","status-publish","format-standard","has-post-thumbnail","hentry","category-portada","category-actualidad","tag-diputacion-de-valladolid"],"aioseo_notices":[],"rttpg_featured_image_url":{"full":["https:\/\/pueblosycomarcas.com\/wp-content\/uploads\/2025\/11\/20251110_pp_diputacion.jpeg",800,400,false],"landscape":["https:\/\/pueblosycomarcas.com\/wp-content\/uploads\/2025\/11\/20251110_pp_diputacion.jpeg",800,400,false],"portraits":["https:\/\/pueblosycomarcas.com\/wp-content\/uploads\/2025\/11\/20251110_pp_diputacion.jpeg",800,400,false],"thumbnail":["https:\/\/pueblosycomarcas.com\/wp-content\/uploads\/2025\/11\/20251110_pp_diputacion-150x150.jpeg",150,150,true],"medium":["https:\/\/pueblosycomarcas.com\/wp-content\/uploads\/2025\/11\/20251110_pp_diputacion-300x150.jpeg",300,150,true],"large":["https:\/\/pueblosycomarcas.com\/wp-content\/uploads\/2025\/11\/20251110_pp_diputacion.jpeg",800,400,false],"1536x1536":["https:\/\/pueblosycomarcas.com\/wp-content\/uploads\/2025\/11\/20251110_pp_diputacion.jpeg",800,400,false],"2048x2048":["https:\/\/pueblosycomarcas.com\/wp-content\/uploads\/2025\/11\/20251110_pp_diputacion.jpeg",800,400,false],"trp-custom-language-flag":["https:\/\/pueblosycomarcas.com\/wp-content\/uploads\/2025\/11\/20251110_pp_diputacion.jpeg",18,9,false]},"rttpg_author":{"display_name":"admin","author_link":"https:\/\/pueblosycomarcas.com\/en\/author\/webalquimia\/"},"rttpg_comment":0,"rttpg_category":"<a href=\"https:\/\/pueblosycomarcas.com\/en\/category\/portada\/\" rel=\"category tag\">Portada<\/a> <a href=\"https:\/\/pueblosycomarcas.com\/en\/category\/actualidad\/\" rel=\"category tag\">Tierra de Pinares<\/a>","rttpg_excerpt":"Conrado \u00cdscar presenta unos Presupuestos de 184,35 millones \u201ccon las personas como centro de la acci\u00f3n pol\u00edtica\u201d El presupuesto crece un 5,06% y dedica 92,6 millones de euros a programas centrados en las personas de la provincia. La Ayuda a Domicilio vuelve a ser la acci\u00f3n estrella de los Servicios Sociales, con un presupuesto de&hellip;","_links":{"self":[{"href":"https:\/\/pueblosycomarcas.com\/en\/wp-json\/wp\/v2\/posts\/2508","targetHints":{"allow":["GET"]}}],"collection":[{"href":"https:\/\/pueblosycomarcas.com\/en\/wp-json\/wp\/v2\/posts"}],"about":[{"href":"https:\/\/pueblosycomarcas.com\/en\/wp-json\/wp\/v2\/types\/post"}],"author":[{"embeddable":true,"href":"https:\/\/pueblosycomarcas.com\/en\/wp-json\/wp\/v2\/users\/1"}],"replies":[{"embeddable":true,"href":"https:\/\/pueblosycomarcas.com\/en\/wp-json\/wp\/v2\/comments?post=2508"}],"version-history":[{"count":5,"href":"https:\/\/pueblosycomarcas.com\/en\/wp-json\/wp\/v2\/posts\/2508\/revisions"}],"predecessor-version":[{"id":2514,"href":"https:\/\/pueblosycomarcas.com\/en\/wp-json\/wp\/v2\/posts\/2508\/revisions\/2514"}],"wp:featuredmedia":[{"embeddable":true,"href":"https:\/\/pueblosycomarcas.com\/en\/wp-json\/wp\/v2\/media\/2509"}],"wp:attachment":[{"href":"https:\/\/pueblosycomarcas.com\/en\/wp-json\/wp\/v2\/media?parent=2508"}],"wp:term":[{"taxonomy":"category","embeddable":true,"href":"https:\/\/pueblosycomarcas.com\/en\/wp-json\/wp\/v2\/categories?post=2508"},{"taxonomy":"post_tag","embeddable":true,"href":"https:\/\/pueblosycomarcas.com\/en\/wp-json\/wp\/v2\/tags?post=2508"}],"curies":[{"name":"wp","href":"https:\/\/api.w.org\/{rel}","templated":true}]}}