{"id":2501,"date":"2025-11-10T11:23:21","date_gmt":"2025-11-10T10:23:21","guid":{"rendered":"https:\/\/webalquimia.es\/?p=2501"},"modified":"2025-11-10T11:24:56","modified_gmt":"2025-11-10T10:24:56","slug":"cuatro-ayuntamientos-de-la-provincia-renuevan-esta-semana-su-participacion-en-el-sistema-del-ministerio-del-interior-contra-la-violencia-de-genero","status":"publish","type":"post","link":"https:\/\/pueblosycomarcas.com\/en\/cuatro-ayuntamientos-de-la-provincia-renuevan-esta-semana-su-participacion-en-el-sistema-del-ministerio-del-interior-contra-la-violencia-de-genero\/","title":{"rendered":"Cuatro ayuntamientos de la provincia renuevan esta semana su participaci\u00f3n en el sistema del Ministerio del Interior contra la violencia de g\u00e9nero"},"content":{"rendered":"<div data-elementor-type=\"wp-post\" data-elementor-id=\"2501\" class=\"elementor elementor-2501\">\n\t\t\t\t<div class=\"elementor-element elementor-element-052a699 e-flex e-con-boxed wpr-particle-no wpr-jarallax-no wpr-parallax-no wpr-sticky-section-no wpr-equal-height-no e-con e-parent\" data-id=\"052a699\" data-element_type=\"container\" data-e-type=\"container\">\n\t\t\t\t\t<div class=\"e-con-inner\">\n\t\t\t\t<div class=\"elementor-element elementor-element-5a262b8 elementor-widget elementor-widget-heading\" data-id=\"5a262b8\" data-element_type=\"widget\" data-e-type=\"widget\" data-widget_type=\"heading.default\">\n\t\t\t\t\t<h2 class=\"elementor-heading-title elementor-size-default\">Cuatro ayuntamientos de la provincia renuevan esta semana su participaci\u00f3n en el sistema del Ministerio del Interior contra la violencia de g\u00e9nero<\/h2>\t\t\t\t<\/div>\n\t\t\t\t<div class=\"elementor-element elementor-element-d477b71 elementor-widget elementor-widget-text-editor\" data-id=\"d477b71\" data-element_type=\"widget\" data-e-type=\"widget\" data-widget_type=\"text-editor.default\">\n\t\t\t\t\t\t\t\t\t<ul><li><h6><em><strong>Arroyo de la Encomienda, Simancas, La Cist\u00e9rniga y Pe\u00f1afiel firman en estos d\u00edas los procedimientos operativos de colaboraci\u00f3n y coordinaci\u00f3n entre la Guardia Civil y sus polic\u00edas locales para la protecci\u00f3n y seguimiento de las v\u00edctimas de violencia de g\u00e9nero<\/strong><\/em><\/h6><\/li><\/ul>\t\t\t\t\t\t\t\t<\/div>\n\t\t\t\t<div class=\"elementor-element elementor-element-96f19a3 elementor-widget-divider--view-line elementor-widget elementor-widget-divider\" data-id=\"96f19a3\" data-element_type=\"widget\" data-e-type=\"widget\" data-widget_type=\"divider.default\">\n\t\t\t\t\t\t\t<div class=\"elementor-divider\">\n\t\t\t<span class=\"elementor-divider-separator\">\n\t\t\t\t\t\t<\/span>\n\t\t<\/div>\n\t\t\t\t\t\t<\/div>\n\t\t\t\t<div class=\"elementor-element elementor-element-7753f46 elementor-widget elementor-widget-image\" data-id=\"7753f46\" data-element_type=\"widget\" data-e-type=\"widget\" data-widget_type=\"image.default\">\n\t\t\t\t\t\t\t\t\t\t\t\t\t\t\t<img fetchpriority=\"high\" decoding=\"async\" width=\"800\" height=\"400\" src=\"https:\/\/pueblosycomarcas.com\/wp-content\/uploads\/2025\/11\/20251110_renovacion_viogen_simancas.jpg\" class=\"attachment-large size-large wp-image-2502\" alt=\"\" srcset=\"https:\/\/pueblosycomarcas.com\/wp-content\/uploads\/2025\/11\/20251110_renovacion_viogen_simancas.jpg 800w, https:\/\/pueblosycomarcas.com\/wp-content\/uploads\/2025\/11\/20251110_renovacion_viogen_simancas-300x150.jpg 300w, https:\/\/pueblosycomarcas.com\/wp-content\/uploads\/2025\/11\/20251110_renovacion_viogen_simancas-768x384.jpg 768w\" sizes=\"(max-width: 800px) 100vw, 800px\" \/>\t\t\t\t\t\t\t\t\t\t\t\t\t\t\t<\/div>\n\t\t\t\t<div class=\"elementor-element elementor-element-c40a874 elementor-widget elementor-widget-text-editor\" data-id=\"c40a874\" data-element_type=\"widget\" data-e-type=\"widget\" data-widget_type=\"text-editor.default\">\n\t\t\t\t\t\t\t\t\t<p><a href=\"https:\/\/www.facebook.com\/Pueblos-y-Comarcas-125437870924169\/?fref=ts\"><em><strong>Pueblosycomarcas.com<\/strong><\/em><\/a><em><strong>;&nbsp;<\/strong><\/em><a href=\"https:\/\/twitter.com\/PueblosComarcas\"><em><strong>@PueblosComarcas<\/strong><\/em><\/a><\/p>\n<p>El subdelegado del Gobierno en Valladolid, Jacinto Canales, firmar\u00e1 esta semana los protocolos que revisan y actualizan el \u2018Procedimiento operativo de colaboraci\u00f3n y coordinaci\u00f3n entre la Guardia Civil y la Polic\u00eda Local para la protecci\u00f3n y seguimiento de las v\u00edctimas de violencia de g\u00e9nero\u2019 en Arroyo de la Encomienda, Simancas, La Cist\u00e9rniga y Pe\u00f1afiel.<\/p>\n<p>Estos nuevos protocolos establecen los criterios de trabajo conjunto entre ambos cuerpos para garantizar la seguridad de las v\u00edctimas en todas las fases del procedimiento y el cumplimiento de las medidas judiciales, en caso de que existan.<\/p>\n<p>El subdelegado del Gobierno ha destacado que \u201cse trata de coordinar todos los recursos disponibles, humanos y materiales, para que las v\u00edctimas tengan a su disposici\u00f3n una atenci\u00f3n completa y efectiva\u201d.<\/p>\n<p>Estos protocolos fijan los principios generales de actuaci\u00f3n ante un caso de violencia de g\u00e9nero y detallan los aspectos concretos de la colaboraci\u00f3n entre ambos cuerpos desde el conocimiento de los hechos; la denuncia y la elaboraci\u00f3n del atestado; pasando por los traslados de la v\u00edctima; las actuaciones sobre el agresor; la investigaci\u00f3n; la valoraci\u00f3n del riesgo y la inclusi\u00f3n en el sistema VioG\u00e9n, hasta la recepci\u00f3n y distribuci\u00f3n de \u00f3rdenes judiciales; el acceso a los registros; el ofrecimiento, apoyo y coordinaci\u00f3n de los recursos legales y sociales a disposici\u00f3n de la v\u00edctima; la gesti\u00f3n de los dispositivos telem\u00e1ticos; la detecci\u00f3n de situaciones cr\u00edticas; la comunicaci\u00f3n con los \u00f3rganos judiciales y otras instituciones; las actuaciones de protecci\u00f3n de las mujeres; el seguimiento de los casos y la formaci\u00f3n necesaria para todo ello.<\/p>\n<p>La firma de estos documentos pr\u00e1cticos de procedimiento sucede a la de los convenios firmados entre la Secretar\u00eda de Estado de Seguridad del Ministerio del Interior y estos cuatro ayuntamientos para prorrogar la participaci\u00f3n de sus polic\u00edas locales en el sistema VioG\u00e9n de Seguimiento Integral de los casos de Violencia de G\u00e9nero.<\/p>\n<p>Estos acuerdos establecen la forma de colaboraci\u00f3n entre la Secretar\u00eda de Estado de Seguridad y los ayuntamientos para adecuar los sistemas inform\u00e1ticos y permitir las conexiones necesarias para que los agentes de la Polic\u00eda Local que act\u00faen en materia de Violencia de G\u00e9nero se incorporen al sistema VioG\u00e9n del Ministerio del Interior.<\/p>\n<h4><strong>PR\u00d3XIMAS RENOVACIONES<\/strong><\/h4>\n<p>Pr\u00f3ximamente, se renovar\u00e1n tambi\u00e9n los convenios an\u00e1logos en Tordesillas y Tudela de Duero.<\/p>\n<p>En virtud de estos acuerdos, la Secretar\u00eda de Estado de Seguridad facilita la formaci\u00f3n en el uso y funcionalidades del sistema VioG\u00e9n 2, aportando las directrices, material y apoyo necesario. Tambi\u00e9n establece controles de seguridad en los accesos al sistema y los audita para garantizar su uso correcto y el acceso a la informaci\u00f3n alojada en \u00e9l por los usuarios del Cuerpo de Polic\u00eda Local habilitados.<\/p>\n<p>Los ayuntamientos aplican el Protocolo de valoraci\u00f3n policial del nivel de riesgo de violencia de g\u00e9nero, adecu\u00e1ndolo a su \u00e1mbito competencial y conforme a los criterios que establece la Secretar\u00eda de Estado de Seguridad. Tambi\u00e9n forman a su Polic\u00eda Local ante situaciones de violencia de g\u00e9nero, con ayuda de las Fuerzas y Cuerpos de Seguridad del Estado y apoyo de la Unidad contra la Violencia sobre la Mujer de la Subdelegaci\u00f3n del Gobierno en Valladolid.<\/p>\n<h4><strong>820 CASOS ACTIVOS<\/strong><\/h4>\n<p>Actualmente, el sistema VioG\u00e9n mantiene 820 casos activos en la provincia, todos ellos con protecci\u00f3n policial.<\/p>\n<p>Todo ello, teniendo presente que 15 mujeres han muerto en la provincia a manos de sus parejas o exparejas, desde 2003, cuando empezaron a contabilizarse las v\u00edctimas.<\/p>\t\t\t\t\t\t\t\t<\/div>\n\t\t\t\t\t<\/div>\n\t\t\t\t<\/div>\n\t\t\t\t<\/div>","protected":false},"excerpt":{"rendered":"<p>Cuatro ayuntamientos de la provincia renuevan esta semana su participaci\u00f3n en el sistema del Ministerio del Interior contra la violencia de g\u00e9nero Arroyo de la Encomienda, Simancas, La Cist\u00e9rniga y Pe\u00f1afiel firman en estos d\u00edas los procedimientos operativos de colaboraci\u00f3n y coordinaci\u00f3n entre la Guardia Civil y sus polic\u00edas locales para la protecci\u00f3n y seguimiento de las v\u00edctimas de violencia de g\u00e9nero Pueblosycomarcas.com;&nbsp;@PueblosComarcas El subdelegado del Gobierno en Valladolid, Jacinto Canales, firmar\u00e1 esta semana los protocolos que revisan y actualizan el \u2018Procedimiento operativo de colaboraci\u00f3n y coordinaci\u00f3n entre la Guardia Civil y la Polic\u00eda Local para la protecci\u00f3n y seguimiento de las v\u00edctimas de violencia de g\u00e9nero\u2019 en Arroyo de la Encomienda, Simancas, La Cist\u00e9rniga y Pe\u00f1afiel. Estos nuevos protocolos establecen los criterios de trabajo conjunto entre ambos cuerpos para garantizar la seguridad de las v\u00edctimas en todas las fases del procedimiento y el cumplimiento de las medidas judiciales, en caso de que existan. El subdelegado del Gobierno ha destacado que \u201cse trata de coordinar todos los recursos disponibles, humanos y materiales, para que las v\u00edctimas tengan a su disposici\u00f3n una atenci\u00f3n completa y efectiva\u201d. Estos protocolos fijan los principios generales de actuaci\u00f3n ante un caso de violencia de g\u00e9nero y detallan los aspectos concretos de la colaboraci\u00f3n entre ambos cuerpos desde el conocimiento de los hechos; la denuncia y la elaboraci\u00f3n del atestado; pasando por los traslados de la v\u00edctima; las actuaciones sobre el agresor; la investigaci\u00f3n; la valoraci\u00f3n del riesgo y la inclusi\u00f3n en el sistema VioG\u00e9n, hasta la recepci\u00f3n y distribuci\u00f3n de \u00f3rdenes judiciales; el acceso a los registros; el ofrecimiento, apoyo y coordinaci\u00f3n de los recursos legales y sociales a disposici\u00f3n de la v\u00edctima; la gesti\u00f3n de los dispositivos telem\u00e1ticos; la detecci\u00f3n de situaciones cr\u00edticas; la comunicaci\u00f3n con los \u00f3rganos judiciales y otras instituciones; las actuaciones de protecci\u00f3n de las mujeres; el seguimiento de los casos y la formaci\u00f3n necesaria para todo ello. La firma de estos documentos pr\u00e1cticos de procedimiento sucede a la de los convenios firmados entre la Secretar\u00eda de Estado de Seguridad del Ministerio del Interior y estos cuatro ayuntamientos para prorrogar la participaci\u00f3n de sus polic\u00edas locales en el sistema VioG\u00e9n de Seguimiento Integral de los casos de Violencia de G\u00e9nero. Estos acuerdos establecen la forma de colaboraci\u00f3n entre la Secretar\u00eda de Estado de Seguridad y los ayuntamientos para adecuar los sistemas inform\u00e1ticos y permitir las conexiones necesarias para que los agentes de la Polic\u00eda Local que act\u00faen en materia de Violencia de G\u00e9nero se incorporen al sistema VioG\u00e9n del Ministerio del Interior. PR\u00d3XIMAS RENOVACIONES Pr\u00f3ximamente, se renovar\u00e1n tambi\u00e9n los convenios an\u00e1logos en Tordesillas y Tudela de Duero. En virtud de estos acuerdos, la Secretar\u00eda de Estado de Seguridad facilita la formaci\u00f3n en el uso y funcionalidades del sistema VioG\u00e9n 2, aportando las directrices, material y apoyo necesario. Tambi\u00e9n establece controles de seguridad en los accesos al sistema y los audita para garantizar su uso correcto y el acceso a la informaci\u00f3n alojada en \u00e9l por los usuarios del Cuerpo de Polic\u00eda Local habilitados. Los ayuntamientos aplican el Protocolo de valoraci\u00f3n policial del nivel de riesgo de violencia de g\u00e9nero, adecu\u00e1ndolo a su \u00e1mbito competencial y conforme a los criterios que establece la Secretar\u00eda de Estado de Seguridad. Tambi\u00e9n forman a su Polic\u00eda Local ante situaciones de violencia de g\u00e9nero, con ayuda de las Fuerzas y Cuerpos de Seguridad del Estado y apoyo de la Unidad contra la Violencia sobre la Mujer de la Subdelegaci\u00f3n del Gobierno en Valladolid. 820 CASOS ACTIVOS Actualmente, el sistema VioG\u00e9n mantiene 820 casos activos en la provincia, todos ellos con protecci\u00f3n policial. Todo ello, teniendo presente que 15 mujeres han muerto en la provincia a manos de sus parejas o exparejas, desde 2003, cuando empezaron a contabilizarse las v\u00edctimas.<\/p>","protected":false},"author":1,"featured_media":2502,"comment_status":"open","ping_status":"closed","sticky":false,"template":"","format":"standard","meta":{"site-sidebar-layout":"default","site-content-layout":"","ast-site-content-layout":"default","site-content-style":"default","site-sidebar-style":"default","ast-global-header-display":"","ast-banner-title-visibility":"","ast-main-header-display":"","ast-hfb-above-header-display":"","ast-hfb-below-header-display":"","ast-hfb-mobile-header-display":"","site-post-title":"disabled","ast-breadcrumbs-content":"","ast-featured-img":"","footer-sml-layout":"","theme-transparent-header-meta":"","adv-header-id-meta":"","stick-header-meta":"","header-above-stick-meta":"","header-main-stick-meta":"","header-below-stick-meta":"","astra-migrate-meta-layouts":"default","ast-page-background-enabled":"default","ast-page-background-meta":{"desktop":{"background-color":"var(--ast-global-color-5)","background-image":"","background-repeat":"repeat","background-position":"center center","background-size":"auto","background-attachment":"scroll","background-type":"","background-media":"","overlay-type":"","overlay-color":"","overlay-opacity":"","overlay-gradient":""},"tablet":{"background-color":"","background-image":"","background-repeat":"repeat","background-position":"center center","background-size":"auto","background-attachment":"scroll","background-type":"","background-media":"","overlay-type":"","overlay-color":"","overlay-opacity":"","overlay-gradient":""},"mobile":{"background-color":"","background-image":"","background-repeat":"repeat","background-position":"center center","background-size":"auto","background-attachment":"scroll","background-type":"","background-media":"","overlay-type":"","overlay-color":"","overlay-opacity":"","overlay-gradient":""}},"ast-content-background-meta":{"desktop":{"background-color":"var(--ast-global-color-4)","background-image":"","background-repeat":"repeat","background-position":"center center","background-size":"auto","background-attachment":"scroll","background-type":"","background-media":"","overlay-type":"","overlay-color":"","overlay-opacity":"","overlay-gradient":""},"tablet":{"background-color":"var(--ast-global-color-4)","background-image":"","background-repeat":"repeat","background-position":"center center","background-size":"auto","background-attachment":"scroll","background-type":"","background-media":"","overlay-type":"","overlay-color":"","overlay-opacity":"","overlay-gradient":""},"mobile":{"background-color":"var(--ast-global-color-4)","background-image":"","background-repeat":"repeat","background-position":"center center","background-size":"auto","background-attachment":"scroll","background-type":"","background-media":"","overlay-type":"","overlay-color":"","overlay-opacity":"","overlay-gradient":""}},"ngg_post_thumbnail":0,"footnotes":""},"categories":[10],"tags":[25,143,144,54],"class_list":["post-2501","post","type-post","status-publish","format-standard","has-post-thumbnail","hentry","category-otras-comarcas","tag-arroyo-de-la-encomienda","tag-la-cisterniga","tag-penafiel","tag-simancas"],"aioseo_notices":[],"rttpg_featured_image_url":{"full":["https:\/\/pueblosycomarcas.com\/wp-content\/uploads\/2025\/11\/20251110_renovacion_viogen_simancas.jpg",800,400,false],"landscape":["https:\/\/pueblosycomarcas.com\/wp-content\/uploads\/2025\/11\/20251110_renovacion_viogen_simancas.jpg",800,400,false],"portraits":["https:\/\/pueblosycomarcas.com\/wp-content\/uploads\/2025\/11\/20251110_renovacion_viogen_simancas.jpg",800,400,false],"thumbnail":["https:\/\/pueblosycomarcas.com\/wp-content\/uploads\/2025\/11\/20251110_renovacion_viogen_simancas-150x150.jpg",150,150,true],"medium":["https:\/\/pueblosycomarcas.com\/wp-content\/uploads\/2025\/11\/20251110_renovacion_viogen_simancas-300x150.jpg",300,150,true],"large":["https:\/\/pueblosycomarcas.com\/wp-content\/uploads\/2025\/11\/20251110_renovacion_viogen_simancas.jpg",800,400,false],"1536x1536":["https:\/\/pueblosycomarcas.com\/wp-content\/uploads\/2025\/11\/20251110_renovacion_viogen_simancas.jpg",800,400,false],"2048x2048":["https:\/\/pueblosycomarcas.com\/wp-content\/uploads\/2025\/11\/20251110_renovacion_viogen_simancas.jpg",800,400,false],"trp-custom-language-flag":["https:\/\/pueblosycomarcas.com\/wp-content\/uploads\/2025\/11\/20251110_renovacion_viogen_simancas.jpg",18,9,false]},"rttpg_author":{"display_name":"admin","author_link":"https:\/\/pueblosycomarcas.com\/en\/author\/webalquimia\/"},"rttpg_comment":0,"rttpg_category":"<a href=\"https:\/\/pueblosycomarcas.com\/en\/category\/otras-comarcas\/\" rel=\"category tag\">Otras Comarcas<\/a>","rttpg_excerpt":"Cuatro ayuntamientos de la provincia renuevan esta semana su participaci\u00f3n en el sistema del Ministerio del Interior contra la violencia de g\u00e9nero Arroyo de la Encomienda, Simancas, La Cist\u00e9rniga y Pe\u00f1afiel firman en estos d\u00edas los procedimientos operativos de colaboraci\u00f3n y coordinaci\u00f3n entre la Guardia Civil y sus polic\u00edas locales para la protecci\u00f3n y seguimiento&hellip;","_links":{"self":[{"href":"https:\/\/pueblosycomarcas.com\/en\/wp-json\/wp\/v2\/posts\/2501","targetHints":{"allow":["GET"]}}],"collection":[{"href":"https:\/\/pueblosycomarcas.com\/en\/wp-json\/wp\/v2\/posts"}],"about":[{"href":"https:\/\/pueblosycomarcas.com\/en\/wp-json\/wp\/v2\/types\/post"}],"author":[{"embeddable":true,"href":"https:\/\/pueblosycomarcas.com\/en\/wp-json\/wp\/v2\/users\/1"}],"replies":[{"embeddable":true,"href":"https:\/\/pueblosycomarcas.com\/en\/wp-json\/wp\/v2\/comments?post=2501"}],"version-history":[{"count":5,"href":"https:\/\/pueblosycomarcas.com\/en\/wp-json\/wp\/v2\/posts\/2501\/revisions"}],"predecessor-version":[{"id":2507,"href":"https:\/\/pueblosycomarcas.com\/en\/wp-json\/wp\/v2\/posts\/2501\/revisions\/2507"}],"wp:featuredmedia":[{"embeddable":true,"href":"https:\/\/pueblosycomarcas.com\/en\/wp-json\/wp\/v2\/media\/2502"}],"wp:attachment":[{"href":"https:\/\/pueblosycomarcas.com\/en\/wp-json\/wp\/v2\/media?parent=2501"}],"wp:term":[{"taxonomy":"category","embeddable":true,"href":"https:\/\/pueblosycomarcas.com\/en\/wp-json\/wp\/v2\/categories?post=2501"},{"taxonomy":"post_tag","embeddable":true,"href":"https:\/\/pueblosycomarcas.com\/en\/wp-json\/wp\/v2\/tags?post=2501"}],"curies":[{"name":"wp","href":"https:\/\/api.w.org\/{rel}","templated":true}]}}