{"id":2398,"date":"2025-11-07T11:20:18","date_gmt":"2025-11-07T10:20:18","guid":{"rendered":"https:\/\/webalquimia.es\/?p=2398"},"modified":"2025-11-07T11:20:20","modified_gmt":"2025-11-07T10:20:20","slug":"el-patinador-aldeamayorense-adrian-alonso-garcia-recibe-su-premio-podium-como-mejor-deportista-promesa-de-castilla-y-leon","status":"publish","type":"post","link":"https:\/\/pueblosycomarcas.com\/en\/el-patinador-aldeamayorense-adrian-alonso-garcia-recibe-su-premio-podium-como-mejor-deportista-promesa-de-castilla-y-leon\/","title":{"rendered":"El patinador aldeamayorense Adri\u00e1n Alonso Garc\u00eda recibe su Premio P\u00f3dium como Mejor Deportista Promesa de Castilla y Le\u00f3n"},"content":{"rendered":"<div data-elementor-type=\"wp-post\" data-elementor-id=\"2398\" class=\"elementor elementor-2398\">\n\t\t\t\t<div class=\"elementor-element elementor-element-f971ab7 e-flex e-con-boxed wpr-particle-no wpr-jarallax-no wpr-parallax-no wpr-sticky-section-no wpr-equal-height-no e-con e-parent\" data-id=\"f971ab7\" data-element_type=\"container\" data-e-type=\"container\">\n\t\t\t\t\t<div class=\"e-con-inner\">\n\t\t\t\t<div class=\"elementor-element elementor-element-1be3549 elementor-widget elementor-widget-heading\" data-id=\"1be3549\" data-element_type=\"widget\" data-e-type=\"widget\" data-widget_type=\"heading.default\">\n\t\t\t\t\t<h2 class=\"elementor-heading-title elementor-size-default\">El patinador aldeamayorense Adri\u00e1n Alonso Garc\u00eda recibe su Premio P\u00f3dium como Mejor Deportista Promesa de Castilla y Le\u00f3n<\/h2>\t\t\t\t<\/div>\n\t\t\t\t<div class=\"elementor-element elementor-element-3476b3a elementor-widget elementor-widget-text-editor\" data-id=\"3476b3a\" data-element_type=\"widget\" data-e-type=\"widget\" data-widget_type=\"text-editor.default\">\n\t\t\t\t\t\t\t\t\t<ul><li><h6><em><strong>La Junta ensalza el esfuerzo y los valores de los deportistas de la Comunidad reconocidos con estos galardones que reconocen los m\u00e9ritos de deportistas, entrenadores y entidades durante 2024<\/strong><\/em><\/h6><\/li><\/ul>\t\t\t\t\t\t\t\t<\/div>\n\t\t\t\t<div class=\"elementor-element elementor-element-88f1c54 elementor-widget-divider--view-line elementor-widget elementor-widget-divider\" data-id=\"88f1c54\" data-element_type=\"widget\" data-e-type=\"widget\" data-widget_type=\"divider.default\">\n\t\t\t\t\t\t\t<div class=\"elementor-divider\">\n\t\t\t<span class=\"elementor-divider-separator\">\n\t\t\t\t\t\t<\/span>\n\t\t<\/div>\n\t\t\t\t\t\t<\/div>\n\t\t\t\t<div class=\"elementor-element elementor-element-a17a383 elementor-widget elementor-widget-image\" data-id=\"a17a383\" data-element_type=\"widget\" data-e-type=\"widget\" data-widget_type=\"image.default\">\n\t\t\t\t\t\t\t\t\t\t\t\t<figure class=\"wp-caption\">\n\t\t\t\t\t\t\t\t\t\t<img fetchpriority=\"high\" decoding=\"async\" width=\"800\" height=\"400\" src=\"https:\/\/pueblosycomarcas.com\/wp-content\/uploads\/2025\/11\/20251106_adrian_alonso_podium.jpg\" class=\"attachment-large size-large wp-image-2399\" alt=\"\" srcset=\"https:\/\/pueblosycomarcas.com\/wp-content\/uploads\/2025\/11\/20251106_adrian_alonso_podium.jpg 800w, https:\/\/pueblosycomarcas.com\/wp-content\/uploads\/2025\/11\/20251106_adrian_alonso_podium-300x150.jpg 300w, https:\/\/pueblosycomarcas.com\/wp-content\/uploads\/2025\/11\/20251106_adrian_alonso_podium-768x384.jpg 768w\" sizes=\"(max-width: 800px) 100vw, 800px\" \/>\t\t\t\t\t\t\t\t\t\t\t<figcaption class=\"widget-image-caption wp-caption-text\">Adri\u00e1n Alonso recibe el premio de manos del periodista deportivo Jos\u00e9 Miguel Ortega.<\/figcaption>\n\t\t\t\t\t\t\t\t\t\t<\/figure>\n\t\t\t\t\t\t\t\t\t<\/div>\n\t\t\t\t<div class=\"elementor-element elementor-element-76e5dd3 elementor-widget elementor-widget-text-editor\" data-id=\"76e5dd3\" data-element_type=\"widget\" data-e-type=\"widget\" data-widget_type=\"text-editor.default\">\n\t\t\t\t\t\t\t\t\t<p><a href=\"https:\/\/www.facebook.com\/Pueblos-y-Comarcas-125437870924169\/?fref=ts\"><em><strong>Pueblosycomarcas.com<\/strong><\/em><\/a><em><strong>;\u00a0<\/strong><\/em><a href=\"https:\/\/twitter.com\/PueblosComarcas\"><em><strong>@PueblosComarcas<\/strong><\/em><\/a><\/p><p>La Junta de Castilla y Le\u00f3n organiz\u00f3 ayer en el Monasterio de Nuestra Se\u00f1ora de Prado de Valladolid la entrega de los XIII Premios P\u00f3dium del Deporte de Castilla y Le\u00f3n. Con estos galardones, la Junta de Castilla y Le\u00f3n reconoce los m\u00e9ritos cosechados por diferentes deportistas y entidades deportivas de la Comunidad durante el a\u00f1o 2024.<\/p><p>En este acto de reconocimiento al deporte de la Comunidad, la viceconsejera de Acci\u00f3n Cultural, Mar Sancho, ha destacado que \u201cel deporte no s\u00f3lo forma campeones, sino mejores personas. Todos asum\u00eds una responsabilidad singular, ya que, con vuestros logros, pero, sobre todo, con los valores que vuestro esfuerzo, sacrificio, solidaridad y compa\u00f1erismo, sois el ejemplo para la sociedad actual y eso constituye una oportunidad que todos debemos impulsar y fortalecer conjuntamente\u201d.<\/p><p>Durante la ceremonia se han entregado los distintos galardones de esta decimotercera edici\u00f3n de los Premios P\u00f3dium del deporte castellano y leon\u00e9s. As\u00ed, la futbolista Adriana Nanclares Romero ha recibido el Premio al Mejor Deportista Absoluto; el patinador Adri\u00e1n Alonso Garc\u00eda, al Mejor Deportista Promesa y Laura L\u00f3pez Valle, al Mejor Entrenador, junto a la nadadora Marta Fern\u00e1ndez Infante, en la categor\u00eda de Deporte y Discapacidad y a la pirag\u00fcista Ainnare Garc\u00eda Gonz\u00e1lez, en la de Deporte en Edad Escolar. Completan las seis categor\u00edas de estos premios la de Mejor Entidad de Castilla y Le\u00f3n, que ha sido para el Club Patinaje en L\u00ednea Valladolid.<\/p><p>Finalmente, se han entregado tambi\u00e9n tres menciones especiales en esta edici\u00f3n, que han reca\u00eddo en Marta Arce Payno, deportista paral\u00edmpica de Judo adaptado, en la Vuelta Ciclista a Espa\u00f1a, y en la Fundaci\u00f3n Aliados.<\/p><p>Durante estos a\u00f1os, los premios P\u00f3dium del Deporte de Castilla y Le\u00f3n han premiado a deportistas de la talla del atleta Mario Garc\u00eda Romo, la halter\u00f3fila Lidia Valent\u00edn, los pirag\u00fcistas Carlos Garrote y David Llorente; el atleta Oscar Husillos, o al jugador de p\u00e1del\u00a0Arturo Coello. En deporte adaptado, a Lia Beel y Marta Fern\u00e1ndez Infante\u00a0o a entidades deportivas como el Club de Baloncesto Avenida, el VRAC de Rugby, el Club Patinaje en L\u00ednea de Valladolid, o la Asociaci\u00f3n de Federaciones Deportivas de Castilla y Le\u00f3n, AFEDECYL.<\/p>\t\t\t\t\t\t\t\t<\/div>\n\t\t\t\t<div class=\"elementor-element elementor-element-82b1de2 elementor-widget elementor-widget-image\" data-id=\"82b1de2\" data-element_type=\"widget\" data-e-type=\"widget\" data-widget_type=\"image.default\">\n\t\t\t\t\t\t\t\t\t\t\t\t\t\t\t<img decoding=\"async\" width=\"800\" height=\"400\" src=\"https:\/\/pueblosycomarcas.com\/wp-content\/uploads\/2025\/11\/20251106_ganadores_podium.jpg\" class=\"attachment-large size-large wp-image-2401\" alt=\"\" srcset=\"https:\/\/pueblosycomarcas.com\/wp-content\/uploads\/2025\/11\/20251106_ganadores_podium.jpg 800w, https:\/\/pueblosycomarcas.com\/wp-content\/uploads\/2025\/11\/20251106_ganadores_podium-300x150.jpg 300w, https:\/\/pueblosycomarcas.com\/wp-content\/uploads\/2025\/11\/20251106_ganadores_podium-768x384.jpg 768w\" sizes=\"(max-width: 800px) 100vw, 800px\" \/>\t\t\t\t\t\t\t\t\t\t\t\t\t\t\t<\/div>\n\t\t\t\t\t<\/div>\n\t\t\t\t<\/div>\n\t\t\t\t<\/div>","protected":false},"excerpt":{"rendered":"<p>El patinador aldeamayorense Adri\u00e1n Alonso Garc\u00eda recibe su Premio P\u00f3dium como Mejor Deportista Promesa de Castilla y Le\u00f3n La Junta ensalza el esfuerzo y los valores de los deportistas de la Comunidad reconocidos con estos galardones que reconocen los m\u00e9ritos de deportistas, entrenadores y entidades durante 2024 Adri\u00e1n Alonso recibe el premio de manos del periodista deportivo Jos\u00e9 Miguel Ortega. Pueblosycomarcas.com;\u00a0@PueblosComarcas La Junta de Castilla y Le\u00f3n organiz\u00f3 ayer en el Monasterio de Nuestra Se\u00f1ora de Prado de Valladolid la entrega de los XIII Premios P\u00f3dium del Deporte de Castilla y Le\u00f3n. Con estos galardones, la Junta de Castilla y Le\u00f3n reconoce los m\u00e9ritos cosechados por diferentes deportistas y entidades deportivas de la Comunidad durante el a\u00f1o 2024. En este acto de reconocimiento al deporte de la Comunidad, la viceconsejera de Acci\u00f3n Cultural, Mar Sancho, ha destacado que \u201cel deporte no s\u00f3lo forma campeones, sino mejores personas. Todos asum\u00eds una responsabilidad singular, ya que, con vuestros logros, pero, sobre todo, con los valores que vuestro esfuerzo, sacrificio, solidaridad y compa\u00f1erismo, sois el ejemplo para la sociedad actual y eso constituye una oportunidad que todos debemos impulsar y fortalecer conjuntamente\u201d. Durante la ceremonia se han entregado los distintos galardones de esta decimotercera edici\u00f3n de los Premios P\u00f3dium del deporte castellano y leon\u00e9s. As\u00ed, la futbolista Adriana Nanclares Romero ha recibido el Premio al Mejor Deportista Absoluto; el patinador Adri\u00e1n Alonso Garc\u00eda, al Mejor Deportista Promesa y Laura L\u00f3pez Valle, al Mejor Entrenador, junto a la nadadora Marta Fern\u00e1ndez Infante, en la categor\u00eda de Deporte y Discapacidad y a la pirag\u00fcista Ainnare Garc\u00eda Gonz\u00e1lez, en la de Deporte en Edad Escolar. Completan las seis categor\u00edas de estos premios la de Mejor Entidad de Castilla y Le\u00f3n, que ha sido para el Club Patinaje en L\u00ednea Valladolid. Finalmente, se han entregado tambi\u00e9n tres menciones especiales en esta edici\u00f3n, que han reca\u00eddo en Marta Arce Payno, deportista paral\u00edmpica de Judo adaptado, en la Vuelta Ciclista a Espa\u00f1a, y en la Fundaci\u00f3n Aliados. Durante estos a\u00f1os, los premios P\u00f3dium del Deporte de Castilla y Le\u00f3n han premiado a deportistas de la talla del atleta Mario Garc\u00eda Romo, la halter\u00f3fila Lidia Valent\u00edn, los pirag\u00fcistas Carlos Garrote y David Llorente; el atleta Oscar Husillos, o al jugador de p\u00e1del\u00a0Arturo Coello. En deporte adaptado, a Lia Beel y Marta Fern\u00e1ndez Infante\u00a0o a entidades deportivas como el Club de Baloncesto Avenida, el VRAC de Rugby, el Club Patinaje en L\u00ednea de Valladolid, o la Asociaci\u00f3n de Federaciones Deportivas de Castilla y Le\u00f3n, AFEDECYL.<\/p>","protected":false},"author":1,"featured_media":2399,"comment_status":"open","ping_status":"closed","sticky":false,"template":"","format":"standard","meta":{"site-sidebar-layout":"default","site-content-layout":"","ast-site-content-layout":"default","site-content-style":"default","site-sidebar-style":"default","ast-global-header-display":"","ast-banner-title-visibility":"","ast-main-header-display":"","ast-hfb-above-header-display":"","ast-hfb-below-header-display":"","ast-hfb-mobile-header-display":"","site-post-title":"disabled","ast-breadcrumbs-content":"","ast-featured-img":"","footer-sml-layout":"","theme-transparent-header-meta":"","adv-header-id-meta":"","stick-header-meta":"","header-above-stick-meta":"","header-main-stick-meta":"","header-below-stick-meta":"","astra-migrate-meta-layouts":"default","ast-page-background-enabled":"default","ast-page-background-meta":{"desktop":{"background-color":"var(--ast-global-color-5)","background-image":"","background-repeat":"repeat","background-position":"center center","background-size":"auto","background-attachment":"scroll","background-type":"","background-media":"","overlay-type":"","overlay-color":"","overlay-opacity":"","overlay-gradient":""},"tablet":{"background-color":"","background-image":"","background-repeat":"repeat","background-position":"center center","background-size":"auto","background-attachment":"scroll","background-type":"","background-media":"","overlay-type":"","overlay-color":"","overlay-opacity":"","overlay-gradient":""},"mobile":{"background-color":"","background-image":"","background-repeat":"repeat","background-position":"center center","background-size":"auto","background-attachment":"scroll","background-type":"","background-media":"","overlay-type":"","overlay-color":"","overlay-opacity":"","overlay-gradient":""}},"ast-content-background-meta":{"desktop":{"background-color":"var(--ast-global-color-4)","background-image":"","background-repeat":"repeat","background-position":"center center","background-size":"auto","background-attachment":"scroll","background-type":"","background-media":"","overlay-type":"","overlay-color":"","overlay-opacity":"","overlay-gradient":""},"tablet":{"background-color":"var(--ast-global-color-4)","background-image":"","background-repeat":"repeat","background-position":"center center","background-size":"auto","background-attachment":"scroll","background-type":"","background-media":"","overlay-type":"","overlay-color":"","overlay-opacity":"","overlay-gradient":""},"mobile":{"background-color":"var(--ast-global-color-4)","background-image":"","background-repeat":"repeat","background-position":"center center","background-size":"auto","background-attachment":"scroll","background-type":"","background-media":"","overlay-type":"","overlay-color":"","overlay-opacity":"","overlay-gradient":""}},"ngg_post_thumbnail":0,"footnotes":""},"categories":[11,16],"tags":[135,55,134],"class_list":["post-2398","post","type-post","status-publish","format-standard","has-post-thumbnail","hentry","category-deportes-y-ocio","category-portada","tag-adrian-alonso","tag-junta-de-castilla-y-leon","tag-premios-podium"],"aioseo_notices":[],"rttpg_featured_image_url":{"full":["https:\/\/pueblosycomarcas.com\/wp-content\/uploads\/2025\/11\/20251106_adrian_alonso_podium.jpg",800,400,false],"landscape":["https:\/\/pueblosycomarcas.com\/wp-content\/uploads\/2025\/11\/20251106_adrian_alonso_podium.jpg",800,400,false],"portraits":["https:\/\/pueblosycomarcas.com\/wp-content\/uploads\/2025\/11\/20251106_adrian_alonso_podium.jpg",800,400,false],"thumbnail":["https:\/\/pueblosycomarcas.com\/wp-content\/uploads\/2025\/11\/20251106_adrian_alonso_podium-150x150.jpg",150,150,true],"medium":["https:\/\/pueblosycomarcas.com\/wp-content\/uploads\/2025\/11\/20251106_adrian_alonso_podium-300x150.jpg",300,150,true],"large":["https:\/\/pueblosycomarcas.com\/wp-content\/uploads\/2025\/11\/20251106_adrian_alonso_podium.jpg",800,400,false],"1536x1536":["https:\/\/pueblosycomarcas.com\/wp-content\/uploads\/2025\/11\/20251106_adrian_alonso_podium.jpg",800,400,false],"2048x2048":["https:\/\/pueblosycomarcas.com\/wp-content\/uploads\/2025\/11\/20251106_adrian_alonso_podium.jpg",800,400,false],"trp-custom-language-flag":["https:\/\/pueblosycomarcas.com\/wp-content\/uploads\/2025\/11\/20251106_adrian_alonso_podium.jpg",18,9,false]},"rttpg_author":{"display_name":"admin","author_link":"https:\/\/pueblosycomarcas.com\/en\/author\/webalquimia\/"},"rttpg_comment":0,"rttpg_category":"<a href=\"https:\/\/pueblosycomarcas.com\/en\/category\/deportes-y-ocio\/\" rel=\"category tag\">Deporte y Ocio<\/a> <a href=\"https:\/\/pueblosycomarcas.com\/en\/category\/portada\/\" rel=\"category tag\">Portada<\/a>","rttpg_excerpt":"El patinador aldeamayorense Adri\u00e1n Alonso Garc\u00eda recibe su Premio P\u00f3dium como Mejor Deportista Promesa de Castilla y Le\u00f3n La Junta ensalza el esfuerzo y los valores de los deportistas de la Comunidad reconocidos con estos galardones que reconocen los m\u00e9ritos de deportistas, entrenadores y entidades durante 2024 Adri\u00e1n Alonso recibe el premio de manos del&hellip;","_links":{"self":[{"href":"https:\/\/pueblosycomarcas.com\/en\/wp-json\/wp\/v2\/posts\/2398","targetHints":{"allow":["GET"]}}],"collection":[{"href":"https:\/\/pueblosycomarcas.com\/en\/wp-json\/wp\/v2\/posts"}],"about":[{"href":"https:\/\/pueblosycomarcas.com\/en\/wp-json\/wp\/v2\/types\/post"}],"author":[{"embeddable":true,"href":"https:\/\/pueblosycomarcas.com\/en\/wp-json\/wp\/v2\/users\/1"}],"replies":[{"embeddable":true,"href":"https:\/\/pueblosycomarcas.com\/en\/wp-json\/wp\/v2\/comments?post=2398"}],"version-history":[{"count":8,"href":"https:\/\/pueblosycomarcas.com\/en\/wp-json\/wp\/v2\/posts\/2398\/revisions"}],"predecessor-version":[{"id":2408,"href":"https:\/\/pueblosycomarcas.com\/en\/wp-json\/wp\/v2\/posts\/2398\/revisions\/2408"}],"wp:featuredmedia":[{"embeddable":true,"href":"https:\/\/pueblosycomarcas.com\/en\/wp-json\/wp\/v2\/media\/2399"}],"wp:attachment":[{"href":"https:\/\/pueblosycomarcas.com\/en\/wp-json\/wp\/v2\/media?parent=2398"}],"wp:term":[{"taxonomy":"category","embeddable":true,"href":"https:\/\/pueblosycomarcas.com\/en\/wp-json\/wp\/v2\/categories?post=2398"},{"taxonomy":"post_tag","embeddable":true,"href":"https:\/\/pueblosycomarcas.com\/en\/wp-json\/wp\/v2\/tags?post=2398"}],"curies":[{"name":"wp","href":"https:\/\/api.w.org\/{rel}","templated":true}]}}