{"id":2258,"date":"2025-11-05T10:45:00","date_gmt":"2025-11-05T09:45:00","guid":{"rendered":"https:\/\/webalquimia.es\/?p=2258"},"modified":"2025-11-05T13:05:34","modified_gmt":"2025-11-05T12:05:34","slug":"la-subdelegacion-del-gobierno-ha-asistido-ya-a-mas-de-2-100-personas-para-relacionarse-facilmente-con-la-administracion-desde-pequenos-municipios-de-la-provincia","status":"publish","type":"post","link":"https:\/\/pueblosycomarcas.com\/en\/la-subdelegacion-del-gobierno-ha-asistido-ya-a-mas-de-2-100-personas-para-relacionarse-facilmente-con-la-administracion-desde-pequenos-municipios-de-la-provincia\/","title":{"rendered":"La Subdelegaci\u00f3n del Gobierno ha asistido ya a m\u00e1s de 2.100 personas para relacionarse f\u00e1cilmente con la Administraci\u00f3n desde peque\u00f1os municipios de la provincia"},"content":{"rendered":"<div data-elementor-type=\"wp-post\" data-elementor-id=\"2258\" class=\"elementor elementor-2258\">\n\t\t\t\t<div class=\"elementor-element elementor-element-8e97b75 e-flex e-con-boxed wpr-particle-no wpr-jarallax-no wpr-parallax-no wpr-sticky-section-no wpr-equal-height-no e-con e-parent\" data-id=\"8e97b75\" data-element_type=\"container\" data-e-type=\"container\">\n\t\t\t\t\t<div class=\"e-con-inner\">\n\t\t\t\t<div class=\"elementor-element elementor-element-83dcf5b elementor-widget elementor-widget-heading\" data-id=\"83dcf5b\" data-element_type=\"widget\" data-e-type=\"widget\" data-widget_type=\"heading.default\">\n\t\t\t\t\t<h2 class=\"elementor-heading-title elementor-size-default\">La Subdelegaci\u00f3n del Gobierno ha asistido ya a m\u00e1s de 2.100 personas para relacionarse f\u00e1cilmente con la Administraci\u00f3n desde peque\u00f1os municipios de la provincia\n<\/h2>\t\t\t\t<\/div>\n\t\t\t\t<div class=\"elementor-element elementor-element-09eb240 elementor-widget elementor-widget-text-editor\" data-id=\"09eb240\" data-element_type=\"widget\" data-e-type=\"widget\" data-widget_type=\"text-editor.default\">\n\t\t\t\t\t\t\t\t\t<ul><li><h6><em><strong>El subdelegado del Gobierno ha participado hoy en una de las sesiones del programa activado por el Ministerio de Pol\u00edtica Territorial y Memoria Democr\u00e1tica para que los ciudadanos puedan acceder a los servicios que presta la Administraci\u00f3n, sin necesidad de desplazarse<\/strong><\/em><\/h6><\/li><\/ul>\t\t\t\t\t\t\t\t<\/div>\n\t\t\t\t<div class=\"elementor-element elementor-element-504adc1 elementor-widget-divider--view-line elementor-widget elementor-widget-divider\" data-id=\"504adc1\" data-element_type=\"widget\" data-e-type=\"widget\" data-widget_type=\"divider.default\">\n\t\t\t\t\t\t\t<div class=\"elementor-divider\">\n\t\t\t<span class=\"elementor-divider-separator\">\n\t\t\t\t\t\t<\/span>\n\t\t<\/div>\n\t\t\t\t\t\t<\/div>\n\t\t\t\t<div class=\"elementor-element elementor-element-7eb5744 elementor-widget elementor-widget-image\" data-id=\"7eb5744\" data-element_type=\"widget\" data-e-type=\"widget\" data-widget_type=\"image.default\">\n\t\t\t\t\t\t\t\t\t\t\t\t\t\t\t<img fetchpriority=\"high\" decoding=\"async\" width=\"800\" height=\"400\" src=\"https:\/\/pueblosycomarcas.com\/wp-content\/uploads\/2025\/11\/20251105_jacinto_canales.jpg\" class=\"attachment-large size-large wp-image-2259\" alt=\"\" srcset=\"https:\/\/pueblosycomarcas.com\/wp-content\/uploads\/2025\/11\/20251105_jacinto_canales.jpg 800w, https:\/\/pueblosycomarcas.com\/wp-content\/uploads\/2025\/11\/20251105_jacinto_canales-300x150.jpg 300w, https:\/\/pueblosycomarcas.com\/wp-content\/uploads\/2025\/11\/20251105_jacinto_canales-768x384.jpg 768w\" sizes=\"(max-width: 800px) 100vw, 800px\" \/>\t\t\t\t\t\t\t\t\t\t\t\t\t\t\t<\/div>\n\t\t\t\t<div class=\"elementor-element elementor-element-6ab1527 elementor-widget elementor-widget-text-editor\" data-id=\"6ab1527\" data-element_type=\"widget\" data-e-type=\"widget\" data-widget_type=\"text-editor.default\">\n\t\t\t\t\t\t\t\t\t<p><a href=\"https:\/\/www.facebook.com\/Pueblos-y-Comarcas-125437870924169\/?fref=ts\"><em><strong>Pueblosycomarcas.com<\/strong><\/em><\/a><em><strong>;\u00a0<\/strong><\/em><a href=\"https:\/\/twitter.com\/PueblosComarcas\"><em><strong>@PueblosComarcas<\/strong><\/em><\/a><\/p><p>El subdelegado del Gobierno en Valladolid, Jacinto Canales, ha participado hoy en una de las sesiones de \u2018La Administraci\u00f3n cerca de ti\u2019, el programa activado por el Ministerio de Pol\u00edtica Territorial y Memoria Democr\u00e1tica, a trav\u00e9s de las delegaciones y subdelegaciones del Gobierno, para que los ciudadanos puedan acceder a los servicios que presta la Administraci\u00f3n, sin necesidad de desplazarse.<\/p><p>Canales ha acompa\u00f1ado hoy en Villal\u00f3n de Campos a los t\u00e9cnicos y empleados p\u00fablicos que hacen posibles estas sesiones desplaz\u00e1ndose a los municipios de menos de 8.000 habitantes de la provincia.<\/p><p>El subdelegado ha recordado que \u201cdesde noviembre de 2022, cuando se puso en marcha este proyecto, se han celebrado 280 jornadas, 269 de ellas en peque\u00f1os municipios y el resto para ayudar a distintos colectivos porque, en enero de este a\u00f1o, el programa se ampli\u00f3 y ya ha atendido a las necesidades de los miembros de Plena Inclusi\u00f3n, Fundaci\u00f3n ONCE, la Base a\u00e9rea de Villanubla, la\u00a0 Jefatura de la IV Subinspecci\u00f3n General del Ej\u00e9rcito Noroeste de Tierra y asociaci\u00f3n de veteranos, Fundaci\u00f3n Aldaba- Proyecto Hombre, Asociaci\u00f3n Vecinos Nuevo Hospital, Fundaci\u00f3n Secretariado Gitano, Cruz Roja Valladolid y UGT jubilados y pensionistas\u201d.\u00a0<\/p><p>En todos estos encuentros con los empleados p\u00fablicos de la Subdelegaci\u00f3n del Gobierno, m\u00e1s de 2.100 personas han recibido atenci\u00f3n y ayuda, entre otras cuestiones, para tramitar su certificado digital, que les permite hacer multitud de gestiones con la Administraci\u00f3n P\u00fablica, sin moverse de casa, como medio v\u00e1lido para la identificaci\u00f3n personal. De hecho, seg\u00fan ha recordado Jacinto Canales, \u201c1.380 certificados se han tramitado in situ, con la asistencia de los t\u00e9cnicos y empleados de la Subdelegaci\u00f3n, en el transcurso de estas sesiones\u201d.<\/p><h4><strong>EVOLUCI\u00d3N Y ADAPTACI\u00d3N DE LA ADMINISTRACI\u00d3N<\/strong><\/h4><p>Canales ha destacado \u201cla capacidad de la Administraci\u00f3n General del Estado para evolucionar y adaptarse a las necesidades de las personas a las que sirve, porque as\u00ed es como debe ser y no al contrario\u201d.<\/p><p>El subdelegado del Gobierno ha remarcado que \u2018La Administraci\u00f3n cerca de ti\u2019 refleja el compromiso del Gobierno con una Administraci\u00f3n que trabaja para garantizar la igualdad de oportunidades de todos los ciudadanos, independientemente de d\u00f3nde vivan, que llega hasta donde ellos est\u00e1n para cerrar brechas digitales y territoriales, acercando el servicio p\u00fablico al medio rural\u201d.<\/p><p>Jacinto Canales ha detallado que \u201cen torno al 70% de las personas que asisten a estos encuentros tiene m\u00e1s de 65 a\u00f1os, por lo que se ha visto la necesidad de responder a sus necesidades espec\u00edficas, por eso hablamos no s\u00f3lo de brecha territorial, sino tambi\u00e9n de brecha digital\u201d.<\/p><h4><strong>PR\u00d3XIMAS CITAS<\/strong><\/h4><p>\u2018La Administraci\u00f3n cerca de ti\u2019 recalar\u00e1 pr\u00f3ximamente a lo largo de este mes de noviembre en Aldea de San Miguel -d\u00eda 7-, Gat\u00f3n de Campos -d\u00eda 11-, Sard\u00f3n de Duero -d\u00eda 17-, Almenara de Adaja -d\u00eda 18- y la entidad local menor Aldealbar -d\u00eda 25-.<\/p><p>En Sard\u00f3n de Duero estar\u00e1n tambi\u00e9n t\u00e9cnicos del Instituto Nacional y de la Tesorer\u00eda General de la Seguridad Social, que se han incorporado al programa a medida que se iba conociendo m\u00e1s sobre las necesidades que planteaban los ciudadanos.<\/p><p>Adem\u00e1s, tambi\u00e9n est\u00e1n previstas las pr\u00f3ximas visitas a ASPAYM y a Cruz Roja.<\/p>\t\t\t\t\t\t\t\t<\/div>\n\t\t\t\t\t<\/div>\n\t\t\t\t<\/div>\n\t\t\t\t<\/div>","protected":false},"excerpt":{"rendered":"<p>La Subdelegaci\u00f3n del Gobierno ha asistido ya a m\u00e1s de 2.100 personas para relacionarse f\u00e1cilmente con la Administraci\u00f3n desde peque\u00f1os municipios de la provincia El subdelegado del Gobierno ha participado hoy en una de las sesiones del programa activado por el Ministerio de Pol\u00edtica Territorial y Memoria Democr\u00e1tica para que los ciudadanos puedan acceder a los servicios que presta la Administraci\u00f3n, sin necesidad de desplazarse Pueblosycomarcas.com;\u00a0@PueblosComarcas El subdelegado del Gobierno en Valladolid, Jacinto Canales, ha participado hoy en una de las sesiones de \u2018La Administraci\u00f3n cerca de ti\u2019, el programa activado por el Ministerio de Pol\u00edtica Territorial y Memoria Democr\u00e1tica, a trav\u00e9s de las delegaciones y subdelegaciones del Gobierno, para que los ciudadanos puedan acceder a los servicios que presta la Administraci\u00f3n, sin necesidad de desplazarse. Canales ha acompa\u00f1ado hoy en Villal\u00f3n de Campos a los t\u00e9cnicos y empleados p\u00fablicos que hacen posibles estas sesiones desplaz\u00e1ndose a los municipios de menos de 8.000 habitantes de la provincia. El subdelegado ha recordado que \u201cdesde noviembre de 2022, cuando se puso en marcha este proyecto, se han celebrado 280 jornadas, 269 de ellas en peque\u00f1os municipios y el resto para ayudar a distintos colectivos porque, en enero de este a\u00f1o, el programa se ampli\u00f3 y ya ha atendido a las necesidades de los miembros de Plena Inclusi\u00f3n, Fundaci\u00f3n ONCE, la Base a\u00e9rea de Villanubla, la\u00a0 Jefatura de la IV Subinspecci\u00f3n General del Ej\u00e9rcito Noroeste de Tierra y asociaci\u00f3n de veteranos, Fundaci\u00f3n Aldaba- Proyecto Hombre, Asociaci\u00f3n Vecinos Nuevo Hospital, Fundaci\u00f3n Secretariado Gitano, Cruz Roja Valladolid y UGT jubilados y pensionistas\u201d.\u00a0 En todos estos encuentros con los empleados p\u00fablicos de la Subdelegaci\u00f3n del Gobierno, m\u00e1s de 2.100 personas han recibido atenci\u00f3n y ayuda, entre otras cuestiones, para tramitar su certificado digital, que les permite hacer multitud de gestiones con la Administraci\u00f3n P\u00fablica, sin moverse de casa, como medio v\u00e1lido para la identificaci\u00f3n personal. De hecho, seg\u00fan ha recordado Jacinto Canales, \u201c1.380 certificados se han tramitado in situ, con la asistencia de los t\u00e9cnicos y empleados de la Subdelegaci\u00f3n, en el transcurso de estas sesiones\u201d. EVOLUCI\u00d3N Y ADAPTACI\u00d3N DE LA ADMINISTRACI\u00d3N Canales ha destacado \u201cla capacidad de la Administraci\u00f3n General del Estado para evolucionar y adaptarse a las necesidades de las personas a las que sirve, porque as\u00ed es como debe ser y no al contrario\u201d. El subdelegado del Gobierno ha remarcado que \u2018La Administraci\u00f3n cerca de ti\u2019 refleja el compromiso del Gobierno con una Administraci\u00f3n que trabaja para garantizar la igualdad de oportunidades de todos los ciudadanos, independientemente de d\u00f3nde vivan, que llega hasta donde ellos est\u00e1n para cerrar brechas digitales y territoriales, acercando el servicio p\u00fablico al medio rural\u201d. Jacinto Canales ha detallado que \u201cen torno al 70% de las personas que asisten a estos encuentros tiene m\u00e1s de 65 a\u00f1os, por lo que se ha visto la necesidad de responder a sus necesidades espec\u00edficas, por eso hablamos no s\u00f3lo de brecha territorial, sino tambi\u00e9n de brecha digital\u201d. PR\u00d3XIMAS CITAS \u2018La Administraci\u00f3n cerca de ti\u2019 recalar\u00e1 pr\u00f3ximamente a lo largo de este mes de noviembre en Aldea de San Miguel -d\u00eda 7-, Gat\u00f3n de Campos -d\u00eda 11-, Sard\u00f3n de Duero -d\u00eda 17-, Almenara de Adaja -d\u00eda 18- y la entidad local menor Aldealbar -d\u00eda 25-. En Sard\u00f3n de Duero estar\u00e1n tambi\u00e9n t\u00e9cnicos del Instituto Nacional y de la Tesorer\u00eda General de la Seguridad Social, que se han incorporado al programa a medida que se iba conociendo m\u00e1s sobre las necesidades que planteaban los ciudadanos. Adem\u00e1s, tambi\u00e9n est\u00e1n previstas las pr\u00f3ximas visitas a ASPAYM y a Cruz Roja.<\/p>","protected":false},"author":1,"featured_media":2259,"comment_status":"open","ping_status":"closed","sticky":false,"template":"","format":"standard","meta":{"site-sidebar-layout":"default","site-content-layout":"","ast-site-content-layout":"default","site-content-style":"default","site-sidebar-style":"default","ast-global-header-display":"","ast-banner-title-visibility":"","ast-main-header-display":"","ast-hfb-above-header-display":"","ast-hfb-below-header-display":"","ast-hfb-mobile-header-display":"","site-post-title":"disabled","ast-breadcrumbs-content":"","ast-featured-img":"","footer-sml-layout":"","theme-transparent-header-meta":"","adv-header-id-meta":"","stick-header-meta":"","header-above-stick-meta":"","header-main-stick-meta":"","header-below-stick-meta":"","astra-migrate-meta-layouts":"default","ast-page-background-enabled":"default","ast-page-background-meta":{"desktop":{"background-color":"var(--ast-global-color-5)","background-image":"","background-repeat":"repeat","background-position":"center center","background-size":"auto","background-attachment":"scroll","background-type":"","background-media":"","overlay-type":"","overlay-color":"","overlay-opacity":"","overlay-gradient":""},"tablet":{"background-color":"","background-image":"","background-repeat":"repeat","background-position":"center center","background-size":"auto","background-attachment":"scroll","background-type":"","background-media":"","overlay-type":"","overlay-color":"","overlay-opacity":"","overlay-gradient":""},"mobile":{"background-color":"","background-image":"","background-repeat":"repeat","background-position":"center center","background-size":"auto","background-attachment":"scroll","background-type":"","background-media":"","overlay-type":"","overlay-color":"","overlay-opacity":"","overlay-gradient":""}},"ast-content-background-meta":{"desktop":{"background-color":"var(--ast-global-color-4)","background-image":"","background-repeat":"repeat","background-position":"center center","background-size":"auto","background-attachment":"scroll","background-type":"","background-media":"","overlay-type":"","overlay-color":"","overlay-opacity":"","overlay-gradient":""},"tablet":{"background-color":"var(--ast-global-color-4)","background-image":"","background-repeat":"repeat","background-position":"center center","background-size":"auto","background-attachment":"scroll","background-type":"","background-media":"","overlay-type":"","overlay-color":"","overlay-opacity":"","overlay-gradient":""},"mobile":{"background-color":"var(--ast-global-color-4)","background-image":"","background-repeat":"repeat","background-position":"center center","background-size":"auto","background-attachment":"scroll","background-type":"","background-media":"","overlay-type":"","overlay-color":"","overlay-opacity":"","overlay-gradient":""}},"ngg_post_thumbnail":0,"footnotes":""},"categories":[10,16],"tags":[124,123],"class_list":["post-2258","post","type-post","status-publish","format-standard","has-post-thumbnail","hentry","category-otras-comarcas","category-portada","tag-subdelegacion-del-gobierno-en-valladolid","tag-villalon-de-campos"],"aioseo_notices":[],"rttpg_featured_image_url":{"full":["https:\/\/pueblosycomarcas.com\/wp-content\/uploads\/2025\/11\/20251105_jacinto_canales.jpg",800,400,false],"landscape":["https:\/\/pueblosycomarcas.com\/wp-content\/uploads\/2025\/11\/20251105_jacinto_canales.jpg",800,400,false],"portraits":["https:\/\/pueblosycomarcas.com\/wp-content\/uploads\/2025\/11\/20251105_jacinto_canales.jpg",800,400,false],"thumbnail":["https:\/\/pueblosycomarcas.com\/wp-content\/uploads\/2025\/11\/20251105_jacinto_canales-150x150.jpg",150,150,true],"medium":["https:\/\/pueblosycomarcas.com\/wp-content\/uploads\/2025\/11\/20251105_jacinto_canales-300x150.jpg",300,150,true],"large":["https:\/\/pueblosycomarcas.com\/wp-content\/uploads\/2025\/11\/20251105_jacinto_canales.jpg",800,400,false],"1536x1536":["https:\/\/pueblosycomarcas.com\/wp-content\/uploads\/2025\/11\/20251105_jacinto_canales.jpg",800,400,false],"2048x2048":["https:\/\/pueblosycomarcas.com\/wp-content\/uploads\/2025\/11\/20251105_jacinto_canales.jpg",800,400,false],"trp-custom-language-flag":["https:\/\/pueblosycomarcas.com\/wp-content\/uploads\/2025\/11\/20251105_jacinto_canales.jpg",18,9,false]},"rttpg_author":{"display_name":"admin","author_link":"https:\/\/pueblosycomarcas.com\/en\/author\/webalquimia\/"},"rttpg_comment":0,"rttpg_category":"<a href=\"https:\/\/pueblosycomarcas.com\/en\/category\/otras-comarcas\/\" rel=\"category tag\">Otras Comarcas<\/a> <a href=\"https:\/\/pueblosycomarcas.com\/en\/category\/portada\/\" rel=\"category tag\">Portada<\/a>","rttpg_excerpt":"La Subdelegaci\u00f3n del Gobierno ha asistido ya a m\u00e1s de 2.100 personas para relacionarse f\u00e1cilmente con la Administraci\u00f3n desde peque\u00f1os municipios de la provincia El subdelegado del Gobierno ha participado hoy en una de las sesiones del programa activado por el Ministerio de Pol\u00edtica Territorial y Memoria Democr\u00e1tica para que los ciudadanos puedan acceder a&hellip;","_links":{"self":[{"href":"https:\/\/pueblosycomarcas.com\/en\/wp-json\/wp\/v2\/posts\/2258","targetHints":{"allow":["GET"]}}],"collection":[{"href":"https:\/\/pueblosycomarcas.com\/en\/wp-json\/wp\/v2\/posts"}],"about":[{"href":"https:\/\/pueblosycomarcas.com\/en\/wp-json\/wp\/v2\/types\/post"}],"author":[{"embeddable":true,"href":"https:\/\/pueblosycomarcas.com\/en\/wp-json\/wp\/v2\/users\/1"}],"replies":[{"embeddable":true,"href":"https:\/\/pueblosycomarcas.com\/en\/wp-json\/wp\/v2\/comments?post=2258"}],"version-history":[{"count":5,"href":"https:\/\/pueblosycomarcas.com\/en\/wp-json\/wp\/v2\/posts\/2258\/revisions"}],"predecessor-version":[{"id":2264,"href":"https:\/\/pueblosycomarcas.com\/en\/wp-json\/wp\/v2\/posts\/2258\/revisions\/2264"}],"wp:featuredmedia":[{"embeddable":true,"href":"https:\/\/pueblosycomarcas.com\/en\/wp-json\/wp\/v2\/media\/2259"}],"wp:attachment":[{"href":"https:\/\/pueblosycomarcas.com\/en\/wp-json\/wp\/v2\/media?parent=2258"}],"wp:term":[{"taxonomy":"category","embeddable":true,"href":"https:\/\/pueblosycomarcas.com\/en\/wp-json\/wp\/v2\/categories?post=2258"},{"taxonomy":"post_tag","embeddable":true,"href":"https:\/\/pueblosycomarcas.com\/en\/wp-json\/wp\/v2\/tags?post=2258"}],"curies":[{"name":"wp","href":"https:\/\/api.w.org\/{rel}","templated":true}]}}