{"id":2235,"date":"2025-11-05T11:40:52","date_gmt":"2025-11-05T10:40:52","guid":{"rendered":"https:\/\/webalquimia.es\/?p=2235"},"modified":"2025-11-05T11:48:21","modified_gmt":"2025-11-05T10:48:21","slug":"boecillo-tudela-y-herrera-de-duero-se-preparan-para-disfrutar-de-la-micologia","status":"publish","type":"post","link":"https:\/\/pueblosycomarcas.com\/en\/boecillo-tudela-y-herrera-de-duero-se-preparan-para-disfrutar-de-la-micologia\/","title":{"rendered":"Boecillo, Tudela y Herrera de Duero se preparan para disfrutar de la micolog\u00eda"},"content":{"rendered":"<div data-elementor-type=\"wp-post\" data-elementor-id=\"2235\" class=\"elementor elementor-2235\">\n\t\t\t\t<div class=\"elementor-element elementor-element-3012440 e-flex e-con-boxed wpr-particle-no wpr-jarallax-no wpr-parallax-no wpr-sticky-section-no wpr-equal-height-no e-con e-parent\" data-id=\"3012440\" data-element_type=\"container\" data-e-type=\"container\">\n\t\t\t\t\t<div class=\"e-con-inner\">\n\t\t\t\t<div class=\"elementor-element elementor-element-3084473 elementor-widget elementor-widget-heading\" data-id=\"3084473\" data-element_type=\"widget\" data-e-type=\"widget\" data-widget_type=\"heading.default\">\n\t\t\t\t\t<h2 class=\"elementor-heading-title elementor-size-default\">Boecillo, Tudela y Herrera de Duero se preparan para disfrutar de la micolog\u00eda <\/h2>\t\t\t\t<\/div>\n\t\t\t\t<div class=\"elementor-element elementor-element-00aafc0 elementor-widget elementor-widget-text-editor\" data-id=\"00aafc0\" data-element_type=\"widget\" data-e-type=\"widget\" data-widget_type=\"text-editor.default\">\n\t\t\t\t\t\t\t\t\t<ul><li><h6><em><strong>Las dos \u00faltimas localidades se unen a la primera en sus XVI Jornadas Micol\u00f3gicas que se celebrar\u00e1n entre el 13 y el 16 de noviembre<\/strong><\/em><\/h6><\/li><li><h6><strong><em>Entre otras actividades se celebrar\u00e1 la \u201cIX Fiesta de Exaltaci\u00f3n del n\u00edscalo\u201d, \u00fanica en<\/em> <em>Espa\u00f1a<\/em><\/strong><\/h6><\/li><\/ul>\t\t\t\t\t\t\t\t<\/div>\n\t\t\t\t<div class=\"elementor-element elementor-element-ccf759f elementor-widget-divider--view-line elementor-widget elementor-widget-divider\" data-id=\"ccf759f\" data-element_type=\"widget\" data-e-type=\"widget\" data-widget_type=\"divider.default\">\n\t\t\t\t\t\t\t<div class=\"elementor-divider\">\n\t\t\t<span class=\"elementor-divider-separator\">\n\t\t\t\t\t\t<\/span>\n\t\t<\/div>\n\t\t\t\t\t\t<\/div>\n\t\t\t\t<div class=\"elementor-element elementor-element-d99d0fc elementor-widget elementor-widget-image\" data-id=\"d99d0fc\" data-element_type=\"widget\" data-e-type=\"widget\" data-widget_type=\"image.default\">\n\t\t\t\t\t\t\t\t\t\t\t\t\t\t\t<img fetchpriority=\"high\" decoding=\"async\" width=\"800\" height=\"400\" src=\"https:\/\/pueblosycomarcas.com\/wp-content\/uploads\/2025\/11\/20251105__jornadas_micologicas_boecillo.jpg\" class=\"attachment-large size-large wp-image-2236\" alt=\"\" srcset=\"https:\/\/pueblosycomarcas.com\/wp-content\/uploads\/2025\/11\/20251105__jornadas_micologicas_boecillo.jpg 800w, https:\/\/pueblosycomarcas.com\/wp-content\/uploads\/2025\/11\/20251105__jornadas_micologicas_boecillo-300x150.jpg 300w, https:\/\/pueblosycomarcas.com\/wp-content\/uploads\/2025\/11\/20251105__jornadas_micologicas_boecillo-768x384.jpg 768w\" sizes=\"(max-width: 800px) 100vw, 800px\" \/>\t\t\t\t\t\t\t\t\t\t\t\t\t\t\t<\/div>\n\t\t\t\t\t<\/div>\n\t\t\t\t<\/div>\n\t\t<div class=\"elementor-element elementor-element-62263f6 e-flex e-con-boxed wpr-particle-no wpr-jarallax-no wpr-parallax-no wpr-sticky-section-no wpr-equal-height-no e-con e-parent\" data-id=\"62263f6\" data-element_type=\"container\" data-e-type=\"container\">\n\t\t\t\t\t<div class=\"e-con-inner\">\n\t\t\t\t<div class=\"elementor-element elementor-element-3b15389 elementor-widget elementor-widget-text-editor\" data-id=\"3b15389\" data-element_type=\"widget\" data-e-type=\"widget\" data-widget_type=\"text-editor.default\">\n\t\t\t\t\t\t\t\t\t<p><a href=\"https:\/\/www.facebook.com\/Pueblos-y-Comarcas-125437870924169\/?fref=ts\"><strong><em>Pueblosycomarcas.com<\/em><\/strong><\/a><strong><em>;\u00a0<\/em><\/strong><a href=\"https:\/\/twitter.com\/PueblosComarcas\"><strong><em>@PueblosComarcas<\/em><\/strong><\/a><\/p><p>Llega el oto\u00f1o y los vecinos de Boecillo y aficionados a la micolog\u00eda se preparan para acudir a los montes y pinares del entorno en busca de los ansiados productos, este a\u00f1o m\u00e1s escaso por la falta de lluvias, en las que ya son las XVI Jornadas Micol\u00f3gicas de la localidad, evento que se ha consolidado como uno de los m\u00e1s importantes de Castilla y Le\u00f3n en el mundo de los hongos. La principal novedad de este a\u00f1o es que a Boecillo se le suman Tudela y Herrera de Duero en la celebraci\u00f3n de esta cita.<\/p><p>A pesar de un verano poco lluvioso, el oto\u00f1o se est\u00e1 animando y, por ello, el programa no est\u00e1 exento de un gran n\u00famero de actividades basadas en charlas, rutas micol\u00f3gicas, jornadas gastron\u00f3micas y de degustaciones, una comida entre los asistentes, as\u00ed como talleres de identificaci\u00f3n de especies y exposiciones; tambi\u00e9n participar\u00e1n los Centros Escolares de las localidades y los bares de los municipios con una nueva edici\u00f3n de pinchos con hongos y setas.<\/p><p>Adem\u00e1s, con la celebraci\u00f3n de la \u201cIX Fiesta de Exaltaci\u00f3n del N\u00edscalo\u201d de Castilla y Le\u00f3n, se pretende posicionar a estas localidades como municipios de inter\u00e9s micol\u00f3gico y por ello, ser espacio referente en lo que se refiere al apasionante mundo de las setas.<\/p><h4><strong>PROGRAMA<\/strong><\/h4><p>El programa arrancar\u00e1 en Boecillo el jueves 13 con la inauguraci\u00f3n de las jornadas, desde las siete de la tarde en la Sala de Exposiciones del Centro C\u00edvico, por parte del alcalde, Ra\u00fal G\u00f3mez. Entrados en materia, la velada continuar\u00e1 con una conferencia de Aurelio Garc\u00eda Blanco, presidente de <em>la <\/em>Asociaci\u00f3n Vallisoletana Micolog\u00eda, eminencia en la materia y fijo de esta cita, que disertar\u00e1 sobre \u00abSetas de ribera en la cuenca del Duero a su paso por la provincia de Valladolid\u00bb. Como actividades complementarias se podr\u00e1 disfrutar de la proyecci\u00f3n de im\u00e1genes del aficionado a la fotograf\u00eda Juli\u00e1n Extremiana y del posterior Taller de cocteler\u00eda de autor y cata para los asistentes, a cargo de los bartender Jos\u00e9 Luis Aguilar Rodr\u00edguez, del Chiringuito \u201cLa Olma\u201d, y de Iv\u00e1n Mart\u00edn Miguel<em>, <\/em>del<em> Bossanova Lounge Bar. <\/em><\/p><p>Finalizado este acto inaugural, todo el que lo desee tiene la posibilidad de disfrutar de los pinchos elaborados por los bares de Boecillo en la ya tradicional ruta gastron\u00f3mica de estas creaciones culinarias minimalistas.<\/p><p>Al d\u00eda siguiente, viernes 14, la cita ser\u00e1 en Tudela de Duero. All\u00ed, presentada por el alcalde de la villa, \u00d3scar Rodr\u00edguez, el presidente de la Asociaci\u00f3n Micol\u00f3gica de Tudela de Duero, Pablo Juste Ceballos, ofrecer\u00e1 la ponencia <em>\u00ab<\/em>Hongos hipogeos y setas de nuestro entorno\u201d. Le acompa\u00f1ara Aurelio Garc\u00eda Blanco. Ser\u00e1 en el sal\u00f3n de plenos de la Casa Consistorial desde las seis de la tarde y, al igual que en Boecillo la jornada anterior, la entrada ser\u00e1 libre hasta completar aforo. Adem\u00e1s, cada asistente recibir\u00e1 una invitaci\u00f3n de un pincho a elegir en uno de los bares participantes de Tudela de Duero y Herrera de Duero.<\/p><p>La jornada del s\u00e1bado se presenta intensa. Para empezar, a las 9:30 horas se ha organzido una salida en busca de setas El grupo de Boecillo saldr\u00e1 desde la plaza Mayor de Herrera de Duero, mientras que el de Tudela lo har\u00e1 desde la entrada del pinar de \u2018Santinos\u2019 -previa inscripci\u00f3n en cada ayuntamiento con un precio de 4 euros los mayores de 14 a\u00f1os, salvo colaboradores, y 2 euros los menores de 14 a\u00f1os-. El encuentro de los dos grupos ser\u00e1 sobre las 11:00 horas aproximadamente realizan una para para almorzar (cada recolector deber\u00e1 llevar su almuerzo) as\u00ed como un taller de las especies recogidas y charla. Posteriormente se pondr\u00e1n en com\u00fan las especies recogidas y, a partir de las 13:30 horas, se podr\u00e1 degustar un plato de patatas con n\u00edscalos en la plaza mayor de Herrera de Duero. Tambi\u00e9n en Herrera se podr\u00e1 participar en un verm\u00fa torero organizado por \u2018El nido de Rub\u00e9n\u2019 desde las 17:00 horas que tendr\u00e1 un car\u00e1cter solidario con un donativo con m\u00ednimo de dos euros a favor de la Asociaci\u00f3n de Enfermos de Lyme de Tudela. Aparte de la degustaci\u00f3n de patatas con n\u00edcalos, tambi\u00e9n existe la posibilidad de dar cuenta de un men\u00fa micol\u00f3gico desde las 15:00 horas en Boecillo horas -previa inscripci\u00f3n en el Ayuntamiento- al precio de 20 euros los adultos y 16 euros los ni\u00f1os.<\/p><p>El punto y final de esta jornada central de las jornadas lo pondr\u00e1n las exposiciones de las setas recogidas durante la ma\u00f1ana que se habilitar\u00e1n en el patio del Ayuntamiento de Boecillo a partir de las 17:00 horas y el auditorio de Tudela desde las 18:00 horas.<\/p><p>El \u00faltimo d\u00eda del ciclo micol\u00f3gico, el domingo 16, se ha organizado una nueva edici\u00f3n de la Fiesta de Exaltaci\u00f3n del N\u00edscalo que dar\u00e1 comienzo a partir de las 9:30 horas con una salida para recolectar por el Monte de Boecillo. Para participar es necesario inscribirse en el Ayuntamiento -precio de 3 euros los adultos y 1 euro los ni\u00f1os- y la salida se realizar\u00e1 desde la Plaza de los Condes de Gamazo.<\/p><p>Tambi\u00e9n este domingo, a partir de las 13:30 horas, se podr\u00e1 disfrutar del IV N\u00edscalo Rock que incluye en su programa el concierto de \u2018Langosta\u2019 as\u00ed como una degustaci\u00f3n de patatas con setas y n\u00edscalos con un donativo m\u00ednimo de 2 euros a favor de la Asociaci\u00f3n de Donantes de Sangre de Valladolid.<\/p><h4><strong>ACTIVIDADES COMPLEMENTARIAS<\/strong><\/h4><p>Complementariamente a este programa, del 17 al 19 de noviembre, los m\u00e1s peque\u00f1os contar\u00e1n con su propia programaci\u00f3n de actividades en las que participar\u00e1n grupos de los centros escolares de los municipios organizadores.<\/p><p class=\"MsoNormal\">Adem\u00e1s, durante las\u00a0jornadas se podr\u00e1 realizar tambi\u00e9n la Ruta de Tapas por los establecimientos hosteleros<br \/>de las localidades organizadoras. En el caso de Boecillo los participantes<br \/>ser\u00e1n: \u2018Bossanova Lounge Bar\u2019 (calle Veintinueve), \u2018Jamoner\u00eda de Boecillo\u2019<br \/>(calle Veintinueve), Pub \u2018El Yugo\u2019 (plaza El Vendimiador), \u2018Malabares\u2019 pizza<br \/>(bar plaza El Vendimiador), bar \u2018La Parra de Boecillo\u2019 (calle Olma), y<br \/>restaurante \u2018Pago La Barca\u2019 (urbanizaci\u00f3n). Todos ellos ofrecer\u00e1n una amplia<br \/>variedad de elaboraciones con setas y hongos que ofrecer\u00e1n, a un precio de 2,50<br \/>euros, desde el jueves 13.<\/p>\t\t\t\t\t\t\t\t<\/div>\n\t\t\t\t\t<\/div>\n\t\t\t\t<\/div>\n\t\t\t\t<\/div>","protected":false},"excerpt":{"rendered":"<p>Boecillo, Tudela y Herrera de Duero se preparan para disfrutar de la micolog\u00eda Las dos \u00faltimas localidades se unen a la primera en sus XVI Jornadas Micol\u00f3gicas que se celebrar\u00e1n entre el 13 y el 16 de noviembre Entre otras actividades se celebrar\u00e1 la \u201cIX Fiesta de Exaltaci\u00f3n del n\u00edscalo\u201d, \u00fanica en Espa\u00f1a Pueblosycomarcas.com;\u00a0@PueblosComarcas Llega el oto\u00f1o y los vecinos de Boecillo y aficionados a la micolog\u00eda se preparan para acudir a los montes y pinares del entorno en busca de los ansiados productos, este a\u00f1o m\u00e1s escaso por la falta de lluvias, en las que ya son las XVI Jornadas Micol\u00f3gicas de la localidad, evento que se ha consolidado como uno de los m\u00e1s importantes de Castilla y Le\u00f3n en el mundo de los hongos. La principal novedad de este a\u00f1o es que a Boecillo se le suman Tudela y Herrera de Duero en la celebraci\u00f3n de esta cita. A pesar de un verano poco lluvioso, el oto\u00f1o se est\u00e1 animando y, por ello, el programa no est\u00e1 exento de un gran n\u00famero de actividades basadas en charlas, rutas micol\u00f3gicas, jornadas gastron\u00f3micas y de degustaciones, una comida entre los asistentes, as\u00ed como talleres de identificaci\u00f3n de especies y exposiciones; tambi\u00e9n participar\u00e1n los Centros Escolares de las localidades y los bares de los municipios con una nueva edici\u00f3n de pinchos con hongos y setas. Adem\u00e1s, con la celebraci\u00f3n de la \u201cIX Fiesta de Exaltaci\u00f3n del N\u00edscalo\u201d de Castilla y Le\u00f3n, se pretende posicionar a estas localidades como municipios de inter\u00e9s micol\u00f3gico y por ello, ser espacio referente en lo que se refiere al apasionante mundo de las setas. PROGRAMA El programa arrancar\u00e1 en Boecillo el jueves 13 con la inauguraci\u00f3n de las jornadas, desde las siete de la tarde en la Sala de Exposiciones del Centro C\u00edvico, por parte del alcalde, Ra\u00fal G\u00f3mez. Entrados en materia, la velada continuar\u00e1 con una conferencia de Aurelio Garc\u00eda Blanco, presidente de la Asociaci\u00f3n Vallisoletana Micolog\u00eda, eminencia en la materia y fijo de esta cita, que disertar\u00e1 sobre \u00abSetas de ribera en la cuenca del Duero a su paso por la provincia de Valladolid\u00bb. Como actividades complementarias se podr\u00e1 disfrutar de la proyecci\u00f3n de im\u00e1genes del aficionado a la fotograf\u00eda Juli\u00e1n Extremiana y del posterior Taller de cocteler\u00eda de autor y cata para los asistentes, a cargo de los bartender Jos\u00e9 Luis Aguilar Rodr\u00edguez, del Chiringuito \u201cLa Olma\u201d, y de Iv\u00e1n Mart\u00edn Miguel, del Bossanova Lounge Bar. Finalizado este acto inaugural, todo el que lo desee tiene la posibilidad de disfrutar de los pinchos elaborados por los bares de Boecillo en la ya tradicional ruta gastron\u00f3mica de estas creaciones culinarias minimalistas. Al d\u00eda siguiente, viernes 14, la cita ser\u00e1 en Tudela de Duero. All\u00ed, presentada por el alcalde de la villa, \u00d3scar Rodr\u00edguez, el presidente de la Asociaci\u00f3n Micol\u00f3gica de Tudela de Duero, Pablo Juste Ceballos, ofrecer\u00e1 la ponencia \u00abHongos hipogeos y setas de nuestro entorno\u201d. Le acompa\u00f1ara Aurelio Garc\u00eda Blanco. Ser\u00e1 en el sal\u00f3n de plenos de la Casa Consistorial desde las seis de la tarde y, al igual que en Boecillo la jornada anterior, la entrada ser\u00e1 libre hasta completar aforo. Adem\u00e1s, cada asistente recibir\u00e1 una invitaci\u00f3n de un pincho a elegir en uno de los bares participantes de Tudela de Duero y Herrera de Duero. La jornada del s\u00e1bado se presenta intensa. Para empezar, a las 9:30 horas se ha organzido una salida en busca de setas El grupo de Boecillo saldr\u00e1 desde la plaza Mayor de Herrera de Duero, mientras que el de Tudela lo har\u00e1 desde la entrada del pinar de \u2018Santinos\u2019 -previa inscripci\u00f3n en cada ayuntamiento con un precio de 4 euros los mayores de 14 a\u00f1os, salvo colaboradores, y 2 euros los menores de 14 a\u00f1os-. El encuentro de los dos grupos ser\u00e1 sobre las 11:00 horas aproximadamente realizan una para para almorzar (cada recolector deber\u00e1 llevar su almuerzo) as\u00ed como un taller de las especies recogidas y charla. Posteriormente se pondr\u00e1n en com\u00fan las especies recogidas y, a partir de las 13:30 horas, se podr\u00e1 degustar un plato de patatas con n\u00edscalos en la plaza mayor de Herrera de Duero. Tambi\u00e9n en Herrera se podr\u00e1 participar en un verm\u00fa torero organizado por \u2018El nido de Rub\u00e9n\u2019 desde las 17:00 horas que tendr\u00e1 un car\u00e1cter solidario con un donativo con m\u00ednimo de dos euros a favor de la Asociaci\u00f3n de Enfermos de Lyme de Tudela. Aparte de la degustaci\u00f3n de patatas con n\u00edcalos, tambi\u00e9n existe la posibilidad de dar cuenta de un men\u00fa micol\u00f3gico desde las 15:00 horas en Boecillo horas -previa inscripci\u00f3n en el Ayuntamiento- al precio de 20 euros los adultos y 16 euros los ni\u00f1os. El punto y final de esta jornada central de las jornadas lo pondr\u00e1n las exposiciones de las setas recogidas durante la ma\u00f1ana que se habilitar\u00e1n en el patio del Ayuntamiento de Boecillo a partir de las 17:00 horas y el auditorio de Tudela desde las 18:00 horas. El \u00faltimo d\u00eda del ciclo micol\u00f3gico, el domingo 16, se ha organizado una nueva edici\u00f3n de la Fiesta de Exaltaci\u00f3n del N\u00edscalo que dar\u00e1 comienzo a partir de las 9:30 horas con una salida para recolectar por el Monte de Boecillo. Para participar es necesario inscribirse en el Ayuntamiento -precio de 3 euros los adultos y 1 euro los ni\u00f1os- y la salida se realizar\u00e1 desde la Plaza de los Condes de Gamazo. Tambi\u00e9n este domingo, a partir de las 13:30 horas, se podr\u00e1 disfrutar del IV N\u00edscalo Rock que incluye en su programa el concierto de \u2018Langosta\u2019 as\u00ed como una degustaci\u00f3n de patatas con setas y n\u00edscalos con un donativo m\u00ednimo de 2 euros a favor de la Asociaci\u00f3n de Donantes de Sangre de Valladolid. ACTIVIDADES COMPLEMENTARIAS Complementariamente a este programa, del 17 al 19 de noviembre, los m\u00e1s peque\u00f1os contar\u00e1n con su propia programaci\u00f3n de actividades en las que participar\u00e1n grupos de los centros escolares de los municipios organizadores. Adem\u00e1s, durante las\u00a0jornadas se podr\u00e1 realizar tambi\u00e9n la Ruta de Tapas por los establecimientos hostelerosde las localidades organizadoras. En el<\/p>","protected":false},"author":1,"featured_media":2236,"comment_status":"open","ping_status":"closed","sticky":false,"template":"","format":"standard","meta":{"site-sidebar-layout":"default","site-content-layout":"","ast-site-content-layout":"default","site-content-style":"default","site-sidebar-style":"default","ast-global-header-display":"","ast-banner-title-visibility":"","ast-main-header-display":"","ast-hfb-above-header-display":"","ast-hfb-below-header-display":"","ast-hfb-mobile-header-display":"","site-post-title":"disabled","ast-breadcrumbs-content":"","ast-featured-img":"","footer-sml-layout":"","theme-transparent-header-meta":"","adv-header-id-meta":"","stick-header-meta":"","header-above-stick-meta":"","header-main-stick-meta":"","header-below-stick-meta":"","astra-migrate-meta-layouts":"default","ast-page-background-enabled":"default","ast-page-background-meta":{"desktop":{"background-color":"var(--ast-global-color-5)","background-image":"","background-repeat":"repeat","background-position":"center center","background-size":"auto","background-attachment":"scroll","background-type":"","background-media":"","overlay-type":"","overlay-color":"","overlay-opacity":"","overlay-gradient":""},"tablet":{"background-color":"","background-image":"","background-repeat":"repeat","background-position":"center center","background-size":"auto","background-attachment":"scroll","background-type":"","background-media":"","overlay-type":"","overlay-color":"","overlay-opacity":"","overlay-gradient":""},"mobile":{"background-color":"","background-image":"","background-repeat":"repeat","background-position":"center center","background-size":"auto","background-attachment":"scroll","background-type":"","background-media":"","overlay-type":"","overlay-color":"","overlay-opacity":"","overlay-gradient":""}},"ast-content-background-meta":{"desktop":{"background-color":"var(--ast-global-color-4)","background-image":"","background-repeat":"repeat","background-position":"center center","background-size":"auto","background-attachment":"scroll","background-type":"","background-media":"","overlay-type":"","overlay-color":"","overlay-opacity":"","overlay-gradient":""},"tablet":{"background-color":"var(--ast-global-color-4)","background-image":"","background-repeat":"repeat","background-position":"center center","background-size":"auto","background-attachment":"scroll","background-type":"","background-media":"","overlay-type":"","overlay-color":"","overlay-opacity":"","overlay-gradient":""},"mobile":{"background-color":"var(--ast-global-color-4)","background-image":"","background-repeat":"repeat","background-position":"center center","background-size":"auto","background-attachment":"scroll","background-type":"","background-media":"","overlay-type":"","overlay-color":"","overlay-opacity":"","overlay-gradient":""}},"ngg_post_thumbnail":0,"footnotes":""},"categories":[11,18,16],"tags":[62,120],"class_list":["post-2235","post","type-post","status-publish","format-standard","has-post-thumbnail","hentry","category-deportes-y-ocio","category-ocio","category-portada","tag-boecillo","tag-herrera-de-duero"],"aioseo_notices":[],"rttpg_featured_image_url":{"full":["https:\/\/pueblosycomarcas.com\/wp-content\/uploads\/2025\/11\/20251105__jornadas_micologicas_boecillo.jpg",800,400,false],"landscape":["https:\/\/pueblosycomarcas.com\/wp-content\/uploads\/2025\/11\/20251105__jornadas_micologicas_boecillo.jpg",800,400,false],"portraits":["https:\/\/pueblosycomarcas.com\/wp-content\/uploads\/2025\/11\/20251105__jornadas_micologicas_boecillo.jpg",800,400,false],"thumbnail":["https:\/\/pueblosycomarcas.com\/wp-content\/uploads\/2025\/11\/20251105__jornadas_micologicas_boecillo-150x150.jpg",150,150,true],"medium":["https:\/\/pueblosycomarcas.com\/wp-content\/uploads\/2025\/11\/20251105__jornadas_micologicas_boecillo-300x150.jpg",300,150,true],"large":["https:\/\/pueblosycomarcas.com\/wp-content\/uploads\/2025\/11\/20251105__jornadas_micologicas_boecillo.jpg",800,400,false],"1536x1536":["https:\/\/pueblosycomarcas.com\/wp-content\/uploads\/2025\/11\/20251105__jornadas_micologicas_boecillo.jpg",800,400,false],"2048x2048":["https:\/\/pueblosycomarcas.com\/wp-content\/uploads\/2025\/11\/20251105__jornadas_micologicas_boecillo.jpg",800,400,false],"trp-custom-language-flag":["https:\/\/pueblosycomarcas.com\/wp-content\/uploads\/2025\/11\/20251105__jornadas_micologicas_boecillo.jpg",18,9,false]},"rttpg_author":{"display_name":"admin","author_link":"https:\/\/pueblosycomarcas.com\/en\/author\/webalquimia\/"},"rttpg_comment":0,"rttpg_category":"<a href=\"https:\/\/pueblosycomarcas.com\/en\/category\/deportes-y-ocio\/\" rel=\"category tag\">Deporte y Ocio<\/a> <a href=\"https:\/\/pueblosycomarcas.com\/en\/category\/ocio\/\" rel=\"category tag\">Ocio<\/a> <a href=\"https:\/\/pueblosycomarcas.com\/en\/category\/portada\/\" rel=\"category tag\">Portada<\/a>","rttpg_excerpt":"Boecillo, Tudela y Herrera de Duero se preparan para disfrutar de la micolog\u00eda Las dos \u00faltimas localidades se unen a la primera en sus XVI Jornadas Micol\u00f3gicas que se celebrar\u00e1n entre el 13 y el 16 de noviembre Entre otras actividades se celebrar\u00e1 la \u201cIX Fiesta de Exaltaci\u00f3n del n\u00edscalo\u201d, \u00fanica en Espa\u00f1a Pueblosycomarcas.com;\u00a0@PueblosComarcas Llega&hellip;","_links":{"self":[{"href":"https:\/\/pueblosycomarcas.com\/en\/wp-json\/wp\/v2\/posts\/2235","targetHints":{"allow":["GET"]}}],"collection":[{"href":"https:\/\/pueblosycomarcas.com\/en\/wp-json\/wp\/v2\/posts"}],"about":[{"href":"https:\/\/pueblosycomarcas.com\/en\/wp-json\/wp\/v2\/types\/post"}],"author":[{"embeddable":true,"href":"https:\/\/pueblosycomarcas.com\/en\/wp-json\/wp\/v2\/users\/1"}],"replies":[{"embeddable":true,"href":"https:\/\/pueblosycomarcas.com\/en\/wp-json\/wp\/v2\/comments?post=2235"}],"version-history":[{"count":8,"href":"https:\/\/pueblosycomarcas.com\/en\/wp-json\/wp\/v2\/posts\/2235\/revisions"}],"predecessor-version":[{"id":2244,"href":"https:\/\/pueblosycomarcas.com\/en\/wp-json\/wp\/v2\/posts\/2235\/revisions\/2244"}],"wp:featuredmedia":[{"embeddable":true,"href":"https:\/\/pueblosycomarcas.com\/en\/wp-json\/wp\/v2\/media\/2236"}],"wp:attachment":[{"href":"https:\/\/pueblosycomarcas.com\/en\/wp-json\/wp\/v2\/media?parent=2235"}],"wp:term":[{"taxonomy":"category","embeddable":true,"href":"https:\/\/pueblosycomarcas.com\/en\/wp-json\/wp\/v2\/categories?post=2235"},{"taxonomy":"post_tag","embeddable":true,"href":"https:\/\/pueblosycomarcas.com\/en\/wp-json\/wp\/v2\/tags?post=2235"}],"curies":[{"name":"wp","href":"https:\/\/api.w.org\/{rel}","templated":true}]}}