{"id":2208,"date":"2025-11-05T11:30:00","date_gmt":"2025-11-05T10:30:00","guid":{"rendered":"https:\/\/webalquimia.es\/?p=2208"},"modified":"2025-11-05T11:46:23","modified_gmt":"2025-11-05T10:46:23","slug":"detenido-en-laguna-de-duero-por-el-robo-en-una-gasolinera-tras-protagonizar-un-acto-vandalico-en-un-establecimiento-hostelero-cercano","status":"publish","type":"post","link":"https:\/\/pueblosycomarcas.com\/en\/detenido-en-laguna-de-duero-por-el-robo-en-una-gasolinera-tras-protagonizar-un-acto-vandalico-en-un-establecimiento-hostelero-cercano\/","title":{"rendered":"Detenido en Laguna de Duero por el robo en una gasolinera tras protagonizar un acto vand\u00e1lico en un establecimiento hostelero cercano"},"content":{"rendered":"<div data-elementor-type=\"wp-post\" data-elementor-id=\"2208\" class=\"elementor elementor-2208\">\n\t\t\t\t<div class=\"elementor-element elementor-element-c0a52b8 e-flex e-con-boxed wpr-particle-no wpr-jarallax-no wpr-parallax-no wpr-sticky-section-no wpr-equal-height-no e-con e-parent\" data-id=\"c0a52b8\" data-element_type=\"container\" data-e-type=\"container\">\n\t\t\t\t\t<div class=\"e-con-inner\">\n\t\t\t\t<div class=\"elementor-element elementor-element-0198515 elementor-widget elementor-widget-heading\" data-id=\"0198515\" data-element_type=\"widget\" data-e-type=\"widget\" data-widget_type=\"heading.default\">\n\t\t\t\t\t<h2 class=\"elementor-heading-title elementor-size-default\">Detenido en Laguna de Duero por el robo en una gasolinera tras protagonizar un acto vand\u00e1lico en un establecimiento hostelero cercano<\/h2>\t\t\t\t<\/div>\n\t\t\t\t<div class=\"elementor-element elementor-element-b546e0e elementor-widget elementor-widget-text-editor\" data-id=\"b546e0e\" data-element_type=\"widget\" data-e-type=\"widget\" data-widget_type=\"text-editor.default\">\n\t\t\t\t\t\t\t\t\t<ul><li><h6><em><strong>La Guardia Civil inform\u00f3 al propietario del negocio sobre los pasos a seguir para formalizar la denuncia, iniciando as\u00ed el correspondiente procedimiento judicial<\/strong><\/em><\/h6><\/li><\/ul>\t\t\t\t\t\t\t\t<\/div>\n\t\t\t\t<div class=\"elementor-element elementor-element-c376f6e elementor-widget-divider--view-line elementor-widget elementor-widget-divider\" data-id=\"c376f6e\" data-element_type=\"widget\" data-e-type=\"widget\" data-widget_type=\"divider.default\">\n\t\t\t\t\t\t\t<div class=\"elementor-divider\">\n\t\t\t<span class=\"elementor-divider-separator\">\n\t\t\t\t\t\t<\/span>\n\t\t<\/div>\n\t\t\t\t\t\t<\/div>\n\t\t\t\t<div class=\"elementor-element elementor-element-bb495f9 elementor-widget elementor-widget-image\" data-id=\"bb495f9\" data-element_type=\"widget\" data-e-type=\"widget\" data-widget_type=\"image.default\">\n\t\t\t\t\t\t\t\t\t\t\t\t\t\t\t<img fetchpriority=\"high\" decoding=\"async\" width=\"800\" height=\"400\" src=\"https:\/\/pueblosycomarcas.com\/wp-content\/uploads\/2025\/10\/20251015_guardia_civil_tordesillas.jpg\" class=\"attachment-large size-large wp-image-773\" alt=\"\" srcset=\"https:\/\/pueblosycomarcas.com\/wp-content\/uploads\/2025\/10\/20251015_guardia_civil_tordesillas.jpg 800w, https:\/\/pueblosycomarcas.com\/wp-content\/uploads\/2025\/10\/20251015_guardia_civil_tordesillas-300x150.jpg 300w, https:\/\/pueblosycomarcas.com\/wp-content\/uploads\/2025\/10\/20251015_guardia_civil_tordesillas-768x384.jpg 768w\" sizes=\"(max-width: 800px) 100vw, 800px\" \/>\t\t\t\t\t\t\t\t\t\t\t\t\t\t\t<\/div>\n\t\t\t\t<div class=\"elementor-element elementor-element-4a0bed2 elementor-widget elementor-widget-text-editor\" data-id=\"4a0bed2\" data-element_type=\"widget\" data-e-type=\"widget\" data-widget_type=\"text-editor.default\">\n\t\t\t\t\t\t\t\t\t<p><a href=\"https:\/\/www.facebook.com\/Pueblos-y-Comarcas-125437870924169\/?fref=ts\"><em><strong>Pueblosycomarcas.com<\/strong><\/em><\/a><em><strong>;\u00a0<\/strong><\/em><a href=\"https:\/\/twitter.com\/PueblosComarcas\"><em><strong>@PueblosComarcas<\/strong><\/em><\/a><\/p><p>La Guardia Civil de Valladolid ha procedido a la detenci\u00f3n de un hombre de nacionalidad extranjera, como presunto autor de un delito de robo con fuerza en una gasolinera de Laguna de Duero.<\/p><p>La Guardia Civil tuvo conocimiento cuando recibi\u00f3 un aviso alertando sobre un altercado en la terraza de un establecimiento hostelero de Laguna de Duero. Seg\u00fan testigos, un individuo encapuchado hab\u00eda causado graves destrozos, lanzando sillas, mesas y hasta un cenicero de cristal contra la v\u00eda p\u00fablica.<\/p><p>Al llegar al lugar, los agentes comprobaron los da\u00f1os: el mobiliario estaba esparcido por la acera y la calzada, aunque el sospechoso ya hab\u00eda huido. Minutos despu\u00e9s, se recibi\u00f3 un segundo aviso: una persona encapuchada intentaba acceder a una gasolinera cercana.<\/p><p>Los agentes de la Guardia Civil se desplazaron r\u00e1pidamente al lugar y encontraron un boquete en el cristal de la entrada principal, aparentemente causado con un objeto contundente. Del interior sal\u00eda un hombre encapuchado, vestido con ropa deportiva, que sosten\u00eda varias botellas de alcohol.<\/p><p>Ante esta situaci\u00f3n, los agentes actuaron con rapidez. Le ordenaron verbalmente que soltara los objetos y saliera del establecimiento. El individuo obedeci\u00f3 y fue detenido en el acto, tras descender de una plataforma met\u00e1lica que hab\u00eda utilizado para acceder al local.<\/p><p>La Guardia Civil inform\u00f3 al propietario del negocio sobre los pasos a seguir para formalizar la denuncia, iniciando as\u00ed el correspondiente procedimiento judicial.<\/p>\t\t\t\t\t\t\t\t<\/div>\n\t\t\t\t\t<\/div>\n\t\t\t\t<\/div>\n\t\t\t\t<\/div>","protected":false},"excerpt":{"rendered":"<p>Detenido en Laguna de Duero por el robo en una gasolinera tras protagonizar un acto vand\u00e1lico en un establecimiento hostelero cercano La Guardia Civil inform\u00f3 al propietario del negocio sobre los pasos a seguir para formalizar la denuncia, iniciando as\u00ed el correspondiente procedimiento judicial Pueblosycomarcas.com;\u00a0@PueblosComarcas La Guardia Civil de Valladolid ha procedido a la detenci\u00f3n de un hombre de nacionalidad extranjera, como presunto autor de un delito de robo con fuerza en una gasolinera de Laguna de Duero. La Guardia Civil tuvo conocimiento cuando recibi\u00f3 un aviso alertando sobre un altercado en la terraza de un establecimiento hostelero de Laguna de Duero. Seg\u00fan testigos, un individuo encapuchado hab\u00eda causado graves destrozos, lanzando sillas, mesas y hasta un cenicero de cristal contra la v\u00eda p\u00fablica. Al llegar al lugar, los agentes comprobaron los da\u00f1os: el mobiliario estaba esparcido por la acera y la calzada, aunque el sospechoso ya hab\u00eda huido. Minutos despu\u00e9s, se recibi\u00f3 un segundo aviso: una persona encapuchada intentaba acceder a una gasolinera cercana. Los agentes de la Guardia Civil se desplazaron r\u00e1pidamente al lugar y encontraron un boquete en el cristal de la entrada principal, aparentemente causado con un objeto contundente. Del interior sal\u00eda un hombre encapuchado, vestido con ropa deportiva, que sosten\u00eda varias botellas de alcohol. Ante esta situaci\u00f3n, los agentes actuaron con rapidez. Le ordenaron verbalmente que soltara los objetos y saliera del establecimiento. El individuo obedeci\u00f3 y fue detenido en el acto, tras descender de una plataforma met\u00e1lica que hab\u00eda utilizado para acceder al local. La Guardia Civil inform\u00f3 al propietario del negocio sobre los pasos a seguir para formalizar la denuncia, iniciando as\u00ed el correspondiente procedimiento judicial.<\/p>","protected":false},"author":1,"featured_media":773,"comment_status":"open","ping_status":"closed","sticky":false,"template":"","format":"standard","meta":{"site-sidebar-layout":"default","site-content-layout":"","ast-site-content-layout":"default","site-content-style":"default","site-sidebar-style":"default","ast-global-header-display":"","ast-banner-title-visibility":"","ast-main-header-display":"","ast-hfb-above-header-display":"","ast-hfb-below-header-display":"","ast-hfb-mobile-header-display":"","site-post-title":"disabled","ast-breadcrumbs-content":"","ast-featured-img":"","footer-sml-layout":"","theme-transparent-header-meta":"","adv-header-id-meta":"","stick-header-meta":"","header-above-stick-meta":"","header-main-stick-meta":"","header-below-stick-meta":"","astra-migrate-meta-layouts":"default","ast-page-background-enabled":"default","ast-page-background-meta":{"desktop":{"background-color":"var(--ast-global-color-5)","background-image":"","background-repeat":"repeat","background-position":"center center","background-size":"auto","background-attachment":"scroll","background-type":"","background-media":"","overlay-type":"","overlay-color":"","overlay-opacity":"","overlay-gradient":""},"tablet":{"background-color":"","background-image":"","background-repeat":"repeat","background-position":"center center","background-size":"auto","background-attachment":"scroll","background-type":"","background-media":"","overlay-type":"","overlay-color":"","overlay-opacity":"","overlay-gradient":""},"mobile":{"background-color":"","background-image":"","background-repeat":"repeat","background-position":"center center","background-size":"auto","background-attachment":"scroll","background-type":"","background-media":"","overlay-type":"","overlay-color":"","overlay-opacity":"","overlay-gradient":""}},"ast-content-background-meta":{"desktop":{"background-color":"var(--ast-global-color-4)","background-image":"","background-repeat":"repeat","background-position":"center center","background-size":"auto","background-attachment":"scroll","background-type":"","background-media":"","overlay-type":"","overlay-color":"","overlay-opacity":"","overlay-gradient":""},"tablet":{"background-color":"var(--ast-global-color-4)","background-image":"","background-repeat":"repeat","background-position":"center center","background-size":"auto","background-attachment":"scroll","background-type":"","background-media":"","overlay-type":"","overlay-color":"","overlay-opacity":"","overlay-gradient":""},"mobile":{"background-color":"var(--ast-global-color-4)","background-image":"","background-repeat":"repeat","background-position":"center center","background-size":"auto","background-attachment":"scroll","background-type":"","background-media":"","overlay-type":"","overlay-color":"","overlay-opacity":"","overlay-gradient":""}},"ngg_post_thumbnail":0,"footnotes":""},"categories":[10,16,12],"tags":[28,57],"class_list":["post-2208","post","type-post","status-publish","format-standard","has-post-thumbnail","hentry","category-otras-comarcas","category-portada","category-sucesos","tag-guardia-civil","tag-laguna-de-duero"],"aioseo_notices":[],"rttpg_featured_image_url":{"full":["https:\/\/pueblosycomarcas.com\/wp-content\/uploads\/2025\/10\/20251015_guardia_civil_tordesillas.jpg",800,400,false],"landscape":["https:\/\/pueblosycomarcas.com\/wp-content\/uploads\/2025\/10\/20251015_guardia_civil_tordesillas.jpg",800,400,false],"portraits":["https:\/\/pueblosycomarcas.com\/wp-content\/uploads\/2025\/10\/20251015_guardia_civil_tordesillas.jpg",800,400,false],"thumbnail":["https:\/\/pueblosycomarcas.com\/wp-content\/uploads\/2025\/10\/20251015_guardia_civil_tordesillas-150x150.jpg",150,150,true],"medium":["https:\/\/pueblosycomarcas.com\/wp-content\/uploads\/2025\/10\/20251015_guardia_civil_tordesillas-300x150.jpg",300,150,true],"large":["https:\/\/pueblosycomarcas.com\/wp-content\/uploads\/2025\/10\/20251015_guardia_civil_tordesillas.jpg",800,400,false],"1536x1536":["https:\/\/pueblosycomarcas.com\/wp-content\/uploads\/2025\/10\/20251015_guardia_civil_tordesillas.jpg",800,400,false],"2048x2048":["https:\/\/pueblosycomarcas.com\/wp-content\/uploads\/2025\/10\/20251015_guardia_civil_tordesillas.jpg",800,400,false],"trp-custom-language-flag":["https:\/\/pueblosycomarcas.com\/wp-content\/uploads\/2025\/10\/20251015_guardia_civil_tordesillas.jpg",18,9,false]},"rttpg_author":{"display_name":"admin","author_link":"https:\/\/pueblosycomarcas.com\/en\/author\/webalquimia\/"},"rttpg_comment":0,"rttpg_category":"<a href=\"https:\/\/pueblosycomarcas.com\/en\/category\/otras-comarcas\/\" rel=\"category tag\">Otras Comarcas<\/a> <a href=\"https:\/\/pueblosycomarcas.com\/en\/category\/portada\/\" rel=\"category tag\">Portada<\/a> <a href=\"https:\/\/pueblosycomarcas.com\/en\/category\/sucesos\/\" rel=\"category tag\">Sucesos<\/a>","rttpg_excerpt":"Detenido en Laguna de Duero por el robo en una gasolinera tras protagonizar un acto vand\u00e1lico en un establecimiento hostelero cercano La Guardia Civil inform\u00f3 al propietario del negocio sobre los pasos a seguir para formalizar la denuncia, iniciando as\u00ed el correspondiente procedimiento judicial Pueblosycomarcas.com;\u00a0@PueblosComarcas La Guardia Civil de Valladolid ha procedido a la detenci\u00f3n&hellip;","_links":{"self":[{"href":"https:\/\/pueblosycomarcas.com\/en\/wp-json\/wp\/v2\/posts\/2208","targetHints":{"allow":["GET"]}}],"collection":[{"href":"https:\/\/pueblosycomarcas.com\/en\/wp-json\/wp\/v2\/posts"}],"about":[{"href":"https:\/\/pueblosycomarcas.com\/en\/wp-json\/wp\/v2\/types\/post"}],"author":[{"embeddable":true,"href":"https:\/\/pueblosycomarcas.com\/en\/wp-json\/wp\/v2\/users\/1"}],"replies":[{"embeddable":true,"href":"https:\/\/pueblosycomarcas.com\/en\/wp-json\/wp\/v2\/comments?post=2208"}],"version-history":[{"count":5,"href":"https:\/\/pueblosycomarcas.com\/en\/wp-json\/wp\/v2\/posts\/2208\/revisions"}],"predecessor-version":[{"id":2213,"href":"https:\/\/pueblosycomarcas.com\/en\/wp-json\/wp\/v2\/posts\/2208\/revisions\/2213"}],"wp:featuredmedia":[{"embeddable":true,"href":"https:\/\/pueblosycomarcas.com\/en\/wp-json\/wp\/v2\/media\/773"}],"wp:attachment":[{"href":"https:\/\/pueblosycomarcas.com\/en\/wp-json\/wp\/v2\/media?parent=2208"}],"wp:term":[{"taxonomy":"category","embeddable":true,"href":"https:\/\/pueblosycomarcas.com\/en\/wp-json\/wp\/v2\/categories?post=2208"},{"taxonomy":"post_tag","embeddable":true,"href":"https:\/\/pueblosycomarcas.com\/en\/wp-json\/wp\/v2\/tags?post=2208"}],"curies":[{"name":"wp","href":"https:\/\/api.w.org\/{rel}","templated":true}]}}