{"id":2150,"date":"2025-11-04T14:33:13","date_gmt":"2025-11-04T13:33:13","guid":{"rendered":"https:\/\/webalquimia.es\/?p=2150"},"modified":"2025-11-04T14:34:55","modified_gmt":"2025-11-04T13:34:55","slug":"la-guardia-civil-detiene-a-dos-miembros-de-un-grupo-criminal-especializado-en-el-robo-a-comerciales-de-joyeria","status":"publish","type":"post","link":"https:\/\/pueblosycomarcas.com\/en\/la-guardia-civil-detiene-a-dos-miembros-de-un-grupo-criminal-especializado-en-el-robo-a-comerciales-de-joyeria\/","title":{"rendered":"La Guardia Civil detiene a dos miembros de un grupo criminal especializado en el robo a comerciales de joyer\u00eda"},"content":{"rendered":"<div data-elementor-type=\"wp-post\" data-elementor-id=\"2150\" class=\"elementor elementor-2150\">\n\t\t\t\t<div class=\"elementor-element elementor-element-e1552dc e-flex e-con-boxed wpr-particle-no wpr-jarallax-no wpr-parallax-no wpr-sticky-section-no wpr-equal-height-no e-con e-parent\" data-id=\"e1552dc\" data-element_type=\"container\" data-e-type=\"container\">\n\t\t\t\t\t<div class=\"e-con-inner\">\n\t\t\t\t<div class=\"elementor-element elementor-element-4f4007f elementor-widget elementor-widget-heading\" data-id=\"4f4007f\" data-element_type=\"widget\" data-e-type=\"widget\" data-widget_type=\"heading.default\">\n\t\t\t\t\t<h2 class=\"elementor-heading-title elementor-size-default\">La Guardia Civil detiene a dos miembros de un grupo criminal especializado en el robo a comerciales de joyer\u00eda<\/h2>\t\t\t\t<\/div>\n\t\t\t\t<div class=\"elementor-element elementor-element-ca51e2c elementor-widget elementor-widget-text-editor\" data-id=\"ca51e2c\" data-element_type=\"widget\" data-e-type=\"widget\" data-widget_type=\"text-editor.default\">\n\t\t\t\t\t\t\t\t\t<ul><li><h6><em><strong>Las investigaciones comenzaron con el robo a un comercial en la localidad de Tordesillas<\/strong><\/em><\/h6><\/li><li><h6><em><strong>Los detenidos tambi\u00e9n se hab\u00edan especializado en el robo con violencia a la salida de entidades bancarias<\/strong><\/em><\/h6><\/li><\/ul>\t\t\t\t\t\t\t\t<\/div>\n\t\t\t\t<div class=\"elementor-element elementor-element-babf767 elementor-widget-divider--view-line elementor-widget elementor-widget-divider\" data-id=\"babf767\" data-element_type=\"widget\" data-e-type=\"widget\" data-widget_type=\"divider.default\">\n\t\t\t\t\t\t\t<div class=\"elementor-divider\">\n\t\t\t<span class=\"elementor-divider-separator\">\n\t\t\t\t\t\t<\/span>\n\t\t<\/div>\n\t\t\t\t\t\t<\/div>\n\t\t\t\t\t<\/div>\n\t\t\t\t<\/div>\n\t\t<div class=\"elementor-element elementor-element-4b5064b e-flex e-con-boxed wpr-particle-no wpr-jarallax-no wpr-parallax-no wpr-sticky-section-no wpr-equal-height-no e-con e-parent\" data-id=\"4b5064b\" data-element_type=\"container\" data-e-type=\"container\">\n\t\t\t\t\t<div class=\"e-con-inner\">\n\t\t\t\t<div class=\"elementor-element elementor-element-377599a elementor-widget elementor-widget-text-editor\" data-id=\"377599a\" data-element_type=\"widget\" data-e-type=\"widget\" data-widget_type=\"text-editor.default\">\n\t\t\t\t\t\t\t\t\t<p><a href=\"https:\/\/www.facebook.com\/Pueblos-y-Comarcas-125437870924169\/?fref=ts\"><em><strong>Pueblosycomarcas.com<\/strong><\/em><\/a><em><strong>;\u00a0<\/strong><\/em><a href=\"https:\/\/twitter.com\/PueblosComarcas\"><em><strong>@PueblosComarcas<\/strong><\/em><\/a><\/p><p>La Guardia Civil de Valladolid, en el marco de la operaci\u00f3n \u201cMETORPA\u201d, ha procedido a la detenci\u00f3n de dos personas pertenecientes a un grupo criminal dedicado al robo en joyer\u00edas y el interior de veh\u00edculos.<\/p><p>La investigaci\u00f3n se inici\u00f3 el pasado mes de febrero cuando los componentes del grupo criminal sustrajeron el g\u00e9nero a un joyero en la localidad de Tordesillas. La v\u00edctima estaba siendo vigilada durante su actividad laboral, y a los pocos segundos de estacionar su veh\u00edculo, los presuntos delincuentes sustrajeron todo el material del interior del mismo.<\/p><p>Los investigadores llevaron a cabo una gran labor de an\u00e1lisis de los hechos e informaci\u00f3n obtenida, detectando la alta especializaci\u00f3n del grupo criminal. En su modus operandi realizaban exhaustivas vigilancias de sus objetivos, y colocaban dispositivos de seguimiento y localizaci\u00f3n en los veh\u00edculos de las v\u00edctimas.<\/p><p>Despu\u00e9s de varios meses del operativo, los Guardias Civiles localizaron a dos de los presuntos autores y miembros de la banda en la localidad de Madrid. En dicha ciudad, se estableci\u00f3 un dispositivo policial de varios d\u00edas de duraci\u00f3n, logrando la detenci\u00f3n de estas personas de nacionalidad colombiana. A una de ellas, le constaba una orden de expulsi\u00f3n del territorio nacional, hecho por el que operaba con identidad falsa, circunstancia que dificult\u00f3 su localizaci\u00f3n e identificaci\u00f3n.<\/p><p>Un tercer miembro del grupo criminal logr\u00f3 huir de Espa\u00f1a, por lo que se activaron los mecanismos policiales correspondientes para conseguir su localizaci\u00f3n y puesta a disposici\u00f3n judicial.<\/p><p>El estudio de la informaci\u00f3n obtenida en la operaci\u00f3n ha logrado determinar que este grupo criminal se habr\u00eda especializado en el robo con violencia e intimidaci\u00f3n en las personas cuando \u00e9stas retiran dinero de sus entidades bancarias, igualmente, despu\u00e9s de haberlas controlado y vigilado previamente.<\/p><p>La investigaci\u00f3n contin\u00faa abierta para la localizaci\u00f3n y detenci\u00f3n del tercer miembro de la banda criminal.<\/p><p>Las diligencias instruidas han sido remitidas al Juzgado de Instrucci\u00f3n n\u00ba 5 de Valladolid. Los detenidos fueron puestos en libertad con cargos.<\/p>\t\t\t\t\t\t\t\t<\/div>\n\t\t\t\t\t<\/div>\n\t\t\t\t<\/div>\n\t\t\t\t<\/div>","protected":false},"excerpt":{"rendered":"<p>La Guardia Civil detiene a dos miembros de un grupo criminal especializado en el robo a comerciales de joyer\u00eda Las investigaciones comenzaron con el robo a un comercial en la localidad de Tordesillas Los detenidos tambi\u00e9n se hab\u00edan especializado en el robo con violencia a la salida de entidades bancarias Pueblosycomarcas.com;\u00a0@PueblosComarcas La Guardia Civil de Valladolid, en el marco de la operaci\u00f3n \u201cMETORPA\u201d, ha procedido a la detenci\u00f3n de dos personas pertenecientes a un grupo criminal dedicado al robo en joyer\u00edas y el interior de veh\u00edculos. La investigaci\u00f3n se inici\u00f3 el pasado mes de febrero cuando los componentes del grupo criminal sustrajeron el g\u00e9nero a un joyero en la localidad de Tordesillas. La v\u00edctima estaba siendo vigilada durante su actividad laboral, y a los pocos segundos de estacionar su veh\u00edculo, los presuntos delincuentes sustrajeron todo el material del interior del mismo. Los investigadores llevaron a cabo una gran labor de an\u00e1lisis de los hechos e informaci\u00f3n obtenida, detectando la alta especializaci\u00f3n del grupo criminal. En su modus operandi realizaban exhaustivas vigilancias de sus objetivos, y colocaban dispositivos de seguimiento y localizaci\u00f3n en los veh\u00edculos de las v\u00edctimas. Despu\u00e9s de varios meses del operativo, los Guardias Civiles localizaron a dos de los presuntos autores y miembros de la banda en la localidad de Madrid. En dicha ciudad, se estableci\u00f3 un dispositivo policial de varios d\u00edas de duraci\u00f3n, logrando la detenci\u00f3n de estas personas de nacionalidad colombiana. A una de ellas, le constaba una orden de expulsi\u00f3n del territorio nacional, hecho por el que operaba con identidad falsa, circunstancia que dificult\u00f3 su localizaci\u00f3n e identificaci\u00f3n. Un tercer miembro del grupo criminal logr\u00f3 huir de Espa\u00f1a, por lo que se activaron los mecanismos policiales correspondientes para conseguir su localizaci\u00f3n y puesta a disposici\u00f3n judicial. El estudio de la informaci\u00f3n obtenida en la operaci\u00f3n ha logrado determinar que este grupo criminal se habr\u00eda especializado en el robo con violencia e intimidaci\u00f3n en las personas cuando \u00e9stas retiran dinero de sus entidades bancarias, igualmente, despu\u00e9s de haberlas controlado y vigilado previamente. La investigaci\u00f3n contin\u00faa abierta para la localizaci\u00f3n y detenci\u00f3n del tercer miembro de la banda criminal. Las diligencias instruidas han sido remitidas al Juzgado de Instrucci\u00f3n n\u00ba 5 de Valladolid. Los detenidos fueron puestos en libertad con cargos.<\/p>","protected":false},"author":1,"featured_media":1854,"comment_status":"open","ping_status":"closed","sticky":false,"template":"","format":"standard","meta":{"site-sidebar-layout":"default","site-content-layout":"","ast-site-content-layout":"default","site-content-style":"default","site-sidebar-style":"default","ast-global-header-display":"","ast-banner-title-visibility":"","ast-main-header-display":"","ast-hfb-above-header-display":"","ast-hfb-below-header-display":"","ast-hfb-mobile-header-display":"","site-post-title":"disabled","ast-breadcrumbs-content":"","ast-featured-img":"","footer-sml-layout":"","theme-transparent-header-meta":"","adv-header-id-meta":"","stick-header-meta":"","header-above-stick-meta":"","header-main-stick-meta":"","header-below-stick-meta":"","astra-migrate-meta-layouts":"default","ast-page-background-enabled":"default","ast-page-background-meta":{"desktop":{"background-color":"var(--ast-global-color-5)","background-image":"","background-repeat":"repeat","background-position":"center center","background-size":"auto","background-attachment":"scroll","background-type":"","background-media":"","overlay-type":"","overlay-color":"","overlay-opacity":"","overlay-gradient":""},"tablet":{"background-color":"","background-image":"","background-repeat":"repeat","background-position":"center center","background-size":"auto","background-attachment":"scroll","background-type":"","background-media":"","overlay-type":"","overlay-color":"","overlay-opacity":"","overlay-gradient":""},"mobile":{"background-color":"","background-image":"","background-repeat":"repeat","background-position":"center center","background-size":"auto","background-attachment":"scroll","background-type":"","background-media":"","overlay-type":"","overlay-color":"","overlay-opacity":"","overlay-gradient":""}},"ast-content-background-meta":{"desktop":{"background-color":"var(--ast-global-color-4)","background-image":"","background-repeat":"repeat","background-position":"center center","background-size":"auto","background-attachment":"scroll","background-type":"","background-media":"","overlay-type":"","overlay-color":"","overlay-opacity":"","overlay-gradient":""},"tablet":{"background-color":"var(--ast-global-color-4)","background-image":"","background-repeat":"repeat","background-position":"center center","background-size":"auto","background-attachment":"scroll","background-type":"","background-media":"","overlay-type":"","overlay-color":"","overlay-opacity":"","overlay-gradient":""},"mobile":{"background-color":"var(--ast-global-color-4)","background-image":"","background-repeat":"repeat","background-position":"center center","background-size":"auto","background-attachment":"scroll","background-type":"","background-media":"","overlay-type":"","overlay-color":"","overlay-opacity":"","overlay-gradient":""}},"ngg_post_thumbnail":0,"footnotes":""},"categories":[10,16,12],"tags":[28,43],"class_list":["post-2150","post","type-post","status-publish","format-standard","has-post-thumbnail","hentry","category-otras-comarcas","category-portada","category-sucesos","tag-guardia-civil","tag-tordesillas"],"aioseo_notices":[],"rttpg_featured_image_url":{"full":["https:\/\/pueblosycomarcas.com\/wp-content\/uploads\/2025\/10\/20251030_guardia_civil_coche.jpg",800,400,false],"landscape":["https:\/\/pueblosycomarcas.com\/wp-content\/uploads\/2025\/10\/20251030_guardia_civil_coche.jpg",800,400,false],"portraits":["https:\/\/pueblosycomarcas.com\/wp-content\/uploads\/2025\/10\/20251030_guardia_civil_coche.jpg",800,400,false],"thumbnail":["https:\/\/pueblosycomarcas.com\/wp-content\/uploads\/2025\/10\/20251030_guardia_civil_coche-150x150.jpg",150,150,true],"medium":["https:\/\/pueblosycomarcas.com\/wp-content\/uploads\/2025\/10\/20251030_guardia_civil_coche-300x150.jpg",300,150,true],"large":["https:\/\/pueblosycomarcas.com\/wp-content\/uploads\/2025\/10\/20251030_guardia_civil_coche.jpg",800,400,false],"1536x1536":["https:\/\/pueblosycomarcas.com\/wp-content\/uploads\/2025\/10\/20251030_guardia_civil_coche.jpg",800,400,false],"2048x2048":["https:\/\/pueblosycomarcas.com\/wp-content\/uploads\/2025\/10\/20251030_guardia_civil_coche.jpg",800,400,false],"trp-custom-language-flag":["https:\/\/pueblosycomarcas.com\/wp-content\/uploads\/2025\/10\/20251030_guardia_civil_coche.jpg",18,9,false]},"rttpg_author":{"display_name":"admin","author_link":"https:\/\/pueblosycomarcas.com\/en\/author\/webalquimia\/"},"rttpg_comment":0,"rttpg_category":"<a href=\"https:\/\/pueblosycomarcas.com\/en\/category\/otras-comarcas\/\" rel=\"category tag\">Otras Comarcas<\/a> <a href=\"https:\/\/pueblosycomarcas.com\/en\/category\/portada\/\" rel=\"category tag\">Portada<\/a> <a href=\"https:\/\/pueblosycomarcas.com\/en\/category\/sucesos\/\" rel=\"category tag\">Sucesos<\/a>","rttpg_excerpt":"La Guardia Civil detiene a dos miembros de un grupo criminal especializado en el robo a comerciales de joyer\u00eda Las investigaciones comenzaron con el robo a un comercial en la localidad de Tordesillas Los detenidos tambi\u00e9n se hab\u00edan especializado en el robo con violencia a la salida de entidades bancarias Pueblosycomarcas.com;\u00a0@PueblosComarcas La Guardia Civil de&hellip;","_links":{"self":[{"href":"https:\/\/pueblosycomarcas.com\/en\/wp-json\/wp\/v2\/posts\/2150","targetHints":{"allow":["GET"]}}],"collection":[{"href":"https:\/\/pueblosycomarcas.com\/en\/wp-json\/wp\/v2\/posts"}],"about":[{"href":"https:\/\/pueblosycomarcas.com\/en\/wp-json\/wp\/v2\/types\/post"}],"author":[{"embeddable":true,"href":"https:\/\/pueblosycomarcas.com\/en\/wp-json\/wp\/v2\/users\/1"}],"replies":[{"embeddable":true,"href":"https:\/\/pueblosycomarcas.com\/en\/wp-json\/wp\/v2\/comments?post=2150"}],"version-history":[{"count":5,"href":"https:\/\/pueblosycomarcas.com\/en\/wp-json\/wp\/v2\/posts\/2150\/revisions"}],"predecessor-version":[{"id":2155,"href":"https:\/\/pueblosycomarcas.com\/en\/wp-json\/wp\/v2\/posts\/2150\/revisions\/2155"}],"wp:featuredmedia":[{"embeddable":true,"href":"https:\/\/pueblosycomarcas.com\/en\/wp-json\/wp\/v2\/media\/1854"}],"wp:attachment":[{"href":"https:\/\/pueblosycomarcas.com\/en\/wp-json\/wp\/v2\/media?parent=2150"}],"wp:term":[{"taxonomy":"category","embeddable":true,"href":"https:\/\/pueblosycomarcas.com\/en\/wp-json\/wp\/v2\/categories?post=2150"},{"taxonomy":"post_tag","embeddable":true,"href":"https:\/\/pueblosycomarcas.com\/en\/wp-json\/wp\/v2\/tags?post=2150"}],"curies":[{"name":"wp","href":"https:\/\/api.w.org\/{rel}","templated":true}]}}