{"id":2017,"date":"2025-11-04T06:04:00","date_gmt":"2025-11-04T05:04:00","guid":{"rendered":"https:\/\/webalquimia.es\/?p=2017"},"modified":"2025-11-03T11:15:33","modified_gmt":"2025-11-03T10:15:33","slug":"vallsur-impulsa-zona-cero-pantallas-para-concienciar-sobre-el-uso-excesivo-de-pantallas-en-la-infancia","status":"publish","type":"post","link":"https:\/\/pueblosycomarcas.com\/en\/vallsur-impulsa-zona-cero-pantallas-para-concienciar-sobre-el-uso-excesivo-de-pantallas-en-la-infancia\/","title":{"rendered":"Vallsur impulsa \u2018Zona Cero Pantallas\u2019 para concienciar sobre el uso excesivo de pantallas en la infancia"},"content":{"rendered":"<div data-elementor-type=\"wp-post\" data-elementor-id=\"2017\" class=\"elementor elementor-2017\">\n\t\t\t\t<div class=\"elementor-element elementor-element-9bb7ee2 e-flex e-con-boxed wpr-particle-no wpr-jarallax-no wpr-parallax-no wpr-sticky-section-no wpr-equal-height-no e-con e-parent\" data-id=\"9bb7ee2\" data-element_type=\"container\" data-e-type=\"container\">\n\t\t\t\t\t<div class=\"e-con-inner\">\n\t\t\t\t<div class=\"elementor-element elementor-element-23c6bfd elementor-widget elementor-widget-heading\" data-id=\"23c6bfd\" data-element_type=\"widget\" data-e-type=\"widget\" data-widget_type=\"heading.default\">\n\t\t\t\t\t<h2 class=\"elementor-heading-title elementor-size-default\">Vallsur impulsa \u2018Zona Cero Pantallas\u2019 para concienciar sobre el uso excesivo de pantallas en la infancia<\/h2>\t\t\t\t<\/div>\n\t\t\t\t<div class=\"elementor-element elementor-element-5869ebc elementor-widget elementor-widget-text-editor\" data-id=\"5869ebc\" data-element_type=\"widget\" data-e-type=\"widget\" data-widget_type=\"text-editor.default\">\n\t\t\t\t\t\t\t\t\t<ul><li><h6><em><strong>Del 14 al 22 de noviembre, Vallsur acoge la campa\u00f1a Zona Cero Pantallas, con actividades gratuitas para concienciar sobre el uso saludable de la tecnolog\u00eda en la infancia<\/strong><\/em><\/h6><\/li><\/ul>\t\t\t\t\t\t\t\t<\/div>\n\t\t\t\t<div class=\"elementor-element elementor-element-9c0b5fc elementor-widget-divider--view-line elementor-widget elementor-widget-divider\" data-id=\"9c0b5fc\" data-element_type=\"widget\" data-e-type=\"widget\" data-widget_type=\"divider.default\">\n\t\t\t\t\t\t\t<div class=\"elementor-divider\">\n\t\t\t<span class=\"elementor-divider-separator\">\n\t\t\t\t\t\t<\/span>\n\t\t<\/div>\n\t\t\t\t\t\t<\/div>\n\t\t\t\t<div class=\"elementor-element elementor-element-1c576bb elementor-widget elementor-widget-image\" data-id=\"1c576bb\" data-element_type=\"widget\" data-e-type=\"widget\" data-widget_type=\"image.default\">\n\t\t\t\t\t\t\t\t\t\t\t\t\t\t\t<img fetchpriority=\"high\" decoding=\"async\" width=\"800\" height=\"400\" src=\"https:\/\/pueblosycomarcas.com\/wp-content\/uploads\/2025\/11\/20251104_vallsur_cero_pantallas.jpg\" class=\"attachment-large size-large wp-image-2018\" alt=\"\" srcset=\"https:\/\/pueblosycomarcas.com\/wp-content\/uploads\/2025\/11\/20251104_vallsur_cero_pantallas.jpg 800w, https:\/\/pueblosycomarcas.com\/wp-content\/uploads\/2025\/11\/20251104_vallsur_cero_pantallas-300x150.jpg 300w, https:\/\/pueblosycomarcas.com\/wp-content\/uploads\/2025\/11\/20251104_vallsur_cero_pantallas-768x384.jpg 768w\" sizes=\"(max-width: 800px) 100vw, 800px\" \/>\t\t\t\t\t\t\t\t\t\t\t\t\t\t\t<\/div>\n\t\t\t\t<div class=\"elementor-element elementor-element-b38547c elementor-widget elementor-widget-text-editor\" data-id=\"b38547c\" data-element_type=\"widget\" data-e-type=\"widget\" data-widget_type=\"text-editor.default\">\n\t\t\t\t\t\t\t\t\t<p><a href=\"https:\/\/www.facebook.com\/Pueblos-y-Comarcas-125437870924169\/?fref=ts\"><strong><em>Pueblosycomarcas.com<\/em><\/strong><\/a><strong><em>;&nbsp;<\/em><\/strong><a href=\"https:\/\/twitter.com\/PueblosComarcas\"><strong><em>@PueblosComarcas<\/em><\/strong><\/a><\/p>\n<p><strong>Vallsur<\/strong> llevar\u00e1 a cabo una campa\u00f1a de <strong>concienciaci\u00f3n ciudadana sobre los efectos del uso excesivo de pantallas en ni\u00f1os<\/strong>. De hecho, de acuerdo con diversos estudios*, en la provincia de Valladolid se estima que <strong>m\u00e1s de 36.500 ni\u00f1os de entre 0 y 11 a\u00f1os<\/strong> podr\u00edan estar expuestos a un uso abusivo de pantallas.**<\/p>\n<p>El <strong>tiempo recomendado de pantallas<\/strong> en ni\u00f1os va desde cero minutos en ni\u00f1os menores de 2 a\u00f1os, a 20 minutos al d\u00eda para ni\u00f1os entre 2 y 6 a\u00f1os o un m\u00e1ximo de una hora diaria para ni\u00f1os hasta los 11 a\u00f1os. Los <strong>efectos que el uso excesivo de pantallas en ni\u00f1os menores de 11 a\u00f1os<\/strong> incluye dificultad para conciliar el sue\u00f1o o mantenerlo, debido a la luz azul o excitaci\u00f3n, retrasos en habla, atenci\u00f3n, agresividad, ansiedad, estr\u00e9s, d\u00e9ficit de atenci\u00f3n, sedentarismo, sobrepeso, o miop\u00eda entre otros efectos.<\/p>\n<p>Por ello, y en su labor de ser parte activa de la sociedad, <strong>del 14 al 22 de noviembre<\/strong>, el centro comercial Vallsur llevar\u00e1 a cabo una campa\u00f1a de concienciaci\u00f3n que comprender\u00e1 desde charlas en colegios a charlas de expertos e influencers especializados en desarrollo infantil o actividades gratuitas en familia.<\/p>\n<h4><strong>\u2018LUC\u00cdA MI PEDIATRA\u2019 EN VALLSUR<\/strong><\/h4>\n<p>La campa\u00f1a Zona Cero Pantallas contar\u00e1 en Vallsur con la presencia de <strong>Luc\u00eda Gal\u00e1n Bertrand, conocida como \u2018Luc\u00eda mi pediatra\u2019, <\/strong>m\u00e9dica especializada en pediatr\u00eda, divulgadora y autora de varios libros de referencia sobre crianza y salud infantil. Reconocida por su cercan\u00eda y rigor, Luc\u00eda combina su experiencia m\u00e9dica con un lenguaje claro y emp\u00e1tico, llegando a miles de familias a trav\u00e9s de sus redes sociales, conferencias y publicaciones.<\/p>\n<p>El pr\u00f3ximo 15 de noviembre a las 18:00 horas, <strong>Luc\u00eda ofrecer\u00e1 en Vallsur una charla gratuita<\/strong> en la que abordar\u00e1 los efectos del uso excesivo de pantallas en ni\u00f1os y adolescentes, desde las consecuencias para su desarrollo f\u00edsico y emocional hasta estrategias pr\u00e1cticas para un uso equilibrado de la tecnolog\u00eda en el hogar. La sesi\u00f3n incluir\u00e1 <strong>ejemplos reales, consejos aplicables en el d\u00eda a d\u00eda<\/strong> y un turno de preguntas para que las familias asistentes puedan resolver sus dudas directamente con la experta. Adem\u00e1s, participar\u00e1 en una mesa redonda que se har\u00e1 a continuaci\u00f3n, en la que se abrir\u00e1 un turno de preguntas para que las familias asistentes puedan resolver sus dudas directamente con la experta, acompa\u00f1ada por <strong>Laura Morch\u00f3n \u00c1lvarez<\/strong>, Enfermera Especialista en salud Mental con trayectoria en psiquiatr\u00eda Infantil Juvenil, <strong>Beatriz Mongil L\u00f3pez,<\/strong> licenciada especialista en psiquiatr\u00eda infantojuvenil, <strong>Noelia Muelas<\/strong>, de la Asociaci\u00f3n Adolescencia Libre de M\u00f3viles, y <strong>Carolina Tresierra<\/strong>, Maestra en educaci\u00f3n infantil del colegio Apostolado Valladolid&nbsp; y especialista en audici\u00f3n en lenguaje. La cita se completar\u00e1 con una <strong>firma de libros de Luc\u00eda mi Pediatra<\/strong>, que tendr\u00e1 lugar a partir de las 20:00 horas, ofreciendo a las familias la oportunidad de conocer a la autora y llevarse sus obras dedicadas.<\/p>\n<p><em>\u201cPara Vallsur es un orgullo acoger una iniciativa tan necesaria como Zona Cero Pantallas. Sabemos que <strong>muchas familias buscan ideas y recursos para equilibrar el uso de las pantallas<\/strong>, y esta campa\u00f1a les brinda la oportunidad de aprender, compartir y descubrir alternativas que fortalecen los v\u00ednculos familiares\u201d, <\/em><strong>afirma Carolina Castro, gerente de Vallsur.<\/strong><\/p>\n<p>Adem\u00e1s de la <strong>charla de \u2018Luc\u00eda, mi pediatra\u2019,<\/strong> la campa\u00f1a Zona Cero Pantallas desarrollar\u00e1 durante toda la semana en Vallsur (del 14 al 22 de noviembre) un <strong>completo programa de actividades gratuitas<\/strong> para concienciar sobre un uso saludable de la tecnolog\u00eda en la infancia. Por un lado, se instalar\u00e1 una zona de taquillas monitorizadas, en las que los usuarios podr\u00e1n <strong>depositar su m\u00f3vil y sumar minutos sin pantallas<\/strong> para ganar premios. La intenci\u00f3n de esta iniciativa es poner de manifiesto la importancia, tanto en ni\u00f1os como en adultos, de mantener las pantallas alejadas y volver a disfrutar de actividades sociales fuera de ellas.<\/p>\n<p>Tambi\u00e9n habr\u00e1 una <strong>zona de juegos anal\u00f3gicos<\/strong> para redescubrir cl\u00e1sicos como las chapas, el scalextric o la rayuela; se llevar\u00e1n a cabo cuentacuentos en Casa del Libro de la mano de la escritora <strong>Roc\u00edo Tolosa<\/strong>, que estar\u00e1 el d\u00eda 14 de noviembre a las 18 horas con su obra \u2018Una vez\u2026 Violeta, la sirena inquita\u2019, as\u00ed como de la autora <strong>Raquel Sanz Jimeno<\/strong>, que estar\u00e1 el d\u00eda 15 de noviembre a las 12 horas con su cuento \u00a1Todos quieren ser el Rey!; charlas en el <strong>Colegio Apostolado de Valladolid<\/strong> a cargo de la Asociaci\u00f3n Adolescencia Libre de M\u00f3viles y el <strong>podcast en directo<\/strong> con especialistas y creadores de contenido, abierto a la participaci\u00f3n del p\u00fablico.<\/p>\n<p>M\u00e1s informaci\u00f3n y reservas a trav\u00e9s de la APP de Vallsur.<\/p>\t\t\t\t\t\t\t\t<\/div>\n\t\t\t\t\t<\/div>\n\t\t\t\t<\/div>\n\t\t\t\t<\/div>","protected":false},"excerpt":{"rendered":"<p>Vallsur impulsa \u2018Zona Cero Pantallas\u2019 para concienciar sobre el uso excesivo de pantallas en la infancia Del 14 al 22 de noviembre, Vallsur acoge la campa\u00f1a Zona Cero Pantallas, con actividades gratuitas para concienciar sobre el uso saludable de la tecnolog\u00eda en la infancia Pueblosycomarcas.com;&nbsp;@PueblosComarcas Vallsur llevar\u00e1 a cabo una campa\u00f1a de concienciaci\u00f3n ciudadana sobre los efectos del uso excesivo de pantallas en ni\u00f1os. De hecho, de acuerdo con diversos estudios*, en la provincia de Valladolid se estima que m\u00e1s de 36.500 ni\u00f1os de entre 0 y 11 a\u00f1os podr\u00edan estar expuestos a un uso abusivo de pantallas.** El tiempo recomendado de pantallas en ni\u00f1os va desde cero minutos en ni\u00f1os menores de 2 a\u00f1os, a 20 minutos al d\u00eda para ni\u00f1os entre 2 y 6 a\u00f1os o un m\u00e1ximo de una hora diaria para ni\u00f1os hasta los 11 a\u00f1os. Los efectos que el uso excesivo de pantallas en ni\u00f1os menores de 11 a\u00f1os incluye dificultad para conciliar el sue\u00f1o o mantenerlo, debido a la luz azul o excitaci\u00f3n, retrasos en habla, atenci\u00f3n, agresividad, ansiedad, estr\u00e9s, d\u00e9ficit de atenci\u00f3n, sedentarismo, sobrepeso, o miop\u00eda entre otros efectos. Por ello, y en su labor de ser parte activa de la sociedad, del 14 al 22 de noviembre, el centro comercial Vallsur llevar\u00e1 a cabo una campa\u00f1a de concienciaci\u00f3n que comprender\u00e1 desde charlas en colegios a charlas de expertos e influencers especializados en desarrollo infantil o actividades gratuitas en familia. \u2018LUC\u00cdA MI PEDIATRA\u2019 EN VALLSUR La campa\u00f1a Zona Cero Pantallas contar\u00e1 en Vallsur con la presencia de Luc\u00eda Gal\u00e1n Bertrand, conocida como \u2018Luc\u00eda mi pediatra\u2019, m\u00e9dica especializada en pediatr\u00eda, divulgadora y autora de varios libros de referencia sobre crianza y salud infantil. Reconocida por su cercan\u00eda y rigor, Luc\u00eda combina su experiencia m\u00e9dica con un lenguaje claro y emp\u00e1tico, llegando a miles de familias a trav\u00e9s de sus redes sociales, conferencias y publicaciones. El pr\u00f3ximo 15 de noviembre a las 18:00 horas, Luc\u00eda ofrecer\u00e1 en Vallsur una charla gratuita en la que abordar\u00e1 los efectos del uso excesivo de pantallas en ni\u00f1os y adolescentes, desde las consecuencias para su desarrollo f\u00edsico y emocional hasta estrategias pr\u00e1cticas para un uso equilibrado de la tecnolog\u00eda en el hogar. La sesi\u00f3n incluir\u00e1 ejemplos reales, consejos aplicables en el d\u00eda a d\u00eda y un turno de preguntas para que las familias asistentes puedan resolver sus dudas directamente con la experta. Adem\u00e1s, participar\u00e1 en una mesa redonda que se har\u00e1 a continuaci\u00f3n, en la que se abrir\u00e1 un turno de preguntas para que las familias asistentes puedan resolver sus dudas directamente con la experta, acompa\u00f1ada por Laura Morch\u00f3n \u00c1lvarez, Enfermera Especialista en salud Mental con trayectoria en psiquiatr\u00eda Infantil Juvenil, Beatriz Mongil L\u00f3pez, licenciada especialista en psiquiatr\u00eda infantojuvenil, Noelia Muelas, de la Asociaci\u00f3n Adolescencia Libre de M\u00f3viles, y Carolina Tresierra, Maestra en educaci\u00f3n infantil del colegio Apostolado Valladolid&nbsp; y especialista en audici\u00f3n en lenguaje. La cita se completar\u00e1 con una firma de libros de Luc\u00eda mi Pediatra, que tendr\u00e1 lugar a partir de las 20:00 horas, ofreciendo a las familias la oportunidad de conocer a la autora y llevarse sus obras dedicadas. \u201cPara Vallsur es un orgullo acoger una iniciativa tan necesaria como Zona Cero Pantallas. Sabemos que muchas familias buscan ideas y recursos para equilibrar el uso de las pantallas, y esta campa\u00f1a les brinda la oportunidad de aprender, compartir y descubrir alternativas que fortalecen los v\u00ednculos familiares\u201d, afirma Carolina Castro, gerente de Vallsur. Adem\u00e1s de la charla de \u2018Luc\u00eda, mi pediatra\u2019, la campa\u00f1a Zona Cero Pantallas desarrollar\u00e1 durante toda la semana en Vallsur (del 14 al 22 de noviembre) un completo programa de actividades gratuitas para concienciar sobre un uso saludable de la tecnolog\u00eda en la infancia. Por un lado, se instalar\u00e1 una zona de taquillas monitorizadas, en las que los usuarios podr\u00e1n depositar su m\u00f3vil y sumar minutos sin pantallas para ganar premios. La intenci\u00f3n de esta iniciativa es poner de manifiesto la importancia, tanto en ni\u00f1os como en adultos, de mantener las pantallas alejadas y volver a disfrutar de actividades sociales fuera de ellas. Tambi\u00e9n habr\u00e1 una zona de juegos anal\u00f3gicos para redescubrir cl\u00e1sicos como las chapas, el scalextric o la rayuela; se llevar\u00e1n a cabo cuentacuentos en Casa del Libro de la mano de la escritora Roc\u00edo Tolosa, que estar\u00e1 el d\u00eda 14 de noviembre a las 18 horas con su obra \u2018Una vez\u2026 Violeta, la sirena inquita\u2019, as\u00ed como de la autora Raquel Sanz Jimeno, que estar\u00e1 el d\u00eda 15 de noviembre a las 12 horas con su cuento \u00a1Todos quieren ser el Rey!; charlas en el Colegio Apostolado de Valladolid a cargo de la Asociaci\u00f3n Adolescencia Libre de M\u00f3viles y el podcast en directo con especialistas y creadores de contenido, abierto a la participaci\u00f3n del p\u00fablico. M\u00e1s informaci\u00f3n y reservas a trav\u00e9s de la APP de Vallsur.<\/p>","protected":false},"author":1,"featured_media":2018,"comment_status":"open","ping_status":"closed","sticky":false,"template":"","format":"standard","meta":{"site-sidebar-layout":"default","site-content-layout":"","ast-site-content-layout":"default","site-content-style":"default","site-sidebar-style":"default","ast-global-header-display":"","ast-banner-title-visibility":"","ast-main-header-display":"","ast-hfb-above-header-display":"","ast-hfb-below-header-display":"","ast-hfb-mobile-header-display":"","site-post-title":"disabled","ast-breadcrumbs-content":"","ast-featured-img":"","footer-sml-layout":"","theme-transparent-header-meta":"","adv-header-id-meta":"","stick-header-meta":"","header-above-stick-meta":"","header-main-stick-meta":"","header-below-stick-meta":"","astra-migrate-meta-layouts":"default","ast-page-background-enabled":"default","ast-page-background-meta":{"desktop":{"background-color":"var(--ast-global-color-5)","background-image":"","background-repeat":"repeat","background-position":"center center","background-size":"auto","background-attachment":"scroll","background-type":"","background-media":"","overlay-type":"","overlay-color":"","overlay-opacity":"","overlay-gradient":""},"tablet":{"background-color":"","background-image":"","background-repeat":"repeat","background-position":"center center","background-size":"auto","background-attachment":"scroll","background-type":"","background-media":"","overlay-type":"","overlay-color":"","overlay-opacity":"","overlay-gradient":""},"mobile":{"background-color":"","background-image":"","background-repeat":"repeat","background-position":"center center","background-size":"auto","background-attachment":"scroll","background-type":"","background-media":"","overlay-type":"","overlay-color":"","overlay-opacity":"","overlay-gradient":""}},"ast-content-background-meta":{"desktop":{"background-color":"var(--ast-global-color-4)","background-image":"","background-repeat":"repeat","background-position":"center center","background-size":"auto","background-attachment":"scroll","background-type":"","background-media":"","overlay-type":"","overlay-color":"","overlay-opacity":"","overlay-gradient":""},"tablet":{"background-color":"var(--ast-global-color-4)","background-image":"","background-repeat":"repeat","background-position":"center center","background-size":"auto","background-attachment":"scroll","background-type":"","background-media":"","overlay-type":"","overlay-color":"","overlay-opacity":"","overlay-gradient":""},"mobile":{"background-color":"var(--ast-global-color-4)","background-image":"","background-repeat":"repeat","background-position":"center center","background-size":"auto","background-attachment":"scroll","background-type":"","background-media":"","overlay-type":"","overlay-color":"","overlay-opacity":"","overlay-gradient":""}},"ngg_post_thumbnail":0,"footnotes":""},"categories":[11,18,16],"tags":[93],"class_list":["post-2017","post","type-post","status-publish","format-standard","has-post-thumbnail","hentry","category-deportes-y-ocio","category-ocio","category-portada","tag-vallsur"],"aioseo_notices":[],"rttpg_featured_image_url":{"full":["https:\/\/pueblosycomarcas.com\/wp-content\/uploads\/2025\/11\/20251104_vallsur_cero_pantallas.jpg",800,400,false],"landscape":["https:\/\/pueblosycomarcas.com\/wp-content\/uploads\/2025\/11\/20251104_vallsur_cero_pantallas.jpg",800,400,false],"portraits":["https:\/\/pueblosycomarcas.com\/wp-content\/uploads\/2025\/11\/20251104_vallsur_cero_pantallas.jpg",800,400,false],"thumbnail":["https:\/\/pueblosycomarcas.com\/wp-content\/uploads\/2025\/11\/20251104_vallsur_cero_pantallas-150x150.jpg",150,150,true],"medium":["https:\/\/pueblosycomarcas.com\/wp-content\/uploads\/2025\/11\/20251104_vallsur_cero_pantallas-300x150.jpg",300,150,true],"large":["https:\/\/pueblosycomarcas.com\/wp-content\/uploads\/2025\/11\/20251104_vallsur_cero_pantallas.jpg",800,400,false],"1536x1536":["https:\/\/pueblosycomarcas.com\/wp-content\/uploads\/2025\/11\/20251104_vallsur_cero_pantallas.jpg",800,400,false],"2048x2048":["https:\/\/pueblosycomarcas.com\/wp-content\/uploads\/2025\/11\/20251104_vallsur_cero_pantallas.jpg",800,400,false],"trp-custom-language-flag":["https:\/\/pueblosycomarcas.com\/wp-content\/uploads\/2025\/11\/20251104_vallsur_cero_pantallas.jpg",18,9,false]},"rttpg_author":{"display_name":"admin","author_link":"https:\/\/pueblosycomarcas.com\/en\/author\/webalquimia\/"},"rttpg_comment":0,"rttpg_category":"<a href=\"https:\/\/pueblosycomarcas.com\/en\/category\/deportes-y-ocio\/\" rel=\"category tag\">Deporte y Ocio<\/a> <a href=\"https:\/\/pueblosycomarcas.com\/en\/category\/ocio\/\" rel=\"category tag\">Ocio<\/a> <a href=\"https:\/\/pueblosycomarcas.com\/en\/category\/portada\/\" rel=\"category tag\">Portada<\/a>","rttpg_excerpt":"Vallsur impulsa \u2018Zona Cero Pantallas\u2019 para concienciar sobre el uso excesivo de pantallas en la infancia Del 14 al 22 de noviembre, Vallsur acoge la campa\u00f1a Zona Cero Pantallas, con actividades gratuitas para concienciar sobre el uso saludable de la tecnolog\u00eda en la infancia Pueblosycomarcas.com;&nbsp;@PueblosComarcas Vallsur llevar\u00e1 a cabo una campa\u00f1a de concienciaci\u00f3n ciudadana sobre&hellip;","_links":{"self":[{"href":"https:\/\/pueblosycomarcas.com\/en\/wp-json\/wp\/v2\/posts\/2017","targetHints":{"allow":["GET"]}}],"collection":[{"href":"https:\/\/pueblosycomarcas.com\/en\/wp-json\/wp\/v2\/posts"}],"about":[{"href":"https:\/\/pueblosycomarcas.com\/en\/wp-json\/wp\/v2\/types\/post"}],"author":[{"embeddable":true,"href":"https:\/\/pueblosycomarcas.com\/en\/wp-json\/wp\/v2\/users\/1"}],"replies":[{"embeddable":true,"href":"https:\/\/pueblosycomarcas.com\/en\/wp-json\/wp\/v2\/comments?post=2017"}],"version-history":[{"count":5,"href":"https:\/\/pueblosycomarcas.com\/en\/wp-json\/wp\/v2\/posts\/2017\/revisions"}],"predecessor-version":[{"id":2023,"href":"https:\/\/pueblosycomarcas.com\/en\/wp-json\/wp\/v2\/posts\/2017\/revisions\/2023"}],"wp:featuredmedia":[{"embeddable":true,"href":"https:\/\/pueblosycomarcas.com\/en\/wp-json\/wp\/v2\/media\/2018"}],"wp:attachment":[{"href":"https:\/\/pueblosycomarcas.com\/en\/wp-json\/wp\/v2\/media?parent=2017"}],"wp:term":[{"taxonomy":"category","embeddable":true,"href":"https:\/\/pueblosycomarcas.com\/en\/wp-json\/wp\/v2\/categories?post=2017"},{"taxonomy":"post_tag","embeddable":true,"href":"https:\/\/pueblosycomarcas.com\/en\/wp-json\/wp\/v2\/tags?post=2017"}],"curies":[{"name":"wp","href":"https:\/\/api.w.org\/{rel}","templated":true}]}}