{"id":1923,"date":"2025-11-01T11:21:07","date_gmt":"2025-11-01T10:21:07","guid":{"rendered":"https:\/\/webalquimia.es\/?p=1923"},"modified":"2025-11-01T11:23:53","modified_gmt":"2025-11-01T10:23:53","slug":"detenida-tras-estafar-mas-de-122-000-euros-mediante-el-uso-de-tecnologias-de-la-informacion","status":"publish","type":"post","link":"https:\/\/pueblosycomarcas.com\/en\/detenida-tras-estafar-mas-de-122-000-euros-mediante-el-uso-de-tecnologias-de-la-informacion\/","title":{"rendered":"Detenida tras estafar m\u00e1s de 122.000 euros mediante el uso de tecnolog\u00edas de la informaci\u00f3n"},"content":{"rendered":"<div data-elementor-type=\"wp-post\" data-elementor-id=\"1923\" class=\"elementor elementor-1923\">\n\t\t\t\t<div class=\"elementor-element elementor-element-a3710a9 e-flex e-con-boxed wpr-particle-no wpr-jarallax-no wpr-parallax-no wpr-sticky-section-no wpr-equal-height-no e-con e-parent\" data-id=\"a3710a9\" data-element_type=\"container\" data-e-type=\"container\">\n\t\t\t\t\t<div class=\"e-con-inner\">\n\t\t\t\t<div class=\"elementor-element elementor-element-e4e7076 elementor-widget elementor-widget-heading\" data-id=\"e4e7076\" data-element_type=\"widget\" data-e-type=\"widget\" data-widget_type=\"heading.default\">\n\t\t\t\t\t<h2 class=\"elementor-heading-title elementor-size-default\">Detenida tras estafar m\u00e1s de 122.000 euros mediante el uso de tecnolog\u00edas de la informaci\u00f3n<\/h2>\t\t\t\t<\/div>\n\t\t\t\t<div class=\"elementor-element elementor-element-457628a elementor-widget elementor-widget-text-editor\" data-id=\"457628a\" data-element_type=\"widget\" data-e-type=\"widget\" data-widget_type=\"text-editor.default\">\n\t\t\t\t\t\t\t\t\t<ul><li><h6><em><strong>La detenida habr\u00eda empleado datos personales de sus clientes para cometer presuntas estafas financieras<\/strong><\/em><\/h6><\/li><li><h6><em><strong>La Guardia Civil investiga el alcance de una posible estafa masiva basada en la confianza profesional<\/strong><\/em><\/h6><\/li><\/ul>\t\t\t\t\t\t\t\t<\/div>\n\t\t\t\t<div class=\"elementor-element elementor-element-5fd3ad8 elementor-widget elementor-widget-text-editor\" data-id=\"5fd3ad8\" data-element_type=\"widget\" data-e-type=\"widget\" data-widget_type=\"text-editor.default\">\n\t\t\t\t\t\t\t\t\t<p class=\"MsoNormal\"><a href=\"https:\/\/www.facebook.com\/Pueblos-y-Comarcas-125437870924169\/?fref=ts\"><em><b><span style=\"font-size: 9pt; line-height: 107%; font-family: Calibri, sans-serif; color: rgb(1, 146, 167); background-image: initial; background-position: initial; background-size: initial; background-repeat: initial; background-attachment: initial; background-origin: initial; background-clip: initial; text-decoration-line: none;\">Pueblosycomarcas.com<\/span><\/b><\/em><\/a><em><b><span style=\"font-size: 9pt; line-height: 107%; font-family: Calibri, sans-serif; color: rgb(51, 51, 51); background-image: initial; background-position: initial; background-size: initial; background-repeat: initial; background-attachment: initial; background-origin: initial; background-clip: initial;\">;&nbsp;<\/span><\/b><\/em><a href=\"https:\/\/twitter.com\/PueblosComarcas\"><em><b><span style=\"font-size: 9pt; line-height: 107%; font-family: Calibri, sans-serif; color: rgb(61, 176, 192); background-image: initial; background-position: initial; background-size: initial; background-repeat: initial; background-attachment: initial; background-origin: initial; background-clip: initial; text-decoration-line: none;\">@PueblosComarcas<\/span><\/b><\/em><\/a><b><span style=\"font-size:9.0pt;line-height:107%;mso-bidi-font-family:Calibri;mso-bidi-theme-font:minor-latin\"><o:p><\/o:p><\/span><\/b><\/p><p class=\"MsoNormal\">La Guardia Civil de Valladolid, en el marco de la operaci\u00f3n\n\u201cPRESTEDA\u201d, ha procedido a la detenci\u00f3n de una mujer como presunta autora de\nm\u00faltiples delitos cometidos entre 2021 y 2025.<o:p><\/o:p><\/p><p class=\"MsoNormal\">La investigaci\u00f3n se inici\u00f3 tras la recepci\u00f3n de varias\ndenuncias en distintos puestos de la demarcaci\u00f3n territorial de la Guardia\nCivil, que alertaban sobre posibles irregularidades en operaciones financieras.\nTras el an\u00e1lisis exhaustivo de la documentaci\u00f3n recopilada, los investigadores\ndeterminaron que el importe total estafado supera los 122.000 euros. <o:p><\/o:p><\/p><p class=\"MsoNormal\">La detenida, que ejerc\u00eda como asesora financiera, habr\u00eda\nutilizado los documentos personales de identidad de varios de sus clientes\n\u2014obtenidos durante la prestaci\u00f3n de servicios profesionales\u2014 para solicitar\npr\u00e9stamos personales y l\u00edneas de cr\u00e9dito a nombre de ellos, sin su conocimiento\nni consentimiento.<o:p><\/o:p><\/p><p class=\"MsoNormal\">Las v\u00edctimas, en su mayor\u00eda trabajadores aut\u00f3nomos,\ncomenzaron a detectar la estafa al recibir notificaciones bancarias y reportes\ncrediticios con deudas que no hab\u00edan contra\u00eddo. Esta situaci\u00f3n ha generado\ngraves perjuicios econ\u00f3micos, reclamaciones por parte de entidades financieras\ny da\u00f1os en la reputaci\u00f3n crediticia de los afectados, algunos de los cuales han\nsido incluidos en el fichero ASNEF (Asociaci\u00f3n nacional de Establecimientos\nFinancieros de cr\u00e9dito).<o:p><\/o:p><\/p><p class=\"MsoNormal\">A la detenida se le imputan delitos de usurpaci\u00f3n de estado\ncivil, estafa, falsedad documental, descubrimiento y revelaci\u00f3n de secretos,\nadministraci\u00f3n desleal y apropiaci\u00f3n indebida, todos ellos con el agravante de\nabuso de confianza profesional.<o:p><\/o:p><\/p><p>\n\n\n\n\n\n\n\n\n\n\n\n<\/p><p class=\"MsoNormal\">La investigaci\u00f3n contin\u00faa abierta y se estima que el n\u00famero\nde afectados podr\u00eda incrementarse, dado que existen indicios de que se habr\u00edan\nformalizado m\u00faltiples pr\u00e9stamos irregulares bajo el mismo patr\u00f3n de actuaci\u00f3n.<o:p><\/o:p><\/p>\t\t\t\t\t\t\t\t<\/div>\n\t\t\t\t<div class=\"elementor-element elementor-element-dffa7c3 elementor-widget-divider--view-line elementor-widget elementor-widget-divider\" data-id=\"dffa7c3\" data-element_type=\"widget\" data-e-type=\"widget\" data-widget_type=\"divider.default\">\n\t\t\t\t\t\t\t<div class=\"elementor-divider\">\n\t\t\t<span class=\"elementor-divider-separator\">\n\t\t\t\t\t\t<\/span>\n\t\t<\/div>\n\t\t\t\t\t\t<\/div>\n\t\t\t\t\t<\/div>\n\t\t\t\t<\/div>\n\t\t\t\t<\/div>","protected":false},"excerpt":{"rendered":"<p>Detenida tras estafar m\u00e1s de 122.000 euros mediante el uso de tecnolog\u00edas de la informaci\u00f3n La detenida habr\u00eda empleado datos personales de sus clientes para cometer presuntas estafas financieras La Guardia Civil investiga el alcance de una posible estafa masiva basada en la confianza profesional Pueblosycomarcas.com;&nbsp;@PueblosComarcas La Guardia Civil de Valladolid, en el marco de la operaci\u00f3n \u201cPRESTEDA\u201d, ha procedido a la detenci\u00f3n de una mujer como presunta autora de m\u00faltiples delitos cometidos entre 2021 y 2025. La investigaci\u00f3n se inici\u00f3 tras la recepci\u00f3n de varias denuncias en distintos puestos de la demarcaci\u00f3n territorial de la Guardia Civil, que alertaban sobre posibles irregularidades en operaciones financieras. Tras el an\u00e1lisis exhaustivo de la documentaci\u00f3n recopilada, los investigadores determinaron que el importe total estafado supera los 122.000 euros. La detenida, que ejerc\u00eda como asesora financiera, habr\u00eda utilizado los documentos personales de identidad de varios de sus clientes \u2014obtenidos durante la prestaci\u00f3n de servicios profesionales\u2014 para solicitar pr\u00e9stamos personales y l\u00edneas de cr\u00e9dito a nombre de ellos, sin su conocimiento ni consentimiento. Las v\u00edctimas, en su mayor\u00eda trabajadores aut\u00f3nomos, comenzaron a detectar la estafa al recibir notificaciones bancarias y reportes crediticios con deudas que no hab\u00edan contra\u00eddo. Esta situaci\u00f3n ha generado graves perjuicios econ\u00f3micos, reclamaciones por parte de entidades financieras y da\u00f1os en la reputaci\u00f3n crediticia de los afectados, algunos de los cuales han sido incluidos en el fichero ASNEF (Asociaci\u00f3n nacional de Establecimientos Financieros de cr\u00e9dito). A la detenida se le imputan delitos de usurpaci\u00f3n de estado civil, estafa, falsedad documental, descubrimiento y revelaci\u00f3n de secretos, administraci\u00f3n desleal y apropiaci\u00f3n indebida, todos ellos con el agravante de abuso de confianza profesional. La investigaci\u00f3n contin\u00faa abierta y se estima que el n\u00famero de afectados podr\u00eda incrementarse, dado que existen indicios de que se habr\u00edan formalizado m\u00faltiples pr\u00e9stamos irregulares bajo el mismo patr\u00f3n de actuaci\u00f3n.<\/p>","protected":false},"author":1,"featured_media":1924,"comment_status":"open","ping_status":"closed","sticky":false,"template":"","format":"standard","meta":{"site-sidebar-layout":"default","site-content-layout":"","ast-site-content-layout":"default","site-content-style":"default","site-sidebar-style":"default","ast-global-header-display":"","ast-banner-title-visibility":"","ast-main-header-display":"","ast-hfb-above-header-display":"","ast-hfb-below-header-display":"","ast-hfb-mobile-header-display":"","site-post-title":"disabled","ast-breadcrumbs-content":"","ast-featured-img":"","footer-sml-layout":"","theme-transparent-header-meta":"","adv-header-id-meta":"","stick-header-meta":"","header-above-stick-meta":"","header-main-stick-meta":"","header-below-stick-meta":"","astra-migrate-meta-layouts":"default","ast-page-background-enabled":"default","ast-page-background-meta":{"desktop":{"background-color":"var(--ast-global-color-5)","background-image":"","background-repeat":"repeat","background-position":"center center","background-size":"auto","background-attachment":"scroll","background-type":"","background-media":"","overlay-type":"","overlay-color":"","overlay-opacity":"","overlay-gradient":""},"tablet":{"background-color":"","background-image":"","background-repeat":"repeat","background-position":"center center","background-size":"auto","background-attachment":"scroll","background-type":"","background-media":"","overlay-type":"","overlay-color":"","overlay-opacity":"","overlay-gradient":""},"mobile":{"background-color":"","background-image":"","background-repeat":"repeat","background-position":"center center","background-size":"auto","background-attachment":"scroll","background-type":"","background-media":"","overlay-type":"","overlay-color":"","overlay-opacity":"","overlay-gradient":""}},"ast-content-background-meta":{"desktop":{"background-color":"var(--ast-global-color-4)","background-image":"","background-repeat":"repeat","background-position":"center center","background-size":"auto","background-attachment":"scroll","background-type":"","background-media":"","overlay-type":"","overlay-color":"","overlay-opacity":"","overlay-gradient":""},"tablet":{"background-color":"var(--ast-global-color-4)","background-image":"","background-repeat":"repeat","background-position":"center center","background-size":"auto","background-attachment":"scroll","background-type":"","background-media":"","overlay-type":"","overlay-color":"","overlay-opacity":"","overlay-gradient":""},"mobile":{"background-color":"var(--ast-global-color-4)","background-image":"","background-repeat":"repeat","background-position":"center center","background-size":"auto","background-attachment":"scroll","background-type":"","background-media":"","overlay-type":"","overlay-color":"","overlay-opacity":"","overlay-gradient":""}},"ngg_post_thumbnail":0,"footnotes":""},"categories":[10,16,12],"tags":[],"class_list":["post-1923","post","type-post","status-publish","format-standard","has-post-thumbnail","hentry","category-otras-comarcas","category-portada","category-sucesos"],"aioseo_notices":[],"rttpg_featured_image_url":{"full":["https:\/\/pueblosycomarcas.com\/wp-content\/uploads\/2025\/11\/20251101_guardia_civil_pc.jpg",800,400,false],"landscape":["https:\/\/pueblosycomarcas.com\/wp-content\/uploads\/2025\/11\/20251101_guardia_civil_pc.jpg",800,400,false],"portraits":["https:\/\/pueblosycomarcas.com\/wp-content\/uploads\/2025\/11\/20251101_guardia_civil_pc.jpg",800,400,false],"thumbnail":["https:\/\/pueblosycomarcas.com\/wp-content\/uploads\/2025\/11\/20251101_guardia_civil_pc-150x150.jpg",150,150,true],"medium":["https:\/\/pueblosycomarcas.com\/wp-content\/uploads\/2025\/11\/20251101_guardia_civil_pc-300x150.jpg",300,150,true],"large":["https:\/\/pueblosycomarcas.com\/wp-content\/uploads\/2025\/11\/20251101_guardia_civil_pc.jpg",800,400,false],"1536x1536":["https:\/\/pueblosycomarcas.com\/wp-content\/uploads\/2025\/11\/20251101_guardia_civil_pc.jpg",800,400,false],"2048x2048":["https:\/\/pueblosycomarcas.com\/wp-content\/uploads\/2025\/11\/20251101_guardia_civil_pc.jpg",800,400,false],"trp-custom-language-flag":["https:\/\/pueblosycomarcas.com\/wp-content\/uploads\/2025\/11\/20251101_guardia_civil_pc.jpg",18,9,false]},"rttpg_author":{"display_name":"admin","author_link":"https:\/\/pueblosycomarcas.com\/en\/author\/webalquimia\/"},"rttpg_comment":0,"rttpg_category":"<a href=\"https:\/\/pueblosycomarcas.com\/en\/category\/otras-comarcas\/\" rel=\"category tag\">Otras Comarcas<\/a> <a href=\"https:\/\/pueblosycomarcas.com\/en\/category\/portada\/\" rel=\"category tag\">Portada<\/a> <a href=\"https:\/\/pueblosycomarcas.com\/en\/category\/sucesos\/\" rel=\"category tag\">Sucesos<\/a>","rttpg_excerpt":"Detenida tras estafar m\u00e1s de 122.000 euros mediante el uso de tecnolog\u00edas de la informaci\u00f3n La detenida habr\u00eda empleado datos personales de sus clientes para cometer presuntas estafas financieras La Guardia Civil investiga el alcance de una posible estafa masiva basada en la confianza profesional Pueblosycomarcas.com;&nbsp;@PueblosComarcas La Guardia Civil de Valladolid, en el marco de&hellip;","_links":{"self":[{"href":"https:\/\/pueblosycomarcas.com\/en\/wp-json\/wp\/v2\/posts\/1923","targetHints":{"allow":["GET"]}}],"collection":[{"href":"https:\/\/pueblosycomarcas.com\/en\/wp-json\/wp\/v2\/posts"}],"about":[{"href":"https:\/\/pueblosycomarcas.com\/en\/wp-json\/wp\/v2\/types\/post"}],"author":[{"embeddable":true,"href":"https:\/\/pueblosycomarcas.com\/en\/wp-json\/wp\/v2\/users\/1"}],"replies":[{"embeddable":true,"href":"https:\/\/pueblosycomarcas.com\/en\/wp-json\/wp\/v2\/comments?post=1923"}],"version-history":[{"count":5,"href":"https:\/\/pueblosycomarcas.com\/en\/wp-json\/wp\/v2\/posts\/1923\/revisions"}],"predecessor-version":[{"id":1929,"href":"https:\/\/pueblosycomarcas.com\/en\/wp-json\/wp\/v2\/posts\/1923\/revisions\/1929"}],"wp:featuredmedia":[{"embeddable":true,"href":"https:\/\/pueblosycomarcas.com\/en\/wp-json\/wp\/v2\/media\/1924"}],"wp:attachment":[{"href":"https:\/\/pueblosycomarcas.com\/en\/wp-json\/wp\/v2\/media?parent=1923"}],"wp:term":[{"taxonomy":"category","embeddable":true,"href":"https:\/\/pueblosycomarcas.com\/en\/wp-json\/wp\/v2\/categories?post=1923"},{"taxonomy":"post_tag","embeddable":true,"href":"https:\/\/pueblosycomarcas.com\/en\/wp-json\/wp\/v2\/tags?post=1923"}],"curies":[{"name":"wp","href":"https:\/\/api.w.org\/{rel}","templated":true}]}}