{"id":1853,"date":"2025-10-30T15:08:27","date_gmt":"2025-10-30T14:08:27","guid":{"rendered":"https:\/\/webalquimia.es\/?p=1853"},"modified":"2025-10-30T15:10:34","modified_gmt":"2025-10-30T14:10:34","slug":"la-guardia-civil-detiene-a-dos-presuntos-autores-de-un-violento-robo-en-villabragima","status":"publish","type":"post","link":"https:\/\/pueblosycomarcas.com\/en\/la-guardia-civil-detiene-a-dos-presuntos-autores-de-un-violento-robo-en-villabragima\/","title":{"rendered":"La Guardia Civil detiene a dos presuntos autores de un violento robo en Villabr\u00e1gima"},"content":{"rendered":"<div data-elementor-type=\"wp-post\" data-elementor-id=\"1853\" class=\"elementor elementor-1853\">\n\t\t\t\t<div class=\"elementor-element elementor-element-2769f40 e-flex e-con-boxed wpr-particle-no wpr-jarallax-no wpr-parallax-no wpr-sticky-section-no wpr-equal-height-no e-con e-parent\" data-id=\"2769f40\" data-element_type=\"container\" data-e-type=\"container\">\n\t\t\t\t\t<div class=\"e-con-inner\">\n\t\t\t\t<div class=\"elementor-element elementor-element-1d93ca2 elementor-widget elementor-widget-heading\" data-id=\"1d93ca2\" data-element_type=\"widget\" data-e-type=\"widget\" data-widget_type=\"heading.default\">\n\t\t\t\t\t<h2 class=\"elementor-heading-title elementor-size-default\">La Guardia Civil detiene a dos presuntos autores de un violento robo en Villabr\u00e1gima<\/h2>\t\t\t\t<\/div>\n\t\t\t\t<div class=\"elementor-element elementor-element-78a0108 elementor-widget elementor-widget-text-editor\" data-id=\"78a0108\" data-element_type=\"widget\" data-e-type=\"widget\" data-widget_type=\"text-editor.default\">\n\t\t\t\t\t\t\t\t\t<ul><li><h6><em><strong>La v\u00edctima fue maniatada y agredida en su domicilio por dos individuos con m\u00e1scaras de disfraz<\/strong><\/em><\/h6><\/li><li><h6><em><strong>La investigaci\u00f3n de la Guardia Civil permiti\u00f3 identificar y detener a dos de los sospechosos en La Ba\u00f1eza<\/strong><\/em><\/h6><\/li><\/ul>\t\t\t\t\t\t\t\t<\/div>\n\t\t\t\t<div class=\"elementor-element elementor-element-5e9c567 elementor-widget-divider--view-line elementor-widget elementor-widget-divider\" data-id=\"5e9c567\" data-element_type=\"widget\" data-e-type=\"widget\" data-widget_type=\"divider.default\">\n\t\t\t\t\t\t\t<div class=\"elementor-divider\">\n\t\t\t<span class=\"elementor-divider-separator\">\n\t\t\t\t\t\t<\/span>\n\t\t<\/div>\n\t\t\t\t\t\t<\/div>\n\t\t\t\t<div class=\"elementor-element elementor-element-322b2c2 elementor-widget elementor-widget-text-editor\" data-id=\"322b2c2\" data-element_type=\"widget\" data-e-type=\"widget\" data-widget_type=\"text-editor.default\">\n\t\t\t\t\t\t\t\t\t<p><a href=\"https:\/\/www.facebook.com\/Pueblos-y-Comarcas-125437870924169\/?fref=ts\"><em><strong>Pueblosycomarcas.com<\/strong><\/em><\/a><em><strong>;\u00a0<\/strong><\/em><a href=\"https:\/\/twitter.com\/PueblosComarcas\"><em><strong>@PueblosComarcas<\/strong><\/em><\/a><\/p><p>La Guardia Civil de Valladolid, ha procedido a la detenci\u00f3n en la Ba\u00f1eza, de dos personas, de nacionalidad extranjera, por un supuesto delito de robo con violencia, ocurrido en la localidad de Villabr\u00e1gima.\u00a0<\/p><p>El pasado 10 de octubre de 2025, la Guardia Civil tuvo conocimiento de un supuesto delito de robo con violencia e intimidaci\u00f3n en el interior de un domicilio en la localidad de Villabr\u00e1gima (Valladolid). Una patrulla de la Guardia Civil se desplaz\u00f3 al lugar, donde se entrevist\u00f3 con la v\u00edctima, quien presentaba erosiones en el rostro, t\u00f3rax y abdomen, y se encontraba visiblemente aturdido y nervioso.<\/p><p>Seguidamente fue atendido por los servicios m\u00e9dicos del centro de salud de Medina de Rioseco y posteriormente trasladado en ambulancia al hospital de Valladolid, recibiendo el alta ese mismo d\u00eda.<\/p><p>\u00a0 Los hechos ocurrieron alrededor de las 21:15 horas, cuando una mujer llam\u00f3 a la ventana de la v\u00edctima pidiendo cargar su tel\u00e9fono m\u00f3vil. Al salir a la calle para atenderla, se percat\u00f3 de que parte de la fachada de su vivienda se hab\u00eda desprendido y comenz\u00f3 a recoger los escombros. En ese momento, dos varones aprovecharon para introducirse con \u00e9l en el domicilio, donde lo maniataron, lo tumbaron en una cama y le cubrieron el rostro con una s\u00e1bana y cinta americana. Ambos llevaban m\u00e1scaras de disfraz.<\/p><p>Uno de los agresores le propin\u00f3 golpes en el pecho mientras el otro registraba cajones y estancias. Al finalizar, le retiraron la s\u00e1bana, permiti\u00e9ndole verlos de espaldas. El denunciante describi\u00f3 a uno como corpulento y fuerte, y ambos como extranjeros.<\/p><p>Al d\u00eda siguiente, cuando los agentes se personaron en su domicilio para comprobar su estado, manifest\u00f3 su intenci\u00f3n de denunciar, pero no se encontraba en condiciones de conducir, por lo que fue trasladado en veh\u00edculo oficial al Puesto de la Guardia Civil de Medina de Rioseco.<\/p><p>Tras la formalizaci\u00f3n de la denuncia, la Guardia Civil activ\u00f3 diversas diligencias de investigaci\u00f3n que permitieron identificar y localizar el domicilio de los presuntos autores en la localidad de La Ba\u00f1eza. Como parte del proceso, la v\u00edctima particip\u00f3 en dos reconocimientos fotogr\u00e1ficos, en los que se\u00f1al\u00f3 sin ning\u00fan tipo de duda a los individuos implicados como responsables del robo con violencia.<\/p><p>Finalmente, agentes de la Guardia Civil el pasado 27 de octubre, se trasladaron a La Ba\u00f1eza, donde tras un dispositivo de localizaci\u00f3n de los posibles autores, observaron a dos de los sospechosos salir de su domicilio. En ese momento se procedi\u00f3 a la detenci\u00f3n de ambos.<\/p><p>La investigaci\u00f3n permanece abierta y no se descarta la pr\u00e1ctica de nuevas detenciones en relaci\u00f3n con los hechos<\/p>\t\t\t\t\t\t\t\t<\/div>\n\t\t\t\t\t<\/div>\n\t\t\t\t<\/div>\n\t\t\t\t<\/div>","protected":false},"excerpt":{"rendered":"<p>La Guardia Civil detiene a dos presuntos autores de un violento robo en Villabr\u00e1gima La v\u00edctima fue maniatada y agredida en su domicilio por dos individuos con m\u00e1scaras de disfraz La investigaci\u00f3n de la Guardia Civil permiti\u00f3 identificar y detener a dos de los sospechosos en La Ba\u00f1eza Pueblosycomarcas.com;\u00a0@PueblosComarcas La Guardia Civil de Valladolid, ha procedido a la detenci\u00f3n en la Ba\u00f1eza, de dos personas, de nacionalidad extranjera, por un supuesto delito de robo con violencia, ocurrido en la localidad de Villabr\u00e1gima.\u00a0 El pasado 10 de octubre de 2025, la Guardia Civil tuvo conocimiento de un supuesto delito de robo con violencia e intimidaci\u00f3n en el interior de un domicilio en la localidad de Villabr\u00e1gima (Valladolid). Una patrulla de la Guardia Civil se desplaz\u00f3 al lugar, donde se entrevist\u00f3 con la v\u00edctima, quien presentaba erosiones en el rostro, t\u00f3rax y abdomen, y se encontraba visiblemente aturdido y nervioso. Seguidamente fue atendido por los servicios m\u00e9dicos del centro de salud de Medina de Rioseco y posteriormente trasladado en ambulancia al hospital de Valladolid, recibiendo el alta ese mismo d\u00eda. \u00a0 Los hechos ocurrieron alrededor de las 21:15 horas, cuando una mujer llam\u00f3 a la ventana de la v\u00edctima pidiendo cargar su tel\u00e9fono m\u00f3vil. Al salir a la calle para atenderla, se percat\u00f3 de que parte de la fachada de su vivienda se hab\u00eda desprendido y comenz\u00f3 a recoger los escombros. En ese momento, dos varones aprovecharon para introducirse con \u00e9l en el domicilio, donde lo maniataron, lo tumbaron en una cama y le cubrieron el rostro con una s\u00e1bana y cinta americana. Ambos llevaban m\u00e1scaras de disfraz. Uno de los agresores le propin\u00f3 golpes en el pecho mientras el otro registraba cajones y estancias. Al finalizar, le retiraron la s\u00e1bana, permiti\u00e9ndole verlos de espaldas. El denunciante describi\u00f3 a uno como corpulento y fuerte, y ambos como extranjeros. Al d\u00eda siguiente, cuando los agentes se personaron en su domicilio para comprobar su estado, manifest\u00f3 su intenci\u00f3n de denunciar, pero no se encontraba en condiciones de conducir, por lo que fue trasladado en veh\u00edculo oficial al Puesto de la Guardia Civil de Medina de Rioseco. Tras la formalizaci\u00f3n de la denuncia, la Guardia Civil activ\u00f3 diversas diligencias de investigaci\u00f3n que permitieron identificar y localizar el domicilio de los presuntos autores en la localidad de La Ba\u00f1eza. Como parte del proceso, la v\u00edctima particip\u00f3 en dos reconocimientos fotogr\u00e1ficos, en los que se\u00f1al\u00f3 sin ning\u00fan tipo de duda a los individuos implicados como responsables del robo con violencia. Finalmente, agentes de la Guardia Civil el pasado 27 de octubre, se trasladaron a La Ba\u00f1eza, donde tras un dispositivo de localizaci\u00f3n de los posibles autores, observaron a dos de los sospechosos salir de su domicilio. En ese momento se procedi\u00f3 a la detenci\u00f3n de ambos. La investigaci\u00f3n permanece abierta y no se descarta la pr\u00e1ctica de nuevas detenciones en relaci\u00f3n con los hechos<\/p>","protected":false},"author":1,"featured_media":1854,"comment_status":"open","ping_status":"closed","sticky":false,"template":"","format":"standard","meta":{"site-sidebar-layout":"default","site-content-layout":"","ast-site-content-layout":"default","site-content-style":"default","site-sidebar-style":"default","ast-global-header-display":"","ast-banner-title-visibility":"","ast-main-header-display":"","ast-hfb-above-header-display":"","ast-hfb-below-header-display":"","ast-hfb-mobile-header-display":"","site-post-title":"disabled","ast-breadcrumbs-content":"","ast-featured-img":"","footer-sml-layout":"","theme-transparent-header-meta":"","adv-header-id-meta":"","stick-header-meta":"","header-above-stick-meta":"","header-main-stick-meta":"","header-below-stick-meta":"","astra-migrate-meta-layouts":"default","ast-page-background-enabled":"default","ast-page-background-meta":{"desktop":{"background-color":"var(--ast-global-color-5)","background-image":"","background-repeat":"repeat","background-position":"center center","background-size":"auto","background-attachment":"scroll","background-type":"","background-media":"","overlay-type":"","overlay-color":"","overlay-opacity":"","overlay-gradient":""},"tablet":{"background-color":"","background-image":"","background-repeat":"repeat","background-position":"center center","background-size":"auto","background-attachment":"scroll","background-type":"","background-media":"","overlay-type":"","overlay-color":"","overlay-opacity":"","overlay-gradient":""},"mobile":{"background-color":"","background-image":"","background-repeat":"repeat","background-position":"center center","background-size":"auto","background-attachment":"scroll","background-type":"","background-media":"","overlay-type":"","overlay-color":"","overlay-opacity":"","overlay-gradient":""}},"ast-content-background-meta":{"desktop":{"background-color":"var(--ast-global-color-4)","background-image":"","background-repeat":"repeat","background-position":"center center","background-size":"auto","background-attachment":"scroll","background-type":"","background-media":"","overlay-type":"","overlay-color":"","overlay-opacity":"","overlay-gradient":""},"tablet":{"background-color":"var(--ast-global-color-4)","background-image":"","background-repeat":"repeat","background-position":"center center","background-size":"auto","background-attachment":"scroll","background-type":"","background-media":"","overlay-type":"","overlay-color":"","overlay-opacity":"","overlay-gradient":""},"mobile":{"background-color":"var(--ast-global-color-4)","background-image":"","background-repeat":"repeat","background-position":"center center","background-size":"auto","background-attachment":"scroll","background-type":"","background-media":"","overlay-type":"","overlay-color":"","overlay-opacity":"","overlay-gradient":""}},"ngg_post_thumbnail":0,"footnotes":""},"categories":[10,16,12],"tags":[28,97],"class_list":["post-1853","post","type-post","status-publish","format-standard","has-post-thumbnail","hentry","category-otras-comarcas","category-portada","category-sucesos","tag-guardia-civil","tag-villabragima"],"aioseo_notices":[],"rttpg_featured_image_url":{"full":["https:\/\/pueblosycomarcas.com\/wp-content\/uploads\/2025\/10\/20251030_guardia_civil_coche.jpg",800,400,false],"landscape":["https:\/\/pueblosycomarcas.com\/wp-content\/uploads\/2025\/10\/20251030_guardia_civil_coche.jpg",800,400,false],"portraits":["https:\/\/pueblosycomarcas.com\/wp-content\/uploads\/2025\/10\/20251030_guardia_civil_coche.jpg",800,400,false],"thumbnail":["https:\/\/pueblosycomarcas.com\/wp-content\/uploads\/2025\/10\/20251030_guardia_civil_coche-150x150.jpg",150,150,true],"medium":["https:\/\/pueblosycomarcas.com\/wp-content\/uploads\/2025\/10\/20251030_guardia_civil_coche-300x150.jpg",300,150,true],"large":["https:\/\/pueblosycomarcas.com\/wp-content\/uploads\/2025\/10\/20251030_guardia_civil_coche.jpg",800,400,false],"1536x1536":["https:\/\/pueblosycomarcas.com\/wp-content\/uploads\/2025\/10\/20251030_guardia_civil_coche.jpg",800,400,false],"2048x2048":["https:\/\/pueblosycomarcas.com\/wp-content\/uploads\/2025\/10\/20251030_guardia_civil_coche.jpg",800,400,false],"trp-custom-language-flag":["https:\/\/pueblosycomarcas.com\/wp-content\/uploads\/2025\/10\/20251030_guardia_civil_coche.jpg",18,9,false]},"rttpg_author":{"display_name":"admin","author_link":"https:\/\/pueblosycomarcas.com\/en\/author\/webalquimia\/"},"rttpg_comment":0,"rttpg_category":"<a href=\"https:\/\/pueblosycomarcas.com\/en\/category\/otras-comarcas\/\" rel=\"category tag\">Otras Comarcas<\/a> <a href=\"https:\/\/pueblosycomarcas.com\/en\/category\/portada\/\" rel=\"category tag\">Portada<\/a> <a href=\"https:\/\/pueblosycomarcas.com\/en\/category\/sucesos\/\" rel=\"category tag\">Sucesos<\/a>","rttpg_excerpt":"La Guardia Civil detiene a dos presuntos autores de un violento robo en Villabr\u00e1gima La v\u00edctima fue maniatada y agredida en su domicilio por dos individuos con m\u00e1scaras de disfraz La investigaci\u00f3n de la Guardia Civil permiti\u00f3 identificar y detener a dos de los sospechosos en La Ba\u00f1eza Pueblosycomarcas.com;\u00a0@PueblosComarcas La Guardia Civil de Valladolid, ha&hellip;","_links":{"self":[{"href":"https:\/\/pueblosycomarcas.com\/en\/wp-json\/wp\/v2\/posts\/1853","targetHints":{"allow":["GET"]}}],"collection":[{"href":"https:\/\/pueblosycomarcas.com\/en\/wp-json\/wp\/v2\/posts"}],"about":[{"href":"https:\/\/pueblosycomarcas.com\/en\/wp-json\/wp\/v2\/types\/post"}],"author":[{"embeddable":true,"href":"https:\/\/pueblosycomarcas.com\/en\/wp-json\/wp\/v2\/users\/1"}],"replies":[{"embeddable":true,"href":"https:\/\/pueblosycomarcas.com\/en\/wp-json\/wp\/v2\/comments?post=1853"}],"version-history":[{"count":5,"href":"https:\/\/pueblosycomarcas.com\/en\/wp-json\/wp\/v2\/posts\/1853\/revisions"}],"predecessor-version":[{"id":1859,"href":"https:\/\/pueblosycomarcas.com\/en\/wp-json\/wp\/v2\/posts\/1853\/revisions\/1859"}],"wp:featuredmedia":[{"embeddable":true,"href":"https:\/\/pueblosycomarcas.com\/en\/wp-json\/wp\/v2\/media\/1854"}],"wp:attachment":[{"href":"https:\/\/pueblosycomarcas.com\/en\/wp-json\/wp\/v2\/media?parent=1853"}],"wp:term":[{"taxonomy":"category","embeddable":true,"href":"https:\/\/pueblosycomarcas.com\/en\/wp-json\/wp\/v2\/categories?post=1853"},{"taxonomy":"post_tag","embeddable":true,"href":"https:\/\/pueblosycomarcas.com\/en\/wp-json\/wp\/v2\/tags?post=1853"}],"curies":[{"name":"wp","href":"https:\/\/api.w.org\/{rel}","templated":true}]}}