{"id":1832,"date":"2025-10-31T06:04:00","date_gmt":"2025-10-31T05:04:00","guid":{"rendered":"https:\/\/webalquimia.es\/?p=1832"},"modified":"2025-10-30T07:54:29","modified_gmt":"2025-10-30T06:54:29","slug":"el-colectivo-tierra-de-campos-combate-la-brecha-digital-en-el-medio-rural-de-castilla-y-leon-con-el-apoyo-del-miteco-y-los-fondos-europeos","status":"publish","type":"post","link":"https:\/\/pueblosycomarcas.com\/en\/el-colectivo-tierra-de-campos-combate-la-brecha-digital-en-el-medio-rural-de-castilla-y-leon-con-el-apoyo-del-miteco-y-los-fondos-europeos\/","title":{"rendered":"El Colectivo Tierra de Campos combate la brecha digital en el medio rural de Castilla y Le\u00f3n, con el apoyo del MITECO y los fondos europeos"},"content":{"rendered":"<div data-elementor-type=\"wp-post\" data-elementor-id=\"1832\" class=\"elementor elementor-1832\">\n\t\t\t\t<div class=\"elementor-element elementor-element-c0a6ee6 e-flex e-con-boxed wpr-particle-no wpr-jarallax-no wpr-parallax-no wpr-sticky-section-no wpr-equal-height-no e-con e-parent\" data-id=\"c0a6ee6\" data-element_type=\"container\" data-e-type=\"container\">\n\t\t\t\t\t<div class=\"e-con-inner\">\n\t\t\t\t<div class=\"elementor-element elementor-element-dcea1dd elementor-widget elementor-widget-heading\" data-id=\"dcea1dd\" data-element_type=\"widget\" data-e-type=\"widget\" data-widget_type=\"heading.default\">\n\t\t\t\t\t<h2 class=\"elementor-heading-title elementor-size-default\">El Colectivo Tierra de Campos combate la brecha digital en el medio rural de Castilla y Le\u00f3n, con el apoyo del MITECO y los fondos europeos<\/h2>\t\t\t\t<\/div>\n\t\t\t\t<div class=\"elementor-element elementor-element-756c4ad elementor-widget elementor-widget-text-editor\" data-id=\"756c4ad\" data-element_type=\"widget\" data-e-type=\"widget\" data-widget_type=\"text-editor.default\">\n\t\t\t\t\t\t\t\t\t<ul><li><h6><em><strong>El programa \u201cRURALCYL. Conectando a las comunidades rurales de Castilla y Le\u00f3n\u201d impulsado por el Colectivo Tierra de Campos contribuye a la capacitaci\u00f3n digital en el medio rural <\/strong><\/em><\/h6><\/li><\/ul>\t\t\t\t\t\t\t\t<\/div>\n\t\t\t\t<div class=\"elementor-element elementor-element-e6acdc9 elementor-widget-divider--view-line elementor-widget elementor-widget-divider\" data-id=\"e6acdc9\" data-element_type=\"widget\" data-e-type=\"widget\" data-widget_type=\"divider.default\">\n\t\t\t\t\t\t\t<div class=\"elementor-divider\">\n\t\t\t<span class=\"elementor-divider-separator\">\n\t\t\t\t\t\t<\/span>\n\t\t<\/div>\n\t\t\t\t\t\t<\/div>\n\t\t\t\t<div class=\"elementor-element elementor-element-35ac894 elementor-widget elementor-widget-image\" data-id=\"35ac894\" data-element_type=\"widget\" data-e-type=\"widget\" data-widget_type=\"image.default\">\n\t\t\t\t\t\t\t\t\t\t\t\t\t\t\t<img fetchpriority=\"high\" decoding=\"async\" width=\"800\" height=\"400\" src=\"https:\/\/pueblosycomarcas.com\/wp-content\/uploads\/2025\/10\/20251031_rural_cyl_tierra_campos.jpg\" class=\"attachment-large size-large wp-image-1833\" alt=\"\" srcset=\"https:\/\/pueblosycomarcas.com\/wp-content\/uploads\/2025\/10\/20251031_rural_cyl_tierra_campos.jpg 800w, https:\/\/pueblosycomarcas.com\/wp-content\/uploads\/2025\/10\/20251031_rural_cyl_tierra_campos-300x150.jpg 300w, https:\/\/pueblosycomarcas.com\/wp-content\/uploads\/2025\/10\/20251031_rural_cyl_tierra_campos-768x384.jpg 768w\" sizes=\"(max-width: 800px) 100vw, 800px\" \/>\t\t\t\t\t\t\t\t\t\t\t\t\t\t\t<\/div>\n\t\t\t\t<div class=\"elementor-element elementor-element-7833c7c elementor-widget elementor-widget-text-editor\" data-id=\"7833c7c\" data-element_type=\"widget\" data-e-type=\"widget\" data-widget_type=\"text-editor.default\">\n\t\t\t\t\t\t\t\t\t<p><a href=\"https:\/\/www.facebook.com\/Pueblos-y-Comarcas-125437870924169\/?fref=ts\"><em><strong>Pueblosycomarcas.com<\/strong><\/em><\/a><em><strong>;\u00a0<\/strong><\/em><a href=\"https:\/\/twitter.com\/PueblosComarcas\"><em><strong>@PueblosComarcas<\/strong><\/em><\/a><\/p><p>El Ministerio para la Transici\u00f3n Ecol\u00f3gica y el Reto Demogr\u00e1fico, junto con la Uni\u00f3n Europea, apoya la capacitaci\u00f3n digital en el medio rural a trav\u00e9s del programa \u201cReto Rural Digital\u201d, financiado por el Plan de Recuperaci\u00f3n, Transformaci\u00f3n y Resiliencia y los Fondos Next Generation EU.<\/p><p>En el marco de esta iniciativa, la Asociaci\u00f3n Colectivo para el Desarrollo Rural de Tierra de Campos est\u00e1 llevando a cabo, desde octubre de 2024, el ambicioso programa <em>\u201cRURALCYL. Conectando a las comunidades rurales de Castilla y Le\u00f3n\u201d<\/em>, que se desarrolla en m\u00e1s de 90 municipios de las provincias de Burgos, Le\u00f3n, Palencia, Segovia, Soria, Valladolid y Zamora.<\/p><p>El objetivo del programa es formar a las personas que viven en el medio rural castellanoleon\u00e9s en competencias digitales, dot\u00e1ndolas de las herramientas y habilidades necesarias para desenvolverse con seguridad y autonom\u00eda en un entorno digital cada vez m\u00e1s presente en la vida cotidiana.<\/p><p>Gracias a esta iniciativa, el Colectivo Tierra de Campos pretende llegar a 1.800 personas pertenecientes a diferentes colectivos: infancia y juventud, mujeres, personas desempleadas y personas mayores. Los cursos combinan sesiones formativas grupales con una tutorizaci\u00f3n y gu\u00eda individual que permite atender las necesidades espec\u00edficas de cada participante.<\/p><p>Desde su inicio, el programa ha acompa\u00f1ado a m\u00e1s de 1.390 personas, que han mejorado sus destrezas digitales y perdido el miedo al uso de las nuevas tecnolog\u00edas.<\/p><p>Las experiencias del alumnado reflejan el valor de este tipo de programas. Valeriana Vidal San Juan, participante del curso en Cotanes del Monte (Zamora), comparte: <em>\u201cEste curso nos viene fenomenal, nos saca de muchas dudas y aprendemos cosas \u00fatiles, como, por ejemplo, a generar citas m\u00e9dicas en el calendario y que luego el m\u00f3vil nos avise. Sobre todo, nos ayuda a perder el miedo a usar nuestro m\u00f3vil, porque se da un nivel muy adaptado al grupo y con tranquilidad\u201d<\/em>.<\/p><p>Por su parte, Mar\u00eda Jos\u00e9 de los Ojos San Jos\u00e9, vecina de Torrelobat\u00f3n (Valladolid) destaca la importancia del acompa\u00f1amiento individual: <em>\u201cGracias a la atenci\u00f3n individual pude descargarme una aplicaci\u00f3n que hab\u00eda intentado instalar por mi cuenta sin \u00e9xito. A nivel grupal hubiera sido dif\u00edcil, pero resolver dudas personales ayuda mucho. Adem\u00e1s, cada m\u00f3vil es distinto, as\u00ed que viene genial esa atenci\u00f3n personalizada\u201d<\/em>.<\/p><p>Estos testimonios reflejan c\u00f3mo la digitalizaci\u00f3n puede ser una herramienta de inclusi\u00f3n, autonom\u00eda y empoderamiento personal, especialmente para quienes viven en entornos rurales donde el acceso a la formaci\u00f3n y la tecnolog\u00eda es m\u00e1s limitado.<\/p><p>El programa RURALCYL demuestra que la transformaci\u00f3n digital no se trata \u00fanicamente de aprender a manejar dispositivos o aplicaciones, sino de acercar el mundo digital a las personas desde la empat\u00eda, la cercan\u00eda y la escucha activa. En el medio rural, donde las distancias geogr\u00e1ficas y las brechas tecnol\u00f3gicas son m\u00e1s evidentes, este tipo de iniciativas cobran un valor especial: no solo ense\u00f1an a usar una herramienta, sino que abren puertas a nuevas formas de comunicaci\u00f3n, acceso a servicios, participaci\u00f3n social y desarrollo personal.<\/p><p>Programas como RURALCYL demuestran que la digitalizaci\u00f3n puede y debe ser humana e inclusiva, que requiere tanto formaci\u00f3n t\u00e9cnica como acompa\u00f1amiento emocional y social. Cada sesi\u00f3n grupal, cada tutor\u00eda individual y cada duda resuelta representan un paso hacia una comunidad m\u00e1s conectada, m\u00e1s aut\u00f3noma e igualitaria. Porque la verdadera transformaci\u00f3n digital es aquella que genera oportunidades para todas las personas, sin importar la edad, el lugar de residencia o el punto de partida, contribuyendo as\u00ed a mantener vivo el coraz\u00f3n de nuestros pueblos a trav\u00e9s de la conexi\u00f3n y el aprendizaje compartido.<\/p>\t\t\t\t\t\t\t\t<\/div>\n\t\t\t\t\t<\/div>\n\t\t\t\t<\/div>\n\t\t\t\t<\/div>","protected":false},"excerpt":{"rendered":"<p>El Colectivo Tierra de Campos combate la brecha digital en el medio rural de Castilla y Le\u00f3n, con el apoyo del MITECO y los fondos europeos El programa \u201cRURALCYL. Conectando a las comunidades rurales de Castilla y Le\u00f3n\u201d impulsado por el Colectivo Tierra de Campos contribuye a la capacitaci\u00f3n digital en el medio rural Pueblosycomarcas.com;\u00a0@PueblosComarcas El Ministerio para la Transici\u00f3n Ecol\u00f3gica y el Reto Demogr\u00e1fico, junto con la Uni\u00f3n Europea, apoya la capacitaci\u00f3n digital en el medio rural a trav\u00e9s del programa \u201cReto Rural Digital\u201d, financiado por el Plan de Recuperaci\u00f3n, Transformaci\u00f3n y Resiliencia y los Fondos Next Generation EU. En el marco de esta iniciativa, la Asociaci\u00f3n Colectivo para el Desarrollo Rural de Tierra de Campos est\u00e1 llevando a cabo, desde octubre de 2024, el ambicioso programa \u201cRURALCYL. Conectando a las comunidades rurales de Castilla y Le\u00f3n\u201d, que se desarrolla en m\u00e1s de 90 municipios de las provincias de Burgos, Le\u00f3n, Palencia, Segovia, Soria, Valladolid y Zamora. El objetivo del programa es formar a las personas que viven en el medio rural castellanoleon\u00e9s en competencias digitales, dot\u00e1ndolas de las herramientas y habilidades necesarias para desenvolverse con seguridad y autonom\u00eda en un entorno digital cada vez m\u00e1s presente en la vida cotidiana. Gracias a esta iniciativa, el Colectivo Tierra de Campos pretende llegar a 1.800 personas pertenecientes a diferentes colectivos: infancia y juventud, mujeres, personas desempleadas y personas mayores. Los cursos combinan sesiones formativas grupales con una tutorizaci\u00f3n y gu\u00eda individual que permite atender las necesidades espec\u00edficas de cada participante. Desde su inicio, el programa ha acompa\u00f1ado a m\u00e1s de 1.390 personas, que han mejorado sus destrezas digitales y perdido el miedo al uso de las nuevas tecnolog\u00edas. Las experiencias del alumnado reflejan el valor de este tipo de programas. Valeriana Vidal San Juan, participante del curso en Cotanes del Monte (Zamora), comparte: \u201cEste curso nos viene fenomenal, nos saca de muchas dudas y aprendemos cosas \u00fatiles, como, por ejemplo, a generar citas m\u00e9dicas en el calendario y que luego el m\u00f3vil nos avise. Sobre todo, nos ayuda a perder el miedo a usar nuestro m\u00f3vil, porque se da un nivel muy adaptado al grupo y con tranquilidad\u201d. Por su parte, Mar\u00eda Jos\u00e9 de los Ojos San Jos\u00e9, vecina de Torrelobat\u00f3n (Valladolid) destaca la importancia del acompa\u00f1amiento individual: \u201cGracias a la atenci\u00f3n individual pude descargarme una aplicaci\u00f3n que hab\u00eda intentado instalar por mi cuenta sin \u00e9xito. A nivel grupal hubiera sido dif\u00edcil, pero resolver dudas personales ayuda mucho. Adem\u00e1s, cada m\u00f3vil es distinto, as\u00ed que viene genial esa atenci\u00f3n personalizada\u201d. Estos testimonios reflejan c\u00f3mo la digitalizaci\u00f3n puede ser una herramienta de inclusi\u00f3n, autonom\u00eda y empoderamiento personal, especialmente para quienes viven en entornos rurales donde el acceso a la formaci\u00f3n y la tecnolog\u00eda es m\u00e1s limitado. El programa RURALCYL demuestra que la transformaci\u00f3n digital no se trata \u00fanicamente de aprender a manejar dispositivos o aplicaciones, sino de acercar el mundo digital a las personas desde la empat\u00eda, la cercan\u00eda y la escucha activa. En el medio rural, donde las distancias geogr\u00e1ficas y las brechas tecnol\u00f3gicas son m\u00e1s evidentes, este tipo de iniciativas cobran un valor especial: no solo ense\u00f1an a usar una herramienta, sino que abren puertas a nuevas formas de comunicaci\u00f3n, acceso a servicios, participaci\u00f3n social y desarrollo personal. Programas como RURALCYL demuestran que la digitalizaci\u00f3n puede y debe ser humana e inclusiva, que requiere tanto formaci\u00f3n t\u00e9cnica como acompa\u00f1amiento emocional y social. Cada sesi\u00f3n grupal, cada tutor\u00eda individual y cada duda resuelta representan un paso hacia una comunidad m\u00e1s conectada, m\u00e1s aut\u00f3noma e igualitaria. Porque la verdadera transformaci\u00f3n digital es aquella que genera oportunidades para todas las personas, sin importar la edad, el lugar de residencia o el punto de partida, contribuyendo as\u00ed a mantener vivo el coraz\u00f3n de nuestros pueblos a trav\u00e9s de la conexi\u00f3n y el aprendizaje compartido.<\/p>","protected":false},"author":1,"featured_media":1833,"comment_status":"open","ping_status":"closed","sticky":false,"template":"","format":"standard","meta":{"site-sidebar-layout":"default","site-content-layout":"","ast-site-content-layout":"default","site-content-style":"default","site-sidebar-style":"default","ast-global-header-display":"","ast-banner-title-visibility":"","ast-main-header-display":"","ast-hfb-above-header-display":"","ast-hfb-below-header-display":"","ast-hfb-mobile-header-display":"","site-post-title":"disabled","ast-breadcrumbs-content":"","ast-featured-img":"","footer-sml-layout":"","theme-transparent-header-meta":"","adv-header-id-meta":"","stick-header-meta":"","header-above-stick-meta":"","header-main-stick-meta":"","header-below-stick-meta":"","astra-migrate-meta-layouts":"default","ast-page-background-enabled":"default","ast-page-background-meta":{"desktop":{"background-color":"var(--ast-global-color-5)","background-image":"","background-repeat":"repeat","background-position":"center center","background-size":"auto","background-attachment":"scroll","background-type":"","background-media":"","overlay-type":"","overlay-color":"","overlay-opacity":"","overlay-gradient":""},"tablet":{"background-color":"","background-image":"","background-repeat":"repeat","background-position":"center center","background-size":"auto","background-attachment":"scroll","background-type":"","background-media":"","overlay-type":"","overlay-color":"","overlay-opacity":"","overlay-gradient":""},"mobile":{"background-color":"","background-image":"","background-repeat":"repeat","background-position":"center center","background-size":"auto","background-attachment":"scroll","background-type":"","background-media":"","overlay-type":"","overlay-color":"","overlay-opacity":"","overlay-gradient":""}},"ast-content-background-meta":{"desktop":{"background-color":"var(--ast-global-color-4)","background-image":"","background-repeat":"repeat","background-position":"center center","background-size":"auto","background-attachment":"scroll","background-type":"","background-media":"","overlay-type":"","overlay-color":"","overlay-opacity":"","overlay-gradient":""},"tablet":{"background-color":"var(--ast-global-color-4)","background-image":"","background-repeat":"repeat","background-position":"center center","background-size":"auto","background-attachment":"scroll","background-type":"","background-media":"","overlay-type":"","overlay-color":"","overlay-opacity":"","overlay-gradient":""},"mobile":{"background-color":"var(--ast-global-color-4)","background-image":"","background-repeat":"repeat","background-position":"center center","background-size":"auto","background-attachment":"scroll","background-type":"","background-media":"","overlay-type":"","overlay-color":"","overlay-opacity":"","overlay-gradient":""}},"ngg_post_thumbnail":0,"footnotes":""},"categories":[10,16],"tags":[96],"class_list":["post-1832","post","type-post","status-publish","format-standard","has-post-thumbnail","hentry","category-otras-comarcas","category-portada","tag-colectivo-tierra-de-campos"],"aioseo_notices":[],"rttpg_featured_image_url":{"full":["https:\/\/pueblosycomarcas.com\/wp-content\/uploads\/2025\/10\/20251031_rural_cyl_tierra_campos.jpg",800,400,false],"landscape":["https:\/\/pueblosycomarcas.com\/wp-content\/uploads\/2025\/10\/20251031_rural_cyl_tierra_campos.jpg",800,400,false],"portraits":["https:\/\/pueblosycomarcas.com\/wp-content\/uploads\/2025\/10\/20251031_rural_cyl_tierra_campos.jpg",800,400,false],"thumbnail":["https:\/\/pueblosycomarcas.com\/wp-content\/uploads\/2025\/10\/20251031_rural_cyl_tierra_campos-150x150.jpg",150,150,true],"medium":["https:\/\/pueblosycomarcas.com\/wp-content\/uploads\/2025\/10\/20251031_rural_cyl_tierra_campos-300x150.jpg",300,150,true],"large":["https:\/\/pueblosycomarcas.com\/wp-content\/uploads\/2025\/10\/20251031_rural_cyl_tierra_campos.jpg",800,400,false],"1536x1536":["https:\/\/pueblosycomarcas.com\/wp-content\/uploads\/2025\/10\/20251031_rural_cyl_tierra_campos.jpg",800,400,false],"2048x2048":["https:\/\/pueblosycomarcas.com\/wp-content\/uploads\/2025\/10\/20251031_rural_cyl_tierra_campos.jpg",800,400,false],"trp-custom-language-flag":["https:\/\/pueblosycomarcas.com\/wp-content\/uploads\/2025\/10\/20251031_rural_cyl_tierra_campos.jpg",18,9,false]},"rttpg_author":{"display_name":"admin","author_link":"https:\/\/pueblosycomarcas.com\/en\/author\/webalquimia\/"},"rttpg_comment":0,"rttpg_category":"<a href=\"https:\/\/pueblosycomarcas.com\/en\/category\/otras-comarcas\/\" rel=\"category tag\">Otras Comarcas<\/a> <a href=\"https:\/\/pueblosycomarcas.com\/en\/category\/portada\/\" rel=\"category tag\">Portada<\/a>","rttpg_excerpt":"El Colectivo Tierra de Campos combate la brecha digital en el medio rural de Castilla y Le\u00f3n, con el apoyo del MITECO y los fondos europeos El programa \u201cRURALCYL. Conectando a las comunidades rurales de Castilla y Le\u00f3n\u201d impulsado por el Colectivo Tierra de Campos contribuye a la capacitaci\u00f3n digital en el medio rural Pueblosycomarcas.com;\u00a0@PueblosComarcas&hellip;","_links":{"self":[{"href":"https:\/\/pueblosycomarcas.com\/en\/wp-json\/wp\/v2\/posts\/1832","targetHints":{"allow":["GET"]}}],"collection":[{"href":"https:\/\/pueblosycomarcas.com\/en\/wp-json\/wp\/v2\/posts"}],"about":[{"href":"https:\/\/pueblosycomarcas.com\/en\/wp-json\/wp\/v2\/types\/post"}],"author":[{"embeddable":true,"href":"https:\/\/pueblosycomarcas.com\/en\/wp-json\/wp\/v2\/users\/1"}],"replies":[{"embeddable":true,"href":"https:\/\/pueblosycomarcas.com\/en\/wp-json\/wp\/v2\/comments?post=1832"}],"version-history":[{"count":5,"href":"https:\/\/pueblosycomarcas.com\/en\/wp-json\/wp\/v2\/posts\/1832\/revisions"}],"predecessor-version":[{"id":1838,"href":"https:\/\/pueblosycomarcas.com\/en\/wp-json\/wp\/v2\/posts\/1832\/revisions\/1838"}],"wp:featuredmedia":[{"embeddable":true,"href":"https:\/\/pueblosycomarcas.com\/en\/wp-json\/wp\/v2\/media\/1833"}],"wp:attachment":[{"href":"https:\/\/pueblosycomarcas.com\/en\/wp-json\/wp\/v2\/media?parent=1832"}],"wp:term":[{"taxonomy":"category","embeddable":true,"href":"https:\/\/pueblosycomarcas.com\/en\/wp-json\/wp\/v2\/categories?post=1832"},{"taxonomy":"post_tag","embeddable":true,"href":"https:\/\/pueblosycomarcas.com\/en\/wp-json\/wp\/v2\/tags?post=1832"}],"curies":[{"name":"wp","href":"https:\/\/api.w.org\/{rel}","templated":true}]}}