{"id":1795,"date":"2025-10-29T15:48:50","date_gmt":"2025-10-29T14:48:50","guid":{"rendered":"https:\/\/webalquimia.es\/?p=1795"},"modified":"2025-10-29T15:51:40","modified_gmt":"2025-10-29T14:51:40","slug":"el-presidente-de-la-diputacion-clausura-el-ix-foro-de-turismo-de-valladolid-dedicado-al-astroturismo","status":"publish","type":"post","link":"https:\/\/pueblosycomarcas.com\/en\/el-presidente-de-la-diputacion-clausura-el-ix-foro-de-turismo-de-valladolid-dedicado-al-astroturismo\/","title":{"rendered":"El presidente de la Diputaci\u00f3n clausura el IX Foro de Turismo de Valladolid dedicado al astroturismo"},"content":{"rendered":"<div data-elementor-type=\"wp-post\" data-elementor-id=\"1795\" class=\"elementor elementor-1795\">\n\t\t\t\t<div class=\"elementor-element elementor-element-f73a736 e-flex e-con-boxed wpr-particle-no wpr-jarallax-no wpr-parallax-no wpr-sticky-section-no wpr-equal-height-no e-con e-parent\" data-id=\"f73a736\" data-element_type=\"container\" data-e-type=\"container\">\n\t\t\t\t\t<div class=\"e-con-inner\">\n\t\t\t\t<div class=\"elementor-element elementor-element-1e0bb03 elementor-widget elementor-widget-heading\" data-id=\"1e0bb03\" data-element_type=\"widget\" data-e-type=\"widget\" data-widget_type=\"heading.default\">\n\t\t\t\t\t<h2 class=\"elementor-heading-title elementor-size-default\">El presidente de la Diputaci\u00f3n clausura el IX Foro de Turismo de Valladolid dedicado al astroturismo<\/h2>\t\t\t\t<\/div>\n\t\t\t\t<div class=\"elementor-element elementor-element-7655573 elementor-widget elementor-widget-text-editor\" data-id=\"7655573\" data-element_type=\"widget\" data-e-type=\"widget\" data-widget_type=\"text-editor.default\">\n\t\t\t\t\t\t\t\t\t<ul><li><h6><em><strong>Conrado \u00cdscar subraya la importancia de la colaboraci\u00f3n p\u00fablico-privada en el impulso del turismo provincial<\/strong><\/em><\/h6><\/li><li><h6><em><strong>El foro, celebrado en el Castillo de Fuensalda\u00f1a, ha reunido a expertos nacionales en turismo astron\u00f3mico bajo el lema \u2018Una mirada al cielo\u2019<\/strong><\/em><\/h6><\/li><\/ul>\t\t\t\t\t\t\t\t<\/div>\n\t\t\t\t<div class=\"elementor-element elementor-element-4902024 elementor-widget-divider--view-line elementor-widget elementor-widget-divider\" data-id=\"4902024\" data-element_type=\"widget\" data-e-type=\"widget\" data-widget_type=\"divider.default\">\n\t\t\t\t\t\t\t<div class=\"elementor-divider\">\n\t\t\t<span class=\"elementor-divider-separator\">\n\t\t\t\t\t\t<\/span>\n\t\t<\/div>\n\t\t\t\t\t\t<\/div>\n\t\t\t\t<div class=\"elementor-element elementor-element-0a5a0a6 elementor-widget elementor-widget-image\" data-id=\"0a5a0a6\" data-element_type=\"widget\" data-e-type=\"widget\" data-widget_type=\"image.default\">\n\t\t\t\t\t\t\t\t\t\t\t\t<figure class=\"wp-caption\">\n\t\t\t\t\t\t\t\t\t\t<img fetchpriority=\"high\" decoding=\"async\" width=\"800\" height=\"400\" src=\"https:\/\/pueblosycomarcas.com\/wp-content\/uploads\/2025\/10\/20251029_foro_turismo.jpg\" class=\"attachment-large size-large wp-image-1798\" alt=\"\" srcset=\"https:\/\/pueblosycomarcas.com\/wp-content\/uploads\/2025\/10\/20251029_foro_turismo.jpg 800w, https:\/\/pueblosycomarcas.com\/wp-content\/uploads\/2025\/10\/20251029_foro_turismo-300x150.jpg 300w, https:\/\/pueblosycomarcas.com\/wp-content\/uploads\/2025\/10\/20251029_foro_turismo-768x384.jpg 768w\" sizes=\"(max-width: 800px) 100vw, 800px\" \/>\t\t\t\t\t\t\t\t\t\t\t<figcaption class=\"widget-image-caption wp-caption-text\">Conrado \u00cdscar, presidente de la Diputaci\u00f3n de Valladolid.<\/figcaption>\n\t\t\t\t\t\t\t\t\t\t<\/figure>\n\t\t\t\t\t\t\t\t\t<\/div>\n\t\t\t\t<div class=\"elementor-element elementor-element-4d89f26 elementor-widget elementor-widget-text-editor\" data-id=\"4d89f26\" data-element_type=\"widget\" data-e-type=\"widget\" data-widget_type=\"text-editor.default\">\n\t\t\t\t\t\t\t\t\t<p><a href=\"https:\/\/www.facebook.com\/Pueblos-y-Comarcas-125437870924169\/?fref=ts\"><strong><em>Pueblosycomarcas.com<\/em><\/strong><\/a><strong><em>;\u00a0<\/em><\/strong><a href=\"https:\/\/twitter.com\/PueblosComarcas\"><strong><em>@PueblosComarcas<\/em><\/strong><\/a><\/p><p>El presidente de la Diputaci\u00f3n de Valladolid, Conrado \u00cdscar, ha clausurado hoy en el Castillo de Fuensalda\u00f1a la novena edici\u00f3n del Foro de Turismo Provincia de Valladolid, una cita que este a\u00f1o ha centrado su atenci\u00f3n en el astroturismo una nueva modalidad en auge que combina la observaci\u00f3n del cielo nocturno con una nueva oportunidad de desarrollo econ\u00f3mico, sostenible y cient\u00edfico para el medio rural.<\/p><p>Durante su intervenci\u00f3n, \u00cdscar ha agradecido \u201cel trabajo realizado durante esta jornada\u201d y ha destacado que el foro \u201cse ha convertido en el gran espacio de reflexi\u00f3n y una de las mesas de trabajo m\u00e1s importantes que tenemos para construir el futuro tur\u00edstico de nuestra provincia\u201d.<\/p><p>El presidente ha incidido en la capacidad del encuentro para reunir \u201ca profesionales, empresarios, t\u00e9cnicos y alcaldes, y de esa sinergia nace el valor de esta iniciativa\u201d. Tambi\u00e9n ha recordado que en ediciones anteriores el foro ha abordado \u00e1mbitos como el enoturismo, el turismo sostenible, el cultural o las recreaciones hist\u00f3ricas, y que \u201cen esta ocasi\u00f3n, el foro ha llevado por lema \u2018Una mirada al cielo\u2019 y ha contado con algunos de los especialistas de mayor relevancia del panorama nacional en materia astrotur\u00edstica\u201d.<\/p><p>Por otra parte, \u00cdscar ha afirmado que la Diputaci\u00f3n apuesta por un modelo tur\u00edstico competitivo y diversificado en nuestra provincia que se ha \u201cidentificado como lugar de alto inter\u00e9s por contar con una oferta en la que el enoturismo hace de cabeza tractora de otros recursos como la gastronom\u00eda, el patrimonio ambiental, cultural y, c\u00f3mo no, el astroturismo\u201d.<\/p><p>Asimismo, ha subrayado que \u201csi la colaboraci\u00f3n p\u00fablico-privada es esencial en cualquier sector econ\u00f3mico, en el tur\u00edstico no s\u00f3lo es esencial sino vital\u201d, recordando que el turismo, junto a la agroalimentaci\u00f3n, \u201ces la herramienta m\u00e1s poderosa que tenemos para fijar poblaci\u00f3n y generar empleo de calidad en el medio rural\u201d.<\/p><p>En su discurso, \u00cdscar ha adelantado que la Diputaci\u00f3n de Valladolid ya trabaja en una campa\u00f1a de promoci\u00f3n tur\u00edstica de cara al eclipse solar del 12 de agosto de 2026, con el objetivo de \u201ccanalizar y aprovechar todas las acciones promocionales\u201d y coordinar actividades en los municipios de la provincia. \u201cSe trata de una oportunidad \u00fanica y estoy convencido de que las conclusiones que extraigamos de este foro se convertir\u00e1n en los ejes de trabajo del Patronato de Turismo de la Diputaci\u00f3n para el pr\u00f3ximo a\u00f1o\u201d, a\u00f1adi\u00f3.<\/p><p>El presidente ha finalizado su intervenci\u00f3n agradeciendo la labor de los participantes, ponentes y t\u00e9cnicos de la instituci\u00f3n: \u201cEl futuro del turismo de Valladolid se escribe con el esfuerzo de todos ustedes\u201d.<\/p><p>El IX Foro de Turismo de Valladolid, organizado por la Diputaci\u00f3n de Valladolid, ha reunido a destacados expertos del \u00e1mbito cient\u00edfico y tur\u00edstico, como Antonia Varela, presidenta de la Fundaci\u00f3n Starlight y directora del Museo de la Ciencia y el Cosmos de Tenerife; Rafael Bachiller, director del Observatorio Nacional; Jorge Monz\u00f3n y Alejandro Catal\u00e1, representantes de la Comisi\u00f3n Nacional del Eclipse y miembros de las asociaciones astron\u00f3micas vallisoletanas GUA-Syrma, as\u00ed como representantes de proyectos de referencia como Cielo y Tiedra, Stellarium \u00c1vila o Cosmoci\u00f3n, entre otros.<\/p>\t\t\t\t\t\t\t\t<\/div>\n\t\t\t\t<div class=\"elementor-element elementor-element-42f0573 elementor-widget elementor-widget-image\" data-id=\"42f0573\" data-element_type=\"widget\" data-e-type=\"widget\" data-widget_type=\"image.default\">\n\t\t\t\t\t\t\t\t\t\t\t\t\t\t\t<img decoding=\"async\" width=\"800\" height=\"400\" src=\"https:\/\/pueblosycomarcas.com\/wp-content\/uploads\/2025\/10\/20251029_foro_turismo_02.jpg\" class=\"attachment-large size-large wp-image-1796\" alt=\"\" srcset=\"https:\/\/pueblosycomarcas.com\/wp-content\/uploads\/2025\/10\/20251029_foro_turismo_02.jpg 800w, https:\/\/pueblosycomarcas.com\/wp-content\/uploads\/2025\/10\/20251029_foro_turismo_02-300x150.jpg 300w, https:\/\/pueblosycomarcas.com\/wp-content\/uploads\/2025\/10\/20251029_foro_turismo_02-768x384.jpg 768w\" sizes=\"(max-width: 800px) 100vw, 800px\" \/>\t\t\t\t\t\t\t\t\t\t\t\t\t\t\t<\/div>\n\t\t\t\t\t<\/div>\n\t\t\t\t<\/div>\n\t\t\t\t<\/div>","protected":false},"excerpt":{"rendered":"<p>El presidente de la Diputaci\u00f3n clausura el IX Foro de Turismo de Valladolid dedicado al astroturismo Conrado \u00cdscar subraya la importancia de la colaboraci\u00f3n p\u00fablico-privada en el impulso del turismo provincial El foro, celebrado en el Castillo de Fuensalda\u00f1a, ha reunido a expertos nacionales en turismo astron\u00f3mico bajo el lema \u2018Una mirada al cielo\u2019 Conrado \u00cdscar, presidente de la Diputaci\u00f3n de Valladolid. Pueblosycomarcas.com;\u00a0@PueblosComarcas El presidente de la Diputaci\u00f3n de Valladolid, Conrado \u00cdscar, ha clausurado hoy en el Castillo de Fuensalda\u00f1a la novena edici\u00f3n del Foro de Turismo Provincia de Valladolid, una cita que este a\u00f1o ha centrado su atenci\u00f3n en el astroturismo una nueva modalidad en auge que combina la observaci\u00f3n del cielo nocturno con una nueva oportunidad de desarrollo econ\u00f3mico, sostenible y cient\u00edfico para el medio rural. Durante su intervenci\u00f3n, \u00cdscar ha agradecido \u201cel trabajo realizado durante esta jornada\u201d y ha destacado que el foro \u201cse ha convertido en el gran espacio de reflexi\u00f3n y una de las mesas de trabajo m\u00e1s importantes que tenemos para construir el futuro tur\u00edstico de nuestra provincia\u201d. El presidente ha incidido en la capacidad del encuentro para reunir \u201ca profesionales, empresarios, t\u00e9cnicos y alcaldes, y de esa sinergia nace el valor de esta iniciativa\u201d. Tambi\u00e9n ha recordado que en ediciones anteriores el foro ha abordado \u00e1mbitos como el enoturismo, el turismo sostenible, el cultural o las recreaciones hist\u00f3ricas, y que \u201cen esta ocasi\u00f3n, el foro ha llevado por lema \u2018Una mirada al cielo\u2019 y ha contado con algunos de los especialistas de mayor relevancia del panorama nacional en materia astrotur\u00edstica\u201d. Por otra parte, \u00cdscar ha afirmado que la Diputaci\u00f3n apuesta por un modelo tur\u00edstico competitivo y diversificado en nuestra provincia que se ha \u201cidentificado como lugar de alto inter\u00e9s por contar con una oferta en la que el enoturismo hace de cabeza tractora de otros recursos como la gastronom\u00eda, el patrimonio ambiental, cultural y, c\u00f3mo no, el astroturismo\u201d. Asimismo, ha subrayado que \u201csi la colaboraci\u00f3n p\u00fablico-privada es esencial en cualquier sector econ\u00f3mico, en el tur\u00edstico no s\u00f3lo es esencial sino vital\u201d, recordando que el turismo, junto a la agroalimentaci\u00f3n, \u201ces la herramienta m\u00e1s poderosa que tenemos para fijar poblaci\u00f3n y generar empleo de calidad en el medio rural\u201d. En su discurso, \u00cdscar ha adelantado que la Diputaci\u00f3n de Valladolid ya trabaja en una campa\u00f1a de promoci\u00f3n tur\u00edstica de cara al eclipse solar del 12 de agosto de 2026, con el objetivo de \u201ccanalizar y aprovechar todas las acciones promocionales\u201d y coordinar actividades en los municipios de la provincia. \u201cSe trata de una oportunidad \u00fanica y estoy convencido de que las conclusiones que extraigamos de este foro se convertir\u00e1n en los ejes de trabajo del Patronato de Turismo de la Diputaci\u00f3n para el pr\u00f3ximo a\u00f1o\u201d, a\u00f1adi\u00f3. El presidente ha finalizado su intervenci\u00f3n agradeciendo la labor de los participantes, ponentes y t\u00e9cnicos de la instituci\u00f3n: \u201cEl futuro del turismo de Valladolid se escribe con el esfuerzo de todos ustedes\u201d. El IX Foro de Turismo de Valladolid, organizado por la Diputaci\u00f3n de Valladolid, ha reunido a destacados expertos del \u00e1mbito cient\u00edfico y tur\u00edstico, como Antonia Varela, presidenta de la Fundaci\u00f3n Starlight y directora del Museo de la Ciencia y el Cosmos de Tenerife; Rafael Bachiller, director del Observatorio Nacional; Jorge Monz\u00f3n y Alejandro Catal\u00e1, representantes de la Comisi\u00f3n Nacional del Eclipse y miembros de las asociaciones astron\u00f3micas vallisoletanas GUA-Syrma, as\u00ed como representantes de proyectos de referencia como Cielo y Tiedra, Stellarium \u00c1vila o Cosmoci\u00f3n, entre otros.<\/p>","protected":false},"author":1,"featured_media":1796,"comment_status":"open","ping_status":"closed","sticky":false,"template":"","format":"standard","meta":{"site-sidebar-layout":"default","site-content-layout":"","ast-site-content-layout":"default","site-content-style":"default","site-sidebar-style":"default","ast-global-header-display":"","ast-banner-title-visibility":"","ast-main-header-display":"","ast-hfb-above-header-display":"","ast-hfb-below-header-display":"","ast-hfb-mobile-header-display":"","site-post-title":"disabled","ast-breadcrumbs-content":"","ast-featured-img":"","footer-sml-layout":"","theme-transparent-header-meta":"","adv-header-id-meta":"","stick-header-meta":"","header-above-stick-meta":"","header-main-stick-meta":"","header-below-stick-meta":"","astra-migrate-meta-layouts":"default","ast-page-background-enabled":"default","ast-page-background-meta":{"desktop":{"background-color":"var(--ast-global-color-5)","background-image":"","background-repeat":"repeat","background-position":"center center","background-size":"auto","background-attachment":"scroll","background-type":"","background-media":"","overlay-type":"","overlay-color":"","overlay-opacity":"","overlay-gradient":""},"tablet":{"background-color":"","background-image":"","background-repeat":"repeat","background-position":"center center","background-size":"auto","background-attachment":"scroll","background-type":"","background-media":"","overlay-type":"","overlay-color":"","overlay-opacity":"","overlay-gradient":""},"mobile":{"background-color":"","background-image":"","background-repeat":"repeat","background-position":"center center","background-size":"auto","background-attachment":"scroll","background-type":"","background-media":"","overlay-type":"","overlay-color":"","overlay-opacity":"","overlay-gradient":""}},"ast-content-background-meta":{"desktop":{"background-color":"var(--ast-global-color-4)","background-image":"","background-repeat":"repeat","background-position":"center center","background-size":"auto","background-attachment":"scroll","background-type":"","background-media":"","overlay-type":"","overlay-color":"","overlay-opacity":"","overlay-gradient":""},"tablet":{"background-color":"var(--ast-global-color-4)","background-image":"","background-repeat":"repeat","background-position":"center center","background-size":"auto","background-attachment":"scroll","background-type":"","background-media":"","overlay-type":"","overlay-color":"","overlay-opacity":"","overlay-gradient":""},"mobile":{"background-color":"var(--ast-global-color-4)","background-image":"","background-repeat":"repeat","background-position":"center center","background-size":"auto","background-attachment":"scroll","background-type":"","background-media":"","overlay-type":"","overlay-color":"","overlay-opacity":"","overlay-gradient":""}},"ngg_post_thumbnail":0,"footnotes":""},"categories":[11,18,16],"tags":[26],"class_list":["post-1795","post","type-post","status-publish","format-standard","has-post-thumbnail","hentry","category-deportes-y-ocio","category-ocio","category-portada","tag-diputacion-de-valladolid"],"aioseo_notices":[],"rttpg_featured_image_url":{"full":["https:\/\/pueblosycomarcas.com\/wp-content\/uploads\/2025\/10\/20251029_foro_turismo_02.jpg",800,400,false],"landscape":["https:\/\/pueblosycomarcas.com\/wp-content\/uploads\/2025\/10\/20251029_foro_turismo_02.jpg",800,400,false],"portraits":["https:\/\/pueblosycomarcas.com\/wp-content\/uploads\/2025\/10\/20251029_foro_turismo_02.jpg",800,400,false],"thumbnail":["https:\/\/pueblosycomarcas.com\/wp-content\/uploads\/2025\/10\/20251029_foro_turismo_02-150x150.jpg",150,150,true],"medium":["https:\/\/pueblosycomarcas.com\/wp-content\/uploads\/2025\/10\/20251029_foro_turismo_02-300x150.jpg",300,150,true],"large":["https:\/\/pueblosycomarcas.com\/wp-content\/uploads\/2025\/10\/20251029_foro_turismo_02.jpg",800,400,false],"1536x1536":["https:\/\/pueblosycomarcas.com\/wp-content\/uploads\/2025\/10\/20251029_foro_turismo_02.jpg",800,400,false],"2048x2048":["https:\/\/pueblosycomarcas.com\/wp-content\/uploads\/2025\/10\/20251029_foro_turismo_02.jpg",800,400,false],"trp-custom-language-flag":["https:\/\/pueblosycomarcas.com\/wp-content\/uploads\/2025\/10\/20251029_foro_turismo_02.jpg",18,9,false]},"rttpg_author":{"display_name":"admin","author_link":"https:\/\/pueblosycomarcas.com\/en\/author\/webalquimia\/"},"rttpg_comment":0,"rttpg_category":"<a href=\"https:\/\/pueblosycomarcas.com\/en\/category\/deportes-y-ocio\/\" rel=\"category tag\">Deporte y Ocio<\/a> <a href=\"https:\/\/pueblosycomarcas.com\/en\/category\/ocio\/\" rel=\"category tag\">Ocio<\/a> <a href=\"https:\/\/pueblosycomarcas.com\/en\/category\/portada\/\" rel=\"category tag\">Portada<\/a>","rttpg_excerpt":"El presidente de la Diputaci\u00f3n clausura el IX Foro de Turismo de Valladolid dedicado al astroturismo Conrado \u00cdscar subraya la importancia de la colaboraci\u00f3n p\u00fablico-privada en el impulso del turismo provincial El foro, celebrado en el Castillo de Fuensalda\u00f1a, ha reunido a expertos nacionales en turismo astron\u00f3mico bajo el lema \u2018Una mirada al cielo\u2019 Conrado&hellip;","_links":{"self":[{"href":"https:\/\/pueblosycomarcas.com\/en\/wp-json\/wp\/v2\/posts\/1795","targetHints":{"allow":["GET"]}}],"collection":[{"href":"https:\/\/pueblosycomarcas.com\/en\/wp-json\/wp\/v2\/posts"}],"about":[{"href":"https:\/\/pueblosycomarcas.com\/en\/wp-json\/wp\/v2\/types\/post"}],"author":[{"embeddable":true,"href":"https:\/\/pueblosycomarcas.com\/en\/wp-json\/wp\/v2\/users\/1"}],"replies":[{"embeddable":true,"href":"https:\/\/pueblosycomarcas.com\/en\/wp-json\/wp\/v2\/comments?post=1795"}],"version-history":[{"count":5,"href":"https:\/\/pueblosycomarcas.com\/en\/wp-json\/wp\/v2\/posts\/1795\/revisions"}],"predecessor-version":[{"id":1802,"href":"https:\/\/pueblosycomarcas.com\/en\/wp-json\/wp\/v2\/posts\/1795\/revisions\/1802"}],"wp:featuredmedia":[{"embeddable":true,"href":"https:\/\/pueblosycomarcas.com\/en\/wp-json\/wp\/v2\/media\/1796"}],"wp:attachment":[{"href":"https:\/\/pueblosycomarcas.com\/en\/wp-json\/wp\/v2\/media?parent=1795"}],"wp:term":[{"taxonomy":"category","embeddable":true,"href":"https:\/\/pueblosycomarcas.com\/en\/wp-json\/wp\/v2\/categories?post=1795"},{"taxonomy":"post_tag","embeddable":true,"href":"https:\/\/pueblosycomarcas.com\/en\/wp-json\/wp\/v2\/tags?post=1795"}],"curies":[{"name":"wp","href":"https:\/\/api.w.org\/{rel}","templated":true}]}}