{"id":1693,"date":"2025-10-28T15:18:17","date_gmt":"2025-10-28T14:18:17","guid":{"rendered":"https:\/\/webalquimia.es\/?p=1693"},"modified":"2025-10-28T15:20:22","modified_gmt":"2025-10-28T14:20:22","slug":"la-policia-nacional-detiene-a-un-hombre-con-52-detenciones-en-su-haber-por-un-delito-de-robo-con-violencia","status":"publish","type":"post","link":"https:\/\/pueblosycomarcas.com\/en\/la-policia-nacional-detiene-a-un-hombre-con-52-detenciones-en-su-haber-por-un-delito-de-robo-con-violencia\/","title":{"rendered":"La Polic\u00eda Nacional detiene a un hombre, con 52 detenciones en su haber, por un delito de robo con violencia"},"content":{"rendered":"<div data-elementor-type=\"wp-post\" data-elementor-id=\"1693\" class=\"elementor elementor-1693\">\n\t\t\t\t<div class=\"elementor-element elementor-element-5c2d5c9 e-flex e-con-boxed wpr-particle-no wpr-jarallax-no wpr-parallax-no wpr-sticky-section-no wpr-equal-height-no e-con e-parent\" data-id=\"5c2d5c9\" data-element_type=\"container\" data-e-type=\"container\">\n\t\t\t\t\t<div class=\"e-con-inner\">\n\t\t\t\t<div class=\"elementor-element elementor-element-a551ea6 elementor-widget elementor-widget-heading\" data-id=\"a551ea6\" data-element_type=\"widget\" data-e-type=\"widget\" data-widget_type=\"heading.default\">\n\t\t\t\t\t<h2 class=\"elementor-heading-title elementor-size-default\">La Polic\u00eda Nacional detiene a un hombre, con 52 detenciones en su haber, por un delito de robo con violencia<\/h2>\t\t\t\t<\/div>\n\t\t\t\t\t<\/div>\n\t\t\t\t<\/div>\n\t\t<div class=\"elementor-element elementor-element-e2d6d03 e-flex e-con-boxed wpr-particle-no wpr-jarallax-no wpr-parallax-no wpr-sticky-section-no wpr-equal-height-no e-con e-parent\" data-id=\"e2d6d03\" data-element_type=\"container\" data-e-type=\"container\">\n\t\t\t\t\t<div class=\"e-con-inner\">\n\t\t\t\t<div class=\"elementor-element elementor-element-934fe5a elementor-widget elementor-widget-text-editor\" data-id=\"934fe5a\" data-element_type=\"widget\" data-e-type=\"widget\" data-widget_type=\"text-editor.default\">\n\t\t\t\t\t\t\t\t\t<ul><li><h6><em><strong>Cuando la v\u00edctima estuvo a la altura del hombre este le pidi\u00f3 que le diera su tel\u00e9fono m\u00f3vil llegando a propinarle un pu\u00f1etazo para arrebat\u00e1rselo<\/strong><\/em><\/h6><\/li><\/ul>\t\t\t\t\t\t\t\t<\/div>\n\t\t\t\t<div class=\"elementor-element elementor-element-6d450a3 elementor-widget-divider--view-line elementor-widget elementor-widget-divider\" data-id=\"6d450a3\" data-element_type=\"widget\" data-e-type=\"widget\" data-widget_type=\"divider.default\">\n\t\t\t\t\t\t\t<div class=\"elementor-divider\">\n\t\t\t<span class=\"elementor-divider-separator\">\n\t\t\t\t\t\t<\/span>\n\t\t<\/div>\n\t\t\t\t\t\t<\/div>\n\t\t\t\t<div class=\"elementor-element elementor-element-7b67690 elementor-widget elementor-widget-image\" data-id=\"7b67690\" data-element_type=\"widget\" data-e-type=\"widget\" data-widget_type=\"image.default\">\n\t\t\t\t\t\t\t\t\t\t\t\t\t\t\t<img fetchpriority=\"high\" decoding=\"async\" width=\"800\" height=\"400\" src=\"https:\/\/pueblosycomarcas.com\/wp-content\/uploads\/2025\/10\/20251012_coche_policia.jpg\" class=\"attachment-large size-large wp-image-682\" alt=\"\" srcset=\"https:\/\/pueblosycomarcas.com\/wp-content\/uploads\/2025\/10\/20251012_coche_policia.jpg 800w, https:\/\/pueblosycomarcas.com\/wp-content\/uploads\/2025\/10\/20251012_coche_policia-300x150.jpg 300w, https:\/\/pueblosycomarcas.com\/wp-content\/uploads\/2025\/10\/20251012_coche_policia-768x384.jpg 768w\" sizes=\"(max-width: 800px) 100vw, 800px\" \/>\t\t\t\t\t\t\t\t\t\t\t\t\t\t\t<\/div>\n\t\t\t\t<div class=\"elementor-element elementor-element-471ac56 elementor-widget elementor-widget-text-editor\" data-id=\"471ac56\" data-element_type=\"widget\" data-e-type=\"widget\" data-widget_type=\"text-editor.default\">\n\t\t\t\t\t\t\t\t\t<p class=\"MsoNormal\"><a href=\"https:\/\/www.facebook.com\/Pueblos-y-Comarcas-125437870924169\/?fref=ts\"><em><b><span style=\"font-size: 9pt; line-height: 107%; font-family: Calibri, sans-serif; color: rgb(1, 146, 167); background-image: initial; background-position: initial; background-size: initial; background-repeat: initial; background-attachment: initial; background-origin: initial; background-clip: initial; text-decoration-line: none;\">Pueblosycomarcas.com<\/span><\/b><\/em><\/a><em><b><span style=\"font-size: 9pt; line-height: 107%; font-family: Calibri, sans-serif; color: rgb(51, 51, 51); background-image: initial; background-position: initial; background-size: initial; background-repeat: initial; background-attachment: initial; background-origin: initial; background-clip: initial;\">;&nbsp;<\/span><\/b><\/em><a href=\"https:\/\/twitter.com\/PueblosComarcas\"><em><b><span style=\"font-size: 9pt; line-height: 107%; font-family: Calibri, sans-serif; color: rgb(61, 176, 192); background-image: initial; background-position: initial; background-size: initial; background-repeat: initial; background-attachment: initial; background-origin: initial; background-clip: initial; text-decoration-line: none;\">@PueblosComarcas<\/span><\/b><\/em><\/a><b><span style=\"font-size:9.0pt;line-height:107%;mso-bidi-font-family:Calibri;mso-bidi-theme-font:minor-latin\"><o:p><\/o:p><\/span><\/b><\/p><p class=\"MsoNormal\">Agentes de la Polic\u00eda Nacional han detenido en la noche del\nd\u00eda 26 de octubre en Valladolid a un hombre como presunto autor de un delito de\nrobo con violencia.<o:p><\/o:p><\/p><p class=\"MsoNormal\">Los hechos ocurrieron en la tarde de ese mismo d\u00eda en el\nPaseo del Cauce, cuando la v\u00edctima, un var\u00f3n, se dirig\u00eda a su domicilio. En ese\nmomento pudo ver a un individuo, de aspecto f\u00edsico deteriorado, que estaba\nexaminando el interior de varios veh\u00edculos estacionados, ayudado de la luz de\nsu m\u00f3vil.<o:p><\/o:p><\/p><p class=\"MsoNormal\">La v\u00edctima, sospechando que este hombre estuviera\npretendiendo robar dentro de los coches, inici\u00f3 una llamada de m\u00f3vil a su mujer\npara cont\u00e1rselo. Al pasar a la altura del hombre, este se volvi\u00f3 repentinamente\nhacia la v\u00edctima, y al grito de <i>\u201c\u00bfQu\u00e9 est\u00e1s<\/i> <i>haciendo?, me estas\ngrabando con el m\u00f3vil, dame el m\u00f3vil, dame el m\u00f3vil\u201d, <\/i>le golpe\u00f3 repentinamente\ncon un fuerte manotazo intentando quitarle el tel\u00e9fono.<o:p><\/o:p><\/p><p class=\"MsoNormal\">Se produjo un forcejeo entre v\u00edctima y agresor, en el que el\nagresor cay\u00f3 al suelo y al levantarse le propin\u00f3 un pu\u00f1etazo en la ceja derecha\na la v\u00edctima. Cuando el agresor se percat\u00f3 de que hab\u00eda una llamada en curso en\nel tel\u00e9fono m\u00f3vil, se dio a la fuga del lugar. La v\u00edctima llam\u00f3 en ese momento\na la sala CIMACC 091 para solicitar presencia policial.<o:p><\/o:p><\/p><p class=\"MsoNormal\">Instantes despu\u00e9s hab\u00edan acudido al lugar tres dotaciones de\nla Polic\u00eda Nacional, dos uniformadas y una tercera de paisano, que se encontraban\nrealizando labores preventivas de seguridad ciudadana para evitar la comisi\u00f3n\nde hechos delictivos.<o:p><\/o:p><\/p><p class=\"MsoNormal\">Mientras una dotaci\u00f3n atend\u00eda a la v\u00edctima y recababa datos\nde la descripci\u00f3n f\u00edsica del autor, las otras dos iniciaban una batida por las\ninmediaciones para localizarlo. Gracias al r\u00e1pido despliegue, el hombre fue\nlocalizado poco despu\u00e9s por una de las dotaciones.<o:p><\/o:p><\/p><p class=\"MsoNormal\">La v\u00edctima fue informada de los tr\u00e1mites a seguir y se\ndesplaz\u00f3 a dependencias de la Polic\u00eda Nacional para presentar la\ncorrespondiente denuncia por lo ocurrido, mientras que el hombre fue detenido\ncomo presunto autor de un delito de robo con violencia, y trasladado a la\nComisar\u00eda de Polic\u00eda Nacional de Valladolid Delicias para su custodia.<o:p><\/o:p><\/p><p>\n\n\n\n\n\n\n\n\n\n\n\n\n\n\n\n<\/p><p class=\"MsoNormal\">El detenido, al que le consta en las bases de datos policiales\nhaber sido detenido en 52 ocasiones por la Polic\u00eda Nacional, ha sido puesto a\ndisposici\u00f3n de la autoridad judicial que ha decretado su libertad.<o:p><\/o:p><\/p>\t\t\t\t\t\t\t\t<\/div>\n\t\t\t\t\t<\/div>\n\t\t\t\t<\/div>\n\t\t\t\t<\/div>","protected":false},"excerpt":{"rendered":"<p>La Polic\u00eda Nacional detiene a un hombre, con 52 detenciones en su haber, por un delito de robo con violencia Cuando la v\u00edctima estuvo a la altura del hombre este le pidi\u00f3 que le diera su tel\u00e9fono m\u00f3vil llegando a propinarle un pu\u00f1etazo para arrebat\u00e1rselo Pueblosycomarcas.com;&nbsp;@PueblosComarcas Agentes de la Polic\u00eda Nacional han detenido en la noche del d\u00eda 26 de octubre en Valladolid a un hombre como presunto autor de un delito de robo con violencia. Los hechos ocurrieron en la tarde de ese mismo d\u00eda en el Paseo del Cauce, cuando la v\u00edctima, un var\u00f3n, se dirig\u00eda a su domicilio. En ese momento pudo ver a un individuo, de aspecto f\u00edsico deteriorado, que estaba examinando el interior de varios veh\u00edculos estacionados, ayudado de la luz de su m\u00f3vil. La v\u00edctima, sospechando que este hombre estuviera pretendiendo robar dentro de los coches, inici\u00f3 una llamada de m\u00f3vil a su mujer para cont\u00e1rselo. Al pasar a la altura del hombre, este se volvi\u00f3 repentinamente hacia la v\u00edctima, y al grito de \u201c\u00bfQu\u00e9 est\u00e1s haciendo?, me estas grabando con el m\u00f3vil, dame el m\u00f3vil, dame el m\u00f3vil\u201d, le golpe\u00f3 repentinamente con un fuerte manotazo intentando quitarle el tel\u00e9fono. Se produjo un forcejeo entre v\u00edctima y agresor, en el que el agresor cay\u00f3 al suelo y al levantarse le propin\u00f3 un pu\u00f1etazo en la ceja derecha a la v\u00edctima. Cuando el agresor se percat\u00f3 de que hab\u00eda una llamada en curso en el tel\u00e9fono m\u00f3vil, se dio a la fuga del lugar. La v\u00edctima llam\u00f3 en ese momento a la sala CIMACC 091 para solicitar presencia policial. Instantes despu\u00e9s hab\u00edan acudido al lugar tres dotaciones de la Polic\u00eda Nacional, dos uniformadas y una tercera de paisano, que se encontraban realizando labores preventivas de seguridad ciudadana para evitar la comisi\u00f3n de hechos delictivos. Mientras una dotaci\u00f3n atend\u00eda a la v\u00edctima y recababa datos de la descripci\u00f3n f\u00edsica del autor, las otras dos iniciaban una batida por las inmediaciones para localizarlo. Gracias al r\u00e1pido despliegue, el hombre fue localizado poco despu\u00e9s por una de las dotaciones. La v\u00edctima fue informada de los tr\u00e1mites a seguir y se desplaz\u00f3 a dependencias de la Polic\u00eda Nacional para presentar la correspondiente denuncia por lo ocurrido, mientras que el hombre fue detenido como presunto autor de un delito de robo con violencia, y trasladado a la Comisar\u00eda de Polic\u00eda Nacional de Valladolid Delicias para su custodia. El detenido, al que le consta en las bases de datos policiales haber sido detenido en 52 ocasiones por la Polic\u00eda Nacional, ha sido puesto a disposici\u00f3n de la autoridad judicial que ha decretado su libertad.<\/p>","protected":false},"author":1,"featured_media":682,"comment_status":"open","ping_status":"closed","sticky":false,"template":"","format":"standard","meta":{"site-sidebar-layout":"default","site-content-layout":"","ast-site-content-layout":"default","site-content-style":"default","site-sidebar-style":"default","ast-global-header-display":"","ast-banner-title-visibility":"","ast-main-header-display":"","ast-hfb-above-header-display":"","ast-hfb-below-header-display":"","ast-hfb-mobile-header-display":"","site-post-title":"disabled","ast-breadcrumbs-content":"","ast-featured-img":"","footer-sml-layout":"","theme-transparent-header-meta":"","adv-header-id-meta":"","stick-header-meta":"","header-above-stick-meta":"","header-main-stick-meta":"","header-below-stick-meta":"","astra-migrate-meta-layouts":"default","ast-page-background-enabled":"default","ast-page-background-meta":{"desktop":{"background-color":"var(--ast-global-color-5)","background-image":"","background-repeat":"repeat","background-position":"center center","background-size":"auto","background-attachment":"scroll","background-type":"","background-media":"","overlay-type":"","overlay-color":"","overlay-opacity":"","overlay-gradient":""},"tablet":{"background-color":"","background-image":"","background-repeat":"repeat","background-position":"center center","background-size":"auto","background-attachment":"scroll","background-type":"","background-media":"","overlay-type":"","overlay-color":"","overlay-opacity":"","overlay-gradient":""},"mobile":{"background-color":"","background-image":"","background-repeat":"repeat","background-position":"center center","background-size":"auto","background-attachment":"scroll","background-type":"","background-media":"","overlay-type":"","overlay-color":"","overlay-opacity":"","overlay-gradient":""}},"ast-content-background-meta":{"desktop":{"background-color":"var(--ast-global-color-4)","background-image":"","background-repeat":"repeat","background-position":"center center","background-size":"auto","background-attachment":"scroll","background-type":"","background-media":"","overlay-type":"","overlay-color":"","overlay-opacity":"","overlay-gradient":""},"tablet":{"background-color":"var(--ast-global-color-4)","background-image":"","background-repeat":"repeat","background-position":"center center","background-size":"auto","background-attachment":"scroll","background-type":"","background-media":"","overlay-type":"","overlay-color":"","overlay-opacity":"","overlay-gradient":""},"mobile":{"background-color":"var(--ast-global-color-4)","background-image":"","background-repeat":"repeat","background-position":"center center","background-size":"auto","background-attachment":"scroll","background-type":"","background-media":"","overlay-type":"","overlay-color":"","overlay-opacity":"","overlay-gradient":""}},"ngg_post_thumbnail":0,"footnotes":""},"categories":[10,16,12],"tags":[23,22],"class_list":["post-1693","post","type-post","status-publish","format-standard","has-post-thumbnail","hentry","category-otras-comarcas","category-portada","category-sucesos","tag-policia","tag-valladolid"],"aioseo_notices":[],"rttpg_featured_image_url":{"full":["https:\/\/pueblosycomarcas.com\/wp-content\/uploads\/2025\/10\/20251012_coche_policia.jpg",800,400,false],"landscape":["https:\/\/pueblosycomarcas.com\/wp-content\/uploads\/2025\/10\/20251012_coche_policia.jpg",800,400,false],"portraits":["https:\/\/pueblosycomarcas.com\/wp-content\/uploads\/2025\/10\/20251012_coche_policia.jpg",800,400,false],"thumbnail":["https:\/\/pueblosycomarcas.com\/wp-content\/uploads\/2025\/10\/20251012_coche_policia-150x150.jpg",150,150,true],"medium":["https:\/\/pueblosycomarcas.com\/wp-content\/uploads\/2025\/10\/20251012_coche_policia-300x150.jpg",300,150,true],"large":["https:\/\/pueblosycomarcas.com\/wp-content\/uploads\/2025\/10\/20251012_coche_policia.jpg",800,400,false],"1536x1536":["https:\/\/pueblosycomarcas.com\/wp-content\/uploads\/2025\/10\/20251012_coche_policia.jpg",800,400,false],"2048x2048":["https:\/\/pueblosycomarcas.com\/wp-content\/uploads\/2025\/10\/20251012_coche_policia.jpg",800,400,false],"trp-custom-language-flag":["https:\/\/pueblosycomarcas.com\/wp-content\/uploads\/2025\/10\/20251012_coche_policia.jpg",18,9,false]},"rttpg_author":{"display_name":"admin","author_link":"https:\/\/pueblosycomarcas.com\/en\/author\/webalquimia\/"},"rttpg_comment":0,"rttpg_category":"<a href=\"https:\/\/pueblosycomarcas.com\/en\/category\/otras-comarcas\/\" rel=\"category tag\">Otras Comarcas<\/a> <a href=\"https:\/\/pueblosycomarcas.com\/en\/category\/portada\/\" rel=\"category tag\">Portada<\/a> <a href=\"https:\/\/pueblosycomarcas.com\/en\/category\/sucesos\/\" rel=\"category tag\">Sucesos<\/a>","rttpg_excerpt":"La Polic\u00eda Nacional detiene a un hombre, con 52 detenciones en su haber, por un delito de robo con violencia Cuando la v\u00edctima estuvo a la altura del hombre este le pidi\u00f3 que le diera su tel\u00e9fono m\u00f3vil llegando a propinarle un pu\u00f1etazo para arrebat\u00e1rselo Pueblosycomarcas.com;&nbsp;@PueblosComarcas Agentes de la Polic\u00eda Nacional han detenido en la&hellip;","_links":{"self":[{"href":"https:\/\/pueblosycomarcas.com\/en\/wp-json\/wp\/v2\/posts\/1693","targetHints":{"allow":["GET"]}}],"collection":[{"href":"https:\/\/pueblosycomarcas.com\/en\/wp-json\/wp\/v2\/posts"}],"about":[{"href":"https:\/\/pueblosycomarcas.com\/en\/wp-json\/wp\/v2\/types\/post"}],"author":[{"embeddable":true,"href":"https:\/\/pueblosycomarcas.com\/en\/wp-json\/wp\/v2\/users\/1"}],"replies":[{"embeddable":true,"href":"https:\/\/pueblosycomarcas.com\/en\/wp-json\/wp\/v2\/comments?post=1693"}],"version-history":[{"count":5,"href":"https:\/\/pueblosycomarcas.com\/en\/wp-json\/wp\/v2\/posts\/1693\/revisions"}],"predecessor-version":[{"id":1698,"href":"https:\/\/pueblosycomarcas.com\/en\/wp-json\/wp\/v2\/posts\/1693\/revisions\/1698"}],"wp:featuredmedia":[{"embeddable":true,"href":"https:\/\/pueblosycomarcas.com\/en\/wp-json\/wp\/v2\/media\/682"}],"wp:attachment":[{"href":"https:\/\/pueblosycomarcas.com\/en\/wp-json\/wp\/v2\/media?parent=1693"}],"wp:term":[{"taxonomy":"category","embeddable":true,"href":"https:\/\/pueblosycomarcas.com\/en\/wp-json\/wp\/v2\/categories?post=1693"},{"taxonomy":"post_tag","embeddable":true,"href":"https:\/\/pueblosycomarcas.com\/en\/wp-json\/wp\/v2\/tags?post=1693"}],"curies":[{"name":"wp","href":"https:\/\/api.w.org\/{rel}","templated":true}]}}