{"id":1610,"date":"2025-10-29T06:02:00","date_gmt":"2025-10-29T05:02:00","guid":{"rendered":"https:\/\/webalquimia.es\/?p=1610"},"modified":"2025-10-28T09:52:10","modified_gmt":"2025-10-28T08:52:10","slug":"vecinos-por-arroyo-impulsa-el-consenso-politico-para-un-nuevo-pabellon-deportivo-en-la-localidad","status":"publish","type":"post","link":"https:\/\/pueblosycomarcas.com\/en\/vecinos-por-arroyo-impulsa-el-consenso-politico-para-un-nuevo-pabellon-deportivo-en-la-localidad\/","title":{"rendered":"Vecinos por Arroyo impulsa el consenso pol\u00edtico para un nuevo pabell\u00f3n deportivo en la localidad"},"content":{"rendered":"<div data-elementor-type=\"wp-post\" data-elementor-id=\"1610\" class=\"elementor elementor-1610\">\n\t\t\t\t<div class=\"elementor-element elementor-element-9aa3e90 e-flex e-con-boxed wpr-particle-no wpr-jarallax-no wpr-parallax-no wpr-sticky-section-no wpr-equal-height-no e-con e-parent\" data-id=\"9aa3e90\" data-element_type=\"container\" data-e-type=\"container\">\n\t\t\t\t\t<div class=\"e-con-inner\">\n\t\t\t\t<div class=\"elementor-element elementor-element-81b86a5 elementor-widget elementor-widget-heading\" data-id=\"81b86a5\" data-element_type=\"widget\" data-e-type=\"widget\" data-widget_type=\"heading.default\">\n\t\t\t\t\t<h2 class=\"elementor-heading-title elementor-size-default\">Vecinos por Arroyo impulsa el consenso pol\u00edtico para un nuevo pabell\u00f3n deportivo<\/h2>\t\t\t\t<\/div>\n\t\t\t\t<div class=\"elementor-element elementor-element-3b01164 elementor-widget elementor-widget-text-editor\" data-id=\"3b01164\" data-element_type=\"widget\" data-e-type=\"widget\" data-widget_type=\"text-editor.default\">\n\t\t\t\t\t\t\t\t\t<ul><li><h6><em><strong>Su ha registrado dos nuevas mociones que se debatir\u00e1n en el pr\u00f3ximo pleno ordinario del Ayuntamiento de Arroyo de la Encomienda que se celebrar\u00e1 ma\u00f1ana para seguir fortaleciendo la gesti\u00f3n deportiva del municipio y mejorar la oferta de infraestructuras al servicio de la ciudadan\u00eda <\/strong><\/em><\/h6><\/li><\/ul>\t\t\t\t\t\t\t\t<\/div>\n\t\t\t\t<div class=\"elementor-element elementor-element-78c6a98 elementor-widget-divider--view-line elementor-widget elementor-widget-divider\" data-id=\"78c6a98\" data-element_type=\"widget\" data-e-type=\"widget\" data-widget_type=\"divider.default\">\n\t\t\t\t\t\t\t<div class=\"elementor-divider\">\n\t\t\t<span class=\"elementor-divider-separator\">\n\t\t\t\t\t\t<\/span>\n\t\t<\/div>\n\t\t\t\t\t\t<\/div>\n\t\t\t\t<div class=\"elementor-element elementor-element-dcedd53 elementor-widget elementor-widget-image\" data-id=\"dcedd53\" data-element_type=\"widget\" data-e-type=\"widget\" data-widget_type=\"image.default\">\n\t\t\t\t\t\t\t\t\t\t\t\t\t\t\t<img fetchpriority=\"high\" decoding=\"async\" width=\"800\" height=\"400\" src=\"https:\/\/pueblosycomarcas.com\/wp-content\/uploads\/2025\/10\/20251028_-lomas_sotoverde_arroyo.jpg\" class=\"attachment-large size-large wp-image-1611\" alt=\"\" srcset=\"https:\/\/pueblosycomarcas.com\/wp-content\/uploads\/2025\/10\/20251028_-lomas_sotoverde_arroyo.jpg 800w, https:\/\/pueblosycomarcas.com\/wp-content\/uploads\/2025\/10\/20251028_-lomas_sotoverde_arroyo-300x150.jpg 300w, https:\/\/pueblosycomarcas.com\/wp-content\/uploads\/2025\/10\/20251028_-lomas_sotoverde_arroyo-768x384.jpg 768w\" sizes=\"(max-width: 800px) 100vw, 800px\" \/>\t\t\t\t\t\t\t\t\t\t\t\t\t\t\t<\/div>\n\t\t\t\t<div class=\"elementor-element elementor-element-78548f9 elementor-widget elementor-widget-text-editor\" data-id=\"78548f9\" data-element_type=\"widget\" data-e-type=\"widget\" data-widget_type=\"text-editor.default\">\n\t\t\t\t\t\t\t\t\t<p><a href=\"https:\/\/www.facebook.com\/Pueblos-y-Comarcas-125437870924169\/?fref=ts\"><em><strong>Pueblosycomarcas.com<\/strong><\/em><\/a><em><strong>;\u00a0<\/strong><\/em><a href=\"https:\/\/twitter.com\/PueblosComarcas\"><em><strong>@PueblosComarcas<\/strong><\/em><\/a><\/p><p>El Grupo Municipal de Vecinos por Arroyo ha registrado dos nuevas mociones que se debatir\u00e1n en el pr\u00f3ximo pleno ordinario del Ayuntamiento de Arroyo de la Encomienda que se celebrar\u00e1 este mi\u00e9rcoles, con el objetivo de seguir fortaleciendo la gesti\u00f3n deportiva del municipio y mejorar la oferta de infraestructuras al servicio de la ciudadan\u00eda<\/p><p>La primera moci\u00f3n busca retomar el consenso pol\u00edtico para impulsar la construcci\u00f3n de un nuevo pabell\u00f3n deportivo en la zona de Las Lomas\u2013Sotoverde, una de las \u00e1reas de mayor crecimiento de Arroyo.<\/p><p>Vecinos por Arroyo recuerda que, pese al compromiso oral adquirido en el pleno municipal del mes de mayo, no se ha convocado ninguna reuni\u00f3n entre los diferentes grupos municipales para avanzar en el proyecto, por lo que proponen retomar el di\u00e1logo y fijar un acuerdo antes del final de la legislatura.<\/p><p>Antonio Olmo, portavoz del grupo municipal, ha destacado que \u201c<em>la saturaci\u00f3n actual de los espacios deportivos cubiertos est\u00e1 limitando el crecimiento de los clubes locales y el acceso de ni\u00f1os y j\u00f3venes a la pr\u00e1ctica deportiva<\/em>\u201d.<\/p><p>La iniciativa pretende que el Ayuntamiento inicie los estudios de viabilidad y localizaci\u00f3n del nuevo pabell\u00f3n, con el fin de equilibrar la distribuci\u00f3n de instalaciones deportivas en los distintos barrios y responder a una demanda real de la comunidad deportiva.<\/p><p>La segunda moci\u00f3n propone que el Ayuntamiento unifique en un \u00fanico expediente la licitaci\u00f3n de los tres centros deportivos municipales (La Almendrera, La Vega y Sotoverde). Seg\u00fan Antonio Olmo, este modelo fragmentado \u201c<em>genera desigualdades en tarifas, servicios y condiciones entre los usuarios de cada instalaci\u00f3n, adem\u00e1s de complicar la coordinaci\u00f3n y la gesti\u00f3n municipal de las instalaciones<\/em>\u201d.<\/p><p>Con la licitaci\u00f3n conjunta por lotes, Vecinos por Arroyo busca homogeneizar las condiciones de servicio y explotaci\u00f3n, garantizar la igualdad de acceso para todos los usuarios y mejorar la eficiencia en la gesti\u00f3n deportiva municipal.<\/p><p>Ambas mociones demuestran el compromiso de Vecinos por Arroyo por un modelo de gesti\u00f3n deportiva eficiente, participativa y sostenible, que combine la inversi\u00f3n en nuevas infraestructuras con la mejora de los servicios existentes. \u201c<em>El deporte es uno de los pilares de la calidad de vida en Arroyo y debemos planificar con visi\u00f3n de futuro, buscando siempre el consenso y la igualdad de oportunidades para todos nuestros vecinos<\/em>\u201d, ha subrayado Antonio Olmo.<\/p>\t\t\t\t\t\t\t\t<\/div>\n\t\t\t\t\t<\/div>\n\t\t\t\t<\/div>\n\t\t\t\t<\/div>","protected":false},"excerpt":{"rendered":"<p>Vecinos por Arroyo impulsa el consenso pol\u00edtico para un nuevo pabell\u00f3n deportivo Su ha registrado dos nuevas mociones que se debatir\u00e1n en el pr\u00f3ximo pleno ordinario del Ayuntamiento de Arroyo de la Encomienda que se celebrar\u00e1 ma\u00f1ana para seguir fortaleciendo la gesti\u00f3n deportiva del municipio y mejorar la oferta de infraestructuras al servicio de la ciudadan\u00eda Pueblosycomarcas.com;\u00a0@PueblosComarcas El Grupo Municipal de Vecinos por Arroyo ha registrado dos nuevas mociones que se debatir\u00e1n en el pr\u00f3ximo pleno ordinario del Ayuntamiento de Arroyo de la Encomienda que se celebrar\u00e1 este mi\u00e9rcoles, con el objetivo de seguir fortaleciendo la gesti\u00f3n deportiva del municipio y mejorar la oferta de infraestructuras al servicio de la ciudadan\u00eda La primera moci\u00f3n busca retomar el consenso pol\u00edtico para impulsar la construcci\u00f3n de un nuevo pabell\u00f3n deportivo en la zona de Las Lomas\u2013Sotoverde, una de las \u00e1reas de mayor crecimiento de Arroyo. Vecinos por Arroyo recuerda que, pese al compromiso oral adquirido en el pleno municipal del mes de mayo, no se ha convocado ninguna reuni\u00f3n entre los diferentes grupos municipales para avanzar en el proyecto, por lo que proponen retomar el di\u00e1logo y fijar un acuerdo antes del final de la legislatura. Antonio Olmo, portavoz del grupo municipal, ha destacado que \u201cla saturaci\u00f3n actual de los espacios deportivos cubiertos est\u00e1 limitando el crecimiento de los clubes locales y el acceso de ni\u00f1os y j\u00f3venes a la pr\u00e1ctica deportiva\u201d. La iniciativa pretende que el Ayuntamiento inicie los estudios de viabilidad y localizaci\u00f3n del nuevo pabell\u00f3n, con el fin de equilibrar la distribuci\u00f3n de instalaciones deportivas en los distintos barrios y responder a una demanda real de la comunidad deportiva. La segunda moci\u00f3n propone que el Ayuntamiento unifique en un \u00fanico expediente la licitaci\u00f3n de los tres centros deportivos municipales (La Almendrera, La Vega y Sotoverde). Seg\u00fan Antonio Olmo, este modelo fragmentado \u201cgenera desigualdades en tarifas, servicios y condiciones entre los usuarios de cada instalaci\u00f3n, adem\u00e1s de complicar la coordinaci\u00f3n y la gesti\u00f3n municipal de las instalaciones\u201d. Con la licitaci\u00f3n conjunta por lotes, Vecinos por Arroyo busca homogeneizar las condiciones de servicio y explotaci\u00f3n, garantizar la igualdad de acceso para todos los usuarios y mejorar la eficiencia en la gesti\u00f3n deportiva municipal. Ambas mociones demuestran el compromiso de Vecinos por Arroyo por un modelo de gesti\u00f3n deportiva eficiente, participativa y sostenible, que combine la inversi\u00f3n en nuevas infraestructuras con la mejora de los servicios existentes. \u201cEl deporte es uno de los pilares de la calidad de vida en Arroyo y debemos planificar con visi\u00f3n de futuro, buscando siempre el consenso y la igualdad de oportunidades para todos nuestros vecinos\u201d, ha subrayado Antonio Olmo.<\/p>","protected":false},"author":1,"featured_media":1611,"comment_status":"open","ping_status":"closed","sticky":false,"template":"","format":"standard","meta":{"site-sidebar-layout":"default","site-content-layout":"","ast-site-content-layout":"default","site-content-style":"default","site-sidebar-style":"default","ast-global-header-display":"","ast-banner-title-visibility":"","ast-main-header-display":"","ast-hfb-above-header-display":"","ast-hfb-below-header-display":"","ast-hfb-mobile-header-display":"","site-post-title":"disabled","ast-breadcrumbs-content":"","ast-featured-img":"","footer-sml-layout":"","theme-transparent-header-meta":"","adv-header-id-meta":"","stick-header-meta":"","header-above-stick-meta":"","header-main-stick-meta":"","header-below-stick-meta":"","astra-migrate-meta-layouts":"default","ast-page-background-enabled":"default","ast-page-background-meta":{"desktop":{"background-color":"var(--ast-global-color-5)","background-image":"","background-repeat":"repeat","background-position":"center center","background-size":"auto","background-attachment":"scroll","background-type":"","background-media":"","overlay-type":"","overlay-color":"","overlay-opacity":"","overlay-gradient":""},"tablet":{"background-color":"","background-image":"","background-repeat":"repeat","background-position":"center center","background-size":"auto","background-attachment":"scroll","background-type":"","background-media":"","overlay-type":"","overlay-color":"","overlay-opacity":"","overlay-gradient":""},"mobile":{"background-color":"","background-image":"","background-repeat":"repeat","background-position":"center center","background-size":"auto","background-attachment":"scroll","background-type":"","background-media":"","overlay-type":"","overlay-color":"","overlay-opacity":"","overlay-gradient":""}},"ast-content-background-meta":{"desktop":{"background-color":"var(--ast-global-color-4)","background-image":"","background-repeat":"repeat","background-position":"center center","background-size":"auto","background-attachment":"scroll","background-type":"","background-media":"","overlay-type":"","overlay-color":"","overlay-opacity":"","overlay-gradient":""},"tablet":{"background-color":"var(--ast-global-color-4)","background-image":"","background-repeat":"repeat","background-position":"center center","background-size":"auto","background-attachment":"scroll","background-type":"","background-media":"","overlay-type":"","overlay-color":"","overlay-opacity":"","overlay-gradient":""},"mobile":{"background-color":"var(--ast-global-color-4)","background-image":"","background-repeat":"repeat","background-position":"center center","background-size":"auto","background-attachment":"scroll","background-type":"","background-media":"","overlay-type":"","overlay-color":"","overlay-opacity":"","overlay-gradient":""}},"ngg_post_thumbnail":0,"footnotes":""},"categories":[10,16],"tags":[25,85],"class_list":["post-1610","post","type-post","status-publish","format-standard","has-post-thumbnail","hentry","category-otras-comarcas","category-portada","tag-arroyo-de-la-encomienda","tag-vecinos-por-arroyo"],"aioseo_notices":[],"rttpg_featured_image_url":{"full":["https:\/\/pueblosycomarcas.com\/wp-content\/uploads\/2025\/10\/20251028_-lomas_sotoverde_arroyo.jpg",800,400,false],"landscape":["https:\/\/pueblosycomarcas.com\/wp-content\/uploads\/2025\/10\/20251028_-lomas_sotoverde_arroyo.jpg",800,400,false],"portraits":["https:\/\/pueblosycomarcas.com\/wp-content\/uploads\/2025\/10\/20251028_-lomas_sotoverde_arroyo.jpg",800,400,false],"thumbnail":["https:\/\/pueblosycomarcas.com\/wp-content\/uploads\/2025\/10\/20251028_-lomas_sotoverde_arroyo-150x150.jpg",150,150,true],"medium":["https:\/\/pueblosycomarcas.com\/wp-content\/uploads\/2025\/10\/20251028_-lomas_sotoverde_arroyo-300x150.jpg",300,150,true],"large":["https:\/\/pueblosycomarcas.com\/wp-content\/uploads\/2025\/10\/20251028_-lomas_sotoverde_arroyo.jpg",800,400,false],"1536x1536":["https:\/\/pueblosycomarcas.com\/wp-content\/uploads\/2025\/10\/20251028_-lomas_sotoverde_arroyo.jpg",800,400,false],"2048x2048":["https:\/\/pueblosycomarcas.com\/wp-content\/uploads\/2025\/10\/20251028_-lomas_sotoverde_arroyo.jpg",800,400,false],"trp-custom-language-flag":["https:\/\/pueblosycomarcas.com\/wp-content\/uploads\/2025\/10\/20251028_-lomas_sotoverde_arroyo.jpg",18,9,false]},"rttpg_author":{"display_name":"admin","author_link":"https:\/\/pueblosycomarcas.com\/en\/author\/webalquimia\/"},"rttpg_comment":0,"rttpg_category":"<a href=\"https:\/\/pueblosycomarcas.com\/en\/category\/otras-comarcas\/\" rel=\"category tag\">Otras Comarcas<\/a> <a href=\"https:\/\/pueblosycomarcas.com\/en\/category\/portada\/\" rel=\"category tag\">Portada<\/a>","rttpg_excerpt":"Vecinos por Arroyo impulsa el consenso pol\u00edtico para un nuevo pabell\u00f3n deportivo Su ha registrado dos nuevas mociones que se debatir\u00e1n en el pr\u00f3ximo pleno ordinario del Ayuntamiento de Arroyo de la Encomienda que se celebrar\u00e1 ma\u00f1ana para seguir fortaleciendo la gesti\u00f3n deportiva del municipio y mejorar la oferta de infraestructuras al servicio de la&hellip;","_links":{"self":[{"href":"https:\/\/pueblosycomarcas.com\/en\/wp-json\/wp\/v2\/posts\/1610","targetHints":{"allow":["GET"]}}],"collection":[{"href":"https:\/\/pueblosycomarcas.com\/en\/wp-json\/wp\/v2\/posts"}],"about":[{"href":"https:\/\/pueblosycomarcas.com\/en\/wp-json\/wp\/v2\/types\/post"}],"author":[{"embeddable":true,"href":"https:\/\/pueblosycomarcas.com\/en\/wp-json\/wp\/v2\/users\/1"}],"replies":[{"embeddable":true,"href":"https:\/\/pueblosycomarcas.com\/en\/wp-json\/wp\/v2\/comments?post=1610"}],"version-history":[{"count":5,"href":"https:\/\/pueblosycomarcas.com\/en\/wp-json\/wp\/v2\/posts\/1610\/revisions"}],"predecessor-version":[{"id":1616,"href":"https:\/\/pueblosycomarcas.com\/en\/wp-json\/wp\/v2\/posts\/1610\/revisions\/1616"}],"wp:featuredmedia":[{"embeddable":true,"href":"https:\/\/pueblosycomarcas.com\/en\/wp-json\/wp\/v2\/media\/1611"}],"wp:attachment":[{"href":"https:\/\/pueblosycomarcas.com\/en\/wp-json\/wp\/v2\/media?parent=1610"}],"wp:term":[{"taxonomy":"category","embeddable":true,"href":"https:\/\/pueblosycomarcas.com\/en\/wp-json\/wp\/v2\/categories?post=1610"},{"taxonomy":"post_tag","embeddable":true,"href":"https:\/\/pueblosycomarcas.com\/en\/wp-json\/wp\/v2\/tags?post=1610"}],"curies":[{"name":"wp","href":"https:\/\/api.w.org\/{rel}","templated":true}]}}