{"id":1496,"date":"2025-10-25T17:23:08","date_gmt":"2025-10-25T16:23:08","guid":{"rendered":"https:\/\/webalquimia.es\/?p=1496"},"modified":"2025-10-25T17:25:57","modified_gmt":"2025-10-25T16:25:57","slug":"inaugurado-el-museo-de-la-vespa-en-esguevillas-de-esgueva-valladolid","status":"publish","type":"post","link":"https:\/\/pueblosycomarcas.com\/en\/inaugurado-el-museo-de-la-vespa-en-esguevillas-de-esgueva-valladolid\/","title":{"rendered":"Inaugurado el Museo de la Vespa en Esguevillas de Esgueva (Valladolid)"},"content":{"rendered":"<div data-elementor-type=\"wp-post\" data-elementor-id=\"1496\" class=\"elementor elementor-1496\">\n\t\t\t\t<div class=\"elementor-element elementor-element-c761f92 e-flex e-con-boxed wpr-particle-no wpr-jarallax-no wpr-parallax-no wpr-sticky-section-no wpr-equal-height-no e-con e-parent\" data-id=\"c761f92\" data-element_type=\"container\" data-e-type=\"container\">\n\t\t\t\t\t<div class=\"e-con-inner\">\n\t\t\t\t<div class=\"elementor-element elementor-element-5be4619 elementor-widget elementor-widget-heading\" data-id=\"5be4619\" data-element_type=\"widget\" data-e-type=\"widget\" data-widget_type=\"heading.default\">\n\t\t\t\t\t<h2 class=\"elementor-heading-title elementor-size-default\">Inaugurado el Museo de la Vespa en Esguevillas de Esgueva (Valladolid)<\/h2>\t\t\t\t<\/div>\n\t\t\t\t<div class=\"elementor-element elementor-element-cc02e2a elementor-widget elementor-widget-text-editor\" data-id=\"cc02e2a\" data-element_type=\"widget\" data-e-type=\"widget\" data-widget_type=\"text-editor.default\">\n\t\t\t\t\t\t\t\t\t<ul><li><h6><em><strong>Cuenta con m\u00e1s de 30 piezas rescatas de la dana en Valencia y pertenecientes a la colecci\u00f3n privada de \u00c1lvaro Barcia<\/strong><\/em><\/h6><\/li><\/ul>\t\t\t\t\t\t\t\t<\/div>\n\t\t\t\t<div class=\"elementor-element elementor-element-bb9be65 elementor-widget-divider--view-line elementor-widget elementor-widget-divider\" data-id=\"bb9be65\" data-element_type=\"widget\" data-e-type=\"widget\" data-widget_type=\"divider.default\">\n\t\t\t\t\t\t\t<div class=\"elementor-divider\">\n\t\t\t<span class=\"elementor-divider-separator\">\n\t\t\t\t\t\t<\/span>\n\t\t<\/div>\n\t\t\t\t\t\t<\/div>\n\t\t\t\t<div class=\"elementor-element elementor-element-9892dfd elementor-widget elementor-widget-image\" data-id=\"9892dfd\" data-element_type=\"widget\" data-e-type=\"widget\" data-widget_type=\"image.default\">\n\t\t\t\t\t\t\t\t\t\t\t\t\t\t\t<img fetchpriority=\"high\" decoding=\"async\" width=\"800\" height=\"400\" src=\"https:\/\/pueblosycomarcas.com\/wp-content\/uploads\/2025\/10\/20251025_museo_vespa_esguevillas.jpeg\" class=\"attachment-large size-large wp-image-1497\" alt=\"\" srcset=\"https:\/\/pueblosycomarcas.com\/wp-content\/uploads\/2025\/10\/20251025_museo_vespa_esguevillas.jpeg 800w, https:\/\/pueblosycomarcas.com\/wp-content\/uploads\/2025\/10\/20251025_museo_vespa_esguevillas-300x150.jpeg 300w, https:\/\/pueblosycomarcas.com\/wp-content\/uploads\/2025\/10\/20251025_museo_vespa_esguevillas-768x384.jpeg 768w\" sizes=\"(max-width: 800px) 100vw, 800px\" \/>\t\t\t\t\t\t\t\t\t\t\t\t\t\t\t<\/div>\n\t\t\t\t<div class=\"elementor-element elementor-element-3420ac5 elementor-widget elementor-widget-text-editor\" data-id=\"3420ac5\" data-element_type=\"widget\" data-e-type=\"widget\" data-widget_type=\"text-editor.default\">\n\t\t\t\t\t\t\t\t\t<p><a href=\"https:\/\/www.facebook.com\/Pueblos-y-Comarcas-125437870924169\/?fref=ts\"><strong><em>Pueblosycomarcas.com<\/em><\/strong><\/a><strong><em>;\u00a0<\/em><\/strong><a href=\"https:\/\/twitter.com\/PueblosComarcas\"><strong><em>@PueblosComarcas<\/em><\/strong><\/a><\/p><p>El Museo de la Moto Cl\u00e1sica del municipio de Esguevillas de Esgueva ha inaugurado en la ma\u00f1ana de este s\u00e1bado el Museo de la Vespa en colaboraci\u00f3n con la Diputaci\u00f3n Provincial, Vespa Club Espa\u00f1a y Vespa Club Valladolid.<\/p><p>Se trata de un espacio, que se convierte en referente cultural y tur\u00edstico en la provincia de Valladolid<strong>,<\/strong>\u00a0y en el que los aficionados podr\u00e1n disfrutar de una muestra \u00fanica de la historia y el encanto de este emblem\u00e1tico scooter.<\/p><p>Re\u00fane m\u00e1s de 30 piezas, todas de fabricaci\u00f3n nacional, rescatadas de la dana que afect\u00f3 a la Comunidad Valenciana en octubre del pasado a\u00f1o y que formaban parte de la colecci\u00f3n privada de \u00c1lvaro Barcia. Barcia ten\u00eda como objetivo divulgar, preservar su legado y promocionar la fabricaci\u00f3n en Espa\u00f1a de la Vespa desde 1953 a 2003. Se trata de una muestra que cubren todas las \u00e9pocas y la m\u00e1s antigua data de 1953, a\u00f1o en el que se empezaron a fabricar en Madrid<\/p><p>Al acto de inauguraci\u00f3n han asistido V\u00edctor Alonso<strong>,<\/strong>\u00a0vicepresidente de la Diputaci\u00f3n de Valladolid, acompa\u00f1ado por\u00a0Rub\u00e9n Colina,\u00a0alcalde de Esguevillas de Esgueva;\u00a0Alfonso Murciego, presidente de Vespa Club Espa\u00f1a;\u00a0Guillermo Carvajal,\u00a0presidente de Vespa Club Valladolid, y\u00a0Jos\u00e9 Luis Coloma,\u00a0responsable del museo de la moto.<\/p><p>Tampoco han querido faltar a la cita representantes de otros clubes moteros, como Motoabuelas de la Ribera, Turismoto, La Leyenda Contin\u00faa, Motauros, Ping\u00fcinos y Cerrato a Dos Ruedas.<\/p>\t\t\t\t\t\t\t\t<\/div>\n\t\t\t\t\t<\/div>\n\t\t\t\t<\/div>\n\t\t\t\t<\/div>","protected":false},"excerpt":{"rendered":"<p>Inaugurado el Museo de la Vespa en Esguevillas de Esgueva (Valladolid) Cuenta con m\u00e1s de 30 piezas rescatas de la dana en Valencia y pertenecientes a la colecci\u00f3n privada de \u00c1lvaro Barcia Pueblosycomarcas.com;\u00a0@PueblosComarcas El Museo de la Moto Cl\u00e1sica del municipio de Esguevillas de Esgueva ha inaugurado en la ma\u00f1ana de este s\u00e1bado el Museo de la Vespa en colaboraci\u00f3n con la Diputaci\u00f3n Provincial, Vespa Club Espa\u00f1a y Vespa Club Valladolid. Se trata de un espacio, que se convierte en referente cultural y tur\u00edstico en la provincia de Valladolid,\u00a0y en el que los aficionados podr\u00e1n disfrutar de una muestra \u00fanica de la historia y el encanto de este emblem\u00e1tico scooter. Re\u00fane m\u00e1s de 30 piezas, todas de fabricaci\u00f3n nacional, rescatadas de la dana que afect\u00f3 a la Comunidad Valenciana en octubre del pasado a\u00f1o y que formaban parte de la colecci\u00f3n privada de \u00c1lvaro Barcia. Barcia ten\u00eda como objetivo divulgar, preservar su legado y promocionar la fabricaci\u00f3n en Espa\u00f1a de la Vespa desde 1953 a 2003. Se trata de una muestra que cubren todas las \u00e9pocas y la m\u00e1s antigua data de 1953, a\u00f1o en el que se empezaron a fabricar en Madrid Al acto de inauguraci\u00f3n han asistido V\u00edctor Alonso,\u00a0vicepresidente de la Diputaci\u00f3n de Valladolid, acompa\u00f1ado por\u00a0Rub\u00e9n Colina,\u00a0alcalde de Esguevillas de Esgueva;\u00a0Alfonso Murciego, presidente de Vespa Club Espa\u00f1a;\u00a0Guillermo Carvajal,\u00a0presidente de Vespa Club Valladolid, y\u00a0Jos\u00e9 Luis Coloma,\u00a0responsable del museo de la moto. Tampoco han querido faltar a la cita representantes de otros clubes moteros, como Motoabuelas de la Ribera, Turismoto, La Leyenda Contin\u00faa, Motauros, Ping\u00fcinos y Cerrato a Dos Ruedas.<\/p>","protected":false},"author":1,"featured_media":1497,"comment_status":"open","ping_status":"closed","sticky":false,"template":"","format":"standard","meta":{"site-sidebar-layout":"default","site-content-layout":"","ast-site-content-layout":"default","site-content-style":"default","site-sidebar-style":"default","ast-global-header-display":"","ast-banner-title-visibility":"","ast-main-header-display":"","ast-hfb-above-header-display":"","ast-hfb-below-header-display":"","ast-hfb-mobile-header-display":"","site-post-title":"disabled","ast-breadcrumbs-content":"","ast-featured-img":"","footer-sml-layout":"","theme-transparent-header-meta":"","adv-header-id-meta":"","stick-header-meta":"","header-above-stick-meta":"","header-main-stick-meta":"","header-below-stick-meta":"","astra-migrate-meta-layouts":"default","ast-page-background-enabled":"default","ast-page-background-meta":{"desktop":{"background-color":"var(--ast-global-color-5)","background-image":"","background-repeat":"repeat","background-position":"center center","background-size":"auto","background-attachment":"scroll","background-type":"","background-media":"","overlay-type":"","overlay-color":"","overlay-opacity":"","overlay-gradient":""},"tablet":{"background-color":"","background-image":"","background-repeat":"repeat","background-position":"center center","background-size":"auto","background-attachment":"scroll","background-type":"","background-media":"","overlay-type":"","overlay-color":"","overlay-opacity":"","overlay-gradient":""},"mobile":{"background-color":"","background-image":"","background-repeat":"repeat","background-position":"center center","background-size":"auto","background-attachment":"scroll","background-type":"","background-media":"","overlay-type":"","overlay-color":"","overlay-opacity":"","overlay-gradient":""}},"ast-content-background-meta":{"desktop":{"background-color":"var(--ast-global-color-4)","background-image":"","background-repeat":"repeat","background-position":"center center","background-size":"auto","background-attachment":"scroll","background-type":"","background-media":"","overlay-type":"","overlay-color":"","overlay-opacity":"","overlay-gradient":""},"tablet":{"background-color":"var(--ast-global-color-4)","background-image":"","background-repeat":"repeat","background-position":"center center","background-size":"auto","background-attachment":"scroll","background-type":"","background-media":"","overlay-type":"","overlay-color":"","overlay-opacity":"","overlay-gradient":""},"mobile":{"background-color":"var(--ast-global-color-4)","background-image":"","background-repeat":"repeat","background-position":"center center","background-size":"auto","background-attachment":"scroll","background-type":"","background-media":"","overlay-type":"","overlay-color":"","overlay-opacity":"","overlay-gradient":""}},"ngg_post_thumbnail":0,"footnotes":""},"categories":[11,16],"tags":[],"class_list":["post-1496","post","type-post","status-publish","format-standard","has-post-thumbnail","hentry","category-deportes-y-ocio","category-portada"],"aioseo_notices":[],"rttpg_featured_image_url":{"full":["https:\/\/pueblosycomarcas.com\/wp-content\/uploads\/2025\/10\/20251025_museo_vespa_esguevillas.jpeg",800,400,false],"landscape":["https:\/\/pueblosycomarcas.com\/wp-content\/uploads\/2025\/10\/20251025_museo_vespa_esguevillas.jpeg",800,400,false],"portraits":["https:\/\/pueblosycomarcas.com\/wp-content\/uploads\/2025\/10\/20251025_museo_vespa_esguevillas.jpeg",800,400,false],"thumbnail":["https:\/\/pueblosycomarcas.com\/wp-content\/uploads\/2025\/10\/20251025_museo_vespa_esguevillas-150x150.jpeg",150,150,true],"medium":["https:\/\/pueblosycomarcas.com\/wp-content\/uploads\/2025\/10\/20251025_museo_vespa_esguevillas-300x150.jpeg",300,150,true],"large":["https:\/\/pueblosycomarcas.com\/wp-content\/uploads\/2025\/10\/20251025_museo_vespa_esguevillas.jpeg",800,400,false],"1536x1536":["https:\/\/pueblosycomarcas.com\/wp-content\/uploads\/2025\/10\/20251025_museo_vespa_esguevillas.jpeg",800,400,false],"2048x2048":["https:\/\/pueblosycomarcas.com\/wp-content\/uploads\/2025\/10\/20251025_museo_vespa_esguevillas.jpeg",800,400,false],"trp-custom-language-flag":["https:\/\/pueblosycomarcas.com\/wp-content\/uploads\/2025\/10\/20251025_museo_vespa_esguevillas.jpeg",18,9,false]},"rttpg_author":{"display_name":"admin","author_link":"https:\/\/pueblosycomarcas.com\/en\/author\/webalquimia\/"},"rttpg_comment":0,"rttpg_category":"<a href=\"https:\/\/pueblosycomarcas.com\/en\/category\/deportes-y-ocio\/\" rel=\"category tag\">Deporte y Ocio<\/a> <a href=\"https:\/\/pueblosycomarcas.com\/en\/category\/portada\/\" rel=\"category tag\">Portada<\/a>","rttpg_excerpt":"Inaugurado el Museo de la Vespa en Esguevillas de Esgueva (Valladolid) Cuenta con m\u00e1s de 30 piezas rescatas de la dana en Valencia y pertenecientes a la colecci\u00f3n privada de \u00c1lvaro Barcia Pueblosycomarcas.com;\u00a0@PueblosComarcas El Museo de la Moto Cl\u00e1sica del municipio de Esguevillas de Esgueva ha inaugurado en la ma\u00f1ana de este s\u00e1bado el Museo&hellip;","_links":{"self":[{"href":"https:\/\/pueblosycomarcas.com\/en\/wp-json\/wp\/v2\/posts\/1496","targetHints":{"allow":["GET"]}}],"collection":[{"href":"https:\/\/pueblosycomarcas.com\/en\/wp-json\/wp\/v2\/posts"}],"about":[{"href":"https:\/\/pueblosycomarcas.com\/en\/wp-json\/wp\/v2\/types\/post"}],"author":[{"embeddable":true,"href":"https:\/\/pueblosycomarcas.com\/en\/wp-json\/wp\/v2\/users\/1"}],"replies":[{"embeddable":true,"href":"https:\/\/pueblosycomarcas.com\/en\/wp-json\/wp\/v2\/comments?post=1496"}],"version-history":[{"count":5,"href":"https:\/\/pueblosycomarcas.com\/en\/wp-json\/wp\/v2\/posts\/1496\/revisions"}],"predecessor-version":[{"id":1502,"href":"https:\/\/pueblosycomarcas.com\/en\/wp-json\/wp\/v2\/posts\/1496\/revisions\/1502"}],"wp:featuredmedia":[{"embeddable":true,"href":"https:\/\/pueblosycomarcas.com\/en\/wp-json\/wp\/v2\/media\/1497"}],"wp:attachment":[{"href":"https:\/\/pueblosycomarcas.com\/en\/wp-json\/wp\/v2\/media?parent=1496"}],"wp:term":[{"taxonomy":"category","embeddable":true,"href":"https:\/\/pueblosycomarcas.com\/en\/wp-json\/wp\/v2\/categories?post=1496"},{"taxonomy":"post_tag","embeddable":true,"href":"https:\/\/pueblosycomarcas.com\/en\/wp-json\/wp\/v2\/tags?post=1496"}],"curies":[{"name":"wp","href":"https:\/\/api.w.org\/{rel}","templated":true}]}}