{"id":1426,"date":"2025-10-24T13:29:49","date_gmt":"2025-10-24T12:29:49","guid":{"rendered":"https:\/\/webalquimia.es\/?p=1426"},"modified":"2025-10-24T13:31:48","modified_gmt":"2025-10-24T12:31:48","slug":"dos-detenidos-en-medina-del-campo-por-robo-con-violencia-y-lesiones","status":"publish","type":"post","link":"https:\/\/pueblosycomarcas.com\/en\/dos-detenidos-en-medina-del-campo-por-robo-con-violencia-y-lesiones\/","title":{"rendered":"Dos detenidos en Medina del Campo por robo con violencia y lesiones"},"content":{"rendered":"<div data-elementor-type=\"wp-post\" data-elementor-id=\"1426\" class=\"elementor elementor-1426\">\n\t\t\t\t<div class=\"elementor-element elementor-element-bc34a22 e-flex e-con-boxed wpr-particle-no wpr-jarallax-no wpr-parallax-no wpr-sticky-section-no wpr-equal-height-no e-con e-parent\" data-id=\"bc34a22\" data-element_type=\"container\" data-e-type=\"container\">\n\t\t\t\t\t<div class=\"e-con-inner\">\n\t\t\t\t<div class=\"elementor-element elementor-element-f737818 elementor-widget elementor-widget-heading\" data-id=\"f737818\" data-element_type=\"widget\" data-e-type=\"widget\" data-widget_type=\"heading.default\">\n\t\t\t\t\t<h2 class=\"elementor-heading-title elementor-size-default\">Dos detenidos en Medina del Campo por robo con violencia y lesiones<\/h2>\t\t\t\t<\/div>\n\t\t\t\t<div class=\"elementor-element elementor-element-5e30d22 elementor-widget elementor-widget-text-editor\" data-id=\"5e30d22\" data-element_type=\"widget\" data-e-type=\"widget\" data-widget_type=\"text-editor.default\">\n\t\t\t\t\t\t\t\t\t<ul><li><h6><em><strong>Sustrajeron a las v\u00edctimas dos tel\u00e9fonos m\u00f3viles, una cartera con documentaci\u00f3n personal y 350 euros en efectivo<\/strong><\/em><\/h6><\/li><\/ul>\t\t\t\t\t\t\t\t<\/div>\n\t\t\t\t<div class=\"elementor-element elementor-element-6695f19 elementor-widget-divider--view-line elementor-widget elementor-widget-divider\" data-id=\"6695f19\" data-element_type=\"widget\" data-e-type=\"widget\" data-widget_type=\"divider.default\">\n\t\t\t\t\t\t\t<div class=\"elementor-divider\">\n\t\t\t<span class=\"elementor-divider-separator\">\n\t\t\t\t\t\t<\/span>\n\t\t<\/div>\n\t\t\t\t\t\t<\/div>\n\t\t\t\t<div class=\"elementor-element elementor-element-5bbe1cc elementor-widget elementor-widget-text-editor\" data-id=\"5bbe1cc\" data-element_type=\"widget\" data-e-type=\"widget\" data-widget_type=\"text-editor.default\">\n\t\t\t\t\t\t\t\t\t<p><a href=\"https:\/\/www.facebook.com\/Pueblos-y-Comarcas-125437870924169\/?fref=ts\"><em><strong>Pueblosycomarcas.com<\/strong><\/em><\/a><em><strong>;\u00a0<\/strong><\/em><a href=\"https:\/\/twitter.com\/PueblosComarcas\"><em><strong>@PueblosComarcas<\/strong><\/em><\/a><\/p><p>Agentes de la Polic\u00eda Nacional han detenido a dos individuos, el pasado d\u00eda 22 en Medina del Campo, como presuntos autores de un delito de robo con violencia y lesiones del que dos varones fueron v\u00edctimas ocasion\u00e1ndoles lesiones de diversa consideraci\u00f3n.<\/p><p>Seg\u00fan la denuncia interpuesta en la Comisar\u00eda de Polic\u00eda Nacional de Medina del Campo, los hechos ocurrieron cuando las v\u00edctimas, tras abandonar un establecimiento hostelero, fueron abordadas en la v\u00eda p\u00fablica por cuatro individuos. Dos de ellos iniciaron una agresi\u00f3n f\u00edsica que incluy\u00f3 golpes y amenazas de muerte, llegando a utilizar una botella de vidrio como arma. Durante el ataque, los agresores sustrajeron dos tel\u00e9fonos m\u00f3viles, una cartera con documentaci\u00f3n personal y 350 euros en efectivo. Las v\u00edctimas precisaron atenci\u00f3n m\u00e9dica a consecuencia de las lesiones sufridas.<\/p><p>A las 11:15 horas del mismo d\u00eda, agentes de Polic\u00eda Nacional procedieron a la detenci\u00f3n de uno de los presuntos autores en la Avenida Valladolid. El individuo, al percatarse de la presencia policial, emprendi\u00f3 la huida a pie, siendo interceptado tras una breve persecuci\u00f3n. Durante el cacheo superficial, se le intervino una piedra de color marr\u00f3n, presumiblemente hach\u00eds, por lo que se levant\u00f3 acta correspondiente. El detenido opuso gran resistencia durante su arresto.<\/p><p>En la tarde del 22 de octubre, se logr\u00f3 localizar y detener al segundo implicado en los hechos. Ambos individuos fueron trasladados a dependencias policiales para la instrucci\u00f3n del atestado.<\/p><p>Cabe destacar que desde que fijaron su residencia en Medina del Campo \u2014uno de ellos en abril de 2025 y el otro desde 2022\u2014 ambos han protagonizado m\u00faltiples intervenciones policiales motivadas por diversos delitos e infracciones, cuya frecuencia ha ido en aumento, generando un impacto negativo en la convivencia y la seguridad ciudadana.<\/p><p>En la ma\u00f1ana de hoy han sido puestos a disposici\u00f3n de la autoridad judicial que ha determinado su inmediato ingreso en prisi\u00f3n.<\/p>\t\t\t\t\t\t\t\t<\/div>\n\t\t\t\t\t<\/div>\n\t\t\t\t<\/div>\n\t\t\t\t<\/div>","protected":false},"excerpt":{"rendered":"<p>Dos detenidos en Medina del Campo por robo con violencia y lesiones Sustrajeron a las v\u00edctimas dos tel\u00e9fonos m\u00f3viles, una cartera con documentaci\u00f3n personal y 350 euros en efectivo Pueblosycomarcas.com;\u00a0@PueblosComarcas Agentes de la Polic\u00eda Nacional han detenido a dos individuos, el pasado d\u00eda 22 en Medina del Campo, como presuntos autores de un delito de robo con violencia y lesiones del que dos varones fueron v\u00edctimas ocasion\u00e1ndoles lesiones de diversa consideraci\u00f3n. Seg\u00fan la denuncia interpuesta en la Comisar\u00eda de Polic\u00eda Nacional de Medina del Campo, los hechos ocurrieron cuando las v\u00edctimas, tras abandonar un establecimiento hostelero, fueron abordadas en la v\u00eda p\u00fablica por cuatro individuos. Dos de ellos iniciaron una agresi\u00f3n f\u00edsica que incluy\u00f3 golpes y amenazas de muerte, llegando a utilizar una botella de vidrio como arma. Durante el ataque, los agresores sustrajeron dos tel\u00e9fonos m\u00f3viles, una cartera con documentaci\u00f3n personal y 350 euros en efectivo. Las v\u00edctimas precisaron atenci\u00f3n m\u00e9dica a consecuencia de las lesiones sufridas. A las 11:15 horas del mismo d\u00eda, agentes de Polic\u00eda Nacional procedieron a la detenci\u00f3n de uno de los presuntos autores en la Avenida Valladolid. El individuo, al percatarse de la presencia policial, emprendi\u00f3 la huida a pie, siendo interceptado tras una breve persecuci\u00f3n. Durante el cacheo superficial, se le intervino una piedra de color marr\u00f3n, presumiblemente hach\u00eds, por lo que se levant\u00f3 acta correspondiente. El detenido opuso gran resistencia durante su arresto. En la tarde del 22 de octubre, se logr\u00f3 localizar y detener al segundo implicado en los hechos. Ambos individuos fueron trasladados a dependencias policiales para la instrucci\u00f3n del atestado. Cabe destacar que desde que fijaron su residencia en Medina del Campo \u2014uno de ellos en abril de 2025 y el otro desde 2022\u2014 ambos han protagonizado m\u00faltiples intervenciones policiales motivadas por diversos delitos e infracciones, cuya frecuencia ha ido en aumento, generando un impacto negativo en la convivencia y la seguridad ciudadana. En la ma\u00f1ana de hoy han sido puestos a disposici\u00f3n de la autoridad judicial que ha determinado su inmediato ingreso en prisi\u00f3n.<\/p>","protected":false},"author":1,"featured_media":1331,"comment_status":"open","ping_status":"closed","sticky":false,"template":"","format":"standard","meta":{"site-sidebar-layout":"default","site-content-layout":"","ast-site-content-layout":"default","site-content-style":"default","site-sidebar-style":"default","ast-global-header-display":"","ast-banner-title-visibility":"","ast-main-header-display":"","ast-hfb-above-header-display":"","ast-hfb-below-header-display":"","ast-hfb-mobile-header-display":"","site-post-title":"disabled","ast-breadcrumbs-content":"","ast-featured-img":"","footer-sml-layout":"","theme-transparent-header-meta":"","adv-header-id-meta":"","stick-header-meta":"","header-above-stick-meta":"","header-main-stick-meta":"","header-below-stick-meta":"","astra-migrate-meta-layouts":"default","ast-page-background-enabled":"default","ast-page-background-meta":{"desktop":{"background-color":"var(--ast-global-color-5)","background-image":"","background-repeat":"repeat","background-position":"center center","background-size":"auto","background-attachment":"scroll","background-type":"","background-media":"","overlay-type":"","overlay-color":"","overlay-opacity":"","overlay-gradient":""},"tablet":{"background-color":"","background-image":"","background-repeat":"repeat","background-position":"center center","background-size":"auto","background-attachment":"scroll","background-type":"","background-media":"","overlay-type":"","overlay-color":"","overlay-opacity":"","overlay-gradient":""},"mobile":{"background-color":"","background-image":"","background-repeat":"repeat","background-position":"center center","background-size":"auto","background-attachment":"scroll","background-type":"","background-media":"","overlay-type":"","overlay-color":"","overlay-opacity":"","overlay-gradient":""}},"ast-content-background-meta":{"desktop":{"background-color":"var(--ast-global-color-4)","background-image":"","background-repeat":"repeat","background-position":"center center","background-size":"auto","background-attachment":"scroll","background-type":"","background-media":"","overlay-type":"","overlay-color":"","overlay-opacity":"","overlay-gradient":""},"tablet":{"background-color":"var(--ast-global-color-4)","background-image":"","background-repeat":"repeat","background-position":"center center","background-size":"auto","background-attachment":"scroll","background-type":"","background-media":"","overlay-type":"","overlay-color":"","overlay-opacity":"","overlay-gradient":""},"mobile":{"background-color":"var(--ast-global-color-4)","background-image":"","background-repeat":"repeat","background-position":"center center","background-size":"auto","background-attachment":"scroll","background-type":"","background-media":"","overlay-type":"","overlay-color":"","overlay-opacity":"","overlay-gradient":""}},"ngg_post_thumbnail":0,"footnotes":""},"categories":[10,16,12],"tags":[],"class_list":["post-1426","post","type-post","status-publish","format-standard","has-post-thumbnail","hentry","category-otras-comarcas","category-portada","category-sucesos"],"aioseo_notices":[],"rttpg_featured_image_url":{"full":["https:\/\/pueblosycomarcas.com\/wp-content\/uploads\/2025\/10\/20251023_policia_barrio.jpg",800,400,false],"landscape":["https:\/\/pueblosycomarcas.com\/wp-content\/uploads\/2025\/10\/20251023_policia_barrio.jpg",800,400,false],"portraits":["https:\/\/pueblosycomarcas.com\/wp-content\/uploads\/2025\/10\/20251023_policia_barrio.jpg",800,400,false],"thumbnail":["https:\/\/pueblosycomarcas.com\/wp-content\/uploads\/2025\/10\/20251023_policia_barrio-150x150.jpg",150,150,true],"medium":["https:\/\/pueblosycomarcas.com\/wp-content\/uploads\/2025\/10\/20251023_policia_barrio-300x150.jpg",300,150,true],"large":["https:\/\/pueblosycomarcas.com\/wp-content\/uploads\/2025\/10\/20251023_policia_barrio.jpg",800,400,false],"1536x1536":["https:\/\/pueblosycomarcas.com\/wp-content\/uploads\/2025\/10\/20251023_policia_barrio.jpg",800,400,false],"2048x2048":["https:\/\/pueblosycomarcas.com\/wp-content\/uploads\/2025\/10\/20251023_policia_barrio.jpg",800,400,false],"trp-custom-language-flag":["https:\/\/pueblosycomarcas.com\/wp-content\/uploads\/2025\/10\/20251023_policia_barrio.jpg",18,9,false]},"rttpg_author":{"display_name":"admin","author_link":"https:\/\/pueblosycomarcas.com\/en\/author\/webalquimia\/"},"rttpg_comment":0,"rttpg_category":"<a href=\"https:\/\/pueblosycomarcas.com\/en\/category\/otras-comarcas\/\" rel=\"category tag\">Otras Comarcas<\/a> <a href=\"https:\/\/pueblosycomarcas.com\/en\/category\/portada\/\" rel=\"category tag\">Portada<\/a> <a href=\"https:\/\/pueblosycomarcas.com\/en\/category\/sucesos\/\" rel=\"category tag\">Sucesos<\/a>","rttpg_excerpt":"Dos detenidos en Medina del Campo por robo con violencia y lesiones Sustrajeron a las v\u00edctimas dos tel\u00e9fonos m\u00f3viles, una cartera con documentaci\u00f3n personal y 350 euros en efectivo Pueblosycomarcas.com;\u00a0@PueblosComarcas Agentes de la Polic\u00eda Nacional han detenido a dos individuos, el pasado d\u00eda 22 en Medina del Campo, como presuntos autores de un delito de&hellip;","_links":{"self":[{"href":"https:\/\/pueblosycomarcas.com\/en\/wp-json\/wp\/v2\/posts\/1426","targetHints":{"allow":["GET"]}}],"collection":[{"href":"https:\/\/pueblosycomarcas.com\/en\/wp-json\/wp\/v2\/posts"}],"about":[{"href":"https:\/\/pueblosycomarcas.com\/en\/wp-json\/wp\/v2\/types\/post"}],"author":[{"embeddable":true,"href":"https:\/\/pueblosycomarcas.com\/en\/wp-json\/wp\/v2\/users\/1"}],"replies":[{"embeddable":true,"href":"https:\/\/pueblosycomarcas.com\/en\/wp-json\/wp\/v2\/comments?post=1426"}],"version-history":[{"count":5,"href":"https:\/\/pueblosycomarcas.com\/en\/wp-json\/wp\/v2\/posts\/1426\/revisions"}],"predecessor-version":[{"id":1431,"href":"https:\/\/pueblosycomarcas.com\/en\/wp-json\/wp\/v2\/posts\/1426\/revisions\/1431"}],"wp:featuredmedia":[{"embeddable":true,"href":"https:\/\/pueblosycomarcas.com\/en\/wp-json\/wp\/v2\/media\/1331"}],"wp:attachment":[{"href":"https:\/\/pueblosycomarcas.com\/en\/wp-json\/wp\/v2\/media?parent=1426"}],"wp:term":[{"taxonomy":"category","embeddable":true,"href":"https:\/\/pueblosycomarcas.com\/en\/wp-json\/wp\/v2\/categories?post=1426"},{"taxonomy":"post_tag","embeddable":true,"href":"https:\/\/pueblosycomarcas.com\/en\/wp-json\/wp\/v2\/tags?post=1426"}],"curies":[{"name":"wp","href":"https:\/\/api.w.org\/{rel}","templated":true}]}}