{"id":11072,"date":"2026-05-02T10:27:01","date_gmt":"2026-05-02T09:27:01","guid":{"rendered":"https:\/\/pueblosycomarcas.com\/?p=11072"},"modified":"2026-05-02T10:41:10","modified_gmt":"2026-05-02T09:41:10","slug":"siete-varones-heridos-tras-la-colision-de-dos-turismos-en-valladolid","status":"publish","type":"post","link":"https:\/\/pueblosycomarcas.com\/en\/siete-varones-heridos-tras-la-colision-de-dos-turismos-en-valladolid\/","title":{"rendered":"Siete varones heridos tras la colisi\u00f3n de dos turismos en Valladolid"},"content":{"rendered":"<div data-elementor-type=\"wp-post\" data-elementor-id=\"11072\" class=\"elementor elementor-11072\">\n\t\t\t\t<div class=\"elementor-element elementor-element-44a9b6d5 e-flex e-con-boxed wpr-particle-no wpr-jarallax-no wpr-parallax-no wpr-sticky-section-no wpr-equal-height-no e-con e-parent\" data-id=\"44a9b6d5\" data-element_type=\"container\" data-e-type=\"container\">\n\t\t\t\t\t<div class=\"e-con-inner\">\n\t\t\t\t<div class=\"elementor-element elementor-element-597d8ee7 elementor-widget elementor-widget-image\" data-id=\"597d8ee7\" data-element_type=\"widget\" data-e-type=\"widget\" data-widget_type=\"image.default\">\n\t\t\t\t\t\t\t\t\t\t\t\t\t\t\t\t<a href=\"https:\/\/www.termicasalfonso.es\/\">\n\t\t\t\t\t\t\t<img fetchpriority=\"high\" decoding=\"async\" width=\"400\" height=\"220\" src=\"https:\/\/pueblosycomarcas.com\/wp-content\/uploads\/2025\/07\/banner-instalaciones-alfonso.jpg\" class=\"attachment-large size-large wp-image-107\" alt=\"\" srcset=\"https:\/\/pueblosycomarcas.com\/wp-content\/uploads\/2025\/07\/banner-instalaciones-alfonso.jpg 400w, https:\/\/pueblosycomarcas.com\/wp-content\/uploads\/2025\/07\/banner-instalaciones-alfonso-300x165.jpg 300w\" sizes=\"(max-width: 400px) 100vw, 400px\" \/>\t\t\t\t\t\t\t\t<\/a>\n\t\t\t\t\t\t\t\t\t\t\t\t\t\t\t<\/div>\n\t\t\t\t<div class=\"elementor-element elementor-element-7efc05d7 elementor-widget elementor-widget-text-editor\" data-id=\"7efc05d7\" data-element_type=\"widget\" data-e-type=\"widget\" data-widget_type=\"text-editor.default\">\n\t\t\t\t\t\t\t\t\t<ul><li><h6><strong><em>OTHER REGIONS<\/em><\/strong><\/h6><\/li><\/ul>\t\t\t\t\t\t\t\t<\/div>\n\t\t\t\t<div class=\"elementor-element elementor-element-436dc156 elementor-widget elementor-widget-heading\" data-id=\"436dc156\" data-element_type=\"widget\" data-e-type=\"widget\" data-widget_type=\"heading.default\">\n\t\t\t\t\t<h2 class=\"elementor-heading-title elementor-size-default\">Siete varones heridos tras la colisi\u00f3n de dos turismos en Valladolid<\/h2>\t\t\t\t<\/div>\n\t\t\t\t<div class=\"elementor-element elementor-element-45ef453 elementor-widget elementor-widget-text-editor\" data-id=\"45ef453\" data-element_type=\"widget\" data-e-type=\"widget\" data-widget_type=\"text-editor.default\">\n\t\t\t\t\t\t\t\t\t<ul><li><h6><em><strong>El suceso se ha produjo al filo de la medianoche en la calle Fais\u00e1n<\/strong><\/em><\/h6><\/li><\/ul>\t\t\t\t\t\t\t\t<\/div>\n\t\t\t\t<div class=\"elementor-element elementor-element-751ad720 elementor-widget-divider--view-line elementor-widget elementor-widget-divider\" data-id=\"751ad720\" data-element_type=\"widget\" data-e-type=\"widget\" data-widget_type=\"divider.default\">\n\t\t\t\t\t\t\t<div class=\"elementor-divider\">\n\t\t\t<span class=\"elementor-divider-separator\">\n\t\t\t\t\t\t<\/span>\n\t\t<\/div>\n\t\t\t\t\t\t<\/div>\n\t\t\t\t<div class=\"elementor-element elementor-element-6a2a8b6d elementor-widget elementor-widget-image\" data-id=\"6a2a8b6d\" data-element_type=\"widget\" data-e-type=\"widget\" data-widget_type=\"image.default\">\n\t\t\t\t\t\t\t\t\t\t\t\t\t\t\t<img decoding=\"async\" width=\"800\" height=\"400\" src=\"https:\/\/pueblosycomarcas.com\/wp-content\/uploads\/2026\/02\/20260218_ambulancia.jpg\" class=\"attachment-large size-large wp-image-6814\" alt=\"\" srcset=\"https:\/\/pueblosycomarcas.com\/wp-content\/uploads\/2026\/02\/20260218_ambulancia.jpg 800w, https:\/\/pueblosycomarcas.com\/wp-content\/uploads\/2026\/02\/20260218_ambulancia-300x150.jpg 300w, https:\/\/pueblosycomarcas.com\/wp-content\/uploads\/2026\/02\/20260218_ambulancia-768x384.jpg 768w\" sizes=\"(max-width: 800px) 100vw, 800px\" \/>\t\t\t\t\t\t\t\t\t\t\t\t\t\t\t<\/div>\n\t\t\t\t<div class=\"elementor-element elementor-element-c59f43f elementor-widget elementor-widget-text-editor\" data-id=\"c59f43f\" data-element_type=\"widget\" data-e-type=\"widget\" data-widget_type=\"text-editor.default\">\n\t\t\t\t\t\t\t\t\t<p><a href=\"https:\/\/www.facebook.com\/Pueblos-y-Comarcas-125437870924169\/?fref=ts\"><strong><em>Pueblosycomarcas.com<\/em><\/strong><\/a><strong><em>;\u00a0<\/em><\/strong><a href=\"https:\/\/twitter.com\/PueblosComarcas\"><strong><em>@PueblosComarcas<\/em><\/strong><\/a><\/p><p>La sala de operaciones del 1-1-2 Castilla y Le\u00f3n recibe una llamada avisando de un accidente en la calle Fais\u00e1n de Valladolid. Los alertantes solicitan asistencia para al menos dos personas heridas, conscientes.<\/p><p>El 1-1-2 da aviso de este accidente a Polic\u00eda Local y Cuerpo Nacional de Polic\u00eda, y a Emergencias Sanitarias &#8211; Sacyl, que env\u00eda dos ambulancias de soporte vital b\u00e1sico y una UVI m\u00f3vil.<\/p><p>El personal sanitario ha atendido y trasladado a siete heridos: tres varones de 14, 48 y 45 a\u00f1os, trasladados en UVI m\u00f3vil, y cuatro varones de 57, 65, en ambulancia de soporte vital b\u00e1sico, al hospital Cl\u00ednico; y dos varones de 20 y 21 a\u00f1os, en soporte al hospital R\u00edo Hortega.<\/p>\t\t\t\t\t\t\t\t<\/div>\n\t\t<div class=\"elementor-element elementor-element-6dac76e2 e-con-full e-flex wpr-particle-no wpr-jarallax-no wpr-parallax-no wpr-sticky-section-no wpr-equal-height-no e-con e-child\" data-id=\"6dac76e2\" data-element_type=\"container\" data-e-type=\"container\">\n\t\t\t\t<div class=\"elementor-element elementor-element-53f7d3c4 elementor-widget elementor-widget-image\" data-id=\"53f7d3c4\" data-element_type=\"widget\" data-e-type=\"widget\" data-widget_type=\"image.default\">\n\t\t\t\t\t\t\t\t\t\t\t\t\t\t\t\t<a href=\"https:\/\/www.granjapinilla.com\/\">\n\t\t\t\t\t\t\t<img decoding=\"async\" width=\"639\" height=\"150\" src=\"https:\/\/pueblosycomarcas.com\/wp-content\/uploads\/2025\/07\/banner-granja-pinilla.jpg\" class=\"attachment-large size-large wp-image-105\" alt=\"\" srcset=\"https:\/\/pueblosycomarcas.com\/wp-content\/uploads\/2025\/07\/banner-granja-pinilla.jpg 639w, https:\/\/pueblosycomarcas.com\/wp-content\/uploads\/2025\/07\/banner-granja-pinilla-300x70.jpg 300w\" sizes=\"(max-width: 639px) 100vw, 639px\" \/>\t\t\t\t\t\t\t\t<\/a>\n\t\t\t\t\t\t\t\t\t\t\t\t\t\t\t<\/div>\n\t\t\t\t<\/div>\n\t\t\t\t\t<\/div>\n\t\t\t\t<\/div>\n\t\t\t\t<\/div>","protected":false},"excerpt":{"rendered":"<p>Otras comarcas Siete varones heridos tras la colisi\u00f3n de dos turismos en Valladolid El suceso se ha produjo al filo de la medianoche en la calle Fais\u00e1n Pueblosycomarcas.com;\u00a0@PueblosComarcas La sala de operaciones del 1-1-2 Castilla y Le\u00f3n recibe una llamada avisando de un accidente en la calle Fais\u00e1n de Valladolid. Los alertantes solicitan asistencia para al menos dos personas heridas, conscientes. El 1-1-2 da aviso de este accidente a Polic\u00eda Local y Cuerpo Nacional de Polic\u00eda, y a Emergencias Sanitarias &#8211; Sacyl, que env\u00eda dos ambulancias de soporte vital b\u00e1sico y una UVI m\u00f3vil. El personal sanitario ha atendido y trasladado a siete heridos: tres varones de 14, 48 y 45 a\u00f1os, trasladados en UVI m\u00f3vil, y cuatro varones de 57, 65, en ambulancia de soporte vital b\u00e1sico, al hospital Cl\u00ednico; y dos varones de 20 y 21 a\u00f1os, en soporte al hospital R\u00edo Hortega.<\/p>","protected":false},"author":2,"featured_media":6814,"comment_status":"open","ping_status":"closed","sticky":false,"template":"","format":"standard","meta":{"site-sidebar-layout":"default","site-content-layout":"","ast-site-content-layout":"default","site-content-style":"default","site-sidebar-style":"default","ast-global-header-display":"","ast-banner-title-visibility":"","ast-main-header-display":"","ast-hfb-above-header-display":"","ast-hfb-below-header-display":"","ast-hfb-mobile-header-display":"","site-post-title":"disabled","ast-breadcrumbs-content":"","ast-featured-img":"","footer-sml-layout":"","theme-transparent-header-meta":"","adv-header-id-meta":"","stick-header-meta":"","header-above-stick-meta":"","header-main-stick-meta":"","header-below-stick-meta":"","astra-migrate-meta-layouts":"default","ast-page-background-enabled":"default","ast-page-background-meta":{"desktop":{"background-color":"var(--ast-global-color-5)","background-image":"","background-repeat":"repeat","background-position":"center center","background-size":"auto","background-attachment":"scroll","background-type":"","background-media":"","overlay-type":"","overlay-color":"","overlay-opacity":"","overlay-gradient":""},"tablet":{"background-color":"","background-image":"","background-repeat":"repeat","background-position":"center center","background-size":"auto","background-attachment":"scroll","background-type":"","background-media":"","overlay-type":"","overlay-color":"","overlay-opacity":"","overlay-gradient":""},"mobile":{"background-color":"","background-image":"","background-repeat":"repeat","background-position":"center center","background-size":"auto","background-attachment":"scroll","background-type":"","background-media":"","overlay-type":"","overlay-color":"","overlay-opacity":"","overlay-gradient":""}},"ast-content-background-meta":{"desktop":{"background-color":"var(--ast-global-color-4)","background-image":"","background-repeat":"repeat","background-position":"center center","background-size":"auto","background-attachment":"scroll","background-type":"","background-media":"","overlay-type":"","overlay-color":"","overlay-opacity":"","overlay-gradient":""},"tablet":{"background-color":"var(--ast-global-color-4)","background-image":"","background-repeat":"repeat","background-position":"center center","background-size":"auto","background-attachment":"scroll","background-type":"","background-media":"","overlay-type":"","overlay-color":"","overlay-opacity":"","overlay-gradient":""},"mobile":{"background-color":"var(--ast-global-color-4)","background-image":"","background-repeat":"repeat","background-position":"center center","background-size":"auto","background-attachment":"scroll","background-type":"","background-media":"","overlay-type":"","overlay-color":"","overlay-opacity":"","overlay-gradient":""}},"ngg_post_thumbnail":0,"footnotes":""},"categories":[10,16,12],"tags":[22],"class_list":["post-11072","post","type-post","status-publish","format-standard","has-post-thumbnail","hentry","category-otras-comarcas","category-portada","category-sucesos","tag-valladolid"],"aioseo_notices":[],"rttpg_featured_image_url":{"full":["https:\/\/pueblosycomarcas.com\/wp-content\/uploads\/2026\/02\/20260218_ambulancia.jpg",800,400,false],"landscape":["https:\/\/pueblosycomarcas.com\/wp-content\/uploads\/2026\/02\/20260218_ambulancia.jpg",800,400,false],"portraits":["https:\/\/pueblosycomarcas.com\/wp-content\/uploads\/2026\/02\/20260218_ambulancia.jpg",800,400,false],"thumbnail":["https:\/\/pueblosycomarcas.com\/wp-content\/uploads\/2026\/02\/20260218_ambulancia-150x150.jpg",150,150,true],"medium":["https:\/\/pueblosycomarcas.com\/wp-content\/uploads\/2026\/02\/20260218_ambulancia-300x150.jpg",300,150,true],"large":["https:\/\/pueblosycomarcas.com\/wp-content\/uploads\/2026\/02\/20260218_ambulancia.jpg",800,400,false],"1536x1536":["https:\/\/pueblosycomarcas.com\/wp-content\/uploads\/2026\/02\/20260218_ambulancia.jpg",800,400,false],"2048x2048":["https:\/\/pueblosycomarcas.com\/wp-content\/uploads\/2026\/02\/20260218_ambulancia.jpg",800,400,false],"trp-custom-language-flag":["https:\/\/pueblosycomarcas.com\/wp-content\/uploads\/2026\/02\/20260218_ambulancia.jpg",18,9,false]},"rttpg_author":{"display_name":"Juanjo","author_link":"https:\/\/pueblosycomarcas.com\/en\/author\/pueblosycomarcas\/"},"rttpg_comment":0,"rttpg_category":"<a href=\"https:\/\/pueblosycomarcas.com\/en\/category\/otras-comarcas\/\" rel=\"category tag\">Otras Comarcas<\/a> <a href=\"https:\/\/pueblosycomarcas.com\/en\/category\/portada\/\" rel=\"category tag\">Portada<\/a> <a href=\"https:\/\/pueblosycomarcas.com\/en\/category\/sucesos\/\" rel=\"category tag\">Sucesos<\/a>","rttpg_excerpt":"Otras comarcas Siete varones heridos tras la colisi\u00f3n de dos turismos en Valladolid El suceso se ha produjo al filo de la medianoche en la calle Fais\u00e1n Pueblosycomarcas.com;\u00a0@PueblosComarcas La sala de operaciones del 1-1-2 Castilla y Le\u00f3n recibe una llamada avisando de un accidente en la calle Fais\u00e1n de Valladolid. Los alertantes solicitan asistencia para&hellip;","_links":{"self":[{"href":"https:\/\/pueblosycomarcas.com\/en\/wp-json\/wp\/v2\/posts\/11072","targetHints":{"allow":["GET"]}}],"collection":[{"href":"https:\/\/pueblosycomarcas.com\/en\/wp-json\/wp\/v2\/posts"}],"about":[{"href":"https:\/\/pueblosycomarcas.com\/en\/wp-json\/wp\/v2\/types\/post"}],"author":[{"embeddable":true,"href":"https:\/\/pueblosycomarcas.com\/en\/wp-json\/wp\/v2\/users\/2"}],"replies":[{"embeddable":true,"href":"https:\/\/pueblosycomarcas.com\/en\/wp-json\/wp\/v2\/comments?post=11072"}],"version-history":[{"count":5,"href":"https:\/\/pueblosycomarcas.com\/en\/wp-json\/wp\/v2\/posts\/11072\/revisions"}],"predecessor-version":[{"id":11078,"href":"https:\/\/pueblosycomarcas.com\/en\/wp-json\/wp\/v2\/posts\/11072\/revisions\/11078"}],"wp:featuredmedia":[{"embeddable":true,"href":"https:\/\/pueblosycomarcas.com\/en\/wp-json\/wp\/v2\/media\/6814"}],"wp:attachment":[{"href":"https:\/\/pueblosycomarcas.com\/en\/wp-json\/wp\/v2\/media?parent=11072"}],"wp:term":[{"taxonomy":"category","embeddable":true,"href":"https:\/\/pueblosycomarcas.com\/en\/wp-json\/wp\/v2\/categories?post=11072"},{"taxonomy":"post_tag","embeddable":true,"href":"https:\/\/pueblosycomarcas.com\/en\/wp-json\/wp\/v2\/tags?post=11072"}],"curies":[{"name":"wp","href":"https:\/\/api.w.org\/{rel}","templated":true}]}}