{"id":11042,"date":"2026-05-02T10:21:43","date_gmt":"2026-05-02T09:21:43","guid":{"rendered":"https:\/\/pueblosycomarcas.com\/?p=11042"},"modified":"2026-05-02T10:21:44","modified_gmt":"2026-05-02T09:21:44","slug":"abierto-el-plazo-de-inscripcion-en-las-escuelas-oficiales-de-idiomas-de-castilla-y-leon","status":"publish","type":"post","link":"https:\/\/pueblosycomarcas.com\/en\/abierto-el-plazo-de-inscripcion-en-las-escuelas-oficiales-de-idiomas-de-castilla-y-leon\/","title":{"rendered":"Abierto el plazo de inscripci\u00f3n en las Escuelas Oficiales de Idiomas de Castilla y Le\u00f3n"},"content":{"rendered":"<div data-elementor-type=\"wp-post\" data-elementor-id=\"11042\" class=\"elementor elementor-11042\">\n\t\t\t\t<div class=\"elementor-element elementor-element-66dfbaed e-flex e-con-boxed wpr-particle-no wpr-jarallax-no wpr-parallax-no wpr-sticky-section-no wpr-equal-height-no e-con e-parent\" data-id=\"66dfbaed\" data-element_type=\"container\" data-e-type=\"container\">\n\t\t\t\t\t<div class=\"e-con-inner\">\n\t\t\t\t<div class=\"elementor-element elementor-element-560c890 elementor-widget elementor-widget-image\" data-id=\"560c890\" data-element_type=\"widget\" data-e-type=\"widget\" data-widget_type=\"image.default\">\n\t\t\t\t\t\t\t\t\t\t\t\t\t\t\t\t<a href=\"https:\/\/www.termicasalfonso.es\/\">\n\t\t\t\t\t\t\t<img fetchpriority=\"high\" decoding=\"async\" width=\"400\" height=\"220\" src=\"https:\/\/pueblosycomarcas.com\/wp-content\/uploads\/2025\/07\/banner-instalaciones-alfonso.jpg\" class=\"attachment-large size-large wp-image-107\" alt=\"\" srcset=\"https:\/\/pueblosycomarcas.com\/wp-content\/uploads\/2025\/07\/banner-instalaciones-alfonso.jpg 400w, https:\/\/pueblosycomarcas.com\/wp-content\/uploads\/2025\/07\/banner-instalaciones-alfonso-300x165.jpg 300w\" sizes=\"(max-width: 400px) 100vw, 400px\" \/>\t\t\t\t\t\t\t\t<\/a>\n\t\t\t\t\t\t\t\t\t\t\t\t\t\t\t<\/div>\n\t\t\t\t<div class=\"elementor-element elementor-element-8400e70 elementor-widget elementor-widget-text-editor\" data-id=\"8400e70\" data-element_type=\"widget\" data-e-type=\"widget\" data-widget_type=\"text-editor.default\">\n\t\t\t\t\t\t\t\t\t<ul><li><h6><strong><em>Economy, education and employment<\/em><\/strong><\/h6><\/li><\/ul>\t\t\t\t\t\t\t\t<\/div>\n\t\t\t\t<div class=\"elementor-element elementor-element-77a517a8 elementor-widget elementor-widget-heading\" data-id=\"77a517a8\" data-element_type=\"widget\" data-e-type=\"widget\" data-widget_type=\"heading.default\">\n\t\t\t\t\t<h2 class=\"elementor-heading-title elementor-size-default\">Abierto el plazo de inscripci\u00f3n en las Escuelas Oficiales de Idiomas de Castilla y Le\u00f3n\n<\/h2>\t\t\t\t<\/div>\n\t\t\t\t<div class=\"elementor-element elementor-element-9b9e3b4 elementor-widget elementor-widget-text-editor\" data-id=\"9b9e3b4\" data-element_type=\"widget\" data-e-type=\"widget\" data-widget_type=\"text-editor.default\">\n\t\t\t\t\t\t\t\t\t<ul><li><h6><em><strong>La Consejer\u00eda de Educaci\u00f3n establece del 1 al 20 de mayo el periodo para presentar la solicitud en alguna de las 14 Escuelas Oficiales de Idiomas y 22 secciones con las que cuenta Castilla y Le\u00f3n<\/strong><\/em><\/h6><\/li><\/ul>\t\t\t\t\t\t\t\t<\/div>\n\t\t\t\t<div class=\"elementor-element elementor-element-54792e61 elementor-widget-divider--view-line elementor-widget elementor-widget-divider\" data-id=\"54792e61\" data-element_type=\"widget\" data-e-type=\"widget\" data-widget_type=\"divider.default\">\n\t\t\t\t\t\t\t<div class=\"elementor-divider\">\n\t\t\t<span class=\"elementor-divider-separator\">\n\t\t\t\t\t\t<\/span>\n\t\t<\/div>\n\t\t\t\t\t\t<\/div>\n\t\t\t\t<div class=\"elementor-element elementor-element-7cb3e129 elementor-widget elementor-widget-image\" data-id=\"7cb3e129\" data-element_type=\"widget\" data-e-type=\"widget\" data-widget_type=\"image.default\">\n\t\t\t\t\t\t\t\t\t\t\t\t\t\t\t<img decoding=\"async\" width=\"800\" height=\"400\" src=\"https:\/\/pueblosycomarcas.com\/wp-content\/uploads\/2026\/05\/20260501_escuela_idiomas_valladolid.jpg\" class=\"attachment-large size-large wp-image-11043\" alt=\"\" srcset=\"https:\/\/pueblosycomarcas.com\/wp-content\/uploads\/2026\/05\/20260501_escuela_idiomas_valladolid.jpg 800w, https:\/\/pueblosycomarcas.com\/wp-content\/uploads\/2026\/05\/20260501_escuela_idiomas_valladolid-300x150.jpg 300w, https:\/\/pueblosycomarcas.com\/wp-content\/uploads\/2026\/05\/20260501_escuela_idiomas_valladolid-768x384.jpg 768w, https:\/\/pueblosycomarcas.com\/wp-content\/uploads\/2026\/05\/20260501_escuela_idiomas_valladolid-18x9.jpg 18w\" sizes=\"(max-width: 800px) 100vw, 800px\" \/>\t\t\t\t\t\t\t\t\t\t\t\t\t\t\t<\/div>\n\t\t\t\t<div class=\"elementor-element elementor-element-67fe3f22 elementor-widget elementor-widget-text-editor\" data-id=\"67fe3f22\" data-element_type=\"widget\" data-e-type=\"widget\" data-widget_type=\"text-editor.default\">\n\t\t\t\t\t\t\t\t\t<p><a href=\"https:\/\/www.facebook.com\/Pueblos-y-Comarcas-125437870924169\/?fref=ts\"><em><strong>Pueblosycomarcas.com<\/strong><\/em><\/a><em><strong>;&nbsp;<\/strong><\/em><a href=\"https:\/\/twitter.com\/PueblosComarcas\"><em><strong>@PueblosComarcas<\/strong><\/em><\/a><\/p>\n<p>El Ejecutivo auton\u00f3mico ha establecido del 1 al 20 de mayo el periodo de admisi\u00f3n 2026-2027 para matricularse en las 14 Escuelas Oficiales de Idiomas (EOI) de Castilla y Le\u00f3n, o en las 22 secciones dependientes de ellas, para estudiar alguna de las diez lenguas ofertadas: Alem\u00e1n, Chino, Espa\u00f1ol como Lengua Extranjera, Euskera, Franc\u00e9s, Gallego, Ingl\u00e9s, Italiano, Portugu\u00e9s, Ruso.<\/p>\n<p>Tras las pruebas de clasificaci\u00f3n, cada EOI har\u00e1 p\u00fablico un listado con las personas admitidas, excluidas y aquellas pendientes de subsanaci\u00f3n. Durante 10 d\u00edas h\u00e1biles se podr\u00e1n presentar alegaciones. Posteriormente, las EOI publicar\u00e1n en sus tablones y p\u00e1ginas web el listado definitivo de admitidos por curso e idioma. Cada Escuela Oficial de Idiomas ser\u00e1 la encargada de determinar el plazo para realizar la matr\u00edcula. Adem\u00e1s, estos centros educativos tambi\u00e9n fijar\u00e1n cu\u00e1ndo se abrir\u00e1 el segundo periodo de solicitud, en el caso de que quedaran plazas vacantes -ser\u00e1 anunciado en el tabl\u00f3n de anuncios y p\u00e1gina web de la EOI correspondiente-.<\/p>\n<h4><strong>INSCRIPCI\u00d3N Y REQUISITOS DE ACCESO<\/strong><\/h4>\n<p>Las personas interesadas en acceder a estas ense\u00f1anzas deber\u00e1n tener 16 a\u00f1os cumplidos en 2026; los mayores de 14 a\u00f1os tambi\u00e9n podr\u00e1n matricularse si desean estudiar un idioma diferente al cursado como primera lengua extranjera en la Educaci\u00f3n Secundaria Obligatoria. Las solicitudes estar\u00e1n disponibles en las EOI, en el&nbsp;<a href=\"https:\/\/www.educa.jcyl.es\/\">Portal de Educaci\u00f3n<\/a>&nbsp;, en las direcciones provinciales de Educaci\u00f3n y en la&nbsp;<a href=\"https:\/\/www.tramitacastillayleon.jcyl.es\/\">sede electr\u00f3nica de la Administraci\u00f3n<\/a>&nbsp;. Se podr\u00e1 optar a la admisi\u00f3n en varios idiomas distintos en una misma EOI, para lo cual se utilizar\u00e1 un mismo formulario en el que se se\u00f1alar\u00e1 el orden de prioridad de estos.<\/p>\n<p>De cara a la matriculaci\u00f3n, el alumno que lo hace por primera vez abona una cantidad anual de 162,73 euros con los que accede al derecho de recibir un promedio de 4,5 horas semanales de clase durante todo el a\u00f1o y a presentarse a las pruebas de promoci\u00f3n o certificaci\u00f3n. Aquel alumnado que re\u00fana los requisitos recogidos en el decreto que establece los precios p\u00fablicos obtendr\u00e1 una bonificaci\u00f3n del 50\u2009% o la exenci\u00f3n completa del pago de estos.<\/p>\n<p>Como principales novedades para el pr\u00f3ximo curso 2026-2027, se empezar\u00e1 a impartir el segundo curso de nivel intermedio B1 de Chino en la EOI de Le\u00f3n y el segundo curso de nivel avanzado C2 de Alem\u00e1n en la EOI de Valladolid.<\/p>\t\t\t\t\t\t\t\t<\/div>\n\t\t<div class=\"elementor-element elementor-element-20ba896a e-con-full e-flex wpr-particle-no wpr-jarallax-no wpr-parallax-no wpr-sticky-section-no wpr-equal-height-no e-con e-child\" data-id=\"20ba896a\" data-element_type=\"container\" data-e-type=\"container\">\n\t\t\t\t<div class=\"elementor-element elementor-element-1a7c6662 elementor-widget elementor-widget-image\" data-id=\"1a7c6662\" data-element_type=\"widget\" data-e-type=\"widget\" data-widget_type=\"image.default\">\n\t\t\t\t\t\t\t\t\t\t\t\t\t\t\t\t<a href=\"https:\/\/www.granjapinilla.com\/\">\n\t\t\t\t\t\t\t<img decoding=\"async\" width=\"639\" height=\"150\" src=\"https:\/\/pueblosycomarcas.com\/wp-content\/uploads\/2025\/07\/banner-granja-pinilla.jpg\" class=\"attachment-large size-large wp-image-105\" alt=\"\" srcset=\"https:\/\/pueblosycomarcas.com\/wp-content\/uploads\/2025\/07\/banner-granja-pinilla.jpg 639w, https:\/\/pueblosycomarcas.com\/wp-content\/uploads\/2025\/07\/banner-granja-pinilla-300x70.jpg 300w\" sizes=\"(max-width: 639px) 100vw, 639px\" \/>\t\t\t\t\t\t\t\t<\/a>\n\t\t\t\t\t\t\t\t\t\t\t\t\t\t\t<\/div>\n\t\t\t\t<\/div>\n\t\t\t\t\t<\/div>\n\t\t\t\t<\/div>\n\t\t<div class=\"elementor-element elementor-element-56cee3a e-flex e-con-boxed wpr-particle-no wpr-jarallax-no wpr-parallax-no wpr-sticky-section-no wpr-equal-height-no e-con e-parent\" data-id=\"56cee3a\" data-element_type=\"container\" data-e-type=\"container\">\n\t\t\t\t\t<div class=\"e-con-inner\">\n\t\t\t\t\t<\/div>\n\t\t\t\t<\/div>\n\t\t\t\t<\/div>","protected":false},"excerpt":{"rendered":"<p>Econom\u00eda, educaci\u00f3n y empleo Abierto el plazo de inscripci\u00f3n en las Escuelas Oficiales de Idiomas de Castilla y Le\u00f3n La Consejer\u00eda de Educaci\u00f3n establece del 1 al 20 de mayo el periodo para presentar la solicitud en alguna de las 14 Escuelas Oficiales de Idiomas y 22 secciones con las que cuenta Castilla y Le\u00f3n Pueblosycomarcas.com;&nbsp;@PueblosComarcas El Ejecutivo auton\u00f3mico ha establecido del 1 al 20 de mayo el periodo de admisi\u00f3n 2026-2027 para matricularse en las 14 Escuelas Oficiales de Idiomas (EOI) de Castilla y Le\u00f3n, o en las 22 secciones dependientes de ellas, para estudiar alguna de las diez lenguas ofertadas: Alem\u00e1n, Chino, Espa\u00f1ol como Lengua Extranjera, Euskera, Franc\u00e9s, Gallego, Ingl\u00e9s, Italiano, Portugu\u00e9s, Ruso. Tras las pruebas de clasificaci\u00f3n, cada EOI har\u00e1 p\u00fablico un listado con las personas admitidas, excluidas y aquellas pendientes de subsanaci\u00f3n. Durante 10 d\u00edas h\u00e1biles se podr\u00e1n presentar alegaciones. Posteriormente, las EOI publicar\u00e1n en sus tablones y p\u00e1ginas web el listado definitivo de admitidos por curso e idioma. Cada Escuela Oficial de Idiomas ser\u00e1 la encargada de determinar el plazo para realizar la matr\u00edcula. Adem\u00e1s, estos centros educativos tambi\u00e9n fijar\u00e1n cu\u00e1ndo se abrir\u00e1 el segundo periodo de solicitud, en el caso de que quedaran plazas vacantes -ser\u00e1 anunciado en el tabl\u00f3n de anuncios y p\u00e1gina web de la EOI correspondiente-. INSCRIPCI\u00d3N Y REQUISITOS DE ACCESO Las personas interesadas en acceder a estas ense\u00f1anzas deber\u00e1n tener 16 a\u00f1os cumplidos en 2026; los mayores de 14 a\u00f1os tambi\u00e9n podr\u00e1n matricularse si desean estudiar un idioma diferente al cursado como primera lengua extranjera en la Educaci\u00f3n Secundaria Obligatoria. Las solicitudes estar\u00e1n disponibles en las EOI, en el&nbsp;Portal de Educaci\u00f3n&nbsp;, en las direcciones provinciales de Educaci\u00f3n y en la&nbsp;sede electr\u00f3nica de la Administraci\u00f3n&nbsp;. Se podr\u00e1 optar a la admisi\u00f3n en varios idiomas distintos en una misma EOI, para lo cual se utilizar\u00e1 un mismo formulario en el que se se\u00f1alar\u00e1 el orden de prioridad de estos. De cara a la matriculaci\u00f3n, el alumno que lo hace por primera vez abona una cantidad anual de 162,73 euros con los que accede al derecho de recibir un promedio de 4,5 horas semanales de clase durante todo el a\u00f1o y a presentarse a las pruebas de promoci\u00f3n o certificaci\u00f3n. Aquel alumnado que re\u00fana los requisitos recogidos en el decreto que establece los precios p\u00fablicos obtendr\u00e1 una bonificaci\u00f3n del 50\u2009% o la exenci\u00f3n completa del pago de estos. Como principales novedades para el pr\u00f3ximo curso 2026-2027, se empezar\u00e1 a impartir el segundo curso de nivel intermedio B1 de Chino en la EOI de Le\u00f3n y el segundo curso de nivel avanzado C2 de Alem\u00e1n en la EOI de Valladolid.<\/p>","protected":false},"author":2,"featured_media":11043,"comment_status":"open","ping_status":"closed","sticky":false,"template":"","format":"standard","meta":{"site-sidebar-layout":"default","site-content-layout":"","ast-site-content-layout":"default","site-content-style":"default","site-sidebar-style":"default","ast-global-header-display":"","ast-banner-title-visibility":"","ast-main-header-display":"","ast-hfb-above-header-display":"","ast-hfb-below-header-display":"","ast-hfb-mobile-header-display":"","site-post-title":"disabled","ast-breadcrumbs-content":"","ast-featured-img":"","footer-sml-layout":"","theme-transparent-header-meta":"","adv-header-id-meta":"","stick-header-meta":"","header-above-stick-meta":"","header-main-stick-meta":"","header-below-stick-meta":"","astra-migrate-meta-layouts":"default","ast-page-background-enabled":"default","ast-page-background-meta":{"desktop":{"background-color":"var(--ast-global-color-5)","background-image":"","background-repeat":"repeat","background-position":"center center","background-size":"auto","background-attachment":"scroll","background-type":"","background-media":"","overlay-type":"","overlay-color":"","overlay-opacity":"","overlay-gradient":""},"tablet":{"background-color":"","background-image":"","background-repeat":"repeat","background-position":"center center","background-size":"auto","background-attachment":"scroll","background-type":"","background-media":"","overlay-type":"","overlay-color":"","overlay-opacity":"","overlay-gradient":""},"mobile":{"background-color":"","background-image":"","background-repeat":"repeat","background-position":"center center","background-size":"auto","background-attachment":"scroll","background-type":"","background-media":"","overlay-type":"","overlay-color":"","overlay-opacity":"","overlay-gradient":""}},"ast-content-background-meta":{"desktop":{"background-color":"var(--ast-global-color-4)","background-image":"","background-repeat":"repeat","background-position":"center center","background-size":"auto","background-attachment":"scroll","background-type":"","background-media":"","overlay-type":"","overlay-color":"","overlay-opacity":"","overlay-gradient":""},"tablet":{"background-color":"var(--ast-global-color-4)","background-image":"","background-repeat":"repeat","background-position":"center center","background-size":"auto","background-attachment":"scroll","background-type":"","background-media":"","overlay-type":"","overlay-color":"","overlay-opacity":"","overlay-gradient":""},"mobile":{"background-color":"var(--ast-global-color-4)","background-image":"","background-repeat":"repeat","background-position":"center center","background-size":"auto","background-attachment":"scroll","background-type":"","background-media":"","overlay-type":"","overlay-color":"","overlay-opacity":"","overlay-gradient":""}},"ngg_post_thumbnail":0,"footnotes":""},"categories":[13],"tags":[22],"class_list":["post-11042","post","type-post","status-publish","format-standard","has-post-thumbnail","hentry","category-educacion-economia-y-empleo","tag-valladolid"],"aioseo_notices":[],"rttpg_featured_image_url":{"full":["https:\/\/pueblosycomarcas.com\/wp-content\/uploads\/2026\/05\/20260501_escuela_idiomas_valladolid.jpg",800,400,false],"landscape":["https:\/\/pueblosycomarcas.com\/wp-content\/uploads\/2026\/05\/20260501_escuela_idiomas_valladolid.jpg",800,400,false],"portraits":["https:\/\/pueblosycomarcas.com\/wp-content\/uploads\/2026\/05\/20260501_escuela_idiomas_valladolid.jpg",800,400,false],"thumbnail":["https:\/\/pueblosycomarcas.com\/wp-content\/uploads\/2026\/05\/20260501_escuela_idiomas_valladolid-150x150.jpg",150,150,true],"medium":["https:\/\/pueblosycomarcas.com\/wp-content\/uploads\/2026\/05\/20260501_escuela_idiomas_valladolid-300x150.jpg",300,150,true],"large":["https:\/\/pueblosycomarcas.com\/wp-content\/uploads\/2026\/05\/20260501_escuela_idiomas_valladolid.jpg",800,400,false],"1536x1536":["https:\/\/pueblosycomarcas.com\/wp-content\/uploads\/2026\/05\/20260501_escuela_idiomas_valladolid.jpg",800,400,false],"2048x2048":["https:\/\/pueblosycomarcas.com\/wp-content\/uploads\/2026\/05\/20260501_escuela_idiomas_valladolid.jpg",800,400,false],"trp-custom-language-flag":["https:\/\/pueblosycomarcas.com\/wp-content\/uploads\/2026\/05\/20260501_escuela_idiomas_valladolid-18x9.jpg",18,9,true]},"rttpg_author":{"display_name":"Juanjo","author_link":"https:\/\/pueblosycomarcas.com\/en\/author\/pueblosycomarcas\/"},"rttpg_comment":0,"rttpg_category":"<a href=\"https:\/\/pueblosycomarcas.com\/en\/category\/educacion-economia-y-empleo\/\" rel=\"category tag\">Econom\u00eda, Educaci\u00f3n y Empleo<\/a>","rttpg_excerpt":"Econom\u00eda, educaci\u00f3n y empleo Abierto el plazo de inscripci\u00f3n en las Escuelas Oficiales de Idiomas de Castilla y Le\u00f3n La Consejer\u00eda de Educaci\u00f3n establece del 1 al 20 de mayo el periodo para presentar la solicitud en alguna de las 14 Escuelas Oficiales de Idiomas y 22 secciones con las que cuenta Castilla y Le\u00f3n&hellip;","_links":{"self":[{"href":"https:\/\/pueblosycomarcas.com\/en\/wp-json\/wp\/v2\/posts\/11042","targetHints":{"allow":["GET"]}}],"collection":[{"href":"https:\/\/pueblosycomarcas.com\/en\/wp-json\/wp\/v2\/posts"}],"about":[{"href":"https:\/\/pueblosycomarcas.com\/en\/wp-json\/wp\/v2\/types\/post"}],"author":[{"embeddable":true,"href":"https:\/\/pueblosycomarcas.com\/en\/wp-json\/wp\/v2\/users\/2"}],"replies":[{"embeddable":true,"href":"https:\/\/pueblosycomarcas.com\/en\/wp-json\/wp\/v2\/comments?post=11042"}],"version-history":[{"count":5,"href":"https:\/\/pueblosycomarcas.com\/en\/wp-json\/wp\/v2\/posts\/11042\/revisions"}],"predecessor-version":[{"id":11048,"href":"https:\/\/pueblosycomarcas.com\/en\/wp-json\/wp\/v2\/posts\/11042\/revisions\/11048"}],"wp:featuredmedia":[{"embeddable":true,"href":"https:\/\/pueblosycomarcas.com\/en\/wp-json\/wp\/v2\/media\/11043"}],"wp:attachment":[{"href":"https:\/\/pueblosycomarcas.com\/en\/wp-json\/wp\/v2\/media?parent=11042"}],"wp:term":[{"taxonomy":"category","embeddable":true,"href":"https:\/\/pueblosycomarcas.com\/en\/wp-json\/wp\/v2\/categories?post=11042"},{"taxonomy":"post_tag","embeddable":true,"href":"https:\/\/pueblosycomarcas.com\/en\/wp-json\/wp\/v2\/tags?post=11042"}],"curies":[{"name":"wp","href":"https:\/\/api.w.org\/{rel}","templated":true}]}}