{"id":11035,"date":"2026-05-01T18:06:28","date_gmt":"2026-05-01T17:06:28","guid":{"rendered":"https:\/\/pueblosycomarcas.com\/?p=11035"},"modified":"2026-05-01T18:08:06","modified_gmt":"2026-05-01T17:08:06","slug":"centristas-ccd-valora-los-presupuestos-de-la-cisterniga-tras-la-ruptura-del-pacto-de-gobierno","status":"publish","type":"post","link":"https:\/\/pueblosycomarcas.com\/en\/centristas-ccd-valora-los-presupuestos-de-la-cisterniga-tras-la-ruptura-del-pacto-de-gobierno\/","title":{"rendered":"Centristas CCD valora los presupuestos de La Cist\u00e9rniga tras la ruptura del pacto de gobierno."},"content":{"rendered":"<div data-elementor-type=\"wp-post\" data-elementor-id=\"11035\" class=\"elementor elementor-11035\">\n\t\t\t\t<div class=\"elementor-element elementor-element-6b5e20d2 e-flex e-con-boxed wpr-particle-no wpr-jarallax-no wpr-parallax-no wpr-sticky-section-no wpr-equal-height-no e-con e-parent\" data-id=\"6b5e20d2\" data-element_type=\"container\" data-e-type=\"container\">\n\t\t\t\t\t<div class=\"e-con-inner\">\n\t\t\t\t<div class=\"elementor-element elementor-element-406f0ff2 elementor-widget elementor-widget-image\" data-id=\"406f0ff2\" data-element_type=\"widget\" data-e-type=\"widget\" data-widget_type=\"image.default\">\n\t\t\t\t\t\t\t\t\t\t\t\t\t\t\t\t<a href=\"https:\/\/www.termicasalfonso.es\/\">\n\t\t\t\t\t\t\t<img fetchpriority=\"high\" decoding=\"async\" width=\"400\" height=\"220\" src=\"https:\/\/pueblosycomarcas.com\/wp-content\/uploads\/2025\/07\/banner-instalaciones-alfonso.jpg\" class=\"attachment-large size-large wp-image-107\" alt=\"\" srcset=\"https:\/\/pueblosycomarcas.com\/wp-content\/uploads\/2025\/07\/banner-instalaciones-alfonso.jpg 400w, https:\/\/pueblosycomarcas.com\/wp-content\/uploads\/2025\/07\/banner-instalaciones-alfonso-300x165.jpg 300w\" sizes=\"(max-width: 400px) 100vw, 400px\" \/>\t\t\t\t\t\t\t\t<\/a>\n\t\t\t\t\t\t\t\t\t\t\t\t\t\t\t<\/div>\n\t\t\t\t<div class=\"elementor-element elementor-element-79cdd54 elementor-widget elementor-widget-text-editor\" data-id=\"79cdd54\" data-element_type=\"widget\" data-e-type=\"widget\" data-widget_type=\"text-editor.default\">\n\t\t\t\t\t\t\t\t\t<ul><li><h6><strong><em>OTHER REGIONS<\/em><\/strong><\/h6><\/li><\/ul>\t\t\t\t\t\t\t\t<\/div>\n\t\t\t\t<div class=\"elementor-element elementor-element-3c0cc087 elementor-widget elementor-widget-heading\" data-id=\"3c0cc087\" data-element_type=\"widget\" data-e-type=\"widget\" data-widget_type=\"heading.default\">\n\t\t\t\t\t<h2 class=\"elementor-heading-title elementor-size-default\">Centristas CCD valora los presupuestos de La Cist\u00e9rniga tras la ruptura del pacto de gobierno.\n<\/h2>\t\t\t\t<\/div>\n\t\t\t\t<div class=\"elementor-element elementor-element-2635addc elementor-widget elementor-widget-text-editor\" data-id=\"2635addc\" data-element_type=\"widget\" data-e-type=\"widget\" data-widget_type=\"text-editor.default\">\n\t\t\t\t\t\t\t\t\t<ul><li><h6><em><strong>Desde la formaci\u00f3n aclaran que su nuestra obligaci\u00f3n \u201ces siempre velar\u201d por su pueblo y sus vecinos y eso, \u201cesta vez, pasa por votar en contra de estos presupuestos\u201d se\u00f1ala la portavoz municipal de la formaci\u00f3n, Noemi Hern\u00e1ndez Hidalgo<\/strong><\/em><\/h6><\/li><\/ul>\t\t\t\t\t\t\t\t<\/div>\n\t\t\t\t<div class=\"elementor-element elementor-element-5ff7b748 elementor-widget-divider--view-line elementor-widget elementor-widget-divider\" data-id=\"5ff7b748\" data-element_type=\"widget\" data-e-type=\"widget\" data-widget_type=\"divider.default\">\n\t\t\t\t\t\t\t<div class=\"elementor-divider\">\n\t\t\t<span class=\"elementor-divider-separator\">\n\t\t\t\t\t\t<\/span>\n\t\t<\/div>\n\t\t\t\t\t\t<\/div>\n\t\t\t\t<div class=\"elementor-element elementor-element-1df2f878 elementor-widget elementor-widget-image\" data-id=\"1df2f878\" data-element_type=\"widget\" data-e-type=\"widget\" data-widget_type=\"image.default\">\n\t\t\t\t\t\t\t\t\t\t\t\t\t\t\t<img decoding=\"async\" width=\"800\" height=\"400\" src=\"https:\/\/pueblosycomarcas.com\/wp-content\/uploads\/2026\/05\/20260501_centristas_cisterniga.jpg\" class=\"attachment-large size-large wp-image-11036\" alt=\"\" srcset=\"https:\/\/pueblosycomarcas.com\/wp-content\/uploads\/2026\/05\/20260501_centristas_cisterniga.jpg 800w, https:\/\/pueblosycomarcas.com\/wp-content\/uploads\/2026\/05\/20260501_centristas_cisterniga-300x150.jpg 300w, https:\/\/pueblosycomarcas.com\/wp-content\/uploads\/2026\/05\/20260501_centristas_cisterniga-768x384.jpg 768w, https:\/\/pueblosycomarcas.com\/wp-content\/uploads\/2026\/05\/20260501_centristas_cisterniga-18x9.jpg 18w\" sizes=\"(max-width: 800px) 100vw, 800px\" \/>\t\t\t\t\t\t\t\t\t\t\t\t\t\t\t<\/div>\n\t\t\t\t<div class=\"elementor-element elementor-element-31f35bc4 elementor-widget elementor-widget-text-editor\" data-id=\"31f35bc4\" data-element_type=\"widget\" data-e-type=\"widget\" data-widget_type=\"text-editor.default\">\n\t\t\t\t\t\t\t\t\t<p><a href=\"https:\/\/www.facebook.com\/Pueblos-y-Comarcas-125437870924169\/?fref=ts\"><strong><em>Pueblosycomarcas.com<\/em><\/strong><\/a><strong><em>;\u00a0<\/em><\/strong><a href=\"https:\/\/twitter.com\/PueblosComarcas\"><strong><em>@PueblosComarcas<\/em><\/strong><\/a><\/p><ul><li><a href=\"https:\/\/pueblosycomarcas.com\/en\/el-psoe-la-cisterniga-acusa-al-alcalde-de-fracaso-politico-y-de-intentar-culpar-a-la-oposicion-de-su-ruptura-con-vox\/\"><strong>El PSOE La Cist\u00e9rniga acusa al alcalde de \u201cfracaso pol\u00edtico\u201d y de intentar culpar a la oposici\u00f3n de su ruptura con VOX<\/strong><\/a><\/li><li><a href=\"https:\/\/pueblosycomarcas.com\/en\/vox-la-cisterniga-acusa-al-alcalde-alberto-redondo-de-abocar-al-municipio-al-bloqueo-sistematico-tras-romper-de-forma-unilateral-el-pacto-de-gobierno\/\"><strong>VOX La Cist\u00e9rniga acusa al alcalde, Alberto Redondo, de abocar al municipio al bloqueo sistem\u00e1tico tras romper de forma unilateral el pacto de Gobierno<\/strong><\/a><\/li><li><strong><a href=\"https:\/\/pueblosycomarcas.com\/en\/el-pp-de-la-cisterniga-define-el-voto-en-contra-de-vox-al-presupuesto-como-una-decision-que-compromete-el-desarrollo-y-la-estabilidad-del-municipio\/\">El PP de La Cist\u00e9rniga define el voto en contra de VOX al presupuesto como \u201cuna decisi\u00f3n que compromete el desarrollo y la estabilidad del municipio\u201d<\/a><\/strong><\/li><\/ul><p>\u201cDice el sabio refranero castellano que se recoge lo que se siembra, y el pleno de ayer bien lo demuestra\u201d. Con esta rotundidad arranca el comunicado emitido por el grupo de Centristas CCD en el Ayuntamiento de La Cist\u00e9rniga tras la ruptura del pacto de gobierno entre PP y VOX escenificado ayer jueves durante el Pleno de Presupuestos.<\/p><p><strong>\u201cLos presupuestos no han salido adelante porque todos los grupos pol\u00edticos con representaci\u00f3n en nuestro Ayuntamiento votamos en contra. Y si Izquierda Unida, PSOE, Centristas CCD y hasta VOX se han puesto de acuerdo y han llegado a la misma conclusi\u00f3n a lo mejor es que las cosas no se est\u00e1n haciendo bien y el Partido Popular deber\u00eda hacer un poco de autocr\u00edtica y replantearse su trabajo. Porque les recuerdo que en la primera legislatura todos votamos a favor de sus presupuestos y les dimos la confianza que se merec\u00edan y que es evidente que todos sentimos que han traicionado\u201d ha se\u00f1alado la portavoz de Centristas, Noemi Hern\u00e1ndez Hidalgo.<\/strong><\/p><p>\u201cY este precisamente es uno de los motivos que todos los grupos hemos manifestado. Pero no el \u00fanico.\u00a0 Como desde Centristas CCD La Cist\u00e9rniga no queremos hablar en nombre de nadie, nos limitaremos a exponer nuestras razones y argumentos, que son las que explicamos ayer en el Pleno Ordinario\u201d a\u00f1ade Hern\u00e1ndez Hidalgo.<\/p><p>\u201cEs cierto que en primer lugar tenemos que decir que podemos considerarnos afortunados (y estamos <strong>agradecidos) \u00a0puesto que somos el \u00fanico grupo con el que el gobierno del Se\u00f1or Redondo se ha reunido para comentar y ver los presupuestos,<\/strong> <strong>pero a su vez, esta misma forma de actuar es una de las razones que nos hace rechazarlos<\/strong>. Trabajar por y para nuestros vecinos requiere de una capacidad de trabajo en equipo, con sus propios socios y con el resto de la corporaci\u00f3n municipal. Y eso no est\u00e1 sucediendo, y aqu\u00ed tenemos las consecuencias (45 minutos despu\u00e9s de acabar en pleno ya hab\u00eda desecho su pacto con VOX de forma unilateral y sin reuni\u00f3n ni posibilidad de r\u00e9plica, otra muestra m\u00e1s de su actitud)\u201d aclara la portavoz en el comunicado.<\/p><p>\u201cNuestro voto en contra est\u00e1 respaldado adem\u00e1s por los presupuestos en s\u00ed mismos. Ya <strong>sabemos que hay poco margen de maniobra y que hay partidas inamovibles<\/strong>: para personal, pago de suministros y gastos fijos\u2026 <strong>pero es que adem\u00e1s el resto est\u00e1n tan generalizadas que no dicen nada, dan lugar a cualquier interpretaci\u00f3n y no caben enmiendas<\/strong>: reparaci\u00f3n de edificios municipales, de calles, de parques\u2026 \u00bfde cu\u00e1les? \u00bfde qu\u00e9? \u00bfcu\u00e1les son las prioridades? Hay 270000\u20ac para Fiestas sin especificar cuanto para navidades, para las patronales\u2026 otros 200000\u20ac en Cultura pero no se sabe para qu\u00e9\u2026 Supongo que <strong>as\u00ed no tienen que responder luego a las preguntas acerca de d\u00f3nde sacan el dinero para una actividad que no estaba contemplada, o para pagar mucho m\u00e1s dinero del que estaba presupuestado<\/strong>\u2026 Otros 65000\u20ac en gastos diversos. Y as\u00ed suma y sigue. Por no hablar de las <strong>partidas<\/strong> del ejercicio 2024-25 que a\u00fan est\u00e1n <strong>pendientes<\/strong>. Ni de los <strong>problemas de todo el personal<\/strong> del Ayuntamiento en todas las \u00e1reas. Ni de los <strong>retrasos en los pagos de las n\u00f3minas y de las indemnizaciones<\/strong> a la corporaci\u00f3n municipal. Ni a <strong>las asociaciones que tanto trabajan para nuestro pueblo y siguen sin cobrar como Los Torrijas<\/strong>. Ni de la inexplicable <strong>demora de los presupuestos<\/strong> (aqu\u00ed estamos, comenzando mayo y en estas circunstancias\u2026)\u201d insiste Hern\u00e1ndez Hidalgo.<\/p><p>\u201cEn fin\u2026 Es m\u00e1s que obvio que <strong>algo est\u00e1 fallando en este gobierno, que no se est\u00e1n haciendo las cosas bien y no est\u00e1 funcionando<\/strong>. Dejando el victimismo a parte y el catastrofismo que demostr\u00f3 ayer el se\u00f1or Redondo, acus\u00e1ndonos a todos de llevar al Ayuntamiento al desequilibrio y al bloqueo haciendo que nadie pueda cobrar por nuestra culpa, y hasta de deslealtad hacia nuestros vecinos, desde <strong>Centristas CCD<\/strong><strong> La Cist\u00e9rniga creemos firmemente que nuestra obligaci\u00f3n es siempre velar por nuestro pueblo y nuestros vecinos y eso, esta vez, pasa por votar en contra de estos presupuestos<\/strong><strong>\u201d <\/strong>concluye el comunicado.<\/p>\t\t\t\t\t\t\t\t<\/div>\n\t\t<div class=\"elementor-element elementor-element-4a642e71 e-con-full e-flex wpr-particle-no wpr-jarallax-no wpr-parallax-no wpr-sticky-section-no wpr-equal-height-no e-con e-child\" data-id=\"4a642e71\" data-element_type=\"container\" data-e-type=\"container\">\n\t\t\t\t<div class=\"elementor-element elementor-element-2e42438a elementor-widget elementor-widget-image\" data-id=\"2e42438a\" data-element_type=\"widget\" data-e-type=\"widget\" data-widget_type=\"image.default\">\n\t\t\t\t\t\t\t\t\t\t\t\t\t\t\t\t<a href=\"https:\/\/www.granjapinilla.com\/\">\n\t\t\t\t\t\t\t<img decoding=\"async\" width=\"639\" height=\"150\" src=\"https:\/\/pueblosycomarcas.com\/wp-content\/uploads\/2025\/07\/banner-granja-pinilla.jpg\" class=\"attachment-large size-large wp-image-105\" alt=\"\" srcset=\"https:\/\/pueblosycomarcas.com\/wp-content\/uploads\/2025\/07\/banner-granja-pinilla.jpg 639w, https:\/\/pueblosycomarcas.com\/wp-content\/uploads\/2025\/07\/banner-granja-pinilla-300x70.jpg 300w\" sizes=\"(max-width: 639px) 100vw, 639px\" \/>\t\t\t\t\t\t\t\t<\/a>\n\t\t\t\t\t\t\t\t\t\t\t\t\t\t\t<\/div>\n\t\t\t\t<\/div>\n\t\t\t\t\t<\/div>\n\t\t\t\t<\/div>\n\t\t\t\t<\/div>","protected":false},"excerpt":{"rendered":"<p>Otras comarcas Centristas CCD valora los presupuestos de La Cist\u00e9rniga tras la ruptura del pacto de gobierno. Desde la formaci\u00f3n aclaran que su nuestra obligaci\u00f3n \u201ces siempre velar\u201d por su pueblo y sus vecinos y eso, \u201cesta vez, pasa por votar en contra de estos presupuestos\u201d se\u00f1ala la portavoz municipal de la formaci\u00f3n, Noemi Hern\u00e1ndez Hidalgo Pueblosycomarcas.com;\u00a0@PueblosComarcas El PSOE La Cist\u00e9rniga acusa al alcalde de \u201cfracaso pol\u00edtico\u201d y de intentar culpar a la oposici\u00f3n de su ruptura con VOX VOX La Cist\u00e9rniga acusa al alcalde, Alberto Redondo, de abocar al municipio al bloqueo sistem\u00e1tico tras romper de forma unilateral el pacto de Gobierno El PP de La Cist\u00e9rniga define el voto en contra de VOX al presupuesto como \u201cuna decisi\u00f3n que compromete el desarrollo y la estabilidad del municipio\u201d \u201cDice el sabio refranero castellano que se recoge lo que se siembra, y el pleno de ayer bien lo demuestra\u201d. Con esta rotundidad arranca el comunicado emitido por el grupo de Centristas CCD en el Ayuntamiento de La Cist\u00e9rniga tras la ruptura del pacto de gobierno entre PP y VOX escenificado ayer jueves durante el Pleno de Presupuestos. \u201cLos presupuestos no han salido adelante porque todos los grupos pol\u00edticos con representaci\u00f3n en nuestro Ayuntamiento votamos en contra. Y si Izquierda Unida, PSOE, Centristas CCD y hasta VOX se han puesto de acuerdo y han llegado a la misma conclusi\u00f3n a lo mejor es que las cosas no se est\u00e1n haciendo bien y el Partido Popular deber\u00eda hacer un poco de autocr\u00edtica y replantearse su trabajo. Porque les recuerdo que en la primera legislatura todos votamos a favor de sus presupuestos y les dimos la confianza que se merec\u00edan y que es evidente que todos sentimos que han traicionado\u201d ha se\u00f1alado la portavoz de Centristas, Noemi Hern\u00e1ndez Hidalgo. \u201cY este precisamente es uno de los motivos que todos los grupos hemos manifestado. Pero no el \u00fanico.\u00a0 Como desde Centristas CCD La Cist\u00e9rniga no queremos hablar en nombre de nadie, nos limitaremos a exponer nuestras razones y argumentos, que son las que explicamos ayer en el Pleno Ordinario\u201d a\u00f1ade Hern\u00e1ndez Hidalgo. \u201cEs cierto que en primer lugar tenemos que decir que podemos considerarnos afortunados (y estamos agradecidos) \u00a0puesto que somos el \u00fanico grupo con el que el gobierno del Se\u00f1or Redondo se ha reunido para comentar y ver los presupuestos, pero a su vez, esta misma forma de actuar es una de las razones que nos hace rechazarlos. Trabajar por y para nuestros vecinos requiere de una capacidad de trabajo en equipo, con sus propios socios y con el resto de la corporaci\u00f3n municipal. Y eso no est\u00e1 sucediendo, y aqu\u00ed tenemos las consecuencias (45 minutos despu\u00e9s de acabar en pleno ya hab\u00eda desecho su pacto con VOX de forma unilateral y sin reuni\u00f3n ni posibilidad de r\u00e9plica, otra muestra m\u00e1s de su actitud)\u201d aclara la portavoz en el comunicado. \u201cNuestro voto en contra est\u00e1 respaldado adem\u00e1s por los presupuestos en s\u00ed mismos. Ya sabemos que hay poco margen de maniobra y que hay partidas inamovibles: para personal, pago de suministros y gastos fijos\u2026 pero es que adem\u00e1s el resto est\u00e1n tan generalizadas que no dicen nada, dan lugar a cualquier interpretaci\u00f3n y no caben enmiendas: reparaci\u00f3n de edificios municipales, de calles, de parques\u2026 \u00bfde cu\u00e1les? \u00bfde qu\u00e9? \u00bfcu\u00e1les son las prioridades? Hay 270000\u20ac para Fiestas sin especificar cuanto para navidades, para las patronales\u2026 otros 200000\u20ac en Cultura pero no se sabe para qu\u00e9\u2026 Supongo que as\u00ed no tienen que responder luego a las preguntas acerca de d\u00f3nde sacan el dinero para una actividad que no estaba contemplada, o para pagar mucho m\u00e1s dinero del que estaba presupuestado\u2026 Otros 65000\u20ac en gastos diversos. Y as\u00ed suma y sigue. Por no hablar de las partidas del ejercicio 2024-25 que a\u00fan est\u00e1n pendientes. Ni de los problemas de todo el personal del Ayuntamiento en todas las \u00e1reas. Ni de los retrasos en los pagos de las n\u00f3minas y de las indemnizaciones a la corporaci\u00f3n municipal. Ni a las asociaciones que tanto trabajan para nuestro pueblo y siguen sin cobrar como Los Torrijas. Ni de la inexplicable demora de los presupuestos (aqu\u00ed estamos, comenzando mayo y en estas circunstancias\u2026)\u201d insiste Hern\u00e1ndez Hidalgo. \u201cEn fin\u2026 Es m\u00e1s que obvio que algo est\u00e1 fallando en este gobierno, que no se est\u00e1n haciendo las cosas bien y no est\u00e1 funcionando. Dejando el victimismo a parte y el catastrofismo que demostr\u00f3 ayer el se\u00f1or Redondo, acus\u00e1ndonos a todos de llevar al Ayuntamiento al desequilibrio y al bloqueo haciendo que nadie pueda cobrar por nuestra culpa, y hasta de deslealtad hacia nuestros vecinos, desde Centristas CCD La Cist\u00e9rniga creemos firmemente que nuestra obligaci\u00f3n es siempre velar por nuestro pueblo y nuestros vecinos y eso, esta vez, pasa por votar en contra de estos presupuestos\u201d concluye el comunicado.<\/p>","protected":false},"author":2,"featured_media":11036,"comment_status":"open","ping_status":"closed","sticky":false,"template":"","format":"standard","meta":{"site-sidebar-layout":"default","site-content-layout":"","ast-site-content-layout":"default","site-content-style":"default","site-sidebar-style":"default","ast-global-header-display":"","ast-banner-title-visibility":"","ast-main-header-display":"","ast-hfb-above-header-display":"","ast-hfb-below-header-display":"","ast-hfb-mobile-header-display":"","site-post-title":"disabled","ast-breadcrumbs-content":"","ast-featured-img":"","footer-sml-layout":"","theme-transparent-header-meta":"","adv-header-id-meta":"","stick-header-meta":"","header-above-stick-meta":"","header-main-stick-meta":"","header-below-stick-meta":"","astra-migrate-meta-layouts":"default","ast-page-background-enabled":"default","ast-page-background-meta":{"desktop":{"background-color":"var(--ast-global-color-5)","background-image":"","background-repeat":"repeat","background-position":"center center","background-size":"auto","background-attachment":"scroll","background-type":"","background-media":"","overlay-type":"","overlay-color":"","overlay-opacity":"","overlay-gradient":""},"tablet":{"background-color":"","background-image":"","background-repeat":"repeat","background-position":"center center","background-size":"auto","background-attachment":"scroll","background-type":"","background-media":"","overlay-type":"","overlay-color":"","overlay-opacity":"","overlay-gradient":""},"mobile":{"background-color":"","background-image":"","background-repeat":"repeat","background-position":"center center","background-size":"auto","background-attachment":"scroll","background-type":"","background-media":"","overlay-type":"","overlay-color":"","overlay-opacity":"","overlay-gradient":""}},"ast-content-background-meta":{"desktop":{"background-color":"var(--ast-global-color-4)","background-image":"","background-repeat":"repeat","background-position":"center center","background-size":"auto","background-attachment":"scroll","background-type":"","background-media":"","overlay-type":"","overlay-color":"","overlay-opacity":"","overlay-gradient":""},"tablet":{"background-color":"var(--ast-global-color-4)","background-image":"","background-repeat":"repeat","background-position":"center center","background-size":"auto","background-attachment":"scroll","background-type":"","background-media":"","overlay-type":"","overlay-color":"","overlay-opacity":"","overlay-gradient":""},"mobile":{"background-color":"var(--ast-global-color-4)","background-image":"","background-repeat":"repeat","background-position":"center center","background-size":"auto","background-attachment":"scroll","background-type":"","background-media":"","overlay-type":"","overlay-color":"","overlay-opacity":"","overlay-gradient":""}},"ngg_post_thumbnail":0,"footnotes":""},"categories":[10,16],"tags":[458,27,143],"class_list":["post-11035","post","type-post","status-publish","format-standard","has-post-thumbnail","hentry","category-otras-comarcas","category-portada","tag-ayuntamiento-de-la-cisterniga","tag-centristas-ccd","tag-la-cisterniga"],"aioseo_notices":[],"rttpg_featured_image_url":{"full":["https:\/\/pueblosycomarcas.com\/wp-content\/uploads\/2026\/05\/20260501_centristas_cisterniga.jpg",800,400,false],"landscape":["https:\/\/pueblosycomarcas.com\/wp-content\/uploads\/2026\/05\/20260501_centristas_cisterniga.jpg",800,400,false],"portraits":["https:\/\/pueblosycomarcas.com\/wp-content\/uploads\/2026\/05\/20260501_centristas_cisterniga.jpg",800,400,false],"thumbnail":["https:\/\/pueblosycomarcas.com\/wp-content\/uploads\/2026\/05\/20260501_centristas_cisterniga-150x150.jpg",150,150,true],"medium":["https:\/\/pueblosycomarcas.com\/wp-content\/uploads\/2026\/05\/20260501_centristas_cisterniga-300x150.jpg",300,150,true],"large":["https:\/\/pueblosycomarcas.com\/wp-content\/uploads\/2026\/05\/20260501_centristas_cisterniga.jpg",800,400,false],"1536x1536":["https:\/\/pueblosycomarcas.com\/wp-content\/uploads\/2026\/05\/20260501_centristas_cisterniga.jpg",800,400,false],"2048x2048":["https:\/\/pueblosycomarcas.com\/wp-content\/uploads\/2026\/05\/20260501_centristas_cisterniga.jpg",800,400,false],"trp-custom-language-flag":["https:\/\/pueblosycomarcas.com\/wp-content\/uploads\/2026\/05\/20260501_centristas_cisterniga-18x9.jpg",18,9,true]},"rttpg_author":{"display_name":"Juanjo","author_link":"https:\/\/pueblosycomarcas.com\/en\/author\/pueblosycomarcas\/"},"rttpg_comment":0,"rttpg_category":"<a href=\"https:\/\/pueblosycomarcas.com\/en\/category\/otras-comarcas\/\" rel=\"category tag\">Otras Comarcas<\/a> <a href=\"https:\/\/pueblosycomarcas.com\/en\/category\/portada\/\" rel=\"category tag\">Portada<\/a>","rttpg_excerpt":"Otras comarcas Centristas CCD valora los presupuestos de La Cist\u00e9rniga tras la ruptura del pacto de gobierno. Desde la formaci\u00f3n aclaran que su nuestra obligaci\u00f3n \u201ces siempre velar\u201d por su pueblo y sus vecinos y eso, \u201cesta vez, pasa por votar en contra de estos presupuestos\u201d se\u00f1ala la portavoz municipal de la formaci\u00f3n, Noemi Hern\u00e1ndez&hellip;","_links":{"self":[{"href":"https:\/\/pueblosycomarcas.com\/en\/wp-json\/wp\/v2\/posts\/11035","targetHints":{"allow":["GET"]}}],"collection":[{"href":"https:\/\/pueblosycomarcas.com\/en\/wp-json\/wp\/v2\/posts"}],"about":[{"href":"https:\/\/pueblosycomarcas.com\/en\/wp-json\/wp\/v2\/types\/post"}],"author":[{"embeddable":true,"href":"https:\/\/pueblosycomarcas.com\/en\/wp-json\/wp\/v2\/users\/2"}],"replies":[{"embeddable":true,"href":"https:\/\/pueblosycomarcas.com\/en\/wp-json\/wp\/v2\/comments?post=11035"}],"version-history":[{"count":5,"href":"https:\/\/pueblosycomarcas.com\/en\/wp-json\/wp\/v2\/posts\/11035\/revisions"}],"predecessor-version":[{"id":11041,"href":"https:\/\/pueblosycomarcas.com\/en\/wp-json\/wp\/v2\/posts\/11035\/revisions\/11041"}],"wp:featuredmedia":[{"embeddable":true,"href":"https:\/\/pueblosycomarcas.com\/en\/wp-json\/wp\/v2\/media\/11036"}],"wp:attachment":[{"href":"https:\/\/pueblosycomarcas.com\/en\/wp-json\/wp\/v2\/media?parent=11035"}],"wp:term":[{"taxonomy":"category","embeddable":true,"href":"https:\/\/pueblosycomarcas.com\/en\/wp-json\/wp\/v2\/categories?post=11035"},{"taxonomy":"post_tag","embeddable":true,"href":"https:\/\/pueblosycomarcas.com\/en\/wp-json\/wp\/v2\/tags?post=11035"}],"curies":[{"name":"wp","href":"https:\/\/api.w.org\/{rel}","templated":true}]}}