{"id":10991,"date":"2026-04-30T09:05:00","date_gmt":"2026-04-30T08:05:00","guid":{"rendered":"https:\/\/pueblosycomarcas.com\/?p=10991"},"modified":"2026-04-30T13:38:18","modified_gmt":"2026-04-30T12:38:18","slug":"el-cermi-cyl-reivindica-la-convencion-de-la-onu-como-un-logro-vigente-y-una-promesa-de-futuro-para-los-derechos-de-las-personas-con-discapacidad","status":"publish","type":"post","link":"https:\/\/pueblosycomarcas.com\/en\/el-cermi-cyl-reivindica-la-convencion-de-la-onu-como-un-logro-vigente-y-una-promesa-de-futuro-para-los-derechos-de-las-personas-con-discapacidad\/","title":{"rendered":"El CERMI CyL reivindica la Convenci\u00f3n de la ONU como un logro vigente y una promesa de futuro para los derechos de las personas con discapacidad"},"content":{"rendered":"<div data-elementor-type=\"wp-post\" data-elementor-id=\"10991\" class=\"elementor elementor-10991\">\n\t\t\t\t<div class=\"elementor-element elementor-element-1b4d5584 e-flex e-con-boxed wpr-particle-no wpr-jarallax-no wpr-parallax-no wpr-sticky-section-no wpr-equal-height-no e-con e-parent\" data-id=\"1b4d5584\" data-element_type=\"container\" data-e-type=\"container\">\n\t\t\t\t\t<div class=\"e-con-inner\">\n\t\t\t\t<div class=\"elementor-element elementor-element-33ad0afe elementor-widget elementor-widget-image\" data-id=\"33ad0afe\" data-element_type=\"widget\" data-e-type=\"widget\" data-widget_type=\"image.default\">\n\t\t\t\t\t\t\t\t\t\t\t\t\t\t\t\t<a href=\"https:\/\/www.termicasalfonso.es\/\">\n\t\t\t\t\t\t\t<img fetchpriority=\"high\" decoding=\"async\" width=\"400\" height=\"220\" src=\"https:\/\/pueblosycomarcas.com\/wp-content\/uploads\/2025\/07\/banner-instalaciones-alfonso.jpg\" class=\"attachment-large size-large wp-image-107\" alt=\"\" srcset=\"https:\/\/pueblosycomarcas.com\/wp-content\/uploads\/2025\/07\/banner-instalaciones-alfonso.jpg 400w, https:\/\/pueblosycomarcas.com\/wp-content\/uploads\/2025\/07\/banner-instalaciones-alfonso-300x165.jpg 300w\" sizes=\"(max-width: 400px) 100vw, 400px\" \/>\t\t\t\t\t\t\t\t<\/a>\n\t\t\t\t\t\t\t\t\t\t\t\t\t\t\t<\/div>\n\t\t\t\t<div class=\"elementor-element elementor-element-7b1f2690 elementor-widget elementor-widget-text-editor\" data-id=\"7b1f2690\" data-element_type=\"widget\" data-e-type=\"widget\" data-widget_type=\"text-editor.default\">\n\t\t\t\t\t\t\t\t\t<ul><li><h6><strong><em>Magazine<\/em><\/strong><\/h6><\/li><\/ul>\t\t\t\t\t\t\t\t<\/div>\n\t\t\t\t<div class=\"elementor-element elementor-element-71c92b06 elementor-widget elementor-widget-heading\" data-id=\"71c92b06\" data-element_type=\"widget\" data-e-type=\"widget\" data-widget_type=\"heading.default\">\n\t\t\t\t\t<h2 class=\"elementor-heading-title elementor-size-default\">El CERMI CyL reivindica la Convenci\u00f3n de la ONU como un logro vigente y una promesa de futuro para los derechos de las personas con discapacidad<\/h2>\t\t\t\t<\/div>\n\t\t\t\t<div class=\"elementor-element elementor-element-23ccf0d8 elementor-widget elementor-widget-text-editor\" data-id=\"23ccf0d8\" data-element_type=\"widget\" data-e-type=\"widget\" data-widget_type=\"text-editor.default\">\n\t\t\t\t\t\t\t\t\t<ul><li><h6><em><strong>La entidad reclama reforzar el compromiso institucional y social ante los retos pendientes de inclusi\u00f3n y igualdad <\/strong><\/em><\/h6><\/li><\/ul>\t\t\t\t\t\t\t\t<\/div>\n\t\t\t\t<div class=\"elementor-element elementor-element-52ac69f4 elementor-widget-divider--view-line elementor-widget elementor-widget-divider\" data-id=\"52ac69f4\" data-element_type=\"widget\" data-e-type=\"widget\" data-widget_type=\"divider.default\">\n\t\t\t\t\t\t\t<div class=\"elementor-divider\">\n\t\t\t<span class=\"elementor-divider-separator\">\n\t\t\t\t\t\t<\/span>\n\t\t<\/div>\n\t\t\t\t\t\t<\/div>\n\t\t\t\t<div class=\"elementor-element elementor-element-3095f314 elementor-widget elementor-widget-image\" data-id=\"3095f314\" data-element_type=\"widget\" data-e-type=\"widget\" data-widget_type=\"image.default\">\n\t\t\t\t\t\t\t\t\t\t\t\t\t\t\t<img decoding=\"async\" width=\"800\" height=\"400\" src=\"https:\/\/pueblosycomarcas.com\/wp-content\/uploads\/2026\/04\/20260430_manifiesto_discapacidades.jpeg\" class=\"attachment-large size-large wp-image-10992\" alt=\"\" srcset=\"https:\/\/pueblosycomarcas.com\/wp-content\/uploads\/2026\/04\/20260430_manifiesto_discapacidades.jpeg 800w, https:\/\/pueblosycomarcas.com\/wp-content\/uploads\/2026\/04\/20260430_manifiesto_discapacidades-300x150.jpeg 300w, https:\/\/pueblosycomarcas.com\/wp-content\/uploads\/2026\/04\/20260430_manifiesto_discapacidades-768x384.jpeg 768w, https:\/\/pueblosycomarcas.com\/wp-content\/uploads\/2026\/04\/20260430_manifiesto_discapacidades-18x9.jpeg 18w\" sizes=\"(max-width: 800px) 100vw, 800px\" \/>\t\t\t\t\t\t\t\t\t\t\t\t\t\t\t<\/div>\n\t\t\t\t<div class=\"elementor-element elementor-element-9c33f3 elementor-widget elementor-widget-text-editor\" data-id=\"9c33f3\" data-element_type=\"widget\" data-e-type=\"widget\" data-widget_type=\"text-editor.default\">\n\t\t\t\t\t\t\t\t\t<p><a href=\"https:\/\/www.facebook.com\/Pueblos-y-Comarcas-125437870924169\/?fref=ts\"><em><strong>Pueblosycomarcas.com<\/strong><\/em><\/a><em><strong>;&nbsp;<\/strong><\/em><a href=\"https:\/\/twitter.com\/PueblosComarcas\"><em><strong>@PueblosComarcas<\/strong><\/em><\/a><\/p>\n<p>El Comit\u00e9 Auton\u00f3mico de Entidades de Representantes de Personas con Discapacidad en Castilla y Le\u00f3n (CERMI CyL) ha reivindicado hoy la <strong>Convenci\u00f3n Internacional sobre los Derechos de las Personas con Discapacidad<\/strong> como un instrumento \u201cplenamente vigente\u201d, que constituye \u201cuna conquista colectiva y una promesa de futuro\u201d para avanzar en la igualdad real de las personas con discapacidad.<\/p>\n<p>As\u00ed lo ha puesto de manifiesto durante el acto institucional celebrado en la <strong>Diputaci\u00f3n de Valladolid, en el Palacio de Pimentel<\/strong>, con motivo del D\u00eda Nacional de la Convenci\u00f3n, que se conmemora cada 3 de mayo. El acto ha contado con la presencia del presidente de la Diputaci\u00f3n de Valladolid, <strong>Conrado \u00cdscar<\/strong>, y del presidente del CERMI Castilla y Le\u00f3n, <strong>Francisco J. Sard\u00f3n<\/strong>, junto a representantes del movimiento asociativo.<\/p>\n<p>La lectura del manifiesto ha corrido a cargo de <strong>Mahmoud Anwar Abdelhakim<\/strong>, de ONCE Castilla y Le\u00f3n; Igualdad: <strong>V\u00edctor N\u00fa\u00f1ez Rodr\u00edguez<\/strong>, de Impulsa Igualdad; y <strong>Elvira Fern\u00e1ndez D\u00edez<\/strong>, de Fundaci\u00f3n Intras.<\/p>\n<p>El 3 de mayo fue declarado D\u00eda Nacional de la Convenci\u00f3n en Espa\u00f1a por acuerdo del Consejo de Ministros, a propuesta del CERMI, con el objetivo de reforzar el conocimiento y la toma de conciencia sobre la discapacidad como una cuesti\u00f3n de derechos humanos.<\/p>\n<p>En 2026, esta efem\u00e9ride adquiere un significado especial al cumplirse <strong>veinte a\u00f1os de la adopci\u00f3n de este tratado internacional<\/strong>, que supuso un cambio de paradigma al reconocer a las personas con discapacidad como <strong>sujetos plenos de derechos y protagonistas de sus propias decisiones vitales<\/strong>.<\/p>\n<p>En este contexto, el CERMI Castilla y Le\u00f3n se ha adherido al manifiesto del movimiento CERMI, que este a\u00f1o se articula bajo el lema <strong>\u201cUna gu\u00eda, una conquista colectiva y una promesa de futuro\u201d<\/strong>.<\/p>\n<p><\/p>\n<h4><strong>AVANCES IMPULSADOS POR LA CONVENCI\u00d3N.<\/strong><\/h4>\n<p>El manifiesto destaca que, en estas dos d\u00e9cadas, la Convenci\u00f3n ha impulsado avances significativos en el reconocimiento jur\u00eddico de derechos, en la participaci\u00f3n de las personas con discapacidad en la toma de decisiones p\u00fablicas y en la consolidaci\u00f3n del principio de <strong>\u201cnada sobre las personas con discapacidad sin nosotras\u201d<\/strong>.<\/p>\n<p>Asimismo, se han producido progresos en accesibilidad universal, en el acceso a la educaci\u00f3n inclusiva, al empleo y a la protecci\u00f3n social, as\u00ed como en el reconocimiento del derecho a la vida independiente y a la inclusi\u00f3n en la comunidad mediante apoyos personalizados.<\/p>\n<p>El texto tambi\u00e9n subraya el papel decisivo del movimiento asociativo, de las administraciones p\u00fablicas y de los agentes sociales y econ\u00f3micos en la consolidaci\u00f3n de este enfoque basado en derechos.<\/p>\n<h4><strong>RETOS PENDIENTES: DE LA NORMA A LA REALIDAD.<\/strong><\/h4>\n<p>Pese a estos avances, el CERMI advierte de que <strong>persisten barreras estructurales, desigualdades y situaciones de discriminaci\u00f3n<\/strong>, muchas de ellas derivadas del estigma social, que impiden el pleno ejercicio de derechos en igualdad de condiciones.<\/p>\n<p>Por ello, el movimiento de la discapacidad reclama <strong>reforzar el compromiso colectivo<\/strong> y avanzar en la aplicaci\u00f3n efectiva de la Convenci\u00f3n mediante reformas legales, pol\u00edticas p\u00fablicas inclusivas y medidas concretas que garanticen la igualdad real.<\/p>\n<p>En este sentido, el CERMI Castilla y Le\u00f3n reitera su papel como agente de incidencia y representaci\u00f3n para seguir impulsando cambios que trasladen los principios de la Convenci\u00f3n -dignidad, autonom\u00eda, igualdad, accesibilidad y participaci\u00f3n- a la vida cotidiana de las personas.<\/p>\n<p>\u201cEl vig\u00e9simo aniversario de la Convenci\u00f3n debe ser no solo una celebraci\u00f3n, sino una oportunidad para renovar el impulso transformador que la inspir\u00f3\u201d, recoge el manifiesto, que concluye con una idea central: <strong>una sociedad solo es plenamente democr\u00e1tica cuando garantiza la inclusi\u00f3n de todas las personas<\/strong>.<\/p>\t\t\t\t\t\t\t\t<\/div>\n\t\t<div class=\"elementor-element elementor-element-15a15547 e-con-full e-flex wpr-particle-no wpr-jarallax-no wpr-parallax-no wpr-sticky-section-no wpr-equal-height-no e-con e-child\" data-id=\"15a15547\" data-element_type=\"container\" data-e-type=\"container\">\n\t\t\t\t<div class=\"elementor-element elementor-element-27ffed21 elementor-widget elementor-widget-image\" data-id=\"27ffed21\" data-element_type=\"widget\" data-e-type=\"widget\" data-widget_type=\"image.default\">\n\t\t\t\t\t\t\t\t\t\t\t\t\t\t\t\t<a href=\"https:\/\/www.granjapinilla.com\/\">\n\t\t\t\t\t\t\t<img decoding=\"async\" width=\"639\" height=\"150\" src=\"https:\/\/pueblosycomarcas.com\/wp-content\/uploads\/2025\/07\/banner-granja-pinilla.jpg\" class=\"attachment-large size-large wp-image-105\" alt=\"\" srcset=\"https:\/\/pueblosycomarcas.com\/wp-content\/uploads\/2025\/07\/banner-granja-pinilla.jpg 639w, https:\/\/pueblosycomarcas.com\/wp-content\/uploads\/2025\/07\/banner-granja-pinilla-300x70.jpg 300w\" sizes=\"(max-width: 639px) 100vw, 639px\" \/>\t\t\t\t\t\t\t\t<\/a>\n\t\t\t\t\t\t\t\t\t\t\t\t\t\t\t<\/div>\n\t\t\t\t<\/div>\n\t\t\t\t\t<\/div>\n\t\t\t\t<\/div>\n\t\t\t\t<\/div>","protected":false},"excerpt":{"rendered":"<p>Magazine El CERMI CyL reivindica la Convenci\u00f3n de la ONU como un logro vigente y una promesa de futuro para los derechos de las personas con discapacidad La entidad reclama reforzar el compromiso institucional y social ante los retos pendientes de inclusi\u00f3n y igualdad Pueblosycomarcas.com;&nbsp;@PueblosComarcas El Comit\u00e9 Auton\u00f3mico de Entidades de Representantes de Personas con Discapacidad en Castilla y Le\u00f3n (CERMI CyL) ha reivindicado hoy la Convenci\u00f3n Internacional sobre los Derechos de las Personas con Discapacidad como un instrumento \u201cplenamente vigente\u201d, que constituye \u201cuna conquista colectiva y una promesa de futuro\u201d para avanzar en la igualdad real de las personas con discapacidad. As\u00ed lo ha puesto de manifiesto durante el acto institucional celebrado en la Diputaci\u00f3n de Valladolid, en el Palacio de Pimentel, con motivo del D\u00eda Nacional de la Convenci\u00f3n, que se conmemora cada 3 de mayo. El acto ha contado con la presencia del presidente de la Diputaci\u00f3n de Valladolid, Conrado \u00cdscar, y del presidente del CERMI Castilla y Le\u00f3n, Francisco J. Sard\u00f3n, junto a representantes del movimiento asociativo. La lectura del manifiesto ha corrido a cargo de Mahmoud Anwar Abdelhakim, de ONCE Castilla y Le\u00f3n; Igualdad: V\u00edctor N\u00fa\u00f1ez Rodr\u00edguez, de Impulsa Igualdad; y Elvira Fern\u00e1ndez D\u00edez, de Fundaci\u00f3n Intras. El 3 de mayo fue declarado D\u00eda Nacional de la Convenci\u00f3n en Espa\u00f1a por acuerdo del Consejo de Ministros, a propuesta del CERMI, con el objetivo de reforzar el conocimiento y la toma de conciencia sobre la discapacidad como una cuesti\u00f3n de derechos humanos. En 2026, esta efem\u00e9ride adquiere un significado especial al cumplirse veinte a\u00f1os de la adopci\u00f3n de este tratado internacional, que supuso un cambio de paradigma al reconocer a las personas con discapacidad como sujetos plenos de derechos y protagonistas de sus propias decisiones vitales. En este contexto, el CERMI Castilla y Le\u00f3n se ha adherido al manifiesto del movimiento CERMI, que este a\u00f1o se articula bajo el lema \u201cUna gu\u00eda, una conquista colectiva y una promesa de futuro\u201d. AVANCES IMPULSADOS POR LA CONVENCI\u00d3N. El manifiesto destaca que, en estas dos d\u00e9cadas, la Convenci\u00f3n ha impulsado avances significativos en el reconocimiento jur\u00eddico de derechos, en la participaci\u00f3n de las personas con discapacidad en la toma de decisiones p\u00fablicas y en la consolidaci\u00f3n del principio de \u201cnada sobre las personas con discapacidad sin nosotras\u201d. Asimismo, se han producido progresos en accesibilidad universal, en el acceso a la educaci\u00f3n inclusiva, al empleo y a la protecci\u00f3n social, as\u00ed como en el reconocimiento del derecho a la vida independiente y a la inclusi\u00f3n en la comunidad mediante apoyos personalizados. El texto tambi\u00e9n subraya el papel decisivo del movimiento asociativo, de las administraciones p\u00fablicas y de los agentes sociales y econ\u00f3micos en la consolidaci\u00f3n de este enfoque basado en derechos. RETOS PENDIENTES: DE LA NORMA A LA REALIDAD. Pese a estos avances, el CERMI advierte de que persisten barreras estructurales, desigualdades y situaciones de discriminaci\u00f3n, muchas de ellas derivadas del estigma social, que impiden el pleno ejercicio de derechos en igualdad de condiciones. Por ello, el movimiento de la discapacidad reclama reforzar el compromiso colectivo y avanzar en la aplicaci\u00f3n efectiva de la Convenci\u00f3n mediante reformas legales, pol\u00edticas p\u00fablicas inclusivas y medidas concretas que garanticen la igualdad real. En este sentido, el CERMI Castilla y Le\u00f3n reitera su papel como agente de incidencia y representaci\u00f3n para seguir impulsando cambios que trasladen los principios de la Convenci\u00f3n -dignidad, autonom\u00eda, igualdad, accesibilidad y participaci\u00f3n- a la vida cotidiana de las personas. \u201cEl vig\u00e9simo aniversario de la Convenci\u00f3n debe ser no solo una celebraci\u00f3n, sino una oportunidad para renovar el impulso transformador que la inspir\u00f3\u201d, recoge el manifiesto, que concluye con una idea central: una sociedad solo es plenamente democr\u00e1tica cuando garantiza la inclusi\u00f3n de todas las personas.<\/p>","protected":false},"author":2,"featured_media":10992,"comment_status":"open","ping_status":"closed","sticky":false,"template":"","format":"standard","meta":{"site-sidebar-layout":"default","site-content-layout":"","ast-site-content-layout":"default","site-content-style":"default","site-sidebar-style":"default","ast-global-header-display":"","ast-banner-title-visibility":"","ast-main-header-display":"","ast-hfb-above-header-display":"","ast-hfb-below-header-display":"","ast-hfb-mobile-header-display":"","site-post-title":"disabled","ast-breadcrumbs-content":"","ast-featured-img":"","footer-sml-layout":"","theme-transparent-header-meta":"","adv-header-id-meta":"","stick-header-meta":"","header-above-stick-meta":"","header-main-stick-meta":"","header-below-stick-meta":"","astra-migrate-meta-layouts":"default","ast-page-background-enabled":"default","ast-page-background-meta":{"desktop":{"background-color":"var(--ast-global-color-5)","background-image":"","background-repeat":"repeat","background-position":"center center","background-size":"auto","background-attachment":"scroll","background-type":"","background-media":"","overlay-type":"","overlay-color":"","overlay-opacity":"","overlay-gradient":""},"tablet":{"background-color":"","background-image":"","background-repeat":"repeat","background-position":"center center","background-size":"auto","background-attachment":"scroll","background-type":"","background-media":"","overlay-type":"","overlay-color":"","overlay-opacity":"","overlay-gradient":""},"mobile":{"background-color":"","background-image":"","background-repeat":"repeat","background-position":"center center","background-size":"auto","background-attachment":"scroll","background-type":"","background-media":"","overlay-type":"","overlay-color":"","overlay-opacity":"","overlay-gradient":""}},"ast-content-background-meta":{"desktop":{"background-color":"var(--ast-global-color-4)","background-image":"","background-repeat":"repeat","background-position":"center center","background-size":"auto","background-attachment":"scroll","background-type":"","background-media":"","overlay-type":"","overlay-color":"","overlay-opacity":"","overlay-gradient":""},"tablet":{"background-color":"var(--ast-global-color-4)","background-image":"","background-repeat":"repeat","background-position":"center center","background-size":"auto","background-attachment":"scroll","background-type":"","background-media":"","overlay-type":"","overlay-color":"","overlay-opacity":"","overlay-gradient":""},"mobile":{"background-color":"var(--ast-global-color-4)","background-image":"","background-repeat":"repeat","background-position":"center center","background-size":"auto","background-attachment":"scroll","background-type":"","background-media":"","overlay-type":"","overlay-color":"","overlay-opacity":"","overlay-gradient":""}},"ngg_post_thumbnail":0,"footnotes":""},"categories":[1],"tags":[301,26],"class_list":["post-10991","post","type-post","status-publish","format-standard","has-post-thumbnail","hentry","category-magazine","tag-cermi","tag-diputacion-de-valladolid"],"aioseo_notices":[],"rttpg_featured_image_url":{"full":["https:\/\/pueblosycomarcas.com\/wp-content\/uploads\/2026\/04\/20260430_manifiesto_discapacidades.jpeg",800,400,false],"landscape":["https:\/\/pueblosycomarcas.com\/wp-content\/uploads\/2026\/04\/20260430_manifiesto_discapacidades.jpeg",800,400,false],"portraits":["https:\/\/pueblosycomarcas.com\/wp-content\/uploads\/2026\/04\/20260430_manifiesto_discapacidades.jpeg",800,400,false],"thumbnail":["https:\/\/pueblosycomarcas.com\/wp-content\/uploads\/2026\/04\/20260430_manifiesto_discapacidades-150x150.jpeg",150,150,true],"medium":["https:\/\/pueblosycomarcas.com\/wp-content\/uploads\/2026\/04\/20260430_manifiesto_discapacidades-300x150.jpeg",300,150,true],"large":["https:\/\/pueblosycomarcas.com\/wp-content\/uploads\/2026\/04\/20260430_manifiesto_discapacidades.jpeg",800,400,false],"1536x1536":["https:\/\/pueblosycomarcas.com\/wp-content\/uploads\/2026\/04\/20260430_manifiesto_discapacidades.jpeg",800,400,false],"2048x2048":["https:\/\/pueblosycomarcas.com\/wp-content\/uploads\/2026\/04\/20260430_manifiesto_discapacidades.jpeg",800,400,false],"trp-custom-language-flag":["https:\/\/pueblosycomarcas.com\/wp-content\/uploads\/2026\/04\/20260430_manifiesto_discapacidades-18x9.jpeg",18,9,true]},"rttpg_author":{"display_name":"Juanjo","author_link":"https:\/\/pueblosycomarcas.com\/en\/author\/pueblosycomarcas\/"},"rttpg_comment":0,"rttpg_category":"<a href=\"https:\/\/pueblosycomarcas.com\/en\/category\/magazine\/\" rel=\"category tag\">Magazine<\/a>","rttpg_excerpt":"Magazine El CERMI CyL reivindica la Convenci\u00f3n de la ONU como un logro vigente y una promesa de futuro para los derechos de las personas con discapacidad La entidad reclama reforzar el compromiso institucional y social ante los retos pendientes de inclusi\u00f3n y igualdad Pueblosycomarcas.com;&nbsp;@PueblosComarcas El Comit\u00e9 Auton\u00f3mico de Entidades de Representantes de Personas con&hellip;","_links":{"self":[{"href":"https:\/\/pueblosycomarcas.com\/en\/wp-json\/wp\/v2\/posts\/10991","targetHints":{"allow":["GET"]}}],"collection":[{"href":"https:\/\/pueblosycomarcas.com\/en\/wp-json\/wp\/v2\/posts"}],"about":[{"href":"https:\/\/pueblosycomarcas.com\/en\/wp-json\/wp\/v2\/types\/post"}],"author":[{"embeddable":true,"href":"https:\/\/pueblosycomarcas.com\/en\/wp-json\/wp\/v2\/users\/2"}],"replies":[{"embeddable":true,"href":"https:\/\/pueblosycomarcas.com\/en\/wp-json\/wp\/v2\/comments?post=10991"}],"version-history":[{"count":5,"href":"https:\/\/pueblosycomarcas.com\/en\/wp-json\/wp\/v2\/posts\/10991\/revisions"}],"predecessor-version":[{"id":10997,"href":"https:\/\/pueblosycomarcas.com\/en\/wp-json\/wp\/v2\/posts\/10991\/revisions\/10997"}],"wp:featuredmedia":[{"embeddable":true,"href":"https:\/\/pueblosycomarcas.com\/en\/wp-json\/wp\/v2\/media\/10992"}],"wp:attachment":[{"href":"https:\/\/pueblosycomarcas.com\/en\/wp-json\/wp\/v2\/media?parent=10991"}],"wp:term":[{"taxonomy":"category","embeddable":true,"href":"https:\/\/pueblosycomarcas.com\/en\/wp-json\/wp\/v2\/categories?post=10991"},{"taxonomy":"post_tag","embeddable":true,"href":"https:\/\/pueblosycomarcas.com\/en\/wp-json\/wp\/v2\/tags?post=10991"}],"curies":[{"name":"wp","href":"https:\/\/api.w.org\/{rel}","templated":true}]}}