{"id":10970,"date":"2026-05-02T05:00:00","date_gmt":"2026-05-02T04:00:00","guid":{"rendered":"https:\/\/pueblosycomarcas.com\/?p=10970"},"modified":"2026-04-30T12:18:37","modified_gmt":"2026-04-30T11:18:37","slug":"efemerides-del-2-de-mayo","status":"publish","type":"post","link":"https:\/\/pueblosycomarcas.com\/en\/efemerides-del-2-de-mayo\/","title":{"rendered":"Efem\u00e9rides del 2 de mayo"},"content":{"rendered":"<div data-elementor-type=\"wp-post\" data-elementor-id=\"10970\" class=\"elementor elementor-10970\">\n\t\t\t\t<div class=\"elementor-element elementor-element-74c178bf e-flex e-con-boxed wpr-particle-no wpr-jarallax-no wpr-parallax-no wpr-sticky-section-no wpr-equal-height-no e-con e-parent\" data-id=\"74c178bf\" data-element_type=\"container\" data-e-type=\"container\">\n\t\t\t\t\t<div class=\"e-con-inner\">\n\t\t\t\t<div class=\"elementor-element elementor-element-259224b6 elementor-widget elementor-widget-image\" data-id=\"259224b6\" data-element_type=\"widget\" data-e-type=\"widget\" data-widget_type=\"image.default\">\n\t\t\t\t\t\t\t\t\t\t\t\t\t\t\t\t<a href=\"https:\/\/www.termicasalfonso.es\/\">\n\t\t\t\t\t\t\t<img fetchpriority=\"high\" decoding=\"async\" width=\"400\" height=\"220\" src=\"https:\/\/pueblosycomarcas.com\/wp-content\/uploads\/2025\/07\/banner-instalaciones-alfonso.jpg\" class=\"attachment-large size-large wp-image-107\" alt=\"\" srcset=\"https:\/\/pueblosycomarcas.com\/wp-content\/uploads\/2025\/07\/banner-instalaciones-alfonso.jpg 400w, https:\/\/pueblosycomarcas.com\/wp-content\/uploads\/2025\/07\/banner-instalaciones-alfonso-300x165.jpg 300w\" sizes=\"(max-width: 400px) 100vw, 400px\" \/>\t\t\t\t\t\t\t\t<\/a>\n\t\t\t\t\t\t\t\t\t\t\t\t\t\t\t<\/div>\n\t\t\t\t<div class=\"elementor-element elementor-element-7a815105 elementor-widget elementor-widget-text-editor\" data-id=\"7a815105\" data-element_type=\"widget\" data-e-type=\"widget\" data-widget_type=\"text-editor.default\">\n\t\t\t\t\t\t\t\t\t<ul><li><h6><strong><em>Efem\u00e9rides<\/em><\/strong><\/h6><\/li><\/ul>\t\t\t\t\t\t\t\t<\/div>\n\t\t\t\t<div class=\"elementor-element elementor-element-38b8e1c4 elementor-widget elementor-widget-heading\" data-id=\"38b8e1c4\" data-element_type=\"widget\" data-e-type=\"widget\" data-widget_type=\"heading.default\">\n\t\t\t\t\t<h2 class=\"elementor-heading-title elementor-size-default\">Efem\u00e9rides del 2 de mayo<\/h2>\t\t\t\t<\/div>\n\t\t\t\t<div class=\"elementor-element elementor-element-380118e2 elementor-widget elementor-widget-text-editor\" data-id=\"380118e2\" data-element_type=\"widget\" data-e-type=\"widget\" data-widget_type=\"text-editor.default\">\n\t\t\t\t\t\t\t\t\t<ul><li><h6><em><strong>En 1997 el equipo cient\u00edfico de Atapuerca obtiene el premio Pr\u00edncipe de Asturias de Investigaci\u00f3n<\/strong><\/em><\/h6><\/li><\/ul>\t\t\t\t\t\t\t\t<\/div>\n\t\t\t\t<div class=\"elementor-element elementor-element-54563035 elementor-widget-divider--view-line elementor-widget elementor-widget-divider\" data-id=\"54563035\" data-element_type=\"widget\" data-e-type=\"widget\" data-widget_type=\"divider.default\">\n\t\t\t\t\t\t\t<div class=\"elementor-divider\">\n\t\t\t<span class=\"elementor-divider-separator\">\n\t\t\t\t\t\t<\/span>\n\t\t<\/div>\n\t\t\t\t\t\t<\/div>\n\t\t\t\t<div class=\"elementor-element elementor-element-7e705a24 elementor-widget elementor-widget-image\" data-id=\"7e705a24\" data-element_type=\"widget\" data-e-type=\"widget\" data-widget_type=\"image.default\">\n\t\t\t\t\t\t\t\t\t\t\t\t\t\t\t<img decoding=\"async\" width=\"800\" height=\"400\" src=\"https:\/\/pueblosycomarcas.com\/wp-content\/uploads\/2026\/04\/020515_atapuerca.jpg\" class=\"attachment-large size-large wp-image-10971\" alt=\"\" srcset=\"https:\/\/pueblosycomarcas.com\/wp-content\/uploads\/2026\/04\/020515_atapuerca.jpg 800w, https:\/\/pueblosycomarcas.com\/wp-content\/uploads\/2026\/04\/020515_atapuerca-300x150.jpg 300w, https:\/\/pueblosycomarcas.com\/wp-content\/uploads\/2026\/04\/020515_atapuerca-768x384.jpg 768w, https:\/\/pueblosycomarcas.com\/wp-content\/uploads\/2026\/04\/020515_atapuerca-18x9.jpg 18w\" sizes=\"(max-width: 800px) 100vw, 800px\" \/>\t\t\t\t\t\t\t\t\t\t\t\t\t\t\t<\/div>\n\t\t\t\t<div class=\"elementor-element elementor-element-3eacc6d7 elementor-widget elementor-widget-text-editor\" data-id=\"3eacc6d7\" data-element_type=\"widget\" data-e-type=\"widget\" data-widget_type=\"text-editor.default\">\n\t\t\t\t\t\t\t\t\t<p><a href=\"https:\/\/www.facebook.com\/Pueblos-y-Comarcas-125437870924169\/?fref=ts\"><strong><em>Pueblosycomarcas<\/em><\/strong><strong><em>.com<\/em><\/strong><\/a><strong><em>;\u00a0<\/em><\/strong><a href=\"https:\/\/twitter.com\/PueblosComarcas\"><strong><em>@PueblosComarcas<\/em><\/strong><\/a><\/p><p><strong>693\u00a0&#8211;<\/strong>\u00a0en la actual Espa\u00f1a, \u00c9gica ordena celebrar el XVI Concilio de Toledo.<\/p><p><strong>1027\u00a0&#8211;<\/strong>\u00a0en la pen\u00ednsula de Yucat\u00e1n (M\u00e9xico) se forma la Liga de Mayap\u00e1n entre varias regiones mayas (que durar\u00e1 hasta 1194).<\/p><p><strong>1198\u00a0&#8211;<\/strong>\u00a0en Austria y Bohemia se registra un terremoto.<\/p><p><strong>1212\u00a0&#8211;<\/strong>\u00a0a 75 km al norte de Eilat (Israel) 30\u00b000\u2032N 35\u00b012\u2032E \/ 30, 35.2, a las 5:00 de la madrugada (hora local) se produce un terremoto con una intensidad entre 8 y 9 grados de la escala de Richter, que deja registros en Al-Karak (Jordania, 140 km al nor-noreste), Jerusal\u00e9n (Israel, 180 km al nor-noroeste) y El Cairo (Egipto, 380 km al oeste) y un saldo de \u00abmuchos\u00bb muertos. (Quiz\u00e1 sucedi\u00f3 el d\u00eda anterior).<\/p><p><strong>1482\u00a0&#8211;<\/strong>\u00a0en Granada (Espa\u00f1a) tiene lugar un amago de rebeli\u00f3n protagonizado por los Abencerrajes, lo que hace que el rey Abu-l-Hasan Al\u00ed \u2014convencido de la complicidad de su esposa Aixa y su hijo Boabdil\u2014, los encierre en la torre de Comares.<\/p><p><strong>1492\u00a0&#8211;<\/strong>\u00a0en las afueras de la Villa de Madrid (Espa\u00f1a) se funda el pueblo de San Sebasti\u00e1n de los Reyes tras la huida de unos vecinos de la localidad de Alcobendas.<\/p><p><strong>1568\u00a0&#8211;<\/strong>\u00a0en Shanxi (China) sucede un terremoto. Posiblemente sea el mismo que qued\u00f3 registrado dos semanas despu\u00e9s.<\/p><p><strong>1598\u00a0&#8211;<\/strong>\u00a0el rey de Espa\u00f1a (Felipe II) y el de Francia (Enrique IV) firman la Paz de Vervins, uno de los tratados que sirvi\u00f3 para acabar las Guerras de Religi\u00f3n de Francia.<\/p><p><strong>1620\u00a0&#8211;<\/strong>\u00a0la ciudad de Panam\u00e1 (de 8000 habitantes) sufre un terremoto que deja muchos muertos y heridos y da\u00f1os estructurales.<\/p><p><strong>1672\u00a0&#8211;<\/strong>\u00a0en Paraguay se funda el pueblo de Itap\u00e9.<\/p><p><strong>1808\u00a0&#8211;<\/strong>\u00a0en Madrid (Espa\u00f1a) el levantamiento del 2 de mayo contra el ej\u00e9rcito franc\u00e9s de Napole\u00f3n Bonaparte, y a consecuencia de las noticias de su fracaso el mismo d\u00eda el Bando de los alcaldes de M\u00f3stoles inicia la Guerra de independencia.<\/p><p><strong>1812\u00a0&#8211;<\/strong>\u00a0rompimiento del Sitio de Cuautla, en Morelos, M\u00e9xico.<\/p><p><strong>1820\u00a0&#8211;<\/strong>\u00a0el puerto chileno de Talcahuano es ocupado por las fuerzas realistas del guerrillero Vicente Benavides, en el marco de las violentas incursiones de la llamada Guerra a muerte.<\/p><p><strong>1826\u00a0&#8211;<\/strong>\u00a0en Portugal, Pedro IV renuncia al trono.<\/p><p><strong>1866\u00a0&#8211;<\/strong>\u00a0Combate naval del 2 de mayo en el Callao, \u00faltima acci\u00f3n de Espa\u00f1a contra las fuerzas de Per\u00fa en la Guerra hispano-sudamericana. Tras este combate Espa\u00f1a retira sus fuerzas navales de la costa del Pac\u00edfico.<\/p><p><strong>1874\u00a0&#8211;<\/strong>\u00a0en Bilbao se levanta el sitio carlista.<\/p><p><strong>1879\u00a0&#8211;<\/strong>\u00a0en Espa\u00f1a se funda el Partido Socialista Obrero Espa\u00f1ol (PSOE).<\/p><p><strong>1885\u00a0&#8211;<\/strong>\u00a0en Estados Unidos se funda la revista Good Housekeeping.<\/p><p><strong>1902\u00a0&#8211;<\/strong>\u00a0en Estados Unidos, 200 000 mineros inician una huelga para obtener mejoras salariales, reducci\u00f3n de horarios de trabajo y el reconocimiento de su sindicato (El D\u00eda del Trabajador corresponde al 1 de mayo de 1886).<\/p><p><strong>1913\u00a0&#8211;<\/strong>\u00a0el general otomano Toptani proclama la autonom\u00eda de Albania, bajo protectorado turco.<\/p><p><strong>1915\u00a0&#8211;<\/strong>\u00a0en Galitzia, Austria y Alemania llevan a cabo una ofensiva contra los rusos.<\/p><p><strong>1916\u00a0&#8211;<\/strong>\u00a0el general P\u00e9tain deja el mando de Verd\u00fan a Nivelle para dirigir los ej\u00e9rcitos del centro.<\/p><p><strong>1918\u00a0&#8211;<\/strong>\u00a0el Gobierno de Finlandia, con ayuda alemana, expulsa del sur del pa\u00eds a los guardias rojos.<\/p><p><strong>1918 &#8211;<\/strong>\u00a0las tropas alemanas penetran en el territorio del Donetsk (Ucrania).<\/p><p><strong>1921\u00a0&#8211;<\/strong>\u00a0en Roma se estrena la \u00f3pera Il p\u00edccolo Marat (de Mascagni).<\/p><p><strong>1923\u00a0&#8211;<\/strong>\u00a0el Gobierno alem\u00e1n solicita una nueva negociaci\u00f3n sobre las reparaciones de guerra y propone pagar 30 000 millones de marcos oro.<\/p><p><strong>1924\u00a0&#8211;<\/strong>\u00a0el pintor sovi\u00e9tico Kasimir Malevich publica el Manifiesto suprematista.<\/p><p><strong>1925\u00a0&#8211;<\/strong>\u00a0en Espa\u00f1a, la emigraci\u00f3n ha sido superior en 50.838 personas a la del a\u00f1o pasado.<\/p><p><strong>1928\u00a0&#8211;<\/strong>\u00a0en Madrid y C\u00e1diz, el estreno de la obra El clamor (escrita por Azor\u00edn y Mu\u00f1oz Seca) provoca sonoras protestas del p\u00fablico.<\/p><p><strong>1928 &#8211;<\/strong>\u00a0el papa P\u00edo XI desaprueba la celebraci\u00f3n de competiciones deportivas femeninas en Roma.<\/p><p><strong>1931\u00a0&#8211;<\/strong>\u00a0en Espa\u00f1a se dispone que el Himno de riego sustituya a la Marcha real.<\/p><p><strong>1931 &#8211;<\/strong>\u00a0en Alemania Hitler suprime los sindicatos libres.<\/p><p><strong>1933\u00a0&#8211;<\/strong>\u00a0en Madrid se inaugura el Colegio Nacional de Ciegos, instalado en el palacio de Napole\u00f3n, donde \u00e9ste tuvo su cuartel general.<\/p><p><strong>1935\u00a0&#8211;<\/strong>\u00a0se fund\u00f3 el primer organismo de normalizaci\u00f3n en Latinoam\u00e9rica, el IRAM en Argentina.<\/p><p><strong>1935 &#8211;<\/strong>\u00a0se firma en Par\u00eds un pacto franco-sovi\u00e9tico de asistencia mutua.<\/p><p><strong>1935 &#8211;<\/strong>\u00a0el internista alem\u00e1n Karl K\u00f6tschau, un importante portavoz de la medicina naturista (seudociencia de tipo hol\u00edstica), es nombrado director de la comisi\u00f3n de trabajo del Reich para la \u00abnueva medicina alemana\u00bb.<\/p><p><strong>1937\u00a0&#8211;<\/strong>\u00a0Egipto es admitido en la Sociedad de Naciones.<\/p><p><strong>1939\u00a0&#8211;<\/strong>\u00a0el cardenal Eugenio Pacelli asume el papado con el nombre de P\u00edo XII.<\/p><p><strong>1939 &#8211;<\/strong>\u00a0en Alemania comienzan las obras de construcci\u00f3n de la autopista Breslau-Brunn-Viena.<\/p><p><strong>1945\u00a0&#8211;<\/strong>\u00a0cae Berl\u00edn ante las tropas sovi\u00e9ticas. Las tropas alemanas se rinden tambi\u00e9n en Italia.<\/p><p><strong>1945 &#8211;<\/strong>\u00a0llega a Barcelona el pol\u00edtico franc\u00e9s Pierre Laval, acompa\u00f1ado de su esposa y otros cuatro fugitivos de Vich\u00fd.<\/p><p><strong>1946\u00a0&#8211;<\/strong>\u00a0En la Isla de Alcatraz se produjo el intento de fuga de seis presos que dio lugar a la \u00abBatalla de Alcatraz\u00bb.<\/p><p><strong>1949\u00a0&#8211;<\/strong>\u00a0Arthur Miller (por su obra teatral Muerte de un viajante) y Robert Sherwood (por su biograf\u00eda de Franklin Delano Roosevelt) reciben el premio Pulitzer.<\/p><p><strong>1953\u00a0&#8211;<\/strong>\u00a0en Jordania es coronado el rey Hussein I.<\/p><p><strong>1955\u00a0&#8211;<\/strong>\u00a0en la India, el Parlamento declara ilegales las discriminaciones de las que son v\u00edctimas los parias.<\/p><p><strong>1957\u00a0&#8211;<\/strong>\u00a0en Nicaragua, Luis Somoza Debayle inicia seis a\u00f1os de dictadura.<\/p><p><strong>1958\u00a0&#8211;<\/strong>\u00a0en Sevilla se practican 18 detenciones tras encontrar 6 mataderos clandestinos de carne caballar y cuatro f\u00e1bricas de embutidos.<\/p><p><strong>1959\u00a0&#8211;<\/strong>\u00a0en Guatemala, el presidente Miguel Yd\u00edgoras Fuentes moviliza las tropas ante una posible invasi\u00f3n cubana.<\/p><p><strong>1962\u00a0&#8211;<\/strong>\u00a0en Argelia mueren 110 personas y 147 resultan heridas en diversos atentados de la OAS.<\/p><p><strong>1962 &#8211;<\/strong>\u00a0el Benfica de Lisboa se proclama por segunda vez campe\u00f3n de Europa tras vencer al Real Madrid por 5 a 3.<\/p><p><strong>1965\u00a0&#8211;<\/strong>\u00a0en Estados Unidos, el presidente Lyndon Johnson afirma que 14 000 soldados permanecen en la Rep\u00fablica Dominicana para impedir que el pa\u00eds se convierta en un estado socialista.<\/p><p><strong>1966\u00a0&#8211;<\/strong>\u00a0en Madrid y Pamplona se producen graves enfrentamientos entre la polic\u00eda y los estudiantes.<\/p><p><strong>1968\u00a0&#8211;<\/strong>\u00a0en Par\u00eds, manifestaciones estudiantiles dan lugar al Mayo franc\u00e9s.<\/p><p><strong>1969\u00a0&#8211;<\/strong>\u00a0Crist\u00f3bal Halffter dirige con gran \u00e9xito el Orfe\u00f3n Pamplon\u00e9s y la Orquesta Nacional, en el estreno de su cantata Yes speak out, yes, compuesta para la Organizaci\u00f3n de las Naciones Unidas.<\/p><p><strong>1976\u00a0&#8211;<\/strong>\u00a0Salvador de Madariaga lee su discurso de ingreso en la Real Academia Espa\u00f1ola de la Lengua.<\/p><p><strong>1976 &#8211;<\/strong>\u00a0Niki Lauda consigue la victoria en el Gran Premio de Espa\u00f1a de F\u00f3rmula 1.<\/p><p><strong>1980\u00a0&#8211;<\/strong>\u00a0el papa Juan Pablo II inicia un viaje de once d\u00edas de duraci\u00f3n por el continente africano.<\/p><p><strong>1981\u00a0&#8211;<\/strong>\u00a0de Marinaleda (Sevilla) finaliza la huelga de hambre de los jornaleros.<\/p><p><strong>1982\u00a0&#8211;<\/strong>\u00a0el submarino brit\u00e1nico Conqueror ataca al crucero argentino General Belgrano, fuera de la zona de exclusi\u00f3n, produciendo su hundimiento. Mueren 323 de sus tripulantes.<\/p><p><strong>1982 &#8211;<\/strong>\u00a0\u00c1lvaro Maga\u00f1a se convierte en presidente interino de El Salvador.<\/p><p><strong>1983\u00a0&#8211;<\/strong>\u00a0cient\u00edficos australianos anunciaron que implantaron con \u00e9xito en una mujer un embri\u00f3n congelado.<\/p><p><strong>1983 &#8211;<\/strong>\u00a0en Espa\u00f1a, el Gobierno rechaza el documento de la Junta Militar argentina acerca de los espa\u00f1oles \u00abdesaparecidos\u00bb en dicho pa\u00eds.<\/p><p><strong>1985\u00a0&#8211;<\/strong>\u00a0en M\u00f3stoles (Madrid), el ayuntamiento firma una declaraci\u00f3n de paz simb\u00f3lica con Francia.<\/p><p><strong>1986\u00a0&#8211;<\/strong>\u00a0Henri Toivonen y Sergio Cresto fallecen durante la disputa del Rally de C\u00f3rcega.<\/p><p><strong>1988\u00a0&#8211;<\/strong>\u00a0el Consejo de Europa concede el premio del Mejor Museo del A\u00f1o al de las Descalzas Reales de Madrid.<\/p><p><strong>1989\u00a0&#8211;<\/strong>\u00a0Espa\u00f1a ratifica el convenio europeo para la prevenci\u00f3n de la tortura y los tratos inhumanos o degradantes.<\/p><p><strong>1991\u00a0&#8211;<\/strong>\u00a0el canciller de la RFA, Helmut Kohl, es recibido con huevos y bolsas de tinta en Halle, durante la primera visita que realiza a uno de los nuevos territorios federales.<\/p><p><strong>1992\u00a0&#8211;<\/strong>\u00a0en la Federaci\u00f3n Rusa, Bor\u00eds Yeltsin asume el cargo de jefe del Ej\u00e9rcito por decreto propio.<\/p><p><strong>1992 &#8211;<\/strong>\u00a0la Comunidad Econ\u00f3mica Europea y la EFTA acuerdan la creaci\u00f3n del Espacio Econ\u00f3mico Europeo (EEE), mercado \u00fanico que aglutinar\u00e1 la mitad del comercio mundial.<\/p><p><strong>1994\u00a0&#8211;<\/strong>\u00a0el Congreso Nacional Africano, partido de Nelson Mandela, logra una espectacular victoria en las primeras elecciones democr\u00e1ticas en Sud\u00e1frica tras el apartheid.<\/p><p><strong>1994 &#8211;<\/strong>\u00a0en Banglad\u00e9s mueren 200 personas a causa de un cicl\u00f3n.<\/p><p><strong>1997\u00a0&#8211;<\/strong>\u00a0el equipo cient\u00edfico de Atapuerca obtiene el premio Pr\u00edncipe de Asturias de Investigaci\u00f3n.<\/p><p><strong>1997 &#8211;<\/strong>\u00a0en Reino Unido, Tony Blair es elegido primer ministro. Es el primer ministro m\u00e1s joven en 185 a\u00f1os.<\/p><p><strong>1998\u00a0&#8211;<\/strong>\u00a0en Bruselas se crea el Banco Central Europeo para definir y ejecutar la pol\u00edtica monetaria de la UE.<\/p><p><strong>1999\u00a0&#8211;<\/strong>\u00a0los tres soldados estadounidenses capturados por tropas serbias son entregados al l\u00edder religioso estadounidense Jesse Jackson, que negoci\u00f3 personalmente su liberaci\u00f3n con el presidente Milosevich.<\/p><p><strong>1999 &#8211;<\/strong>\u00a0en Panam\u00e1, Mireya Moscoso (viuda del presidente Arnulfo Arias) resulta elegida presidenta tras vencer al candidato oficialista Mart\u00edn Torrijos (hijo del difunto dictador Omar Torrijos).<\/p><p><strong>2002\u00a0&#8211;<\/strong>\u00a0en el municipio colombiano de Bojay\u00e1 Departamento del Choc\u00f3, las FARC masacran a 119 personas.<\/p><p><strong>2003\u00a0&#8211;<\/strong>\u00a0en aguas del mar Amarillo, los 70 tripulantes de un submarino chino fallecen en un accidente.<\/p><p><strong>2004\u00a0&#8211;<\/strong>\u00a0en Faluya (Irak) mueren seis soldados estadounidenses en un ataque de los insurgentes iraqu\u00edes.<\/p><p><strong>2004 &#8211;<\/strong>\u00a0en Nigeria, la violencia \u00e9tnica se cobra centenares de vidas.<\/p><p><strong>2004 &#8211;<\/strong>\u00a0en \u00c1msterdam, la gimnasta Elena G\u00f3mez consigue la medalla de plata en suelo en los Campeonatos de Europa.<\/p><p><strong>2004 &#8211;<\/strong>\u00a0en Alemania, Mar\u00eda Vasco gana la medalla de bronce en los 20 km de la Copa del Mundo de marcha.<\/p><p><strong>2004 &#8211;<\/strong>\u00a0en Espa\u00f1a el equipo espa\u00f1ol de balonmano Ciudad Real se proclama campe\u00f3n de la Liga Asobal.<\/p><p><strong>2005\u00a0&#8211;<\/strong>\u00a0en el norte de Afganist\u00e1n, la explosi\u00f3n de un polvor\u00edn clandestino deja 28 muertos y m\u00e1s de 70 heridos.<\/p><p><strong>2006\u00a0&#8211;<\/strong>\u00a0en Andaluc\u00eda, el Parlamento aprueba la reforma del Estatuto de autonom\u00eda con 67 votos a favor (PSOE e IU) y 41 en contra (PP y Partido Andalucista).<\/p><p><strong>2008\u00a0&#8211;<\/strong>\u00a0en Chile, el volc\u00e1n Chait\u00e9n entra en erupci\u00f3n a las 0:30 (UTC-4), siendo la primera erupci\u00f3n de la que se tiene registro. La erupci\u00f3n provoca que los habitantes de Chait\u00e9n y Futaleuf\u00fa tengan que ser evacuados de urgencia por la densa nube de ceniza en el lugar.<\/p><p><strong>2011\u00a0&#8211;<\/strong>\u00a0un equipo de fuerzas militares estadounidenses declara haber localizado y matado a Osama bin Laden, el terrorista m\u00e1s buscado del mundo, jefe de la banda terrorista Al Qaeda.<\/p><p><strong>2016:<\/strong> estreno de la serie de Nickelodeon The Loud House.<\/p><p><strong>2020:<\/strong> Empieza la desescalada del COVID-19 en Espa\u00f1a, permitiendo a la gente volver a salir a la calle a realizar deporte y paseos al aire libre, con unas franjas horarias establecidas por el gobierno.<\/p><p><strong>2022:<\/strong> Se celebr\u00f3 la Met Gala en el Museo Metropolitano de Arte y el tema fue \u00abGilded glamour and White tie\u00bb.<\/p>\t\t\t\t\t\t\t\t<\/div>\n\t\t<div class=\"elementor-element elementor-element-70c6ca5a e-con-full e-flex wpr-particle-no wpr-jarallax-no wpr-parallax-no wpr-sticky-section-no wpr-equal-height-no e-con e-child\" data-id=\"70c6ca5a\" data-element_type=\"container\" data-e-type=\"container\">\n\t\t\t\t<div class=\"elementor-element elementor-element-3f923d2b elementor-widget elementor-widget-image\" data-id=\"3f923d2b\" data-element_type=\"widget\" data-e-type=\"widget\" data-widget_type=\"image.default\">\n\t\t\t\t\t\t\t\t\t\t\t\t\t\t\t\t<a href=\"https:\/\/www.granjapinilla.com\/\">\n\t\t\t\t\t\t\t<img decoding=\"async\" width=\"639\" height=\"150\" src=\"https:\/\/pueblosycomarcas.com\/wp-content\/uploads\/2025\/07\/banner-granja-pinilla.jpg\" class=\"attachment-large size-large wp-image-105\" alt=\"\" srcset=\"https:\/\/pueblosycomarcas.com\/wp-content\/uploads\/2025\/07\/banner-granja-pinilla.jpg 639w, https:\/\/pueblosycomarcas.com\/wp-content\/uploads\/2025\/07\/banner-granja-pinilla-300x70.jpg 300w\" sizes=\"(max-width: 639px) 100vw, 639px\" \/>\t\t\t\t\t\t\t\t<\/a>\n\t\t\t\t\t\t\t\t\t\t\t\t\t\t\t<\/div>\n\t\t\t\t<\/div>\n\t\t\t\t\t<\/div>\n\t\t\t\t<\/div>\n\t\t\t\t<\/div>","protected":false},"excerpt":{"rendered":"<p>Efem\u00e9rides Efem\u00e9rides del 2 de mayo En 1997 el equipo cient\u00edfico de Atapuerca obtiene el premio Pr\u00edncipe de Asturias de Investigaci\u00f3n Pueblosycomarcas.com;\u00a0@PueblosComarcas 693\u00a0&#8211;\u00a0en la actual Espa\u00f1a, \u00c9gica ordena celebrar el XVI Concilio de Toledo. 1027\u00a0&#8211;\u00a0en la pen\u00ednsula de Yucat\u00e1n (M\u00e9xico) se forma la Liga de Mayap\u00e1n entre varias regiones mayas (que durar\u00e1 hasta 1194). 1198\u00a0&#8211;\u00a0en Austria y Bohemia se registra un terremoto. 1212\u00a0&#8211;\u00a0a 75 km al norte de Eilat (Israel) 30\u00b000\u2032N 35\u00b012\u2032E \/ 30, 35.2, a las 5:00 de la madrugada (hora local) se produce un terremoto con una intensidad entre 8 y 9 grados de la escala de Richter, que deja registros en Al-Karak (Jordania, 140 km al nor-noreste), Jerusal\u00e9n (Israel, 180 km al nor-noroeste) y El Cairo (Egipto, 380 km al oeste) y un saldo de \u00abmuchos\u00bb muertos. (Quiz\u00e1 sucedi\u00f3 el d\u00eda anterior). 1482\u00a0&#8211;\u00a0en Granada (Espa\u00f1a) tiene lugar un amago de rebeli\u00f3n protagonizado por los Abencerrajes, lo que hace que el rey Abu-l-Hasan Al\u00ed \u2014convencido de la complicidad de su esposa Aixa y su hijo Boabdil\u2014, los encierre en la torre de Comares. 1492\u00a0&#8211;\u00a0en las afueras de la Villa de Madrid (Espa\u00f1a) se funda el pueblo de San Sebasti\u00e1n de los Reyes tras la huida de unos vecinos de la localidad de Alcobendas. 1568\u00a0&#8211;\u00a0en Shanxi (China) sucede un terremoto. Posiblemente sea el mismo que qued\u00f3 registrado dos semanas despu\u00e9s. 1598\u00a0&#8211;\u00a0el rey de Espa\u00f1a (Felipe II) y el de Francia (Enrique IV) firman la Paz de Vervins, uno de los tratados que sirvi\u00f3 para acabar las Guerras de Religi\u00f3n de Francia. 1620\u00a0&#8211;\u00a0la ciudad de Panam\u00e1 (de 8000 habitantes) sufre un terremoto que deja muchos muertos y heridos y da\u00f1os estructurales. 1672\u00a0&#8211;\u00a0en Paraguay se funda el pueblo de Itap\u00e9. 1808\u00a0&#8211;\u00a0en Madrid (Espa\u00f1a) el levantamiento del 2 de mayo contra el ej\u00e9rcito franc\u00e9s de Napole\u00f3n Bonaparte, y a consecuencia de las noticias de su fracaso el mismo d\u00eda el Bando de los alcaldes de M\u00f3stoles inicia la Guerra de independencia. 1812\u00a0&#8211;\u00a0rompimiento del Sitio de Cuautla, en Morelos, M\u00e9xico. 1820\u00a0&#8211;\u00a0el puerto chileno de Talcahuano es ocupado por las fuerzas realistas del guerrillero Vicente Benavides, en el marco de las violentas incursiones de la llamada Guerra a muerte. 1826\u00a0&#8211;\u00a0en Portugal, Pedro IV renuncia al trono. 1866\u00a0&#8211;\u00a0Combate naval del 2 de mayo en el Callao, \u00faltima acci\u00f3n de Espa\u00f1a contra las fuerzas de Per\u00fa en la Guerra hispano-sudamericana. Tras este combate Espa\u00f1a retira sus fuerzas navales de la costa del Pac\u00edfico. 1874\u00a0&#8211;\u00a0en Bilbao se levanta el sitio carlista. 1879\u00a0&#8211;\u00a0en Espa\u00f1a se funda el Partido Socialista Obrero Espa\u00f1ol (PSOE). 1885\u00a0&#8211;\u00a0en Estados Unidos se funda la revista Good Housekeeping. 1902\u00a0&#8211;\u00a0en Estados Unidos, 200 000 mineros inician una huelga para obtener mejoras salariales, reducci\u00f3n de horarios de trabajo y el reconocimiento de su sindicato (El D\u00eda del Trabajador corresponde al 1 de mayo de 1886). 1913\u00a0&#8211;\u00a0el general otomano Toptani proclama la autonom\u00eda de Albania, bajo protectorado turco. 1915\u00a0&#8211;\u00a0en Galitzia, Austria y Alemania llevan a cabo una ofensiva contra los rusos. 1916\u00a0&#8211;\u00a0el general P\u00e9tain deja el mando de Verd\u00fan a Nivelle para dirigir los ej\u00e9rcitos del centro. 1918\u00a0&#8211;\u00a0el Gobierno de Finlandia, con ayuda alemana, expulsa del sur del pa\u00eds a los guardias rojos. 1918 &#8211;\u00a0las tropas alemanas penetran en el territorio del Donetsk (Ucrania). 1921\u00a0&#8211;\u00a0en Roma se estrena la \u00f3pera Il p\u00edccolo Marat (de Mascagni). 1923\u00a0&#8211;\u00a0el Gobierno alem\u00e1n solicita una nueva negociaci\u00f3n sobre las reparaciones de guerra y propone pagar 30 000 millones de marcos oro. 1924\u00a0&#8211;\u00a0el pintor sovi\u00e9tico Kasimir Malevich publica el Manifiesto suprematista. 1925\u00a0&#8211;\u00a0en Espa\u00f1a, la emigraci\u00f3n ha sido superior en 50.838 personas a la del a\u00f1o pasado. 1928\u00a0&#8211;\u00a0en Madrid y C\u00e1diz, el estreno de la obra El clamor (escrita por Azor\u00edn y Mu\u00f1oz Seca) provoca sonoras protestas del p\u00fablico. 1928 &#8211;\u00a0el papa P\u00edo XI desaprueba la celebraci\u00f3n de competiciones deportivas femeninas en Roma. 1931\u00a0&#8211;\u00a0en Espa\u00f1a se dispone que el Himno de riego sustituya a la Marcha real. 1931 &#8211;\u00a0en Alemania Hitler suprime los sindicatos libres. 1933\u00a0&#8211;\u00a0en Madrid se inaugura el Colegio Nacional de Ciegos, instalado en el palacio de Napole\u00f3n, donde \u00e9ste tuvo su cuartel general. 1935\u00a0&#8211;\u00a0se fund\u00f3 el primer organismo de normalizaci\u00f3n en Latinoam\u00e9rica, el IRAM en Argentina. 1935 &#8211;\u00a0se firma en Par\u00eds un pacto franco-sovi\u00e9tico de asistencia mutua. 1935 &#8211;\u00a0el internista alem\u00e1n Karl K\u00f6tschau, un importante portavoz de la medicina naturista (seudociencia de tipo hol\u00edstica), es nombrado director de la comisi\u00f3n de trabajo del Reich para la \u00abnueva medicina alemana\u00bb. 1937\u00a0&#8211;\u00a0Egipto es admitido en la Sociedad de Naciones. 1939\u00a0&#8211;\u00a0el cardenal Eugenio Pacelli asume el papado con el nombre de P\u00edo XII. 1939 &#8211;\u00a0en Alemania comienzan las obras de construcci\u00f3n de la autopista Breslau-Brunn-Viena. 1945\u00a0&#8211;\u00a0cae Berl\u00edn ante las tropas sovi\u00e9ticas. Las tropas alemanas se rinden tambi\u00e9n en Italia. 1945 &#8211;\u00a0llega a Barcelona el pol\u00edtico franc\u00e9s Pierre Laval, acompa\u00f1ado de su esposa y otros cuatro fugitivos de Vich\u00fd. 1946\u00a0&#8211;\u00a0En la Isla de Alcatraz se produjo el intento de fuga de seis presos que dio lugar a la \u00abBatalla de Alcatraz\u00bb. 1949\u00a0&#8211;\u00a0Arthur Miller (por su obra teatral Muerte de un viajante) y Robert Sherwood (por su biograf\u00eda de Franklin Delano Roosevelt) reciben el premio Pulitzer. 1953\u00a0&#8211;\u00a0en Jordania es coronado el rey Hussein I. 1955\u00a0&#8211;\u00a0en la India, el Parlamento declara ilegales las discriminaciones de las que son v\u00edctimas los parias. 1957\u00a0&#8211;\u00a0en Nicaragua, Luis Somoza Debayle inicia seis a\u00f1os de dictadura. 1958\u00a0&#8211;\u00a0en Sevilla se practican 18 detenciones tras encontrar 6 mataderos clandestinos de carne caballar y cuatro f\u00e1bricas de embutidos. 1959\u00a0&#8211;\u00a0en Guatemala, el presidente Miguel Yd\u00edgoras Fuentes moviliza las tropas ante una posible invasi\u00f3n cubana. 1962\u00a0&#8211;\u00a0en Argelia mueren 110 personas y 147 resultan heridas en diversos atentados de la OAS. 1962 &#8211;\u00a0el Benfica de Lisboa se proclama por segunda vez campe\u00f3n de Europa tras vencer al Real Madrid por 5 a 3. 1965\u00a0&#8211;\u00a0en Estados Unidos, el presidente Lyndon Johnson afirma que 14 000 soldados permanecen en la Rep\u00fablica Dominicana para impedir que el pa\u00eds se convierta en un estado socialista. 1966\u00a0&#8211;\u00a0en Madrid y Pamplona se producen graves enfrentamientos entre la polic\u00eda y los estudiantes. 1968\u00a0&#8211;\u00a0en Par\u00eds, manifestaciones estudiantiles dan lugar al Mayo franc\u00e9s. 1969\u00a0&#8211;\u00a0Crist\u00f3bal Halffter dirige con gran \u00e9xito el Orfe\u00f3n Pamplon\u00e9s y la Orquesta Nacional, en<\/p>","protected":false},"author":2,"featured_media":10971,"comment_status":"open","ping_status":"closed","sticky":false,"template":"","format":"standard","meta":{"site-sidebar-layout":"default","site-content-layout":"","ast-site-content-layout":"default","site-content-style":"default","site-sidebar-style":"default","ast-global-header-display":"","ast-banner-title-visibility":"","ast-main-header-display":"","ast-hfb-above-header-display":"","ast-hfb-below-header-display":"","ast-hfb-mobile-header-display":"","site-post-title":"disabled","ast-breadcrumbs-content":"","ast-featured-img":"","footer-sml-layout":"","theme-transparent-header-meta":"","adv-header-id-meta":"","stick-header-meta":"","header-above-stick-meta":"","header-main-stick-meta":"","header-below-stick-meta":"","astra-migrate-meta-layouts":"default","ast-page-background-enabled":"default","ast-page-background-meta":{"desktop":{"background-color":"var(--ast-global-color-5)","background-image":"","background-repeat":"repeat","background-position":"center center","background-size":"auto","background-attachment":"scroll","background-type":"","background-media":"","overlay-type":"","overlay-color":"","overlay-opacity":"","overlay-gradient":""},"tablet":{"background-color":"","background-image":"","background-repeat":"repeat","background-position":"center center","background-size":"auto","background-attachment":"scroll","background-type":"","background-media":"","overlay-type":"","overlay-color":"","overlay-opacity":"","overlay-gradient":""},"mobile":{"background-color":"","background-image":"","background-repeat":"repeat","background-position":"center center","background-size":"auto","background-attachment":"scroll","background-type":"","background-media":"","overlay-type":"","overlay-color":"","overlay-opacity":"","overlay-gradient":""}},"ast-content-background-meta":{"desktop":{"background-color":"var(--ast-global-color-4)","background-image":"","background-repeat":"repeat","background-position":"center center","background-size":"auto","background-attachment":"scroll","background-type":"","background-media":"","overlay-type":"","overlay-color":"","overlay-opacity":"","overlay-gradient":""},"tablet":{"background-color":"var(--ast-global-color-4)","background-image":"","background-repeat":"repeat","background-position":"center center","background-size":"auto","background-attachment":"scroll","background-type":"","background-media":"","overlay-type":"","overlay-color":"","overlay-opacity":"","overlay-gradient":""},"mobile":{"background-color":"var(--ast-global-color-4)","background-image":"","background-repeat":"repeat","background-position":"center center","background-size":"auto","background-attachment":"scroll","background-type":"","background-media":"","overlay-type":"","overlay-color":"","overlay-opacity":"","overlay-gradient":""}},"ngg_post_thumbnail":0,"footnotes":""},"categories":[15,16],"tags":[47],"class_list":["post-10970","post","type-post","status-publish","format-standard","has-post-thumbnail","hentry","category-efemerides","category-portada","tag-efemerides"],"aioseo_notices":[],"rttpg_featured_image_url":{"full":["https:\/\/pueblosycomarcas.com\/wp-content\/uploads\/2026\/04\/020515_atapuerca.jpg",800,400,false],"landscape":["https:\/\/pueblosycomarcas.com\/wp-content\/uploads\/2026\/04\/020515_atapuerca.jpg",800,400,false],"portraits":["https:\/\/pueblosycomarcas.com\/wp-content\/uploads\/2026\/04\/020515_atapuerca.jpg",800,400,false],"thumbnail":["https:\/\/pueblosycomarcas.com\/wp-content\/uploads\/2026\/04\/020515_atapuerca-150x150.jpg",150,150,true],"medium":["https:\/\/pueblosycomarcas.com\/wp-content\/uploads\/2026\/04\/020515_atapuerca-300x150.jpg",300,150,true],"large":["https:\/\/pueblosycomarcas.com\/wp-content\/uploads\/2026\/04\/020515_atapuerca.jpg",800,400,false],"1536x1536":["https:\/\/pueblosycomarcas.com\/wp-content\/uploads\/2026\/04\/020515_atapuerca.jpg",800,400,false],"2048x2048":["https:\/\/pueblosycomarcas.com\/wp-content\/uploads\/2026\/04\/020515_atapuerca.jpg",800,400,false],"trp-custom-language-flag":["https:\/\/pueblosycomarcas.com\/wp-content\/uploads\/2026\/04\/020515_atapuerca-18x9.jpg",18,9,true]},"rttpg_author":{"display_name":"Juanjo","author_link":"https:\/\/pueblosycomarcas.com\/en\/author\/pueblosycomarcas\/"},"rttpg_comment":0,"rttpg_category":"<a href=\"https:\/\/pueblosycomarcas.com\/en\/category\/efemerides\/\" rel=\"category tag\">Efemerides<\/a> <a href=\"https:\/\/pueblosycomarcas.com\/en\/category\/portada\/\" rel=\"category tag\">Portada<\/a>","rttpg_excerpt":"Efem\u00e9rides Efem\u00e9rides del 2 de mayo En 1997 el equipo cient\u00edfico de Atapuerca obtiene el premio Pr\u00edncipe de Asturias de Investigaci\u00f3n Pueblosycomarcas.com;\u00a0@PueblosComarcas 693\u00a0&#8211;\u00a0en la actual Espa\u00f1a, \u00c9gica ordena celebrar el XVI Concilio de Toledo. 1027\u00a0&#8211;\u00a0en la pen\u00ednsula de Yucat\u00e1n (M\u00e9xico) se forma la Liga de Mayap\u00e1n entre varias regiones mayas (que durar\u00e1 hasta 1194). 1198\u00a0&#8211;\u00a0en&hellip;","_links":{"self":[{"href":"https:\/\/pueblosycomarcas.com\/en\/wp-json\/wp\/v2\/posts\/10970","targetHints":{"allow":["GET"]}}],"collection":[{"href":"https:\/\/pueblosycomarcas.com\/en\/wp-json\/wp\/v2\/posts"}],"about":[{"href":"https:\/\/pueblosycomarcas.com\/en\/wp-json\/wp\/v2\/types\/post"}],"author":[{"embeddable":true,"href":"https:\/\/pueblosycomarcas.com\/en\/wp-json\/wp\/v2\/users\/2"}],"replies":[{"embeddable":true,"href":"https:\/\/pueblosycomarcas.com\/en\/wp-json\/wp\/v2\/comments?post=10970"}],"version-history":[{"count":5,"href":"https:\/\/pueblosycomarcas.com\/en\/wp-json\/wp\/v2\/posts\/10970\/revisions"}],"predecessor-version":[{"id":10976,"href":"https:\/\/pueblosycomarcas.com\/en\/wp-json\/wp\/v2\/posts\/10970\/revisions\/10976"}],"wp:featuredmedia":[{"embeddable":true,"href":"https:\/\/pueblosycomarcas.com\/en\/wp-json\/wp\/v2\/media\/10971"}],"wp:attachment":[{"href":"https:\/\/pueblosycomarcas.com\/en\/wp-json\/wp\/v2\/media?parent=10970"}],"wp:term":[{"taxonomy":"category","embeddable":true,"href":"https:\/\/pueblosycomarcas.com\/en\/wp-json\/wp\/v2\/categories?post=10970"},{"taxonomy":"post_tag","embeddable":true,"href":"https:\/\/pueblosycomarcas.com\/en\/wp-json\/wp\/v2\/tags?post=10970"}],"curies":[{"name":"wp","href":"https:\/\/api.w.org\/{rel}","templated":true}]}}