{"id":10963,"date":"2026-05-01T05:00:00","date_gmt":"2026-05-01T04:00:00","guid":{"rendered":"https:\/\/pueblosycomarcas.com\/?p=10963"},"modified":"2026-04-30T11:48:48","modified_gmt":"2026-04-30T10:48:48","slug":"efemerides-del-1-de-mayo","status":"publish","type":"post","link":"https:\/\/pueblosycomarcas.com\/en\/efemerides-del-1-de-mayo\/","title":{"rendered":"Efem\u00e9rides del 1 de mayo"},"content":{"rendered":"<div data-elementor-type=\"wp-post\" data-elementor-id=\"10963\" class=\"elementor elementor-10963\">\n\t\t\t\t<div class=\"elementor-element elementor-element-6a4bc255 e-flex e-con-boxed wpr-particle-no wpr-jarallax-no wpr-parallax-no wpr-sticky-section-no wpr-equal-height-no e-con e-parent\" data-id=\"6a4bc255\" data-element_type=\"container\" data-e-type=\"container\">\n\t\t\t\t\t<div class=\"e-con-inner\">\n\t\t\t\t<div class=\"elementor-element elementor-element-7d8ef1e8 elementor-widget elementor-widget-image\" data-id=\"7d8ef1e8\" data-element_type=\"widget\" data-e-type=\"widget\" data-widget_type=\"image.default\">\n\t\t\t\t\t\t\t\t\t\t\t\t\t\t\t\t<a href=\"https:\/\/www.termicasalfonso.es\/\">\n\t\t\t\t\t\t\t<img fetchpriority=\"high\" decoding=\"async\" width=\"400\" height=\"220\" src=\"https:\/\/pueblosycomarcas.com\/wp-content\/uploads\/2025\/07\/banner-instalaciones-alfonso.jpg\" class=\"attachment-large size-large wp-image-107\" alt=\"\" srcset=\"https:\/\/pueblosycomarcas.com\/wp-content\/uploads\/2025\/07\/banner-instalaciones-alfonso.jpg 400w, https:\/\/pueblosycomarcas.com\/wp-content\/uploads\/2025\/07\/banner-instalaciones-alfonso-300x165.jpg 300w\" sizes=\"(max-width: 400px) 100vw, 400px\" \/>\t\t\t\t\t\t\t\t<\/a>\n\t\t\t\t\t\t\t\t\t\t\t\t\t\t\t<\/div>\n\t\t\t\t<div class=\"elementor-element elementor-element-600438ac elementor-widget elementor-widget-text-editor\" data-id=\"600438ac\" data-element_type=\"widget\" data-e-type=\"widget\" data-widget_type=\"text-editor.default\">\n\t\t\t\t\t\t\t\t\t<ul><li><h6><strong><em>Efem\u00e9rides<\/em><\/strong><\/h6><\/li><\/ul>\t\t\t\t\t\t\t\t<\/div>\n\t\t\t\t<div class=\"elementor-element elementor-element-79d67987 elementor-widget elementor-widget-heading\" data-id=\"79d67987\" data-element_type=\"widget\" data-e-type=\"widget\" data-widget_type=\"heading.default\">\n\t\t\t\t\t<h2 class=\"elementor-heading-title elementor-size-default\">Efem\u00e9rides del 1 de mayo<\/h2>\t\t\t\t<\/div>\n\t\t\t\t<div class=\"elementor-element elementor-element-39d6656a elementor-widget elementor-widget-text-editor\" data-id=\"39d6656a\" data-element_type=\"widget\" data-e-type=\"widget\" data-widget_type=\"text-editor.default\">\n\t\t\t\t\t\t\t\t\t<ul><li><h6><em><strong>En 2007, en la ciudad de Palencia (Espa\u00f1a), tiene lugar la explosi\u00f3n de gas m\u00e1s destructiva en los \u00faltimos diez a\u00f1os en Espa\u00f1a, que deja nueve v\u00edctimas y da\u00f1os considerables en seis bloques de viviendas<\/strong><\/em><\/h6><\/li><\/ul>\t\t\t\t\t\t\t\t<\/div>\n\t\t\t\t<div class=\"elementor-element elementor-element-7618859f elementor-widget-divider--view-line elementor-widget elementor-widget-divider\" data-id=\"7618859f\" data-element_type=\"widget\" data-e-type=\"widget\" data-widget_type=\"divider.default\">\n\t\t\t\t\t\t\t<div class=\"elementor-divider\">\n\t\t\t<span class=\"elementor-divider-separator\">\n\t\t\t\t\t\t<\/span>\n\t\t<\/div>\n\t\t\t\t\t\t<\/div>\n\t\t\t\t<div class=\"elementor-element elementor-element-37a3a34 elementor-widget elementor-widget-image\" data-id=\"37a3a34\" data-element_type=\"widget\" data-e-type=\"widget\" data-widget_type=\"image.default\">\n\t\t\t\t\t\t\t\t\t\t\t\t\t\t\t<img decoding=\"async\" width=\"660\" height=\"320\" src=\"https:\/\/pueblosycomarcas.com\/wp-content\/uploads\/2026\/04\/010515_explosion_gas_palencia.jpg\" class=\"attachment-large size-large wp-image-10964\" alt=\"\" srcset=\"https:\/\/pueblosycomarcas.com\/wp-content\/uploads\/2026\/04\/010515_explosion_gas_palencia.jpg 660w, https:\/\/pueblosycomarcas.com\/wp-content\/uploads\/2026\/04\/010515_explosion_gas_palencia-300x145.jpg 300w, https:\/\/pueblosycomarcas.com\/wp-content\/uploads\/2026\/04\/010515_explosion_gas_palencia-18x9.jpg 18w\" sizes=\"(max-width: 660px) 100vw, 660px\" \/>\t\t\t\t\t\t\t\t\t\t\t\t\t\t\t<\/div>\n\t\t\t\t<div class=\"elementor-element elementor-element-58a6f4ee elementor-widget elementor-widget-text-editor\" data-id=\"58a6f4ee\" data-element_type=\"widget\" data-e-type=\"widget\" data-widget_type=\"text-editor.default\">\n\t\t\t\t\t\t\t\t\t<p><a href=\"https:\/\/www.facebook.com\/Pueblos-y-Comarcas-125437870924169\/?fref=ts\"><strong><em>Pueblosycomarcas<\/em><\/strong><strong><em>.com<\/em><\/strong><\/a><strong><em>;\u00a0<\/em><\/strong><a href=\"https:\/\/twitter.com\/PueblosComarcas\"><strong><em>@PueblosComarcas<\/em><\/strong><\/a><\/p><p><strong>305\u00a0&#8211;<\/strong>\u00a0en Roma, Diocleciano y Maximiano se retiran del trono del Imperio romano.<\/p><p><strong>1045\u00a0&#8211;<\/strong>\u00a0en Roma un c\u00f3nclave de obispos nombra papa a Gregorio VI.<\/p><p><strong>1212\u00a0&#8211;<\/strong>\u00a0a 75 km al norte de Eilat (Israel) 30\u00b000\u2032N 35\u00b012\u2032E \/ 30, 35.2, a las 5:00 (hora local) se produce un terremoto con una intensidad entre 8 y 9 grados de la escala de Richter, que deja registros en Al Karak (Jordania, 140 km al nor-noreste), Jerusal\u00e9n (Israel, 180 km al nor-noroeste) y El Cairo (Egipto, 380 km al oeste) y un saldo de \u00abmuchos\u00bb muertos.<\/p><p><strong>1243\u00a0&#8211;<\/strong>\u00a0Alfonso X de Castilla, siendo todav\u00eda infante, conquista la ciudad de Murcia a los musulmanes.<\/p><p><strong>1279\u00a0&#8211;<\/strong>\u00a0en Fantella (44\u00b001\u2032N 11\u00b049\u2032E \/ 44.02, 11.82, 70 km al noreste de Florencia), en Italia, y 80 km al noroeste de San Marino, a las 1:00 de la madrugada (hora local) un terremoto de 6,2 grados en la escala de Richter destruye todas las aldeas de los alrededores.<\/p><p><strong>1285\u00a0&#8211;<\/strong>\u00a0en Espa\u00f1a, las tropas musulmanas de Ayyad Al-Asseni atacan el castillo de Sanl\u00facar de Barrameda (C\u00e1diz), matando un buen n\u00famero de pobladores cristianos, sin conseguir su conquista.<\/p><p><strong>1312\u00a0&#8211;<\/strong>\u00a0en la Pen\u00ednsula del Sina\u00ed 28\u00b030\u2032N 34\u00b000\u2032E \/ 28.5, 34 (Egipto), a 50 km al este del Golfo de Suez y a 45 km al oeste del Golfo de Acaba sucede un terremoto de 6,7 grados en la escala Richter.<\/p><p><strong>1328\u00a0&#8211;<\/strong>\u00a0en Inglaterra, finaliza la primera guerra de independencia escocesa. En el Tratado de Edimburgo-Northampton, el rey reconoce a Escocia como un territorio independiente.<\/p><p><strong>1460\u00a0&#8211;<\/strong>\u00a0los europeos invaden la isla Cabo Verde.<\/p><p><strong>1576\u00a0&#8211;<\/strong>\u00a0en Polonia, Esteban I B\u00e1thory, el pr\u00edncipe reinante de Transilvania, se casa con Anna Jagiellon y ambos se vuelven regentes del reino polaco-lituano.<\/p><p><strong>1582\u00a0&#8211;<\/strong>\u00a0en Pozzuoli, unos 15 km al oeste de N\u00e1poles (Italia) sucede un terremoto de 5,1 grados en la escala Richter.<\/p><p><strong>1660\u00a0&#8211;<\/strong>\u00a0en Inglaterra termina el Commonwealth y se forma la monarqu\u00eda. Carlos II de Inglaterra asciende al trono.<\/p><p><strong>1699\u00a0&#8211;<\/strong>\u00a0en el valle del r\u00edo Misisipi (Estados Unidos) Pierre Le Moyne d&#8217;Iberville funda el primer asentamiento europeo.<\/p><p><strong>1707\u00a0&#8211;<\/strong>\u00a0la Ley de Uni\u00f3n une a Inglaterra-Gales con Escocia, para formar el Reino de Gran Breta\u00f1a.<\/p><p><strong>1751\u00a0&#8211;<\/strong>\u00a0en Estados Unidos se juega el primer partido de cr\u00edquet.<\/p><p><strong>1753\u00a0&#8211;<\/strong>\u00a0en Suecia, el naturalista Carlos Linneo (1707-1778) publica Species Plantarum, dando comienzo a la taxonom\u00eda de las plantas (que m\u00e1s tarde ser\u00eda adoptada como c\u00f3digo internacional de nomenclatura bot\u00e1nica).<\/p><p><strong>1775\u00a0&#8211;<\/strong>\u00a0en Viena (Austria) se abre para todo p\u00fablico el Jard\u00edn Bot\u00e1nico.<\/p><p><strong>1775 &#8211;<\/strong>\u00a0en Leipzig (Alemania) se estrena la \u00f3pera melodram\u00e1tica Medea, de Georg Benda.<\/p><p><strong>1776\u00a0&#8211;<\/strong>\u00a0en Ingolstadt (Alemania), Adam Weishaupt funda la sociedad de los Illuminati.<\/p><p><strong>1786\u00a0&#8211;<\/strong>\u00a0en Viena (Austria) se estrena la \u00f3pera Las bodas de F\u00edgaro, de Wolfgang Amadeus Mozart.<\/p><p><strong>1790\u00a0&#8211;<\/strong>\u00a0primer censo en Estados Unidos.<\/p><p><strong>1834\u00a0&#8211;<\/strong>\u00a0en el Imperio brit\u00e1nico se abole la esclavitud.<\/p><p><strong>1840\u00a0&#8211;<\/strong>\u00a0en el Reino Unido comienza la venta del One Penny Black, el primer sello postal internacional (v\u00e1lido durante seis d\u00edas).<\/p><p><strong>1851\u00a0&#8211;<\/strong>\u00a0en Londres (Reino Unido) la Reina Victoria inaugura \u00abLa Gran Exposici\u00f3n\u00bb.<\/p><p><strong>1853\u00a0&#8211;<\/strong>\u00a0en Argentina se sanciona la Constituci\u00f3n nacional.<\/p><p><strong>1854\u00a0&#8211;<\/strong>\u00a0cerca de Nueva York (Estados Unidos) se hunde el barco de pasajeros City of Glasgow. Mueren 480 personas.<\/p><p><strong>1859\u00a0&#8211;<\/strong>\u00a0en Ecuador, Gabriel Garc\u00eda Moreno es nombrado presidente.<\/p><p><strong>1863\u00a0&#8211;<\/strong>\u00a0en el marco de la Guerra Civil, comienza la batalla de Chancellorsville. Las fuerzas confederadas (del general Robert E. Lee) derrotan a las tropas de la Uni\u00f3n, lideradas por el general Joseph Hooker.<\/p><p><strong>1863 &#8211;<\/strong>\u00a0en el Teatro L\u00edrico (Par\u00eds) se estrena la \u00f3pera El jardinero y su se\u00f1or, de L\u00e9o Delibes.<\/p><p><strong>1865\u00a0&#8211;<\/strong>\u00a0En Viena (Imperio austroh\u00fangaro) el emperador Francisco Jos\u00e9 I inaugura la avenida circunvalaci\u00f3n, de 4 km de longitud y 57 m de ancho.<\/p><p><strong>1869\u00a0&#8211;<\/strong>\u00a0en Par\u00eds (Francia) se inaugura el cabaret Folies Berg\u00e8res.<\/p><p><strong>1873\u00a0&#8211;<\/strong>\u00a0En Viena (Imperio austroh\u00fangaro) se inaugura la Exposici\u00f3n Mundial.<\/p><p><strong>1878\u00a0&#8211;<\/strong>\u00a0en Par\u00eds se inauguran los pabellones de la Exposici\u00f3n Mundial.<\/p><p><strong>1882\u00a0&#8211;<\/strong>\u00a0en Berl\u00edn, da su primer concierto la Orquesta Filarm\u00f3nica de Berl\u00edn.<\/p><p><strong>1884\u00a0&#8211;<\/strong>\u00a0en Estados Unidos se proclama la demanda por la jornada laboral de ocho horas.<\/p><p><strong>1886\u00a0&#8211;<\/strong>\u00a0en Chicago (Estados Unidos) comienza una huelga general de trabajadores para demandar la jornada laboral de ocho horas. Esto desembocar\u00e1 en la Revuelta de Haymarket tres d\u00edas m\u00e1s tarde, el 4 de mayo. Debido a estos acontecimientos se celebra el 1 de mayo como D\u00eda Internacional de los Trabajadores.<\/p><p><strong>1890\u00a0&#8211;<\/strong>\u00a0en Barcelona (Espa\u00f1a) los sindicatos anarcosindicalistas convocan una huelga general para conseguir la jornada laboral de ocho horas. En Elche, primera manifestaci\u00f3n del Primero de Mayo.<\/p><p><strong>1893\u00a0&#8211;<\/strong>\u00a0en Chicago (Estados Unidos) se abre la Exposici\u00f3n Colombina Mundial.<\/p><p><strong>1893 &#8211;<\/strong>\u00a0Buffalo Bill inaugura su primer Wild West Show (exhibici\u00f3n del Lejano Oeste).<\/p><p><strong>1894\u00a0&#8211;<\/strong>\u00a0llega a Washington D. C. el \u201cEj\u00e9rcito de Coxey\u201d, la primera marcha de protesta estadounidense.<\/p><p><strong>1898\u00a0&#8211;<\/strong>\u00a0en Bah\u00eda Manila (Estados Unidos), en la primera batalla de la Guerra Hispano-Estadounidense la flota estadounidense destruye a la flota espa\u00f1ola en el oc\u00e9ano Pac\u00edfico.<\/p><p><strong>1900\u00a0&#8211;<\/strong>\u00a0en Scofield (Utah, Estados Unidos) mueren 200 trabajadores en uno de los peores desastres mineros de la historia de ese pa\u00eds.<\/p><p><strong>1906\u00a0&#8211;<\/strong>\u00a0en Buenos Aires (Argentina) se funda el Club Atl\u00e9tico Chacarita Juniors.<\/p><p><strong>1909\u00a0&#8211;<\/strong>\u00a0en Buenos Aires (Argentina), la polic\u00eda al mando de Ram\u00f3n L. Falc\u00f3n mata a tiros a unos 80 trabajadores en huelga (organizada por la FORA). V\u00e9ase Semana Roja de 1909).<\/p><p><strong>1909 &#8211;<\/strong>\u00a0el oficial alem\u00e1n Paul Graetz es la primera persona que atraviesa el continente africano en autom\u00f3vil.<\/p><p><strong>1910\u00a0&#8211;<\/strong>\u00a0en el estado de Guerrero (M\u00e9xico), durante el r\u00e9gimen de Porfirio D\u00edaz, se inaugura el camino de Iguala a Chilpancingo.<\/p><p><strong>1912\u00a0&#8211;<\/strong>\u00a0en la poblaci\u00f3n argentina de San Justo (provincia de Santa Fe), se funda el club Col\u00f3n de San Justo.<\/p><p><strong>1921\u00a0&#8211;<\/strong>\u00a0en Paraguay se funda el Club Sportivo Luque\u00f1o, perteneciente a la Asociaci\u00f3n Paraguaya de Futbol.<\/p><p><strong>1925\u00a0&#8211;<\/strong>\u00a0en China se funda oficialmente la Federaci\u00f3n de Sindicatos. Hoy es el gremio m\u00e1s grande del mundo, con 134 millones de miembros.<\/p><p><strong>1925 &#8211;<\/strong>\u00a0en Guayaquil (Ecuador) se crea el Barcelona Sporting Club, equipo m\u00e1s grande de ese pa\u00eds.<\/p><p><strong>1927\u00a0&#8211;<\/strong>\u00a0en un vuelo de Imperial Airways entre Londres y Par\u00eds se ofrece la primera comida en vuelo.<\/p><p><strong>1929\u00a0&#8211;<\/strong>\u00a0en Ir\u00e1n, un terremoto (7,4 escala Richter) mata a 3300 personas.<\/p><p><strong>1930\u00a0&#8211;<\/strong>\u00a0se bautiza oficialmente el planeta Plut\u00f3n en el Reino Unido.<\/p><p><strong>1931\u00a0&#8211;<\/strong>\u00a0en Nueva York (Estados Unidos), el presidente Herbert Hoover inaugura el Empire State, el edificio m\u00e1s alto del mundo.<\/p><p><strong>1940\u00a0&#8211;<\/strong>\u00a0en el marco de la Segunda Guerra Mundial, ning\u00fan estado env\u00eda deportistas a los Juegos Ol\u00edmpicos de Tokio (Jap\u00f3n).<\/p><p><strong>1941\u00a0&#8211;<\/strong>\u00a0en el marco de la Segunda Guerra Mundial, las fuerzas alemanas aterrizan en la isla de Creta (operaci\u00f3n Mercurio), la invasi\u00f3n por aire m\u00e1s grande hasta la fecha.<\/p><p><strong>1941 &#8211;<\/strong>\u00a0en el marco de la Segunda Guerra Mundial, las fuerzas nazis lanzan un ataque en Tobruk (Libia).<\/p><p><strong>1941 &#8211;<\/strong>\u00a0en Nueva York se estrena la pel\u00edcula Citizen Kane de Orson Welles.<\/p><p><strong>1945\u00a0&#8211;<\/strong>\u00a0en Berl\u00edn (Alemania), las tropas sovi\u00e9ticas izan su bandera en el Reichstag.<\/p><p><strong>1945 &#8211;<\/strong>\u00a0un locutor alem\u00e1n anuncia oficialmente que Adolf Hitler \u00abha ca\u00eddo en su puesto de comando en la Canciller\u00eda del Reich, peleando hasta su \u00faltimo aliento contra el bolchevismo y por una Alemania nazi\u00bb.<\/p><p><strong>1946\u00a0&#8211;<\/strong>\u00a0en Australia comienza la huelga de tres a\u00f1os de los abor\u00edgenes pilbara.<\/p><p><strong>1946 &#8211;<\/strong>\u00a0la Conferencia de Paz en Par\u00eds decide que Italia debe devolver las islas del Dodecaneso a Grecia.<\/p><p><strong>1947\u00a0&#8211;<\/strong>\u00a0en Italia sucede la masacre de Portella della Ginestra. 9 adultos y 2 ni\u00f1os muertos, 27 heridos.<\/p><p><strong>1948\u00a0&#8211;<\/strong>\u00a0se establece la Rep\u00fablica Democr\u00e1tica Popular de Corea (Corea del Norte), con Kim Il Sung como presidente.<\/p><p><strong>1950\u00a0&#8211;<\/strong>\u00a0Guam cae bajo el dominio estadounidense.<\/p><p><strong>1952\u00a0&#8211;<\/strong>\u00a0en Plaza de Mayo (Buenos Aires), Evita Per\u00f3n pronuncia su \u00faltimo mensaje ante el pueblo. (Fallecer\u00e1 de c\u00e1ncer el 26 de julio de este a\u00f1o).<\/p><p><strong>1952 &#8211;<\/strong>\u00a0en el \u00e1rea 7 del sitio de pruebas nucleares de Nevada, Estados Unidos detona la bomba at\u00f3mica Dog (o sea \u00abD\u00bb), de 19 kilotones), dej\u00e1ndola caer desde un avi\u00f3n. Es la cuarta de la operaci\u00f3n Tumbler-Snapper. Unos 7350 soldados que participan del ejercicio militar Desert Rock IV har\u00e1n entrenamiento durante la explosi\u00f3n y quedar\u00e1n expuestos de manera no voluntaria a la radiaci\u00f3n.<\/p><p><strong>1953\u00a0&#8211;<\/strong>\u00a0en el \u00e1mbito de la CECA, se abre el mercado del acero.<\/p><p><strong>1953 &#8211;<\/strong>\u00a0en Nueva York se estrena el musical My One and Only de George Gershwin en el teatro St. James.<\/p><p><strong>1954\u00a0&#8211;<\/strong>\u00a0en Jap\u00f3n se funda Taku.<\/p><p><strong>1954 &#8211;<\/strong>\u00a0en Manila (Filipinas) comienzan los II Juegos Asi\u00e1ticos.<\/p><p><strong>1954 &#8211;<\/strong>\u00a0en Francia, Pablo Picasso pinta el retrato Sylvette.<\/p><p><strong>1954 &#8211;<\/strong>\u00a0en Honduras, los obreros de las empresas estadounidenses United Fruit Co. y de la Standard Fruit Co. inician la huelga m\u00e1s grande de la historia de ese pa\u00eds.<\/p><p><strong>1956\u00a0&#8211;<\/strong>\u00a0en Estados Unidos se hace disponible al p\u00fablico la vacuna contra la polio, desarrollada por Jonas Salk (ver 26 de marzo de 1953).<\/p><p><strong>1956 &#8211;<\/strong>\u00a0en Jap\u00f3n, un m\u00e9dico informa de \u201cuna epidemia de una enfermedad desconocida, que ataca el sistema nervioso central\u201d, lo que marca el descubrimiento de la enfermedad de Minamata.<\/p><p><strong>1958\u00a0&#8211;<\/strong>\u00a0en Argentina, el pol\u00edtico Arturo Frondizi asume la presidencia (gan\u00f3 las elecciones gracias a que el partido mayoritario \u2015el peronismo\u2015 se encuentra proscrito por la dictadura de Aramburu). Por primera vez, la Plaza de Mayo est\u00e1 casi vac\u00eda, y el p\u00fablico asistente corea el nombre de Per\u00f3n y lanza globos al aire con su imagen.<\/p><p><strong>1960\u00a0&#8211;<\/strong>\u00a0en la Uni\u00f3n Sovi\u00e9tica, el piloto estadounidense Francis Gary Powers, con un avi\u00f3n esp\u00eda U-2, es derribado. Esto dispara una crisis diplom\u00e1tica, en el marco de la Guerra Fr\u00eda.<\/p><p><strong>1960 &#8211;<\/strong>\u00a0en Alemania del Este se inaugura el puerto de Rostock.<\/p><p><strong>1961\u00a0&#8211;<\/strong>\u00a0en Cuba, Fidel Castro proclama el car\u00e1cter socialista de la Revoluci\u00f3n Cubana.<\/p><p><strong>1967\u00a0&#8211;<\/strong>\u00a0en Las Vegas (Estados Unidos), Elvis Presley se casa con Priscilla Beaulieu.<\/p><p><strong>1970\u00a0&#8211;<\/strong>\u00a0en Seattle (Estados Unidos) se desata una ola de protestas por el anuncio del presidente Richard Nixon de que las fuerzas armadas de Estados Unidos, en guerra contra Vietnam, estaban invadiendo el territorio de Camboya (pa\u00eds neutral).<\/p><p><strong>1971\u00a0&#8211;<\/strong>\u00a0en Estados Unidos, la empresa Amtrak (National Railroad Passenger Corporation) se hace cargo del transporte de pasajeros por tren.<\/p><p><strong>1972\u00a0&#8211;<\/strong>\u00a0en la Ofensiva de Pascua (Guerra de Vietnam) las tropas norvietnamitas capturan Quang Tri, obteniendo el control efectivo de la provincia hom\u00f3nima.<\/p><p><strong>1974\u00a0&#8211;<\/strong>\u00a0El presidente Per\u00f3n rompe p\u00fablicamente con la organizaci\u00f3n Montoneros, que abandona la Plaza de Mayo.<\/p><p><strong>1976\u00a0&#8211;<\/strong>\u00a0en Italia, Giulio Andreotti es elegido Primer Ministro.<\/p><p><strong>1978\u00a0&#8211;<\/strong>\u00a0el japon\u00e9s Naomi Uemura es la primera persona que llega al Polo Norte viajando solo en un trineo tirado por perros.<\/p><p><strong>1978 &#8211;<\/strong>\u00a0en Estados Unidos, un representante de mercadeo de la empresa Digital Equipment Corporation env\u00eda el primer \u00abcorreo no deseado\u00bb (que m\u00e1s tarde ser\u00e1 conocido como spam) a cada direcci\u00f3n de ARPANET de la costa oeste.<\/p><p><strong>1978 &#8211;<\/strong>\u00a0en Reino Unido se establece el Feriado Bancario de Mayo (May Day Bank Holiday).<\/p><p><strong>1979\u00a0&#8211;<\/strong>\u00a0Groenlandia se independiza de Dinamarca.<\/p><p><strong>1979 &#8211;<\/strong>\u00a0las islas Marshall se independizan de Estados Unidos.<\/p><p><strong>1982\u00a0&#8211;<\/strong>\u00a0en las islas Malvinas, la Fuerza A\u00e9rea Argentina (en ese momento c\u00f3mplice de la sangrienta Dictadura argentina (1976-1983) abre fuego contra las fuerzas brit\u00e1nicas en la Guerra de las Malvinas.<\/p><p><strong>1982 &#8211;<\/strong>\u00a0en Knoxville (Tennessee) se inaugura una exposici\u00f3n mundial.<\/p><p><strong>1983\u00a0&#8211;<\/strong>\u00a0en San Juan (Puerto Rico), el boxeador Edwin El Chapo Rosario vence el t\u00edtulo vacante de la WBC, categor\u00eda pesos livianos, batiendo a Jos\u00e9 Luis Ram\u00edrez por puntos en 12 rounds. Se convierte as\u00ed en el 14.\u00ba puertorrique\u00f1o campe\u00f3n del mundo.<\/p><p><strong>1987\u00a0&#8211;<\/strong>\u00a0el papa Juan Pablo II beatifica a Edith Stein, una monja carmelita jud\u00eda que fue gaseada en el campo de concentraci\u00f3n nazi de Auschwitz (Polonia).<\/p><p><strong>1988\u00a0&#8211;<\/strong>\u00a0en Alemania, el tren Hannover-W\u00fcrzburg supera el r\u00e9cord de velocidad de 407 km\/h.<\/p><p><strong>1989\u00a0&#8211;<\/strong>\u00a0Groenlandia adopta su escudo de armas.<\/p><p><strong>1989 &#8211;<\/strong>\u00a0es electo, en elecciones democr\u00e1ticas, tras la ca\u00edda del dictador paraguayo Alfredo Stroessner, el general Andr\u00e9s Rodr\u00edguez Pedotti.<\/p><p><strong>1991\u00a0&#8211;<\/strong>\u00a0en Banglad\u00e9s, el r\u00edo Ganges sube 20 m, inundando todo el delta. Medio mill\u00f3n de personas son evacuadas.<\/p><p><strong>1991 &#8211;<\/strong>\u00a0en el Vaticano, el papa Juan Pablo II publica la enc\u00edclica Cent\u00e9simus annus por el centenario de la De Rerum Novarum de Le\u00f3n XIII.<\/p><p><strong>1994\u00a0&#8211;<\/strong>\u00a0en el Aut\u00f3dromo Enzo y Dino Ferrari, en Imola (Italia), el brasile\u00f1o tricampe\u00f3n de F\u00f3rmula 1 Ayrton Senna fallece en competici\u00f3n durante el Gran Premio de San Marino.<\/p><p><strong>1995\u00a0&#8211;<\/strong>\u00a0Croacia lanza la Operaci\u00f3n Flash durante la Guerra de la Independencia Croata.<\/p><p><strong>1995 &#8211;<\/strong>\u00a0Se inaugura el parque tem\u00e1tico PortAventura en Salou, Catalu\u00f1a, Espa\u00f1a.<\/p><p><strong>1999\u00a0&#8211;<\/strong>\u00a0Nauru se vuelve miembro de la Comunidad Brit\u00e1nica de Naciones.<\/p><p><strong>1999 &#8211;<\/strong>\u00a0en Estados Unidos se estrena en tres programas piloto la serie de dibujos animados de televisi\u00f3n Bob Esponja.<\/p><p><strong>1999 &#8211;<\/strong>\u00a0Entra en vigor el Tratado de \u00c1msterdam.<\/p><p><strong>2000\u00a0&#8211;<\/strong>\u00a0en Islandia \u00d3lafur Ragnar Gr\u00edmsson es reelegido presidente.<\/p><p><strong>2000 &#8211;<\/strong>\u00a0el gobierno estadounidense suprime la disponibilidad selectiva que degradaba la se\u00f1al de los GPS.<\/p><p><strong>2001\u00a0&#8211;<\/strong>\u00a0en Estados Unidos, Thomas Blanton Jr. es el segundo miembro del Ku Klux Klan que es condenado por la bomba en el Iglesia Bautista de la Calle 16, en Birmingham, que mat\u00f3 a cuatro ni\u00f1as negras.<\/p><p><strong>2002\u00a0&#8211;<\/strong>\u00a0en Banglad\u00e9s se hunde un transbordador en el r\u00edo Meghna. 400 muertos.<\/p><p><strong>2003\u00a0&#8211;<\/strong>\u00a0en Turqu\u00eda ocurre un terremoto (6,4 en la escala Richter), que deja 177 muertos.<\/p><p><strong>2003 &#8211;<\/strong>\u00a0en Estados Unidos, a bordo del buque de guerra Abraham Lincoln, el presidente George W. Bush dice su discurso \u00abMisi\u00f3n cumplida\u00bb, dando por terminada oficialmente la Invasi\u00f3n a Irak de 2003.<\/p><p><strong>2004\u00a0&#8211;<\/strong>\u00a0en la residencia del presidente irland\u00e9s en Dubl\u00edn, diez pa\u00edses ingresan en la Uni\u00f3n Europea: Chipre, Eslovaquia, Eslovenia, Estonia, Hungr\u00eda, Letonia, Lituania, Malta, Polonia y la Rep\u00fablica Checa. (Vea Ampliaci\u00f3n de la Uni\u00f3n Europea).<\/p><p><strong>2006\u00a0&#8211;<\/strong>\u00a0en Estados Unidos, millones de inmigrantes latinos realizan una huelga, uni\u00e9ndose en un boicot laboral tanto en ese pa\u00eds como en toda Latinoam\u00e9rica y marchas contra las leyes inmigratorias con el objetivo de que se les reconozca su derecho como personas, al trabajo, a la educaci\u00f3n de sus hijos y a servicios m\u00e9dicos y se les legalice a trav\u00e9s de una reforma migratoria integral en el pa\u00eds (\u00abUn d\u00eda sin mexicanos\u00bb).<\/p><p><strong>2006 &#8211;<\/strong>\u00a0el gobierno puertorrique\u00f1o entra en quiebra, forzando la clausura de escuelas y otras agencias.<\/p><p><strong>2006 &#8211;<\/strong>\u00a0el presidente boliviano Evo Morales nacionaliza los hidrocarburos en ese pa\u00eds.<\/p><p><strong>2007\u00a0&#8211;<\/strong>\u00a0en la ciudad de Palencia (Espa\u00f1a) tiene lugar la explosi\u00f3n de gas m\u00e1s destructiva en los \u00faltimos diez a\u00f1os en Espa\u00f1a, que deja nueve v\u00edctimas y da\u00f1os considerables en seis bloques de viviendas.<\/p><p><strong>2011\u00a0&#8211;<\/strong>\u00a0en la Plaza de San Pedro de la Ciudad del Vaticano, el Papa Benedicto XVI beatifica al Papa Juan Pablo II, su predecesor.<\/p><p><strong>2011:<\/strong> Se refunda en el cant\u00f3n de Liberia (Costa Rica) el club Municipal Liberia en la Segunda Divisi\u00f3n de Costa Rica con una nueva administraci\u00f3n.<\/p><p><strong>2023:<\/strong> en Ecuador, el periodista Alfonso Espinosa de los Monteros se retira de la pantalla tras 56 a\u00f1os de trabajo y contar con un R\u00e9cord Guinness como el presentador de noticias con m\u00e1s a\u00f1os al aire ininterrumpidamente.<\/p>\t\t\t\t\t\t\t\t<\/div>\n\t\t<div class=\"elementor-element elementor-element-6da6c6de e-con-full e-flex wpr-particle-no wpr-jarallax-no wpr-parallax-no wpr-sticky-section-no wpr-equal-height-no e-con e-child\" data-id=\"6da6c6de\" data-element_type=\"container\" data-e-type=\"container\">\n\t\t\t\t<div class=\"elementor-element elementor-element-d7305d elementor-widget elementor-widget-image\" data-id=\"d7305d\" data-element_type=\"widget\" data-e-type=\"widget\" data-widget_type=\"image.default\">\n\t\t\t\t\t\t\t\t\t\t\t\t\t\t\t\t<a href=\"https:\/\/www.granjapinilla.com\/\">\n\t\t\t\t\t\t\t<img decoding=\"async\" width=\"639\" height=\"150\" src=\"https:\/\/pueblosycomarcas.com\/wp-content\/uploads\/2025\/07\/banner-granja-pinilla.jpg\" class=\"attachment-large size-large wp-image-105\" alt=\"\" srcset=\"https:\/\/pueblosycomarcas.com\/wp-content\/uploads\/2025\/07\/banner-granja-pinilla.jpg 639w, https:\/\/pueblosycomarcas.com\/wp-content\/uploads\/2025\/07\/banner-granja-pinilla-300x70.jpg 300w\" sizes=\"(max-width: 639px) 100vw, 639px\" \/>\t\t\t\t\t\t\t\t<\/a>\n\t\t\t\t\t\t\t\t\t\t\t\t\t\t\t<\/div>\n\t\t\t\t<\/div>\n\t\t\t\t\t<\/div>\n\t\t\t\t<\/div>\n\t\t\t\t<\/div>","protected":false},"excerpt":{"rendered":"<p>Efem\u00e9rides Efem\u00e9rides del 1 de mayo En 2007, en la ciudad de Palencia (Espa\u00f1a), tiene lugar la explosi\u00f3n de gas m\u00e1s destructiva en los \u00faltimos diez a\u00f1os en Espa\u00f1a, que deja nueve v\u00edctimas y da\u00f1os considerables en seis bloques de viviendas Pueblosycomarcas.com;\u00a0@PueblosComarcas 305\u00a0&#8211;\u00a0en Roma, Diocleciano y Maximiano se retiran del trono del Imperio romano. 1045\u00a0&#8211;\u00a0en Roma un c\u00f3nclave de obispos nombra papa a Gregorio VI. 1212\u00a0&#8211;\u00a0a 75 km al norte de Eilat (Israel) 30\u00b000\u2032N 35\u00b012\u2032E \/ 30, 35.2, a las 5:00 (hora local) se produce un terremoto con una intensidad entre 8 y 9 grados de la escala de Richter, que deja registros en Al Karak (Jordania, 140 km al nor-noreste), Jerusal\u00e9n (Israel, 180 km al nor-noroeste) y El Cairo (Egipto, 380 km al oeste) y un saldo de \u00abmuchos\u00bb muertos. 1243\u00a0&#8211;\u00a0Alfonso X de Castilla, siendo todav\u00eda infante, conquista la ciudad de Murcia a los musulmanes. 1279\u00a0&#8211;\u00a0en Fantella (44\u00b001\u2032N 11\u00b049\u2032E \/ 44.02, 11.82, 70 km al noreste de Florencia), en Italia, y 80 km al noroeste de San Marino, a las 1:00 de la madrugada (hora local) un terremoto de 6,2 grados en la escala de Richter destruye todas las aldeas de los alrededores. 1285\u00a0&#8211;\u00a0en Espa\u00f1a, las tropas musulmanas de Ayyad Al-Asseni atacan el castillo de Sanl\u00facar de Barrameda (C\u00e1diz), matando un buen n\u00famero de pobladores cristianos, sin conseguir su conquista. 1312\u00a0&#8211;\u00a0en la Pen\u00ednsula del Sina\u00ed 28\u00b030\u2032N 34\u00b000\u2032E \/ 28.5, 34 (Egipto), a 50 km al este del Golfo de Suez y a 45 km al oeste del Golfo de Acaba sucede un terremoto de 6,7 grados en la escala Richter. 1328\u00a0&#8211;\u00a0en Inglaterra, finaliza la primera guerra de independencia escocesa. En el Tratado de Edimburgo-Northampton, el rey reconoce a Escocia como un territorio independiente. 1460\u00a0&#8211;\u00a0los europeos invaden la isla Cabo Verde. 1576\u00a0&#8211;\u00a0en Polonia, Esteban I B\u00e1thory, el pr\u00edncipe reinante de Transilvania, se casa con Anna Jagiellon y ambos se vuelven regentes del reino polaco-lituano. 1582\u00a0&#8211;\u00a0en Pozzuoli, unos 15 km al oeste de N\u00e1poles (Italia) sucede un terremoto de 5,1 grados en la escala Richter. 1660\u00a0&#8211;\u00a0en Inglaterra termina el Commonwealth y se forma la monarqu\u00eda. Carlos II de Inglaterra asciende al trono. 1699\u00a0&#8211;\u00a0en el valle del r\u00edo Misisipi (Estados Unidos) Pierre Le Moyne d&#8217;Iberville funda el primer asentamiento europeo. 1707\u00a0&#8211;\u00a0la Ley de Uni\u00f3n une a Inglaterra-Gales con Escocia, para formar el Reino de Gran Breta\u00f1a. 1751\u00a0&#8211;\u00a0en Estados Unidos se juega el primer partido de cr\u00edquet. 1753\u00a0&#8211;\u00a0en Suecia, el naturalista Carlos Linneo (1707-1778) publica Species Plantarum, dando comienzo a la taxonom\u00eda de las plantas (que m\u00e1s tarde ser\u00eda adoptada como c\u00f3digo internacional de nomenclatura bot\u00e1nica). 1775\u00a0&#8211;\u00a0en Viena (Austria) se abre para todo p\u00fablico el Jard\u00edn Bot\u00e1nico. 1775 &#8211;\u00a0en Leipzig (Alemania) se estrena la \u00f3pera melodram\u00e1tica Medea, de Georg Benda. 1776\u00a0&#8211;\u00a0en Ingolstadt (Alemania), Adam Weishaupt funda la sociedad de los Illuminati. 1786\u00a0&#8211;\u00a0en Viena (Austria) se estrena la \u00f3pera Las bodas de F\u00edgaro, de Wolfgang Amadeus Mozart. 1790\u00a0&#8211;\u00a0primer censo en Estados Unidos. 1834\u00a0&#8211;\u00a0en el Imperio brit\u00e1nico se abole la esclavitud. 1840\u00a0&#8211;\u00a0en el Reino Unido comienza la venta del One Penny Black, el primer sello postal internacional (v\u00e1lido durante seis d\u00edas). 1851\u00a0&#8211;\u00a0en Londres (Reino Unido) la Reina Victoria inaugura \u00abLa Gran Exposici\u00f3n\u00bb. 1853\u00a0&#8211;\u00a0en Argentina se sanciona la Constituci\u00f3n nacional. 1854\u00a0&#8211;\u00a0cerca de Nueva York (Estados Unidos) se hunde el barco de pasajeros City of Glasgow. Mueren 480 personas. 1859\u00a0&#8211;\u00a0en Ecuador, Gabriel Garc\u00eda Moreno es nombrado presidente. 1863\u00a0&#8211;\u00a0en el marco de la Guerra Civil, comienza la batalla de Chancellorsville. Las fuerzas confederadas (del general Robert E. Lee) derrotan a las tropas de la Uni\u00f3n, lideradas por el general Joseph Hooker. 1863 &#8211;\u00a0en el Teatro L\u00edrico (Par\u00eds) se estrena la \u00f3pera El jardinero y su se\u00f1or, de L\u00e9o Delibes. 1865\u00a0&#8211;\u00a0En Viena (Imperio austroh\u00fangaro) el emperador Francisco Jos\u00e9 I inaugura la avenida circunvalaci\u00f3n, de 4 km de longitud y 57 m de ancho. 1869\u00a0&#8211;\u00a0en Par\u00eds (Francia) se inaugura el cabaret Folies Berg\u00e8res. 1873\u00a0&#8211;\u00a0En Viena (Imperio austroh\u00fangaro) se inaugura la Exposici\u00f3n Mundial. 1878\u00a0&#8211;\u00a0en Par\u00eds se inauguran los pabellones de la Exposici\u00f3n Mundial. 1882\u00a0&#8211;\u00a0en Berl\u00edn, da su primer concierto la Orquesta Filarm\u00f3nica de Berl\u00edn. 1884\u00a0&#8211;\u00a0en Estados Unidos se proclama la demanda por la jornada laboral de ocho horas. 1886\u00a0&#8211;\u00a0en Chicago (Estados Unidos) comienza una huelga general de trabajadores para demandar la jornada laboral de ocho horas. Esto desembocar\u00e1 en la Revuelta de Haymarket tres d\u00edas m\u00e1s tarde, el 4 de mayo. Debido a estos acontecimientos se celebra el 1 de mayo como D\u00eda Internacional de los Trabajadores. 1890\u00a0&#8211;\u00a0en Barcelona (Espa\u00f1a) los sindicatos anarcosindicalistas convocan una huelga general para conseguir la jornada laboral de ocho horas. En Elche, primera manifestaci\u00f3n del Primero de Mayo. 1893\u00a0&#8211;\u00a0en Chicago (Estados Unidos) se abre la Exposici\u00f3n Colombina Mundial. 1893 &#8211;\u00a0Buffalo Bill inaugura su primer Wild West Show (exhibici\u00f3n del Lejano Oeste). 1894\u00a0&#8211;\u00a0llega a Washington D. C. el \u201cEj\u00e9rcito de Coxey\u201d, la primera marcha de protesta estadounidense. 1898\u00a0&#8211;\u00a0en Bah\u00eda Manila (Estados Unidos), en la primera batalla de la Guerra Hispano-Estadounidense la flota estadounidense destruye a la flota espa\u00f1ola en el oc\u00e9ano Pac\u00edfico. 1900\u00a0&#8211;\u00a0en Scofield (Utah, Estados Unidos) mueren 200 trabajadores en uno de los peores desastres mineros de la historia de ese pa\u00eds. 1906\u00a0&#8211;\u00a0en Buenos Aires (Argentina) se funda el Club Atl\u00e9tico Chacarita Juniors. 1909\u00a0&#8211;\u00a0en Buenos Aires (Argentina), la polic\u00eda al mando de Ram\u00f3n L. Falc\u00f3n mata a tiros a unos 80 trabajadores en huelga (organizada por la FORA). V\u00e9ase Semana Roja de 1909). 1909 &#8211;\u00a0el oficial alem\u00e1n Paul Graetz es la primera persona que atraviesa el continente africano en autom\u00f3vil. 1910\u00a0&#8211;\u00a0en el estado de Guerrero (M\u00e9xico), durante el r\u00e9gimen de Porfirio D\u00edaz, se inaugura el camino de Iguala a Chilpancingo. 1912\u00a0&#8211;\u00a0en la poblaci\u00f3n argentina de San Justo (provincia de Santa Fe), se funda el club Col\u00f3n de San Justo. 1921\u00a0&#8211;\u00a0en Paraguay se funda el Club Sportivo Luque\u00f1o, perteneciente a la Asociaci\u00f3n Paraguaya de Futbol. 1925\u00a0&#8211;\u00a0en China se funda oficialmente la Federaci\u00f3n de Sindicatos. Hoy es el gremio m\u00e1s grande del mundo, con 134 millones de miembros. 1925 &#8211;\u00a0en Guayaquil (Ecuador) se crea el Barcelona Sporting Club, equipo m\u00e1s grande de ese pa\u00eds. 1927\u00a0&#8211;\u00a0en un vuelo de Imperial Airways entre Londres y Par\u00eds se ofrece la<\/p>","protected":false},"author":2,"featured_media":10964,"comment_status":"open","ping_status":"closed","sticky":false,"template":"","format":"standard","meta":{"site-sidebar-layout":"default","site-content-layout":"","ast-site-content-layout":"default","site-content-style":"default","site-sidebar-style":"default","ast-global-header-display":"","ast-banner-title-visibility":"","ast-main-header-display":"","ast-hfb-above-header-display":"","ast-hfb-below-header-display":"","ast-hfb-mobile-header-display":"","site-post-title":"disabled","ast-breadcrumbs-content":"","ast-featured-img":"","footer-sml-layout":"","theme-transparent-header-meta":"","adv-header-id-meta":"","stick-header-meta":"","header-above-stick-meta":"","header-main-stick-meta":"","header-below-stick-meta":"","astra-migrate-meta-layouts":"default","ast-page-background-enabled":"default","ast-page-background-meta":{"desktop":{"background-color":"var(--ast-global-color-5)","background-image":"","background-repeat":"repeat","background-position":"center center","background-size":"auto","background-attachment":"scroll","background-type":"","background-media":"","overlay-type":"","overlay-color":"","overlay-opacity":"","overlay-gradient":""},"tablet":{"background-color":"","background-image":"","background-repeat":"repeat","background-position":"center center","background-size":"auto","background-attachment":"scroll","background-type":"","background-media":"","overlay-type":"","overlay-color":"","overlay-opacity":"","overlay-gradient":""},"mobile":{"background-color":"","background-image":"","background-repeat":"repeat","background-position":"center center","background-size":"auto","background-attachment":"scroll","background-type":"","background-media":"","overlay-type":"","overlay-color":"","overlay-opacity":"","overlay-gradient":""}},"ast-content-background-meta":{"desktop":{"background-color":"var(--ast-global-color-4)","background-image":"","background-repeat":"repeat","background-position":"center center","background-size":"auto","background-attachment":"scroll","background-type":"","background-media":"","overlay-type":"","overlay-color":"","overlay-opacity":"","overlay-gradient":""},"tablet":{"background-color":"var(--ast-global-color-4)","background-image":"","background-repeat":"repeat","background-position":"center center","background-size":"auto","background-attachment":"scroll","background-type":"","background-media":"","overlay-type":"","overlay-color":"","overlay-opacity":"","overlay-gradient":""},"mobile":{"background-color":"var(--ast-global-color-4)","background-image":"","background-repeat":"repeat","background-position":"center center","background-size":"auto","background-attachment":"scroll","background-type":"","background-media":"","overlay-type":"","overlay-color":"","overlay-opacity":"","overlay-gradient":""}},"ngg_post_thumbnail":0,"footnotes":""},"categories":[15,16],"tags":[47],"class_list":["post-10963","post","type-post","status-publish","format-standard","has-post-thumbnail","hentry","category-efemerides","category-portada","tag-efemerides"],"aioseo_notices":[],"rttpg_featured_image_url":{"full":["https:\/\/pueblosycomarcas.com\/wp-content\/uploads\/2026\/04\/010515_explosion_gas_palencia.jpg",660,320,false],"landscape":["https:\/\/pueblosycomarcas.com\/wp-content\/uploads\/2026\/04\/010515_explosion_gas_palencia.jpg",660,320,false],"portraits":["https:\/\/pueblosycomarcas.com\/wp-content\/uploads\/2026\/04\/010515_explosion_gas_palencia.jpg",660,320,false],"thumbnail":["https:\/\/pueblosycomarcas.com\/wp-content\/uploads\/2026\/04\/010515_explosion_gas_palencia-150x150.jpg",150,150,true],"medium":["https:\/\/pueblosycomarcas.com\/wp-content\/uploads\/2026\/04\/010515_explosion_gas_palencia-300x145.jpg",300,145,true],"large":["https:\/\/pueblosycomarcas.com\/wp-content\/uploads\/2026\/04\/010515_explosion_gas_palencia.jpg",660,320,false],"1536x1536":["https:\/\/pueblosycomarcas.com\/wp-content\/uploads\/2026\/04\/010515_explosion_gas_palencia.jpg",660,320,false],"2048x2048":["https:\/\/pueblosycomarcas.com\/wp-content\/uploads\/2026\/04\/010515_explosion_gas_palencia.jpg",660,320,false],"trp-custom-language-flag":["https:\/\/pueblosycomarcas.com\/wp-content\/uploads\/2026\/04\/010515_explosion_gas_palencia-18x9.jpg",18,9,true]},"rttpg_author":{"display_name":"Juanjo","author_link":"https:\/\/pueblosycomarcas.com\/en\/author\/pueblosycomarcas\/"},"rttpg_comment":0,"rttpg_category":"<a href=\"https:\/\/pueblosycomarcas.com\/en\/category\/efemerides\/\" rel=\"category tag\">Efemerides<\/a> <a href=\"https:\/\/pueblosycomarcas.com\/en\/category\/portada\/\" rel=\"category tag\">Portada<\/a>","rttpg_excerpt":"Efem\u00e9rides Efem\u00e9rides del 1 de mayo En 2007, en la ciudad de Palencia (Espa\u00f1a), tiene lugar la explosi\u00f3n de gas m\u00e1s destructiva en los \u00faltimos diez a\u00f1os en Espa\u00f1a, que deja nueve v\u00edctimas y da\u00f1os considerables en seis bloques de viviendas Pueblosycomarcas.com;\u00a0@PueblosComarcas 305\u00a0&#8211;\u00a0en Roma, Diocleciano y Maximiano se retiran del trono del Imperio romano. 1045\u00a0&#8211;\u00a0en&hellip;","_links":{"self":[{"href":"https:\/\/pueblosycomarcas.com\/en\/wp-json\/wp\/v2\/posts\/10963","targetHints":{"allow":["GET"]}}],"collection":[{"href":"https:\/\/pueblosycomarcas.com\/en\/wp-json\/wp\/v2\/posts"}],"about":[{"href":"https:\/\/pueblosycomarcas.com\/en\/wp-json\/wp\/v2\/types\/post"}],"author":[{"embeddable":true,"href":"https:\/\/pueblosycomarcas.com\/en\/wp-json\/wp\/v2\/users\/2"}],"replies":[{"embeddable":true,"href":"https:\/\/pueblosycomarcas.com\/en\/wp-json\/wp\/v2\/comments?post=10963"}],"version-history":[{"count":5,"href":"https:\/\/pueblosycomarcas.com\/en\/wp-json\/wp\/v2\/posts\/10963\/revisions"}],"predecessor-version":[{"id":10969,"href":"https:\/\/pueblosycomarcas.com\/en\/wp-json\/wp\/v2\/posts\/10963\/revisions\/10969"}],"wp:featuredmedia":[{"embeddable":true,"href":"https:\/\/pueblosycomarcas.com\/en\/wp-json\/wp\/v2\/media\/10964"}],"wp:attachment":[{"href":"https:\/\/pueblosycomarcas.com\/en\/wp-json\/wp\/v2\/media?parent=10963"}],"wp:term":[{"taxonomy":"category","embeddable":true,"href":"https:\/\/pueblosycomarcas.com\/en\/wp-json\/wp\/v2\/categories?post=10963"},{"taxonomy":"post_tag","embeddable":true,"href":"https:\/\/pueblosycomarcas.com\/en\/wp-json\/wp\/v2\/tags?post=10963"}],"curies":[{"name":"wp","href":"https:\/\/api.w.org\/{rel}","templated":true}]}}