{"id":10954,"date":"2026-04-30T11:00:00","date_gmt":"2026-04-30T10:00:00","guid":{"rendered":"https:\/\/pueblosycomarcas.com\/?p=10954"},"modified":"2026-04-30T11:37:26","modified_gmt":"2026-04-30T10:37:26","slug":"dos-detenidos-en-zaratan-por-un-presunto-robo-con-fuerza-en-grado-de-tentativa-en-un-establecimiento-hostelero","status":"publish","type":"post","link":"https:\/\/pueblosycomarcas.com\/en\/dos-detenidos-en-zaratan-por-un-presunto-robo-con-fuerza-en-grado-de-tentativa-en-un-establecimiento-hostelero\/","title":{"rendered":"Dos detenidos en Zarat\u00e1n por un presunto robo con fuerza, en grado de tentativa, en un establecimiento hostelero"},"content":{"rendered":"<div data-elementor-type=\"wp-post\" data-elementor-id=\"10954\" class=\"elementor elementor-10954\">\n\t\t\t\t<div class=\"elementor-element elementor-element-f9615cb e-flex e-con-boxed wpr-particle-no wpr-jarallax-no wpr-parallax-no wpr-sticky-section-no wpr-equal-height-no e-con e-parent\" data-id=\"f9615cb\" data-element_type=\"container\" data-e-type=\"container\">\n\t\t\t\t\t<div class=\"e-con-inner\">\n\t\t\t\t<div class=\"elementor-element elementor-element-52e106ea elementor-widget elementor-widget-image\" data-id=\"52e106ea\" data-element_type=\"widget\" data-e-type=\"widget\" data-widget_type=\"image.default\">\n\t\t\t\t\t\t\t\t\t\t\t\t\t\t\t\t<a href=\"https:\/\/www.termicasalfonso.es\/\">\n\t\t\t\t\t\t\t<img fetchpriority=\"high\" decoding=\"async\" width=\"400\" height=\"220\" src=\"https:\/\/pueblosycomarcas.com\/wp-content\/uploads\/2025\/07\/banner-instalaciones-alfonso.jpg\" class=\"attachment-large size-large wp-image-107\" alt=\"\" srcset=\"https:\/\/pueblosycomarcas.com\/wp-content\/uploads\/2025\/07\/banner-instalaciones-alfonso.jpg 400w, https:\/\/pueblosycomarcas.com\/wp-content\/uploads\/2025\/07\/banner-instalaciones-alfonso-300x165.jpg 300w\" sizes=\"(max-width: 400px) 100vw, 400px\" \/>\t\t\t\t\t\t\t\t<\/a>\n\t\t\t\t\t\t\t\t\t\t\t\t\t\t\t<\/div>\n\t\t\t\t<div class=\"elementor-element elementor-element-56b99f32 elementor-widget elementor-widget-text-editor\" data-id=\"56b99f32\" data-element_type=\"widget\" data-e-type=\"widget\" data-widget_type=\"text-editor.default\">\n\t\t\t\t\t\t\t\t\t<ul><li><h6><strong><em>OTHER REGIONS<\/em><\/strong><\/h6><\/li><\/ul>\t\t\t\t\t\t\t\t<\/div>\n\t\t\t\t<div class=\"elementor-element elementor-element-52d604e7 elementor-widget elementor-widget-heading\" data-id=\"52d604e7\" data-element_type=\"widget\" data-e-type=\"widget\" data-widget_type=\"heading.default\">\n\t\t\t\t\t<h2 class=\"elementor-heading-title elementor-size-default\">Dos detenidos en Zarat\u00e1n por un presunto robo con fuerza, en grado de tentativa, en un establecimiento hostelero<\/h2>\t\t\t\t<\/div>\n\t\t\t\t<div class=\"elementor-element elementor-element-7d13ce5a elementor-widget elementor-widget-text-editor\" data-id=\"7d13ce5a\" data-element_type=\"widget\" data-e-type=\"widget\" data-widget_type=\"text-editor.default\">\n\t\t\t\t\t\t\t\t\t<ul><li><h6><em><strong>Uno de los detenidos intent\u00f3 ocultarse entre la maleza para evitar ser localizado por los agentes<\/strong><\/em><\/h6><\/li><li><h6><em><strong>Los sospechosos huyeron saltando tapias y tejados antes de ser finalmente interceptados<\/strong><\/em><\/h6><\/li><\/ul>\t\t\t\t\t\t\t\t<\/div>\n\t\t\t\t<div class=\"elementor-element elementor-element-643c44cc elementor-widget-divider--view-line elementor-widget elementor-widget-divider\" data-id=\"643c44cc\" data-element_type=\"widget\" data-e-type=\"widget\" data-widget_type=\"divider.default\">\n\t\t\t\t\t\t\t<div class=\"elementor-divider\">\n\t\t\t<span class=\"elementor-divider-separator\">\n\t\t\t\t\t\t<\/span>\n\t\t<\/div>\n\t\t\t\t\t\t<\/div>\n\t\t\t\t<div class=\"elementor-element elementor-element-379ecc39 elementor-widget elementor-widget-image\" data-id=\"379ecc39\" data-element_type=\"widget\" data-e-type=\"widget\" data-widget_type=\"image.default\">\n\t\t\t\t\t\t\t\t\t\t\t\t<figure class=\"wp-caption\">\n\t\t\t\t\t\t\t\t\t\t<img decoding=\"async\" width=\"800\" height=\"400\" src=\"https:\/\/pueblosycomarcas.com\/wp-content\/uploads\/2026\/01\/20260128_furgon_guardia_civil.jpeg\" class=\"attachment-large size-large wp-image-5785\" alt=\"\" srcset=\"https:\/\/pueblosycomarcas.com\/wp-content\/uploads\/2026\/01\/20260128_furgon_guardia_civil.jpeg 800w, https:\/\/pueblosycomarcas.com\/wp-content\/uploads\/2026\/01\/20260128_furgon_guardia_civil-300x150.jpeg 300w, https:\/\/pueblosycomarcas.com\/wp-content\/uploads\/2026\/01\/20260128_furgon_guardia_civil-768x384.jpeg 768w\" sizes=\"(max-width: 800px) 100vw, 800px\" \/>\t\t\t\t\t\t\t\t\t\t\t<figcaption class=\"widget-image-caption wp-caption-text\">Imagen de archivo de la Guardia Civil.<\/figcaption>\n\t\t\t\t\t\t\t\t\t\t<\/figure>\n\t\t\t\t\t\t\t\t\t<\/div>\n\t\t\t\t<div class=\"elementor-element elementor-element-15eb47ff elementor-widget elementor-widget-text-editor\" data-id=\"15eb47ff\" data-element_type=\"widget\" data-e-type=\"widget\" data-widget_type=\"text-editor.default\">\n\t\t\t\t\t\t\t\t\t<p><a href=\"https:\/\/www.facebook.com\/Pueblos-y-Comarcas-125437870924169\/?fref=ts\"><strong><em>Pueblosycomarcas.com<\/em><\/strong><\/a><strong><em>;\u00a0<\/em><\/strong><a href=\"https:\/\/twitter.com\/PueblosComarcas\"><strong><em>@PueblosComarcas<\/em><\/strong><\/a><\/p><p>La Guardia Civil de Valladolid ha procedido a la detenci\u00f3n de dos personas en la localidad de Zarat\u00e1n, como presuntos autores de un delito de robo con fuerza, en grado de tentativa en un establecimiento de hosteler\u00eda de la localidad de Zarat\u00e1n.<\/p><p>Los hechos ocurrieron durante la noche del pasado 22 de abril, cuando el Centro Operativo de Servicios de la Guardia Civil (062) recibi\u00f3 el aviso de una alarma activada en un establecimiento hostelero de la localidad. Una patrulla se desplaz\u00f3 de inmediato al lugar y, tras revisar las c\u00e1maras de seguridad, observ\u00f3 a dos varones intentando acceder al interior del local.<\/p><p>La Guardia Civil cuando lleg\u00f3 al lugar de los hechos localiz\u00f3 a dos personas cuyas caracter\u00edsticas coincid\u00edan con las de los presuntos autores. Al percatarse de la presencia policial, ambos emprendieron la huida a la carrera, desobedeciendo las \u00f3rdenes de alto. Durante la fuga, saltaron varias tapias y trataron de despistar a los agentes atravesando patios y tejados de viviendas colindantes.<\/p><p>Uno de los sospechosos fue interceptado en el patio trasero de una vivienda, donde qued\u00f3 acorralado. Paralelamente, otra patrulla localiz\u00f3 en las inmediaciones a un segundo individuo con caracter\u00edsticas similares a las del otro autor, que tambi\u00e9n fue identificado.<\/p><p>Posteriormente, los agentes localizaron el veh\u00edculo del primer detenido. En su interior hallaron efectos personales del segundo identificado, as\u00ed como guantes y diversas herramientas presuntamente destinadas a cometer el robo. Estos indicios motivaron la detenci\u00f3n del segundo implicado.<\/p><p>Varias patrullas participaron en el operativo, que concluy\u00f3 con la detenci\u00f3n de ambos varones y la recuperaci\u00f3n de pruebas relevantes. El establecimiento presentaba claros signos de forzamiento, aunque la r\u00e1pida actuaci\u00f3n de la Guardia Civil impidi\u00f3 que el robo llegara a consumarse.<\/p><p>La Guardia Civil ha instruido las diligencias que han sido puestas a disposici\u00f3n del Juzgado de Guardia de Valladolid<\/p>\t\t\t\t\t\t\t\t<\/div>\n\t\t<div class=\"elementor-element elementor-element-e1cabc1 e-con-full e-flex wpr-particle-no wpr-jarallax-no wpr-parallax-no wpr-sticky-section-no wpr-equal-height-no e-con e-child\" data-id=\"e1cabc1\" data-element_type=\"container\" data-e-type=\"container\">\n\t\t\t\t<div class=\"elementor-element elementor-element-7a635014 elementor-widget elementor-widget-image\" data-id=\"7a635014\" data-element_type=\"widget\" data-e-type=\"widget\" data-widget_type=\"image.default\">\n\t\t\t\t\t\t\t\t\t\t\t\t\t\t\t\t<a href=\"https:\/\/www.granjapinilla.com\/\">\n\t\t\t\t\t\t\t<img decoding=\"async\" width=\"639\" height=\"150\" src=\"https:\/\/pueblosycomarcas.com\/wp-content\/uploads\/2025\/07\/banner-granja-pinilla.jpg\" class=\"attachment-large size-large wp-image-105\" alt=\"\" srcset=\"https:\/\/pueblosycomarcas.com\/wp-content\/uploads\/2025\/07\/banner-granja-pinilla.jpg 639w, https:\/\/pueblosycomarcas.com\/wp-content\/uploads\/2025\/07\/banner-granja-pinilla-300x70.jpg 300w\" sizes=\"(max-width: 639px) 100vw, 639px\" \/>\t\t\t\t\t\t\t\t<\/a>\n\t\t\t\t\t\t\t\t\t\t\t\t\t\t\t<\/div>\n\t\t\t\t<\/div>\n\t\t\t\t\t<\/div>\n\t\t\t\t<\/div>\n\t\t\t\t<\/div>","protected":false},"excerpt":{"rendered":"<p>Otras comarcas Dos detenidos en Zarat\u00e1n por un presunto robo con fuerza, en grado de tentativa, en un establecimiento hostelero Uno de los detenidos intent\u00f3 ocultarse entre la maleza para evitar ser localizado por los agentes Los sospechosos huyeron saltando tapias y tejados antes de ser finalmente interceptados Imagen de archivo de la Guardia Civil. Pueblosycomarcas.com;\u00a0@PueblosComarcas La Guardia Civil de Valladolid ha procedido a la detenci\u00f3n de dos personas en la localidad de Zarat\u00e1n, como presuntos autores de un delito de robo con fuerza, en grado de tentativa en un establecimiento de hosteler\u00eda de la localidad de Zarat\u00e1n. Los hechos ocurrieron durante la noche del pasado 22 de abril, cuando el Centro Operativo de Servicios de la Guardia Civil (062) recibi\u00f3 el aviso de una alarma activada en un establecimiento hostelero de la localidad. Una patrulla se desplaz\u00f3 de inmediato al lugar y, tras revisar las c\u00e1maras de seguridad, observ\u00f3 a dos varones intentando acceder al interior del local. La Guardia Civil cuando lleg\u00f3 al lugar de los hechos localiz\u00f3 a dos personas cuyas caracter\u00edsticas coincid\u00edan con las de los presuntos autores. Al percatarse de la presencia policial, ambos emprendieron la huida a la carrera, desobedeciendo las \u00f3rdenes de alto. Durante la fuga, saltaron varias tapias y trataron de despistar a los agentes atravesando patios y tejados de viviendas colindantes. Uno de los sospechosos fue interceptado en el patio trasero de una vivienda, donde qued\u00f3 acorralado. Paralelamente, otra patrulla localiz\u00f3 en las inmediaciones a un segundo individuo con caracter\u00edsticas similares a las del otro autor, que tambi\u00e9n fue identificado. Posteriormente, los agentes localizaron el veh\u00edculo del primer detenido. En su interior hallaron efectos personales del segundo identificado, as\u00ed como guantes y diversas herramientas presuntamente destinadas a cometer el robo. Estos indicios motivaron la detenci\u00f3n del segundo implicado. Varias patrullas participaron en el operativo, que concluy\u00f3 con la detenci\u00f3n de ambos varones y la recuperaci\u00f3n de pruebas relevantes. El establecimiento presentaba claros signos de forzamiento, aunque la r\u00e1pida actuaci\u00f3n de la Guardia Civil impidi\u00f3 que el robo llegara a consumarse. La Guardia Civil ha instruido las diligencias que han sido puestas a disposici\u00f3n del Juzgado de Guardia de Valladolid<\/p>","protected":false},"author":2,"featured_media":5785,"comment_status":"open","ping_status":"closed","sticky":false,"template":"","format":"standard","meta":{"site-sidebar-layout":"default","site-content-layout":"","ast-site-content-layout":"default","site-content-style":"default","site-sidebar-style":"default","ast-global-header-display":"","ast-banner-title-visibility":"","ast-main-header-display":"","ast-hfb-above-header-display":"","ast-hfb-below-header-display":"","ast-hfb-mobile-header-display":"","site-post-title":"disabled","ast-breadcrumbs-content":"","ast-featured-img":"","footer-sml-layout":"","theme-transparent-header-meta":"","adv-header-id-meta":"","stick-header-meta":"","header-above-stick-meta":"","header-main-stick-meta":"","header-below-stick-meta":"","astra-migrate-meta-layouts":"default","ast-page-background-enabled":"default","ast-page-background-meta":{"desktop":{"background-color":"var(--ast-global-color-5)","background-image":"","background-repeat":"repeat","background-position":"center center","background-size":"auto","background-attachment":"scroll","background-type":"","background-media":"","overlay-type":"","overlay-color":"","overlay-opacity":"","overlay-gradient":""},"tablet":{"background-color":"","background-image":"","background-repeat":"repeat","background-position":"center center","background-size":"auto","background-attachment":"scroll","background-type":"","background-media":"","overlay-type":"","overlay-color":"","overlay-opacity":"","overlay-gradient":""},"mobile":{"background-color":"","background-image":"","background-repeat":"repeat","background-position":"center center","background-size":"auto","background-attachment":"scroll","background-type":"","background-media":"","overlay-type":"","overlay-color":"","overlay-opacity":"","overlay-gradient":""}},"ast-content-background-meta":{"desktop":{"background-color":"var(--ast-global-color-4)","background-image":"","background-repeat":"repeat","background-position":"center center","background-size":"auto","background-attachment":"scroll","background-type":"","background-media":"","overlay-type":"","overlay-color":"","overlay-opacity":"","overlay-gradient":""},"tablet":{"background-color":"var(--ast-global-color-4)","background-image":"","background-repeat":"repeat","background-position":"center center","background-size":"auto","background-attachment":"scroll","background-type":"","background-media":"","overlay-type":"","overlay-color":"","overlay-opacity":"","overlay-gradient":""},"mobile":{"background-color":"var(--ast-global-color-4)","background-image":"","background-repeat":"repeat","background-position":"center center","background-size":"auto","background-attachment":"scroll","background-type":"","background-media":"","overlay-type":"","overlay-color":"","overlay-opacity":"","overlay-gradient":""}},"ngg_post_thumbnail":0,"footnotes":""},"categories":[10,16,12],"tags":[28,115,22,105],"class_list":["post-10954","post","type-post","status-publish","format-standard","has-post-thumbnail","hentry","category-otras-comarcas","category-portada","category-sucesos","tag-guardia-civil","tag-provincia","tag-valladolid","tag-zaratan"],"aioseo_notices":[],"rttpg_featured_image_url":{"full":["https:\/\/pueblosycomarcas.com\/wp-content\/uploads\/2026\/01\/20260128_furgon_guardia_civil.jpeg",800,400,false],"landscape":["https:\/\/pueblosycomarcas.com\/wp-content\/uploads\/2026\/01\/20260128_furgon_guardia_civil.jpeg",800,400,false],"portraits":["https:\/\/pueblosycomarcas.com\/wp-content\/uploads\/2026\/01\/20260128_furgon_guardia_civil.jpeg",800,400,false],"thumbnail":["https:\/\/pueblosycomarcas.com\/wp-content\/uploads\/2026\/01\/20260128_furgon_guardia_civil-150x150.jpeg",150,150,true],"medium":["https:\/\/pueblosycomarcas.com\/wp-content\/uploads\/2026\/01\/20260128_furgon_guardia_civil-300x150.jpeg",300,150,true],"large":["https:\/\/pueblosycomarcas.com\/wp-content\/uploads\/2026\/01\/20260128_furgon_guardia_civil.jpeg",800,400,false],"1536x1536":["https:\/\/pueblosycomarcas.com\/wp-content\/uploads\/2026\/01\/20260128_furgon_guardia_civil.jpeg",800,400,false],"2048x2048":["https:\/\/pueblosycomarcas.com\/wp-content\/uploads\/2026\/01\/20260128_furgon_guardia_civil.jpeg",800,400,false],"trp-custom-language-flag":["https:\/\/pueblosycomarcas.com\/wp-content\/uploads\/2026\/01\/20260128_furgon_guardia_civil.jpeg",18,9,false]},"rttpg_author":{"display_name":"Juanjo","author_link":"https:\/\/pueblosycomarcas.com\/en\/author\/pueblosycomarcas\/"},"rttpg_comment":0,"rttpg_category":"<a href=\"https:\/\/pueblosycomarcas.com\/en\/category\/otras-comarcas\/\" rel=\"category tag\">Otras Comarcas<\/a> <a href=\"https:\/\/pueblosycomarcas.com\/en\/category\/portada\/\" rel=\"category tag\">Portada<\/a> <a href=\"https:\/\/pueblosycomarcas.com\/en\/category\/sucesos\/\" rel=\"category tag\">Sucesos<\/a>","rttpg_excerpt":"Otras comarcas Dos detenidos en Zarat\u00e1n por un presunto robo con fuerza, en grado de tentativa, en un establecimiento hostelero Uno de los detenidos intent\u00f3 ocultarse entre la maleza para evitar ser localizado por los agentes Los sospechosos huyeron saltando tapias y tejados antes de ser finalmente interceptados Imagen de archivo de la Guardia Civil.&hellip;","_links":{"self":[{"href":"https:\/\/pueblosycomarcas.com\/en\/wp-json\/wp\/v2\/posts\/10954","targetHints":{"allow":["GET"]}}],"collection":[{"href":"https:\/\/pueblosycomarcas.com\/en\/wp-json\/wp\/v2\/posts"}],"about":[{"href":"https:\/\/pueblosycomarcas.com\/en\/wp-json\/wp\/v2\/types\/post"}],"author":[{"embeddable":true,"href":"https:\/\/pueblosycomarcas.com\/en\/wp-json\/wp\/v2\/users\/2"}],"replies":[{"embeddable":true,"href":"https:\/\/pueblosycomarcas.com\/en\/wp-json\/wp\/v2\/comments?post=10954"}],"version-history":[{"count":8,"href":"https:\/\/pueblosycomarcas.com\/en\/wp-json\/wp\/v2\/posts\/10954\/revisions"}],"predecessor-version":[{"id":10962,"href":"https:\/\/pueblosycomarcas.com\/en\/wp-json\/wp\/v2\/posts\/10954\/revisions\/10962"}],"wp:featuredmedia":[{"embeddable":true,"href":"https:\/\/pueblosycomarcas.com\/en\/wp-json\/wp\/v2\/media\/5785"}],"wp:attachment":[{"href":"https:\/\/pueblosycomarcas.com\/en\/wp-json\/wp\/v2\/media?parent=10954"}],"wp:term":[{"taxonomy":"category","embeddable":true,"href":"https:\/\/pueblosycomarcas.com\/en\/wp-json\/wp\/v2\/categories?post=10954"},{"taxonomy":"post_tag","embeddable":true,"href":"https:\/\/pueblosycomarcas.com\/en\/wp-json\/wp\/v2\/tags?post=10954"}],"curies":[{"name":"wp","href":"https:\/\/api.w.org\/{rel}","templated":true}]}}