{"id":10932,"date":"2026-04-30T08:49:38","date_gmt":"2026-04-30T07:49:38","guid":{"rendered":"https:\/\/pueblosycomarcas.com\/?p=10932"},"modified":"2026-04-30T08:52:16","modified_gmt":"2026-04-30T07:52:16","slug":"el-psoe-denuncia-que-la-junta-mira-hacia-otro-lado-mientras-el-pp-deja-deteriorarse-los-colegios-publicos-de-valladolid","status":"publish","type":"post","link":"https:\/\/pueblosycomarcas.com\/en\/el-psoe-denuncia-que-la-junta-mira-hacia-otro-lado-mientras-el-pp-deja-deteriorarse-los-colegios-publicos-de-valladolid\/","title":{"rendered":"El PSOE denuncia que \u201cla Junta mira hacia otro lado mientras el PP deja deteriorarse los colegios p\u00fablicos de Valladolid\u201d"},"content":{"rendered":"<div data-elementor-type=\"wp-post\" data-elementor-id=\"10932\" class=\"elementor elementor-10932\">\n\t\t\t\t<div class=\"elementor-element elementor-element-76e9cf86 e-flex e-con-boxed wpr-particle-no wpr-jarallax-no wpr-parallax-no wpr-sticky-section-no wpr-equal-height-no e-con e-parent\" data-id=\"76e9cf86\" data-element_type=\"container\" data-e-type=\"container\">\n\t\t\t\t\t<div class=\"e-con-inner\">\n\t\t\t\t<div class=\"elementor-element elementor-element-71064608 elementor-widget elementor-widget-image\" data-id=\"71064608\" data-element_type=\"widget\" data-e-type=\"widget\" data-widget_type=\"image.default\">\n\t\t\t\t\t\t\t\t\t\t\t\t\t\t\t\t<a href=\"https:\/\/www.termicasalfonso.es\/\">\n\t\t\t\t\t\t\t<img fetchpriority=\"high\" decoding=\"async\" width=\"400\" height=\"220\" src=\"https:\/\/pueblosycomarcas.com\/wp-content\/uploads\/2025\/07\/banner-instalaciones-alfonso.jpg\" class=\"attachment-large size-large wp-image-107\" alt=\"\" srcset=\"https:\/\/pueblosycomarcas.com\/wp-content\/uploads\/2025\/07\/banner-instalaciones-alfonso.jpg 400w, https:\/\/pueblosycomarcas.com\/wp-content\/uploads\/2025\/07\/banner-instalaciones-alfonso-300x165.jpg 300w\" sizes=\"(max-width: 400px) 100vw, 400px\" \/>\t\t\t\t\t\t\t\t<\/a>\n\t\t\t\t\t\t\t\t\t\t\t\t\t\t\t<\/div>\n\t\t\t\t<div class=\"elementor-element elementor-element-39d3155a elementor-widget elementor-widget-text-editor\" data-id=\"39d3155a\" data-element_type=\"widget\" data-e-type=\"widget\" data-widget_type=\"text-editor.default\">\n\t\t\t\t\t\t\t\t\t<ul><li><h6><strong><em>OTHER REGIONS<\/em><\/strong><\/h6><\/li><\/ul>\t\t\t\t\t\t\t\t<\/div>\n\t\t\t\t<div class=\"elementor-element elementor-element-3f38cb64 elementor-widget elementor-widget-heading\" data-id=\"3f38cb64\" data-element_type=\"widget\" data-e-type=\"widget\" data-widget_type=\"heading.default\">\n\t\t\t\t\t<h2 class=\"elementor-heading-title elementor-size-default\">El PSOE denuncia que \u201cla Junta mira hacia otro lado mientras el PP deja deteriorarse los colegios p\u00fablicos de Valladolid\u201d<\/h2>\t\t\t\t<\/div>\n\t\t\t\t<div class=\"elementor-element elementor-element-4f2c179e elementor-widget elementor-widget-text-editor\" data-id=\"4f2c179e\" data-element_type=\"widget\" data-e-type=\"widget\" data-widget_type=\"text-editor.default\">\n\t\t\t\t\t\t\t\t\t<ul><li><h6><em><strong>Desde el PSOE de Valladolid se\u00f1alan directamente la falta de responsabilidad institucional: el Ayuntamiento de Valladolid y la Junta de Castilla y Le\u00f3n, ambos gobernados por el Partido Popular, \u201cse est\u00e1n pasando la pelota\u201d mientras los centros se deterioran d\u00eda a d\u00eda.<\/strong><\/em><\/h6><\/li><\/ul>\t\t\t\t\t\t\t\t<\/div>\n\t\t\t\t<div class=\"elementor-element elementor-element-3115c3e1 elementor-widget-divider--view-line elementor-widget elementor-widget-divider\" data-id=\"3115c3e1\" data-element_type=\"widget\" data-e-type=\"widget\" data-widget_type=\"divider.default\">\n\t\t\t\t\t\t\t<div class=\"elementor-divider\">\n\t\t\t<span class=\"elementor-divider-separator\">\n\t\t\t\t\t\t<\/span>\n\t\t<\/div>\n\t\t\t\t\t\t<\/div>\n\t\t\t\t<div class=\"elementor-element elementor-element-3ac3b486 elementor-widget elementor-widget-image\" data-id=\"3ac3b486\" data-element_type=\"widget\" data-e-type=\"widget\" data-widget_type=\"image.default\">\n\t\t\t\t\t\t\t\t\t\t\t\t\t\t\t<img decoding=\"async\" width=\"800\" height=\"400\" src=\"https:\/\/pueblosycomarcas.com\/wp-content\/uploads\/2026\/04\/20220914_aula.jpg\" class=\"attachment-large size-large wp-image-10933\" alt=\"\" srcset=\"https:\/\/pueblosycomarcas.com\/wp-content\/uploads\/2026\/04\/20220914_aula.jpg 800w, https:\/\/pueblosycomarcas.com\/wp-content\/uploads\/2026\/04\/20220914_aula-300x150.jpg 300w, https:\/\/pueblosycomarcas.com\/wp-content\/uploads\/2026\/04\/20220914_aula-768x384.jpg 768w, https:\/\/pueblosycomarcas.com\/wp-content\/uploads\/2026\/04\/20220914_aula-18x9.jpg 18w\" sizes=\"(max-width: 800px) 100vw, 800px\" \/>\t\t\t\t\t\t\t\t\t\t\t\t\t\t\t<\/div>\n\t\t\t\t<div class=\"elementor-element elementor-element-9f8169e elementor-widget elementor-widget-text-editor\" data-id=\"9f8169e\" data-element_type=\"widget\" data-e-type=\"widget\" data-widget_type=\"text-editor.default\">\n\t\t\t\t\t\t\t\t\t<p><a href=\"https:\/\/www.facebook.com\/Pueblos-y-Comarcas-125437870924169\/?fref=ts\"><strong><em>Pueblosycomarcas.com<\/em><\/strong><\/a><strong><em>;\u00a0<\/em><\/strong><a href=\"https:\/\/twitter.com\/PueblosComarcas\"><strong><em>@PueblosComarcas<\/em><\/strong><\/a><\/p><p>El Grupo Parlamentario Socialista en las Cortes de Castilla y Le\u00f3n ha registrado una iniciativa para exigir a la Junta que act\u00fae de forma urgente ante el estado \u201clamentable\u201d de numerosos colegios p\u00fablicos de Valladolid.<\/p><p>La situaci\u00f3n, denuncian, \u201cno es aislada\u201d. En este sentido, las socialistas manifiestas que asociaciones de madres y padres, equipos directivos y sindicatos llevan tiempo alertando del deterioro de los centros: ca\u00edda de elementos como ventanas o \u00e1rboles \u2014como el reciente caso de un pino en el CEIP Alonso Berruguete\u2014, fachadas envejecidas, suelos en mal estado y equipamientos que no cumplen la normativa de seguridad.<\/p><p>Seg\u00fan el PSOE, muchos de estos colegios superan los 30 a\u00f1os sin una renovaci\u00f3n integral, mientras el problema se agrava y el riesgo para el alumnado sigue ah\u00ed.<\/p><p>Desde el PSOE de Valladolid se\u00f1alan directamente la falta de responsabilidad institucional: el Ayuntamiento de Valladolid y la Junta de Castilla y Le\u00f3n, ambos gobernados por el Partido Popular, \u201cse est\u00e1n pasando la pelota\u201d mientras los centros se deterioran d\u00eda a d\u00eda.<\/p><p>Los socialistas denuncian adem\u00e1s la \u201cpar\u00e1lisis\u201d del Gobierno auton\u00f3mico del PP ante una situaci\u00f3n que afecta de lleno a la seguridad y a la calidad de la educaci\u00f3n p\u00fablica.<\/p><p>Por ello, han registrado varias preguntas parlamentarias para que la Junta aclare si conoce el estado real de los centros y qu\u00e9 medidas concretas piensa poner en marcha.<\/p><p>\u201cEl mantenimiento de los colegios p\u00fablicos no puede seguir esperando. Estamos hablando de la seguridad de nuestros ni\u00f1os y ni\u00f1as\u201d.<\/p>\t\t\t\t\t\t\t\t<\/div>\n\t\t<div class=\"elementor-element elementor-element-31c6b421 e-con-full e-flex wpr-particle-no wpr-jarallax-no wpr-parallax-no wpr-sticky-section-no wpr-equal-height-no e-con e-child\" data-id=\"31c6b421\" data-element_type=\"container\" data-e-type=\"container\">\n\t\t\t\t<div class=\"elementor-element elementor-element-3c186b39 elementor-widget elementor-widget-image\" data-id=\"3c186b39\" data-element_type=\"widget\" data-e-type=\"widget\" data-widget_type=\"image.default\">\n\t\t\t\t\t\t\t\t\t\t\t\t\t\t\t\t<a href=\"https:\/\/www.granjapinilla.com\/\">\n\t\t\t\t\t\t\t<img decoding=\"async\" width=\"639\" height=\"150\" src=\"https:\/\/pueblosycomarcas.com\/wp-content\/uploads\/2025\/07\/banner-granja-pinilla.jpg\" class=\"attachment-large size-large wp-image-105\" alt=\"\" srcset=\"https:\/\/pueblosycomarcas.com\/wp-content\/uploads\/2025\/07\/banner-granja-pinilla.jpg 639w, https:\/\/pueblosycomarcas.com\/wp-content\/uploads\/2025\/07\/banner-granja-pinilla-300x70.jpg 300w\" sizes=\"(max-width: 639px) 100vw, 639px\" \/>\t\t\t\t\t\t\t\t<\/a>\n\t\t\t\t\t\t\t\t\t\t\t\t\t\t\t<\/div>\n\t\t\t\t<\/div>\n\t\t\t\t\t<\/div>\n\t\t\t\t<\/div>\n\t\t\t\t<\/div>","protected":false},"excerpt":{"rendered":"<p>Otras comarcas El PSOE denuncia que \u201cla Junta mira hacia otro lado mientras el PP deja deteriorarse los colegios p\u00fablicos de Valladolid\u201d Desde el PSOE de Valladolid se\u00f1alan directamente la falta de responsabilidad institucional: el Ayuntamiento de Valladolid y la Junta de Castilla y Le\u00f3n, ambos gobernados por el Partido Popular, \u201cse est\u00e1n pasando la pelota\u201d mientras los centros se deterioran d\u00eda a d\u00eda. Pueblosycomarcas.com;\u00a0@PueblosComarcas El Grupo Parlamentario Socialista en las Cortes de Castilla y Le\u00f3n ha registrado una iniciativa para exigir a la Junta que act\u00fae de forma urgente ante el estado \u201clamentable\u201d de numerosos colegios p\u00fablicos de Valladolid. La situaci\u00f3n, denuncian, \u201cno es aislada\u201d. En este sentido, las socialistas manifiestas que asociaciones de madres y padres, equipos directivos y sindicatos llevan tiempo alertando del deterioro de los centros: ca\u00edda de elementos como ventanas o \u00e1rboles \u2014como el reciente caso de un pino en el CEIP Alonso Berruguete\u2014, fachadas envejecidas, suelos en mal estado y equipamientos que no cumplen la normativa de seguridad. Seg\u00fan el PSOE, muchos de estos colegios superan los 30 a\u00f1os sin una renovaci\u00f3n integral, mientras el problema se agrava y el riesgo para el alumnado sigue ah\u00ed. Desde el PSOE de Valladolid se\u00f1alan directamente la falta de responsabilidad institucional: el Ayuntamiento de Valladolid y la Junta de Castilla y Le\u00f3n, ambos gobernados por el Partido Popular, \u201cse est\u00e1n pasando la pelota\u201d mientras los centros se deterioran d\u00eda a d\u00eda. Los socialistas denuncian adem\u00e1s la \u201cpar\u00e1lisis\u201d del Gobierno auton\u00f3mico del PP ante una situaci\u00f3n que afecta de lleno a la seguridad y a la calidad de la educaci\u00f3n p\u00fablica. Por ello, han registrado varias preguntas parlamentarias para que la Junta aclare si conoce el estado real de los centros y qu\u00e9 medidas concretas piensa poner en marcha. \u201cEl mantenimiento de los colegios p\u00fablicos no puede seguir esperando. Estamos hablando de la seguridad de nuestros ni\u00f1os y ni\u00f1as\u201d.<\/p>","protected":false},"author":2,"featured_media":10933,"comment_status":"open","ping_status":"closed","sticky":false,"template":"","format":"standard","meta":{"site-sidebar-layout":"default","site-content-layout":"","ast-site-content-layout":"default","site-content-style":"default","site-sidebar-style":"default","ast-global-header-display":"","ast-banner-title-visibility":"","ast-main-header-display":"","ast-hfb-above-header-display":"","ast-hfb-below-header-display":"","ast-hfb-mobile-header-display":"","site-post-title":"disabled","ast-breadcrumbs-content":"","ast-featured-img":"","footer-sml-layout":"","theme-transparent-header-meta":"","adv-header-id-meta":"","stick-header-meta":"","header-above-stick-meta":"","header-main-stick-meta":"","header-below-stick-meta":"","astra-migrate-meta-layouts":"default","ast-page-background-enabled":"default","ast-page-background-meta":{"desktop":{"background-color":"var(--ast-global-color-5)","background-image":"","background-repeat":"repeat","background-position":"center center","background-size":"auto","background-attachment":"scroll","background-type":"","background-media":"","overlay-type":"","overlay-color":"","overlay-opacity":"","overlay-gradient":""},"tablet":{"background-color":"","background-image":"","background-repeat":"repeat","background-position":"center center","background-size":"auto","background-attachment":"scroll","background-type":"","background-media":"","overlay-type":"","overlay-color":"","overlay-opacity":"","overlay-gradient":""},"mobile":{"background-color":"","background-image":"","background-repeat":"repeat","background-position":"center center","background-size":"auto","background-attachment":"scroll","background-type":"","background-media":"","overlay-type":"","overlay-color":"","overlay-opacity":"","overlay-gradient":""}},"ast-content-background-meta":{"desktop":{"background-color":"var(--ast-global-color-4)","background-image":"","background-repeat":"repeat","background-position":"center center","background-size":"auto","background-attachment":"scroll","background-type":"","background-media":"","overlay-type":"","overlay-color":"","overlay-opacity":"","overlay-gradient":""},"tablet":{"background-color":"var(--ast-global-color-4)","background-image":"","background-repeat":"repeat","background-position":"center center","background-size":"auto","background-attachment":"scroll","background-type":"","background-media":"","overlay-type":"","overlay-color":"","overlay-opacity":"","overlay-gradient":""},"mobile":{"background-color":"var(--ast-global-color-4)","background-image":"","background-repeat":"repeat","background-position":"center center","background-size":"auto","background-attachment":"scroll","background-type":"","background-media":"","overlay-type":"","overlay-color":"","overlay-opacity":"","overlay-gradient":""}},"ngg_post_thumbnail":0,"footnotes":""},"categories":[10,16],"tags":[50,145,22],"class_list":["post-10932","post","type-post","status-publish","format-standard","has-post-thumbnail","hentry","category-otras-comarcas","category-portada","tag-castilla-y-leon","tag-psoe","tag-valladolid"],"aioseo_notices":[],"rttpg_featured_image_url":{"full":["https:\/\/pueblosycomarcas.com\/wp-content\/uploads\/2026\/04\/20220914_aula.jpg",800,400,false],"landscape":["https:\/\/pueblosycomarcas.com\/wp-content\/uploads\/2026\/04\/20220914_aula.jpg",800,400,false],"portraits":["https:\/\/pueblosycomarcas.com\/wp-content\/uploads\/2026\/04\/20220914_aula.jpg",800,400,false],"thumbnail":["https:\/\/pueblosycomarcas.com\/wp-content\/uploads\/2026\/04\/20220914_aula-150x150.jpg",150,150,true],"medium":["https:\/\/pueblosycomarcas.com\/wp-content\/uploads\/2026\/04\/20220914_aula-300x150.jpg",300,150,true],"large":["https:\/\/pueblosycomarcas.com\/wp-content\/uploads\/2026\/04\/20220914_aula.jpg",800,400,false],"1536x1536":["https:\/\/pueblosycomarcas.com\/wp-content\/uploads\/2026\/04\/20220914_aula.jpg",800,400,false],"2048x2048":["https:\/\/pueblosycomarcas.com\/wp-content\/uploads\/2026\/04\/20220914_aula.jpg",800,400,false],"trp-custom-language-flag":["https:\/\/pueblosycomarcas.com\/wp-content\/uploads\/2026\/04\/20220914_aula-18x9.jpg",18,9,true]},"rttpg_author":{"display_name":"Juanjo","author_link":"https:\/\/pueblosycomarcas.com\/en\/author\/pueblosycomarcas\/"},"rttpg_comment":0,"rttpg_category":"<a href=\"https:\/\/pueblosycomarcas.com\/en\/category\/otras-comarcas\/\" rel=\"category tag\">Otras Comarcas<\/a> <a href=\"https:\/\/pueblosycomarcas.com\/en\/category\/portada\/\" rel=\"category tag\">Portada<\/a>","rttpg_excerpt":"Otras comarcas El PSOE denuncia que \u201cla Junta mira hacia otro lado mientras el PP deja deteriorarse los colegios p\u00fablicos de Valladolid\u201d Desde el PSOE de Valladolid se\u00f1alan directamente la falta de responsabilidad institucional: el Ayuntamiento de Valladolid y la Junta de Castilla y Le\u00f3n, ambos gobernados por el Partido Popular, \u201cse est\u00e1n pasando la&hellip;","_links":{"self":[{"href":"https:\/\/pueblosycomarcas.com\/en\/wp-json\/wp\/v2\/posts\/10932","targetHints":{"allow":["GET"]}}],"collection":[{"href":"https:\/\/pueblosycomarcas.com\/en\/wp-json\/wp\/v2\/posts"}],"about":[{"href":"https:\/\/pueblosycomarcas.com\/en\/wp-json\/wp\/v2\/types\/post"}],"author":[{"embeddable":true,"href":"https:\/\/pueblosycomarcas.com\/en\/wp-json\/wp\/v2\/users\/2"}],"replies":[{"embeddable":true,"href":"https:\/\/pueblosycomarcas.com\/en\/wp-json\/wp\/v2\/comments?post=10932"}],"version-history":[{"count":5,"href":"https:\/\/pueblosycomarcas.com\/en\/wp-json\/wp\/v2\/posts\/10932\/revisions"}],"predecessor-version":[{"id":10938,"href":"https:\/\/pueblosycomarcas.com\/en\/wp-json\/wp\/v2\/posts\/10932\/revisions\/10938"}],"wp:featuredmedia":[{"embeddable":true,"href":"https:\/\/pueblosycomarcas.com\/en\/wp-json\/wp\/v2\/media\/10933"}],"wp:attachment":[{"href":"https:\/\/pueblosycomarcas.com\/en\/wp-json\/wp\/v2\/media?parent=10932"}],"wp:term":[{"taxonomy":"category","embeddable":true,"href":"https:\/\/pueblosycomarcas.com\/en\/wp-json\/wp\/v2\/categories?post=10932"},{"taxonomy":"post_tag","embeddable":true,"href":"https:\/\/pueblosycomarcas.com\/en\/wp-json\/wp\/v2\/tags?post=10932"}],"curies":[{"name":"wp","href":"https:\/\/api.w.org\/{rel}","templated":true}]}}