{"id":10925,"date":"2026-04-30T07:10:56","date_gmt":"2026-04-30T06:10:56","guid":{"rendered":"https:\/\/pueblosycomarcas.com\/?p=10925"},"modified":"2026-04-30T07:12:40","modified_gmt":"2026-04-30T06:12:40","slug":"izquierda-unida-llama-a-la-movilizacion-este-primero-de-mayo-en-valladolid-para-defender-los-derechos-y-reclamar-vivienda-y-empleo-digno","status":"publish","type":"post","link":"https:\/\/pueblosycomarcas.com\/en\/izquierda-unida-llama-a-la-movilizacion-este-primero-de-mayo-en-valladolid-para-defender-los-derechos-y-reclamar-vivienda-y-empleo-digno\/","title":{"rendered":"Izquierda Unida llama a la movilizaci\u00f3n este Primero de Mayo en Valladolid para defender los derechos y reclamar vivienda y empleo digno"},"content":{"rendered":"<div data-elementor-type=\"wp-post\" data-elementor-id=\"10925\" class=\"elementor elementor-10925\">\n\t\t\t\t<div class=\"elementor-element elementor-element-6d36a651 e-flex e-con-boxed wpr-particle-no wpr-jarallax-no wpr-parallax-no wpr-sticky-section-no wpr-equal-height-no e-con e-parent\" data-id=\"6d36a651\" data-element_type=\"container\" data-e-type=\"container\">\n\t\t\t\t\t<div class=\"e-con-inner\">\n\t\t\t\t<div class=\"elementor-element elementor-element-266d71c7 elementor-widget elementor-widget-image\" data-id=\"266d71c7\" data-element_type=\"widget\" data-e-type=\"widget\" data-widget_type=\"image.default\">\n\t\t\t\t\t\t\t\t\t\t\t\t\t\t\t\t<a href=\"https:\/\/www.termicasalfonso.es\/\">\n\t\t\t\t\t\t\t<img fetchpriority=\"high\" decoding=\"async\" width=\"400\" height=\"220\" src=\"https:\/\/pueblosycomarcas.com\/wp-content\/uploads\/2025\/07\/banner-instalaciones-alfonso.jpg\" class=\"attachment-large size-large wp-image-107\" alt=\"\" srcset=\"https:\/\/pueblosycomarcas.com\/wp-content\/uploads\/2025\/07\/banner-instalaciones-alfonso.jpg 400w, https:\/\/pueblosycomarcas.com\/wp-content\/uploads\/2025\/07\/banner-instalaciones-alfonso-300x165.jpg 300w\" sizes=\"(max-width: 400px) 100vw, 400px\" \/>\t\t\t\t\t\t\t\t<\/a>\n\t\t\t\t\t\t\t\t\t\t\t\t\t\t\t<\/div>\n\t\t\t\t<div class=\"elementor-element elementor-element-6d5531b1 elementor-widget elementor-widget-text-editor\" data-id=\"6d5531b1\" data-element_type=\"widget\" data-e-type=\"widget\" data-widget_type=\"text-editor.default\">\n\t\t\t\t\t\t\t\t\t<ul><li><h6><strong><em>Econom\u00eda, educaci\u00f3n y empleo.<\/em><\/strong><\/h6><\/li><\/ul>\t\t\t\t\t\t\t\t<\/div>\n\t\t\t\t<div class=\"elementor-element elementor-element-432fe66f elementor-widget elementor-widget-heading\" data-id=\"432fe66f\" data-element_type=\"widget\" data-e-type=\"widget\" data-widget_type=\"heading.default\">\n\t\t\t\t\t<h2 class=\"elementor-heading-title elementor-size-default\">Izquierda Unida llama a la movilizaci\u00f3n este Primero de Mayo en Valladolid para defender los derechos y reclamar vivienda y empleo digno<\/h2>\t\t\t\t<\/div>\n\t\t\t\t<div class=\"elementor-element elementor-element-218f0860 elementor-widget elementor-widget-text-editor\" data-id=\"218f0860\" data-element_type=\"widget\" data-e-type=\"widget\" data-widget_type=\"text-editor.default\">\n\t\t\t\t\t\t\t\t\t<ul><li><h6><em><strong>Desde IU subrayan que, pese a los avances laborales logrados en los \u00faltimos a\u00f1os, la precariedad contin\u00faa afectando de manera significativa a amplios sectores de la poblaci\u00f3n<\/strong><\/em><\/h6><\/li><\/ul>\t\t\t\t\t\t\t\t<\/div>\n\t\t\t\t<div class=\"elementor-element elementor-element-7e037c63 elementor-widget-divider--view-line elementor-widget elementor-widget-divider\" data-id=\"7e037c63\" data-element_type=\"widget\" data-e-type=\"widget\" data-widget_type=\"divider.default\">\n\t\t\t\t\t\t\t<div class=\"elementor-divider\">\n\t\t\t<span class=\"elementor-divider-separator\">\n\t\t\t\t\t\t<\/span>\n\t\t<\/div>\n\t\t\t\t\t\t<\/div>\n\t\t\t\t<div class=\"elementor-element elementor-element-1a32d5e6 elementor-widget elementor-widget-image\" data-id=\"1a32d5e6\" data-element_type=\"widget\" data-e-type=\"widget\" data-widget_type=\"image.default\">\n\t\t\t\t\t\t\t\t\t\t\t\t<figure class=\"wp-caption\">\n\t\t\t\t\t\t\t\t\t\t<img decoding=\"async\" width=\"800\" height=\"400\" src=\"https:\/\/pueblosycomarcas.com\/wp-content\/uploads\/2026\/04\/20260430_Juan-Fco.-Rodriguez.jpg\" class=\"attachment-large size-large wp-image-10926\" alt=\"\" srcset=\"https:\/\/pueblosycomarcas.com\/wp-content\/uploads\/2026\/04\/20260430_Juan-Fco.-Rodriguez.jpg 800w, https:\/\/pueblosycomarcas.com\/wp-content\/uploads\/2026\/04\/20260430_Juan-Fco.-Rodriguez-300x150.jpg 300w, https:\/\/pueblosycomarcas.com\/wp-content\/uploads\/2026\/04\/20260430_Juan-Fco.-Rodriguez-768x384.jpg 768w, https:\/\/pueblosycomarcas.com\/wp-content\/uploads\/2026\/04\/20260430_Juan-Fco.-Rodriguez-18x9.jpg 18w\" sizes=\"(max-width: 800px) 100vw, 800px\" \/>\t\t\t\t\t\t\t\t\t\t\t<figcaption class=\"widget-image-caption wp-caption-text\">Juan Fco. Rodr\u00edguez interviene en un acto del 1\u00ba de Mayo en Tordesillas. Foto archivo IU. <\/figcaption>\n\t\t\t\t\t\t\t\t\t\t<\/figure>\n\t\t\t\t\t\t\t\t\t<\/div>\n\t\t\t\t<div class=\"elementor-element elementor-element-5aeb272f elementor-widget elementor-widget-text-editor\" data-id=\"5aeb272f\" data-element_type=\"widget\" data-e-type=\"widget\" data-widget_type=\"text-editor.default\">\n\t\t\t\t\t\t\t\t\t<p><a href=\"https:\/\/www.facebook.com\/Pueblos-y-Comarcas-125437870924169\/?fref=ts\"><em><strong>Pueblosycomarcas.com<\/strong><\/em><\/a><em><strong>;\u00a0<\/strong><\/em><a href=\"https:\/\/twitter.com\/PueblosComarcas\"><em><strong>@PueblosComarcas<\/strong><\/em><\/a><\/p><p>Izquierda Unida Valladolid hace un llamamiento a la clase trabajadora de toda la provincia a participar activamente en las movilizaciones convocadas con motivo del Primero de Mayo. La formaci\u00f3n pol\u00edtica considera fundamental llenar las calles de Valladolid, Medina del Campo y Tordesillas en una jornada que, m\u00e1s all\u00e1 de la conmemoraci\u00f3n, debe ser un ejercicio de memoria colectiva y de reivindicaci\u00f3n frente a los desaf\u00edos sociales y econ\u00f3micos que enfrenta la mayor\u00eda social.<\/p><p>Desde IU subrayan que, pese a los avances laborales logrados en los \u00faltimos a\u00f1os, la precariedad contin\u00faa afectando de manera significativa a amplios sectores de la poblaci\u00f3n. En este sentido, advierten de que el bienestar de las familias trabajadoras sigue condicionado por problemas estructurales que requieren respuestas pol\u00edticas firmes, as\u00ed como una movilizaci\u00f3n sostenida para evitar retrocesos en los derechos conquistados.<\/p><p>El coordinador provincial de IU, Juan Francisco Rodr\u00edguez, ha se\u00f1alado que esta fecha debe servir para recordar que \u201clos derechos no son concesiones, sino fruto de d\u00e9cadas de lucha\u201d. Asimismo, ha insistido en que el Primero de Mayo es \u201cel d\u00eda de la clase trabajadora, una jornada para reivindicar que los derechos se conquistan y se defienden\u201d, subrayando que, a pesar de las mejoras, persisten problemas graves que afectan al d\u00eda a d\u00eda de muchas personas.<\/p><p>Uno de los ejes centrales de la movilizaci\u00f3n de este a\u00f1o ser\u00e1 el acceso a la vivienda, que Izquierda Unida define como una aut\u00e9ntica emergencia social. La formaci\u00f3n denuncia que la vivienda se ha convertido en un bien inaccesible para gran parte de la juventud y de las familias trabajadoras. Rodr\u00edguez ha criticado la falta de acci\u00f3n institucional en este \u00e1mbito y ha se\u00f1alado que en Castilla y Le\u00f3n a\u00fan no se est\u00e1n aplicando herramientas clave para garantizar este derecho fundamental.<\/p><p>Adem\u00e1s, IU pone el foco en la precariedad laboral que persiste en sectores esenciales, especialmente aquellos altamente feminizados. Como ejemplo, la organizaci\u00f3n destaca la huelga convocada para el pr\u00f3ximo 7 de mayo en el sector de las escuelas infantiles de 0 a 3 a\u00f1os. El coordinador provincial ha denunciado que las trabajadoras de este servicio b\u00e1sico contin\u00faan sosteniendo el sistema en condiciones inaceptables, lo que evidencia la necesidad de avanzar hacia convenios justos y hacia unos servicios p\u00fablicos de calidad y de gesti\u00f3n directa.<\/p><p>Por todo ello, Izquierda Unida anima a la ciudadan\u00eda a sumarse a las distintas convocatorias previstas en la provincia. La organizaci\u00f3n concluye que este Primero de Mayo debe ser una jornada de movilizaci\u00f3n, organizaci\u00f3n y lucha por un empleo digno, una vivienda accesible y unos servicios p\u00fablicos fuertes, se\u00f1alando que la presencia en las calles es la mejor forma de demostrar que la mayor\u00eda social est\u00e1 decidida a conquistar una vida mejor.<\/p>\t\t\t\t\t\t\t\t<\/div>\n\t\t<div class=\"elementor-element elementor-element-3a45b814 e-con-full e-flex wpr-particle-no wpr-jarallax-no wpr-parallax-no wpr-sticky-section-no wpr-equal-height-no e-con e-child\" data-id=\"3a45b814\" data-element_type=\"container\" data-e-type=\"container\">\n\t\t\t\t<div class=\"elementor-element elementor-element-437e4e98 elementor-widget elementor-widget-image\" data-id=\"437e4e98\" data-element_type=\"widget\" data-e-type=\"widget\" data-widget_type=\"image.default\">\n\t\t\t\t\t\t\t\t\t\t\t\t\t\t\t\t<a href=\"https:\/\/www.granjapinilla.com\/\">\n\t\t\t\t\t\t\t<img decoding=\"async\" width=\"639\" height=\"150\" src=\"https:\/\/pueblosycomarcas.com\/wp-content\/uploads\/2025\/07\/banner-granja-pinilla.jpg\" class=\"attachment-large size-large wp-image-105\" alt=\"\" srcset=\"https:\/\/pueblosycomarcas.com\/wp-content\/uploads\/2025\/07\/banner-granja-pinilla.jpg 639w, https:\/\/pueblosycomarcas.com\/wp-content\/uploads\/2025\/07\/banner-granja-pinilla-300x70.jpg 300w\" sizes=\"(max-width: 639px) 100vw, 639px\" \/>\t\t\t\t\t\t\t\t<\/a>\n\t\t\t\t\t\t\t\t\t\t\t\t\t\t\t<\/div>\n\t\t\t\t<\/div>\n\t\t\t\t\t<\/div>\n\t\t\t\t<\/div>\n\t\t\t\t<\/div>","protected":false},"excerpt":{"rendered":"<p>Econom\u00eda, educaci\u00f3n y empleo. Izquierda Unida llama a la movilizaci\u00f3n este Primero de Mayo en Valladolid para defender los derechos y reclamar vivienda y empleo digno Desde IU subrayan que, pese a los avances laborales logrados en los \u00faltimos a\u00f1os, la precariedad contin\u00faa afectando de manera significativa a amplios sectores de la poblaci\u00f3n Juan Fco. Rodr\u00edguez interviene en un acto del 1\u00ba de Mayo en Tordesillas. Foto archivo IU. Pueblosycomarcas.com;\u00a0@PueblosComarcas Izquierda Unida Valladolid hace un llamamiento a la clase trabajadora de toda la provincia a participar activamente en las movilizaciones convocadas con motivo del Primero de Mayo. La formaci\u00f3n pol\u00edtica considera fundamental llenar las calles de Valladolid, Medina del Campo y Tordesillas en una jornada que, m\u00e1s all\u00e1 de la conmemoraci\u00f3n, debe ser un ejercicio de memoria colectiva y de reivindicaci\u00f3n frente a los desaf\u00edos sociales y econ\u00f3micos que enfrenta la mayor\u00eda social. Desde IU subrayan que, pese a los avances laborales logrados en los \u00faltimos a\u00f1os, la precariedad contin\u00faa afectando de manera significativa a amplios sectores de la poblaci\u00f3n. En este sentido, advierten de que el bienestar de las familias trabajadoras sigue condicionado por problemas estructurales que requieren respuestas pol\u00edticas firmes, as\u00ed como una movilizaci\u00f3n sostenida para evitar retrocesos en los derechos conquistados. El coordinador provincial de IU, Juan Francisco Rodr\u00edguez, ha se\u00f1alado que esta fecha debe servir para recordar que \u201clos derechos no son concesiones, sino fruto de d\u00e9cadas de lucha\u201d. Asimismo, ha insistido en que el Primero de Mayo es \u201cel d\u00eda de la clase trabajadora, una jornada para reivindicar que los derechos se conquistan y se defienden\u201d, subrayando que, a pesar de las mejoras, persisten problemas graves que afectan al d\u00eda a d\u00eda de muchas personas. Uno de los ejes centrales de la movilizaci\u00f3n de este a\u00f1o ser\u00e1 el acceso a la vivienda, que Izquierda Unida define como una aut\u00e9ntica emergencia social. La formaci\u00f3n denuncia que la vivienda se ha convertido en un bien inaccesible para gran parte de la juventud y de las familias trabajadoras. Rodr\u00edguez ha criticado la falta de acci\u00f3n institucional en este \u00e1mbito y ha se\u00f1alado que en Castilla y Le\u00f3n a\u00fan no se est\u00e1n aplicando herramientas clave para garantizar este derecho fundamental. Adem\u00e1s, IU pone el foco en la precariedad laboral que persiste en sectores esenciales, especialmente aquellos altamente feminizados. Como ejemplo, la organizaci\u00f3n destaca la huelga convocada para el pr\u00f3ximo 7 de mayo en el sector de las escuelas infantiles de 0 a 3 a\u00f1os. El coordinador provincial ha denunciado que las trabajadoras de este servicio b\u00e1sico contin\u00faan sosteniendo el sistema en condiciones inaceptables, lo que evidencia la necesidad de avanzar hacia convenios justos y hacia unos servicios p\u00fablicos de calidad y de gesti\u00f3n directa. Por todo ello, Izquierda Unida anima a la ciudadan\u00eda a sumarse a las distintas convocatorias previstas en la provincia. La organizaci\u00f3n concluye que este Primero de Mayo debe ser una jornada de movilizaci\u00f3n, organizaci\u00f3n y lucha por un empleo digno, una vivienda accesible y unos servicios p\u00fablicos fuertes, se\u00f1alando que la presencia en las calles es la mejor forma de demostrar que la mayor\u00eda social est\u00e1 decidida a conquistar una vida mejor.<\/p>","protected":false},"author":2,"featured_media":10926,"comment_status":"open","ping_status":"closed","sticky":false,"template":"","format":"standard","meta":{"site-sidebar-layout":"default","site-content-layout":"","ast-site-content-layout":"default","site-content-style":"default","site-sidebar-style":"default","ast-global-header-display":"","ast-banner-title-visibility":"","ast-main-header-display":"","ast-hfb-above-header-display":"","ast-hfb-below-header-display":"","ast-hfb-mobile-header-display":"","site-post-title":"disabled","ast-breadcrumbs-content":"","ast-featured-img":"","footer-sml-layout":"","theme-transparent-header-meta":"","adv-header-id-meta":"","stick-header-meta":"","header-above-stick-meta":"","header-main-stick-meta":"","header-below-stick-meta":"","astra-migrate-meta-layouts":"default","ast-page-background-enabled":"default","ast-page-background-meta":{"desktop":{"background-color":"var(--ast-global-color-5)","background-image":"","background-repeat":"repeat","background-position":"center center","background-size":"auto","background-attachment":"scroll","background-type":"","background-media":"","overlay-type":"","overlay-color":"","overlay-opacity":"","overlay-gradient":""},"tablet":{"background-color":"","background-image":"","background-repeat":"repeat","background-position":"center center","background-size":"auto","background-attachment":"scroll","background-type":"","background-media":"","overlay-type":"","overlay-color":"","overlay-opacity":"","overlay-gradient":""},"mobile":{"background-color":"","background-image":"","background-repeat":"repeat","background-position":"center center","background-size":"auto","background-attachment":"scroll","background-type":"","background-media":"","overlay-type":"","overlay-color":"","overlay-opacity":"","overlay-gradient":""}},"ast-content-background-meta":{"desktop":{"background-color":"var(--ast-global-color-4)","background-image":"","background-repeat":"repeat","background-position":"center center","background-size":"auto","background-attachment":"scroll","background-type":"","background-media":"","overlay-type":"","overlay-color":"","overlay-opacity":"","overlay-gradient":""},"tablet":{"background-color":"var(--ast-global-color-4)","background-image":"","background-repeat":"repeat","background-position":"center center","background-size":"auto","background-attachment":"scroll","background-type":"","background-media":"","overlay-type":"","overlay-color":"","overlay-opacity":"","overlay-gradient":""},"mobile":{"background-color":"var(--ast-global-color-4)","background-image":"","background-repeat":"repeat","background-position":"center center","background-size":"auto","background-attachment":"scroll","background-type":"","background-media":"","overlay-type":"","overlay-color":"","overlay-opacity":"","overlay-gradient":""}},"ngg_post_thumbnail":0,"footnotes":""},"categories":[13,16],"tags":[131,22],"class_list":["post-10925","post","type-post","status-publish","format-standard","has-post-thumbnail","hentry","category-educacion-economia-y-empleo","category-portada","tag-izquierda-unida","tag-valladolid"],"aioseo_notices":[],"rttpg_featured_image_url":{"full":["https:\/\/pueblosycomarcas.com\/wp-content\/uploads\/2026\/04\/20260430_Juan-Fco.-Rodriguez.jpg",800,400,false],"landscape":["https:\/\/pueblosycomarcas.com\/wp-content\/uploads\/2026\/04\/20260430_Juan-Fco.-Rodriguez.jpg",800,400,false],"portraits":["https:\/\/pueblosycomarcas.com\/wp-content\/uploads\/2026\/04\/20260430_Juan-Fco.-Rodriguez.jpg",800,400,false],"thumbnail":["https:\/\/pueblosycomarcas.com\/wp-content\/uploads\/2026\/04\/20260430_Juan-Fco.-Rodriguez-150x150.jpg",150,150,true],"medium":["https:\/\/pueblosycomarcas.com\/wp-content\/uploads\/2026\/04\/20260430_Juan-Fco.-Rodriguez-300x150.jpg",300,150,true],"large":["https:\/\/pueblosycomarcas.com\/wp-content\/uploads\/2026\/04\/20260430_Juan-Fco.-Rodriguez.jpg",800,400,false],"1536x1536":["https:\/\/pueblosycomarcas.com\/wp-content\/uploads\/2026\/04\/20260430_Juan-Fco.-Rodriguez.jpg",800,400,false],"2048x2048":["https:\/\/pueblosycomarcas.com\/wp-content\/uploads\/2026\/04\/20260430_Juan-Fco.-Rodriguez.jpg",800,400,false],"trp-custom-language-flag":["https:\/\/pueblosycomarcas.com\/wp-content\/uploads\/2026\/04\/20260430_Juan-Fco.-Rodriguez-18x9.jpg",18,9,true]},"rttpg_author":{"display_name":"Juanjo","author_link":"https:\/\/pueblosycomarcas.com\/en\/author\/pueblosycomarcas\/"},"rttpg_comment":0,"rttpg_category":"<a href=\"https:\/\/pueblosycomarcas.com\/en\/category\/educacion-economia-y-empleo\/\" rel=\"category tag\">Econom\u00eda, Educaci\u00f3n y Empleo<\/a> <a href=\"https:\/\/pueblosycomarcas.com\/en\/category\/portada\/\" rel=\"category tag\">Portada<\/a>","rttpg_excerpt":"Econom\u00eda, educaci\u00f3n y empleo. Izquierda Unida llama a la movilizaci\u00f3n este Primero de Mayo en Valladolid para defender los derechos y reclamar vivienda y empleo digno Desde IU subrayan que, pese a los avances laborales logrados en los \u00faltimos a\u00f1os, la precariedad contin\u00faa afectando de manera significativa a amplios sectores de la poblaci\u00f3n Juan Fco.&hellip;","_links":{"self":[{"href":"https:\/\/pueblosycomarcas.com\/en\/wp-json\/wp\/v2\/posts\/10925","targetHints":{"allow":["GET"]}}],"collection":[{"href":"https:\/\/pueblosycomarcas.com\/en\/wp-json\/wp\/v2\/posts"}],"about":[{"href":"https:\/\/pueblosycomarcas.com\/en\/wp-json\/wp\/v2\/types\/post"}],"author":[{"embeddable":true,"href":"https:\/\/pueblosycomarcas.com\/en\/wp-json\/wp\/v2\/users\/2"}],"replies":[{"embeddable":true,"href":"https:\/\/pueblosycomarcas.com\/en\/wp-json\/wp\/v2\/comments?post=10925"}],"version-history":[{"count":5,"href":"https:\/\/pueblosycomarcas.com\/en\/wp-json\/wp\/v2\/posts\/10925\/revisions"}],"predecessor-version":[{"id":10931,"href":"https:\/\/pueblosycomarcas.com\/en\/wp-json\/wp\/v2\/posts\/10925\/revisions\/10931"}],"wp:featuredmedia":[{"embeddable":true,"href":"https:\/\/pueblosycomarcas.com\/en\/wp-json\/wp\/v2\/media\/10926"}],"wp:attachment":[{"href":"https:\/\/pueblosycomarcas.com\/en\/wp-json\/wp\/v2\/media?parent=10925"}],"wp:term":[{"taxonomy":"category","embeddable":true,"href":"https:\/\/pueblosycomarcas.com\/en\/wp-json\/wp\/v2\/categories?post=10925"},{"taxonomy":"post_tag","embeddable":true,"href":"https:\/\/pueblosycomarcas.com\/en\/wp-json\/wp\/v2\/tags?post=10925"}],"curies":[{"name":"wp","href":"https:\/\/api.w.org\/{rel}","templated":true}]}}