{"id":10917,"date":"2026-04-30T05:01:00","date_gmt":"2026-04-30T04:01:00","guid":{"rendered":"https:\/\/pueblosycomarcas.com\/?p=10917"},"modified":"2026-04-29T17:40:10","modified_gmt":"2026-04-29T16:40:10","slug":"ecova-y-mutuactivos-firman-un-acuerdo-para-promover-iniciativas-conjuntas","status":"publish","type":"post","link":"https:\/\/pueblosycomarcas.com\/en\/ecova-y-mutuactivos-firman-un-acuerdo-para-promover-iniciativas-conjuntas\/","title":{"rendered":"ECOVA y Mutuactivos firman un acuerdo para promover iniciativas conjuntas"},"content":{"rendered":"<div data-elementor-type=\"wp-post\" data-elementor-id=\"10917\" class=\"elementor elementor-10917\">\n\t\t\t\t<div class=\"elementor-element elementor-element-193c5152 e-flex e-con-boxed wpr-particle-no wpr-jarallax-no wpr-parallax-no wpr-sticky-section-no wpr-equal-height-no e-con e-parent\" data-id=\"193c5152\" data-element_type=\"container\" data-e-type=\"container\">\n\t\t\t\t\t<div class=\"e-con-inner\">\n\t\t\t\t<div class=\"elementor-element elementor-element-63149a3a elementor-widget elementor-widget-image\" data-id=\"63149a3a\" data-element_type=\"widget\" data-e-type=\"widget\" data-widget_type=\"image.default\">\n\t\t\t\t\t\t\t\t\t\t\t\t\t\t\t\t<a href=\"https:\/\/www.termicasalfonso.es\/\">\n\t\t\t\t\t\t\t<img fetchpriority=\"high\" decoding=\"async\" width=\"400\" height=\"220\" src=\"https:\/\/pueblosycomarcas.com\/wp-content\/uploads\/2025\/07\/banner-instalaciones-alfonso.jpg\" class=\"attachment-large size-large wp-image-107\" alt=\"\" srcset=\"https:\/\/pueblosycomarcas.com\/wp-content\/uploads\/2025\/07\/banner-instalaciones-alfonso.jpg 400w, https:\/\/pueblosycomarcas.com\/wp-content\/uploads\/2025\/07\/banner-instalaciones-alfonso-300x165.jpg 300w\" sizes=\"(max-width: 400px) 100vw, 400px\" \/>\t\t\t\t\t\t\t\t<\/a>\n\t\t\t\t\t\t\t\t\t\t\t\t\t\t\t<\/div>\n\t\t\t\t<div class=\"elementor-element elementor-element-63920c5b elementor-widget elementor-widget-text-editor\" data-id=\"63920c5b\" data-element_type=\"widget\" data-e-type=\"widget\" data-widget_type=\"text-editor.default\">\n\t\t\t\t\t\t\t\t\t<ul><li><h6><strong><em>Economy, education and employment<\/em><\/strong><\/h6><\/li><\/ul>\t\t\t\t\t\t\t\t<\/div>\n\t\t\t\t<div class=\"elementor-element elementor-element-2afbdbfb elementor-widget elementor-widget-heading\" data-id=\"2afbdbfb\" data-element_type=\"widget\" data-e-type=\"widget\" data-widget_type=\"heading.default\">\n\t\t\t\t\t<h2 class=\"elementor-heading-title elementor-size-default\">ECOVA y Mutuactivos firman un acuerdo para promover iniciativas conjuntas<\/h2>\t\t\t\t<\/div>\n\t\t\t\t<div class=\"elementor-element elementor-element-21b5c34b elementor-widget elementor-widget-text-editor\" data-id=\"21b5c34b\" data-element_type=\"widget\" data-e-type=\"widget\" data-widget_type=\"text-editor.default\">\n\t\t\t\t\t\t\t\t\t<ul><li><h6><em><strong>Este acuerdo contempla el apoyo de Mutuactivos Pensiones a distintas actividades organizadas por ECOVA, con el objetivo de fomentar el conocimiento, el intercambio de ideas y el desarrollo de la comunidad de economistas<\/strong><\/em><\/h6><\/li><\/ul>\t\t\t\t\t\t\t\t<\/div>\n\t\t\t\t<div class=\"elementor-element elementor-element-49bd0658 elementor-widget-divider--view-line elementor-widget elementor-widget-divider\" data-id=\"49bd0658\" data-element_type=\"widget\" data-e-type=\"widget\" data-widget_type=\"divider.default\">\n\t\t\t\t\t\t\t<div class=\"elementor-divider\">\n\t\t\t<span class=\"elementor-divider-separator\">\n\t\t\t\t\t\t<\/span>\n\t\t<\/div>\n\t\t\t\t\t\t<\/div>\n\t\t\t\t<div class=\"elementor-element elementor-element-bc4930a elementor-widget elementor-widget-image\" data-id=\"bc4930a\" data-element_type=\"widget\" data-e-type=\"widget\" data-widget_type=\"image.default\">\n\t\t\t\t\t\t\t\t\t\t\t\t\t\t\t<img decoding=\"async\" width=\"800\" height=\"400\" src=\"https:\/\/pueblosycomarcas.com\/wp-content\/uploads\/2026\/04\/20260430_ecova.jpg\" class=\"attachment-large size-large wp-image-10918\" alt=\"\" srcset=\"https:\/\/pueblosycomarcas.com\/wp-content\/uploads\/2026\/04\/20260430_ecova.jpg 800w, https:\/\/pueblosycomarcas.com\/wp-content\/uploads\/2026\/04\/20260430_ecova-300x150.jpg 300w, https:\/\/pueblosycomarcas.com\/wp-content\/uploads\/2026\/04\/20260430_ecova-768x384.jpg 768w, https:\/\/pueblosycomarcas.com\/wp-content\/uploads\/2026\/04\/20260430_ecova-18x9.jpg 18w\" sizes=\"(max-width: 800px) 100vw, 800px\" \/>\t\t\t\t\t\t\t\t\t\t\t\t\t\t\t<\/div>\n\t\t\t\t<div class=\"elementor-element elementor-element-5c36d636 elementor-widget elementor-widget-text-editor\" data-id=\"5c36d636\" data-element_type=\"widget\" data-e-type=\"widget\" data-widget_type=\"text-editor.default\">\n\t\t\t\t\t\t\t\t\t<p><a href=\"https:\/\/www.facebook.com\/Pueblos-y-Comarcas-125437870924169\/?fref=ts\"><em><strong>Pueblosycomarcas.com<\/strong><\/em><\/a><em><strong>;\u00a0<\/strong><\/em><a href=\"https:\/\/twitter.com\/PueblosComarcas\"><em><strong>@PueblosComarcas<\/strong><\/em><\/a><\/p><p>El <strong>Colegio de Economistas de Valladolid, Palencia y Zamora (ECOVA) y Mutuactivos Pensiones<\/strong> han alcanzado un acuerdo de colaboraci\u00f3n orientado a impulsar iniciativas conjuntas en el \u00e1mbito profesional y econ\u00f3mico.<\/p><p>Este acuerdo contempla el <strong>apoyo de Mutuactivos Pensiones a distintas actividades organizadas por ECOVA<\/strong>, con el objetivo de fomentar el conocimiento, el intercambio de ideas y el desarrollo de la comunidad de economistas.<\/p><p>Asimismo, ambas entidades refuerzan su compromiso con la difusi\u00f3n de <strong>contenidos de valor y la generaci\u00f3n de espacios de encuentro<\/strong> entre profesionales. Desde ambas organizaciones destacan el car\u00e1cter estrat\u00e9gico de esta alianza, basada en principios de cooperaci\u00f3n, transparencia y promoci\u00f3n de buenas pr\u00e1cticas.<\/p><p><strong>Juan Carlos de Margarida<\/strong>, presidente de la instituci\u00f3n colegial, ha resaltado que \u201cla colaboraci\u00f3n permitir\u00e1 avanzar en proyectos comunes que contribuyan al fortalecimiento del tejido econ\u00f3mico y profesional. De esta manera, ambas organizaciones consolidan una relaci\u00f3n institucional orientada a largo plazo, enfocada en aportar valor a sus respectivos colectivos y a la sociedad en su conjunto\u201d.<\/p><p><strong>Miguel Olea, <\/strong>director territorial de Mutuactivos en Castilla y Le\u00f3n y Zona Norte, ha afirmado que \u201ceste acuerdo con ECOVA nos genera una gran satisfacci\u00f3n, ya que nos permite reforzar nuestra cercan\u00eda al colectivo de economistas y contribuir activamente al desarrollo de iniciativas que aportan conocimiento y valor al ejercicio profesional. En Mutuactivos creemos firmemente en la colaboraci\u00f3n con instituciones de referencia para impulsar la formaci\u00f3n, el an\u00e1lisis riguroso y las buenas pr\u00e1cticas en el \u00e1mbito econ\u00f3mico. Este acuerdo es un claro ejemplo de ese compromiso\u201d.<\/p>\t\t\t\t\t\t\t\t<\/div>\n\t\t<div class=\"elementor-element elementor-element-52ff0d5c e-con-full e-flex wpr-particle-no wpr-jarallax-no wpr-parallax-no wpr-sticky-section-no wpr-equal-height-no e-con e-child\" data-id=\"52ff0d5c\" data-element_type=\"container\" data-e-type=\"container\">\n\t\t\t\t<div class=\"elementor-element elementor-element-714d75d2 elementor-widget elementor-widget-image\" data-id=\"714d75d2\" data-element_type=\"widget\" data-e-type=\"widget\" data-widget_type=\"image.default\">\n\t\t\t\t\t\t\t\t\t\t\t\t\t\t\t\t<a href=\"https:\/\/www.granjapinilla.com\/\">\n\t\t\t\t\t\t\t<img decoding=\"async\" width=\"639\" height=\"150\" src=\"https:\/\/pueblosycomarcas.com\/wp-content\/uploads\/2025\/07\/banner-granja-pinilla.jpg\" class=\"attachment-large size-large wp-image-105\" alt=\"\" srcset=\"https:\/\/pueblosycomarcas.com\/wp-content\/uploads\/2025\/07\/banner-granja-pinilla.jpg 639w, https:\/\/pueblosycomarcas.com\/wp-content\/uploads\/2025\/07\/banner-granja-pinilla-300x70.jpg 300w\" sizes=\"(max-width: 639px) 100vw, 639px\" \/>\t\t\t\t\t\t\t\t<\/a>\n\t\t\t\t\t\t\t\t\t\t\t\t\t\t\t<\/div>\n\t\t\t\t<\/div>\n\t\t\t\t\t<\/div>\n\t\t\t\t<\/div>\n\t\t\t\t<\/div>","protected":false},"excerpt":{"rendered":"<p>Econom\u00eda, educaci\u00f3n y empleo ECOVA y Mutuactivos firman un acuerdo para promover iniciativas conjuntas Este acuerdo contempla el apoyo de Mutuactivos Pensiones a distintas actividades organizadas por ECOVA, con el objetivo de fomentar el conocimiento, el intercambio de ideas y el desarrollo de la comunidad de economistas Pueblosycomarcas.com;\u00a0@PueblosComarcas El Colegio de Economistas de Valladolid, Palencia y Zamora (ECOVA) y Mutuactivos Pensiones han alcanzado un acuerdo de colaboraci\u00f3n orientado a impulsar iniciativas conjuntas en el \u00e1mbito profesional y econ\u00f3mico. Este acuerdo contempla el apoyo de Mutuactivos Pensiones a distintas actividades organizadas por ECOVA, con el objetivo de fomentar el conocimiento, el intercambio de ideas y el desarrollo de la comunidad de economistas. Asimismo, ambas entidades refuerzan su compromiso con la difusi\u00f3n de contenidos de valor y la generaci\u00f3n de espacios de encuentro entre profesionales. Desde ambas organizaciones destacan el car\u00e1cter estrat\u00e9gico de esta alianza, basada en principios de cooperaci\u00f3n, transparencia y promoci\u00f3n de buenas pr\u00e1cticas. Juan Carlos de Margarida, presidente de la instituci\u00f3n colegial, ha resaltado que \u201cla colaboraci\u00f3n permitir\u00e1 avanzar en proyectos comunes que contribuyan al fortalecimiento del tejido econ\u00f3mico y profesional. De esta manera, ambas organizaciones consolidan una relaci\u00f3n institucional orientada a largo plazo, enfocada en aportar valor a sus respectivos colectivos y a la sociedad en su conjunto\u201d. Miguel Olea, director territorial de Mutuactivos en Castilla y Le\u00f3n y Zona Norte, ha afirmado que \u201ceste acuerdo con ECOVA nos genera una gran satisfacci\u00f3n, ya que nos permite reforzar nuestra cercan\u00eda al colectivo de economistas y contribuir activamente al desarrollo de iniciativas que aportan conocimiento y valor al ejercicio profesional. En Mutuactivos creemos firmemente en la colaboraci\u00f3n con instituciones de referencia para impulsar la formaci\u00f3n, el an\u00e1lisis riguroso y las buenas pr\u00e1cticas en el \u00e1mbito econ\u00f3mico. Este acuerdo es un claro ejemplo de ese compromiso\u201d.<\/p>","protected":false},"author":2,"featured_media":10918,"comment_status":"open","ping_status":"closed","sticky":false,"template":"","format":"standard","meta":{"site-sidebar-layout":"default","site-content-layout":"","ast-site-content-layout":"default","site-content-style":"default","site-sidebar-style":"default","ast-global-header-display":"","ast-banner-title-visibility":"","ast-main-header-display":"","ast-hfb-above-header-display":"","ast-hfb-below-header-display":"","ast-hfb-mobile-header-display":"","site-post-title":"disabled","ast-breadcrumbs-content":"","ast-featured-img":"","footer-sml-layout":"","theme-transparent-header-meta":"","adv-header-id-meta":"","stick-header-meta":"","header-above-stick-meta":"","header-main-stick-meta":"","header-below-stick-meta":"","astra-migrate-meta-layouts":"default","ast-page-background-enabled":"default","ast-page-background-meta":{"desktop":{"background-color":"var(--ast-global-color-5)","background-image":"","background-repeat":"repeat","background-position":"center center","background-size":"auto","background-attachment":"scroll","background-type":"","background-media":"","overlay-type":"","overlay-color":"","overlay-opacity":"","overlay-gradient":""},"tablet":{"background-color":"","background-image":"","background-repeat":"repeat","background-position":"center center","background-size":"auto","background-attachment":"scroll","background-type":"","background-media":"","overlay-type":"","overlay-color":"","overlay-opacity":"","overlay-gradient":""},"mobile":{"background-color":"","background-image":"","background-repeat":"repeat","background-position":"center center","background-size":"auto","background-attachment":"scroll","background-type":"","background-media":"","overlay-type":"","overlay-color":"","overlay-opacity":"","overlay-gradient":""}},"ast-content-background-meta":{"desktop":{"background-color":"var(--ast-global-color-4)","background-image":"","background-repeat":"repeat","background-position":"center center","background-size":"auto","background-attachment":"scroll","background-type":"","background-media":"","overlay-type":"","overlay-color":"","overlay-opacity":"","overlay-gradient":""},"tablet":{"background-color":"var(--ast-global-color-4)","background-image":"","background-repeat":"repeat","background-position":"center center","background-size":"auto","background-attachment":"scroll","background-type":"","background-media":"","overlay-type":"","overlay-color":"","overlay-opacity":"","overlay-gradient":""},"mobile":{"background-color":"var(--ast-global-color-4)","background-image":"","background-repeat":"repeat","background-position":"center center","background-size":"auto","background-attachment":"scroll","background-type":"","background-media":"","overlay-type":"","overlay-color":"","overlay-opacity":"","overlay-gradient":""}},"ngg_post_thumbnail":0,"footnotes":""},"categories":[13,16],"tags":[138,22],"class_list":["post-10917","post","type-post","status-publish","format-standard","has-post-thumbnail","hentry","category-educacion-economia-y-empleo","category-portada","tag-ecova","tag-valladolid"],"aioseo_notices":[],"rttpg_featured_image_url":{"full":["https:\/\/pueblosycomarcas.com\/wp-content\/uploads\/2026\/04\/20260430_ecova.jpg",800,400,false],"landscape":["https:\/\/pueblosycomarcas.com\/wp-content\/uploads\/2026\/04\/20260430_ecova.jpg",800,400,false],"portraits":["https:\/\/pueblosycomarcas.com\/wp-content\/uploads\/2026\/04\/20260430_ecova.jpg",800,400,false],"thumbnail":["https:\/\/pueblosycomarcas.com\/wp-content\/uploads\/2026\/04\/20260430_ecova-150x150.jpg",150,150,true],"medium":["https:\/\/pueblosycomarcas.com\/wp-content\/uploads\/2026\/04\/20260430_ecova-300x150.jpg",300,150,true],"large":["https:\/\/pueblosycomarcas.com\/wp-content\/uploads\/2026\/04\/20260430_ecova.jpg",800,400,false],"1536x1536":["https:\/\/pueblosycomarcas.com\/wp-content\/uploads\/2026\/04\/20260430_ecova.jpg",800,400,false],"2048x2048":["https:\/\/pueblosycomarcas.com\/wp-content\/uploads\/2026\/04\/20260430_ecova.jpg",800,400,false],"trp-custom-language-flag":["https:\/\/pueblosycomarcas.com\/wp-content\/uploads\/2026\/04\/20260430_ecova-18x9.jpg",18,9,true]},"rttpg_author":{"display_name":"Juanjo","author_link":"https:\/\/pueblosycomarcas.com\/en\/author\/pueblosycomarcas\/"},"rttpg_comment":0,"rttpg_category":"<a href=\"https:\/\/pueblosycomarcas.com\/en\/category\/educacion-economia-y-empleo\/\" rel=\"category tag\">Econom\u00eda, Educaci\u00f3n y Empleo<\/a> <a href=\"https:\/\/pueblosycomarcas.com\/en\/category\/portada\/\" rel=\"category tag\">Portada<\/a>","rttpg_excerpt":"Econom\u00eda, educaci\u00f3n y empleo ECOVA y Mutuactivos firman un acuerdo para promover iniciativas conjuntas Este acuerdo contempla el apoyo de Mutuactivos Pensiones a distintas actividades organizadas por ECOVA, con el objetivo de fomentar el conocimiento, el intercambio de ideas y el desarrollo de la comunidad de economistas Pueblosycomarcas.com;\u00a0@PueblosComarcas El Colegio de Economistas de Valladolid, Palencia&hellip;","_links":{"self":[{"href":"https:\/\/pueblosycomarcas.com\/en\/wp-json\/wp\/v2\/posts\/10917","targetHints":{"allow":["GET"]}}],"collection":[{"href":"https:\/\/pueblosycomarcas.com\/en\/wp-json\/wp\/v2\/posts"}],"about":[{"href":"https:\/\/pueblosycomarcas.com\/en\/wp-json\/wp\/v2\/types\/post"}],"author":[{"embeddable":true,"href":"https:\/\/pueblosycomarcas.com\/en\/wp-json\/wp\/v2\/users\/2"}],"replies":[{"embeddable":true,"href":"https:\/\/pueblosycomarcas.com\/en\/wp-json\/wp\/v2\/comments?post=10917"}],"version-history":[{"count":5,"href":"https:\/\/pueblosycomarcas.com\/en\/wp-json\/wp\/v2\/posts\/10917\/revisions"}],"predecessor-version":[{"id":10923,"href":"https:\/\/pueblosycomarcas.com\/en\/wp-json\/wp\/v2\/posts\/10917\/revisions\/10923"}],"wp:featuredmedia":[{"embeddable":true,"href":"https:\/\/pueblosycomarcas.com\/en\/wp-json\/wp\/v2\/media\/10918"}],"wp:attachment":[{"href":"https:\/\/pueblosycomarcas.com\/en\/wp-json\/wp\/v2\/media?parent=10917"}],"wp:term":[{"taxonomy":"category","embeddable":true,"href":"https:\/\/pueblosycomarcas.com\/en\/wp-json\/wp\/v2\/categories?post=10917"},{"taxonomy":"post_tag","embeddable":true,"href":"https:\/\/pueblosycomarcas.com\/en\/wp-json\/wp\/v2\/tags?post=10917"}],"curies":[{"name":"wp","href":"https:\/\/api.w.org\/{rel}","templated":true}]}}