{"id":10907,"date":"2026-04-29T17:12:07","date_gmt":"2026-04-29T16:12:07","guid":{"rendered":"https:\/\/pueblosycomarcas.com\/?p=10907"},"modified":"2026-04-29T17:14:36","modified_gmt":"2026-04-29T16:14:36","slug":"detenido-por-intrusismo-profesional-un-falso-auxiliar-de-enfermeria-que-trabajaba-en-una-residencia-del-alfoz-de-valladolid","status":"publish","type":"post","link":"https:\/\/pueblosycomarcas.com\/en\/detenido-por-intrusismo-profesional-un-falso-auxiliar-de-enfermeria-que-trabajaba-en-una-residencia-del-alfoz-de-valladolid\/","title":{"rendered":"Detenido por intrusismo profesional un falso auxiliar de enfermer\u00eda que trabajaba en una residencia del alfoz de Valladolid"},"content":{"rendered":"<div data-elementor-type=\"wp-post\" data-elementor-id=\"10907\" class=\"elementor elementor-10907\">\n\t\t\t\t<div class=\"elementor-element elementor-element-1924bd02 e-flex e-con-boxed wpr-particle-no wpr-jarallax-no wpr-parallax-no wpr-sticky-section-no wpr-equal-height-no e-con e-parent\" data-id=\"1924bd02\" data-element_type=\"container\" data-e-type=\"container\">\n\t\t\t\t\t<div class=\"e-con-inner\">\n\t\t\t\t<div class=\"elementor-element elementor-element-3aab8636 elementor-widget elementor-widget-image\" data-id=\"3aab8636\" data-element_type=\"widget\" data-e-type=\"widget\" data-widget_type=\"image.default\">\n\t\t\t\t\t\t\t\t\t\t\t\t\t\t\t\t<a href=\"https:\/\/www.termicasalfonso.es\/\">\n\t\t\t\t\t\t\t<img fetchpriority=\"high\" decoding=\"async\" width=\"400\" height=\"220\" src=\"https:\/\/pueblosycomarcas.com\/wp-content\/uploads\/2025\/07\/banner-instalaciones-alfonso.jpg\" class=\"attachment-large size-large wp-image-107\" alt=\"\" srcset=\"https:\/\/pueblosycomarcas.com\/wp-content\/uploads\/2025\/07\/banner-instalaciones-alfonso.jpg 400w, https:\/\/pueblosycomarcas.com\/wp-content\/uploads\/2025\/07\/banner-instalaciones-alfonso-300x165.jpg 300w\" sizes=\"(max-width: 400px) 100vw, 400px\" \/>\t\t\t\t\t\t\t\t<\/a>\n\t\t\t\t\t\t\t\t\t\t\t\t\t\t\t<\/div>\n\t\t\t\t<div class=\"elementor-element elementor-element-1a3e3250 elementor-widget elementor-widget-text-editor\" data-id=\"1a3e3250\" data-element_type=\"widget\" data-e-type=\"widget\" data-widget_type=\"text-editor.default\">\n\t\t\t\t\t\t\t\t\t<ul><li><h6><strong><em>OTHER REGIONS<\/em><\/strong><\/h6><\/li><\/ul>\t\t\t\t\t\t\t\t<\/div>\n\t\t\t\t<div class=\"elementor-element elementor-element-4a289220 elementor-widget elementor-widget-heading\" data-id=\"4a289220\" data-element_type=\"widget\" data-e-type=\"widget\" data-widget_type=\"heading.default\">\n\t\t\t\t\t<h2 class=\"elementor-heading-title elementor-size-default\">Detenido por intrusismo profesional un falso auxiliar de enfermer\u00eda que trabajaba en una residencia del alfoz de Valladolid<\/h2>\t\t\t\t<\/div>\n\t\t\t\t<div class=\"elementor-element elementor-element-481077d1 elementor-widget elementor-widget-text-editor\" data-id=\"481077d1\" data-element_type=\"widget\" data-e-type=\"widget\" data-widget_type=\"text-editor.default\">\n\t\t\t\t\t\t\t\t\t<ul><li><h6><em><strong>La investigaci\u00f3n se inici\u00f3 tras una inspecci\u00f3n de los servicios sociales provinciales en un centro residencial de mayores<\/strong><\/em><\/h6><\/li><li><h6><em><strong>El documento presentado por el trabajador presentaba irregularidades en tipograf\u00eda, firma, numeraci\u00f3n y registro oficial<\/strong><\/em><\/h6><\/li><\/ul>\t\t\t\t\t\t\t\t<\/div>\n\t\t\t\t<div class=\"elementor-element elementor-element-26ab63c1 elementor-widget-divider--view-line elementor-widget elementor-widget-divider\" data-id=\"26ab63c1\" data-element_type=\"widget\" data-e-type=\"widget\" data-widget_type=\"divider.default\">\n\t\t\t\t\t\t\t<div class=\"elementor-divider\">\n\t\t\t<span class=\"elementor-divider-separator\">\n\t\t\t\t\t\t<\/span>\n\t\t<\/div>\n\t\t\t\t\t\t<\/div>\n\t\t\t\t<div class=\"elementor-element elementor-element-29a94790 elementor-widget elementor-widget-image\" data-id=\"29a94790\" data-element_type=\"widget\" data-e-type=\"widget\" data-widget_type=\"image.default\">\n\t\t\t\t\t\t\t\t\t\t\t\t\t\t\t<img decoding=\"async\" width=\"800\" height=\"400\" src=\"https:\/\/pueblosycomarcas.com\/wp-content\/uploads\/2025\/11\/20251126_coche_patrulla_guardia_civil.jpg\" class=\"attachment-large size-large wp-image-3349\" alt=\"\" srcset=\"https:\/\/pueblosycomarcas.com\/wp-content\/uploads\/2025\/11\/20251126_coche_patrulla_guardia_civil.jpg 800w, https:\/\/pueblosycomarcas.com\/wp-content\/uploads\/2025\/11\/20251126_coche_patrulla_guardia_civil-300x150.jpg 300w, https:\/\/pueblosycomarcas.com\/wp-content\/uploads\/2025\/11\/20251126_coche_patrulla_guardia_civil-768x384.jpg 768w\" sizes=\"(max-width: 800px) 100vw, 800px\" \/>\t\t\t\t\t\t\t\t\t\t\t\t\t\t\t<\/div>\n\t\t\t\t<div class=\"elementor-element elementor-element-5f184bec elementor-widget elementor-widget-text-editor\" data-id=\"5f184bec\" data-element_type=\"widget\" data-e-type=\"widget\" data-widget_type=\"text-editor.default\">\n\t\t\t\t\t\t\t\t\t<p><a href=\"https:\/\/www.facebook.com\/Pueblos-y-Comarcas-125437870924169\/?fref=ts\"><strong><em>Pueblosycomarcas.com<\/em><\/strong><\/a><strong><em>;\u00a0<\/em><\/strong><a href=\"https:\/\/twitter.com\/PueblosComarcas\"><strong><em>@PueblosComarcas<\/em><\/strong><\/a><\/p><p>La Guardia Civil de Valladolid ha detenido a una persona como presunto autor de un delito de falsificaci\u00f3n documento p\u00fablico e intrusismo profesional en un centro residencial de personas mayores ubicado en el alfoz de Valladolid.<\/p><p>Los hechos ocurrieron el pasado mes de marzo, cuando el centro recibi\u00f3 una inspecci\u00f3n rutinaria de los servicios sociales provinciales. Durante la revisi\u00f3n, los inspectores alertaron a la direcci\u00f3n sobre la posible falsedad de la titulaci\u00f3n de auxiliar de enfermer\u00eda, presentada por uno de los trabajadores del establecimiento, lo que motiv\u00f3 la presentaci\u00f3n de una denuncia en la Guardia Civil.<\/p><p>A partir de la documentaci\u00f3n aportada, la Guardia Civil inici\u00f3 un an\u00e1lisis detallado del t\u00edtulo sospechoso. Los agentes detectaron diversas irregularidades, entre ellas el tipo de letra empleado, la firma y la numeraci\u00f3n del documento, elementos que no coincid\u00edan con los formatos oficiales correspondientes a la fecha en la que supuestamente hab\u00eda sido emitido.<\/p><p>Debido a las irregularidades detectadas, se solicit\u00f3 al trabajador la entrega del documento original, que finalmente fue aportado tras varios requerimientos. Una vez examinado, se comprob\u00f3 que el n\u00famero de registro oficial no verificaba su autenticidad en los sistemas correspondientes. Esta comprobaci\u00f3n permiti\u00f3 concluir que el t\u00edtulo presentado era falso, confirmando as\u00ed las sospechas iniciales.<\/p><p>La investigaci\u00f3n tambi\u00e9n permiti\u00f3 constatar que, pese a la falsedad del documento, no se ha detectado perjuicio alguno para los residentes.<\/p><p>La Guardia Civil ha instruido las diligencias que han sido puestas a disposici\u00f3n del Juzgado de Guardia de Valladolid.<\/p>\t\t\t\t\t\t\t\t<\/div>\n\t\t<div class=\"elementor-element elementor-element-6de06b7 e-con-full e-flex wpr-particle-no wpr-jarallax-no wpr-parallax-no wpr-sticky-section-no wpr-equal-height-no e-con e-child\" data-id=\"6de06b7\" data-element_type=\"container\" data-e-type=\"container\">\n\t\t\t\t<div class=\"elementor-element elementor-element-38a3804e elementor-widget elementor-widget-image\" data-id=\"38a3804e\" data-element_type=\"widget\" data-e-type=\"widget\" data-widget_type=\"image.default\">\n\t\t\t\t\t\t\t\t\t\t\t\t\t\t\t\t<a href=\"https:\/\/www.granjapinilla.com\/\">\n\t\t\t\t\t\t\t<img decoding=\"async\" width=\"639\" height=\"150\" src=\"https:\/\/pueblosycomarcas.com\/wp-content\/uploads\/2025\/07\/banner-granja-pinilla.jpg\" class=\"attachment-large size-large wp-image-105\" alt=\"\" srcset=\"https:\/\/pueblosycomarcas.com\/wp-content\/uploads\/2025\/07\/banner-granja-pinilla.jpg 639w, https:\/\/pueblosycomarcas.com\/wp-content\/uploads\/2025\/07\/banner-granja-pinilla-300x70.jpg 300w\" sizes=\"(max-width: 639px) 100vw, 639px\" \/>\t\t\t\t\t\t\t\t<\/a>\n\t\t\t\t\t\t\t\t\t\t\t\t\t\t\t<\/div>\n\t\t\t\t<\/div>\n\t\t\t\t\t<\/div>\n\t\t\t\t<\/div>\n\t\t\t\t<\/div>","protected":false},"excerpt":{"rendered":"<p>Otras comarcas Detenido por intrusismo profesional un falso auxiliar de enfermer\u00eda que trabajaba en una residencia del alfoz de Valladolid La investigaci\u00f3n se inici\u00f3 tras una inspecci\u00f3n de los servicios sociales provinciales en un centro residencial de mayores El documento presentado por el trabajador presentaba irregularidades en tipograf\u00eda, firma, numeraci\u00f3n y registro oficial Pueblosycomarcas.com;\u00a0@PueblosComarcas La Guardia Civil de Valladolid ha detenido a una persona como presunto autor de un delito de falsificaci\u00f3n documento p\u00fablico e intrusismo profesional en un centro residencial de personas mayores ubicado en el alfoz de Valladolid. Los hechos ocurrieron el pasado mes de marzo, cuando el centro recibi\u00f3 una inspecci\u00f3n rutinaria de los servicios sociales provinciales. Durante la revisi\u00f3n, los inspectores alertaron a la direcci\u00f3n sobre la posible falsedad de la titulaci\u00f3n de auxiliar de enfermer\u00eda, presentada por uno de los trabajadores del establecimiento, lo que motiv\u00f3 la presentaci\u00f3n de una denuncia en la Guardia Civil. A partir de la documentaci\u00f3n aportada, la Guardia Civil inici\u00f3 un an\u00e1lisis detallado del t\u00edtulo sospechoso. Los agentes detectaron diversas irregularidades, entre ellas el tipo de letra empleado, la firma y la numeraci\u00f3n del documento, elementos que no coincid\u00edan con los formatos oficiales correspondientes a la fecha en la que supuestamente hab\u00eda sido emitido. Debido a las irregularidades detectadas, se solicit\u00f3 al trabajador la entrega del documento original, que finalmente fue aportado tras varios requerimientos. Una vez examinado, se comprob\u00f3 que el n\u00famero de registro oficial no verificaba su autenticidad en los sistemas correspondientes. Esta comprobaci\u00f3n permiti\u00f3 concluir que el t\u00edtulo presentado era falso, confirmando as\u00ed las sospechas iniciales. La investigaci\u00f3n tambi\u00e9n permiti\u00f3 constatar que, pese a la falsedad del documento, no se ha detectado perjuicio alguno para los residentes. La Guardia Civil ha instruido las diligencias que han sido puestas a disposici\u00f3n del Juzgado de Guardia de Valladolid.<\/p>","protected":false},"author":2,"featured_media":3349,"comment_status":"open","ping_status":"closed","sticky":false,"template":"","format":"standard","meta":{"site-sidebar-layout":"default","site-content-layout":"","ast-site-content-layout":"default","site-content-style":"default","site-sidebar-style":"default","ast-global-header-display":"","ast-banner-title-visibility":"","ast-main-header-display":"","ast-hfb-above-header-display":"","ast-hfb-below-header-display":"","ast-hfb-mobile-header-display":"","site-post-title":"disabled","ast-breadcrumbs-content":"","ast-featured-img":"","footer-sml-layout":"","theme-transparent-header-meta":"","adv-header-id-meta":"","stick-header-meta":"","header-above-stick-meta":"","header-main-stick-meta":"","header-below-stick-meta":"","astra-migrate-meta-layouts":"default","ast-page-background-enabled":"default","ast-page-background-meta":{"desktop":{"background-color":"var(--ast-global-color-5)","background-image":"","background-repeat":"repeat","background-position":"center center","background-size":"auto","background-attachment":"scroll","background-type":"","background-media":"","overlay-type":"","overlay-color":"","overlay-opacity":"","overlay-gradient":""},"tablet":{"background-color":"","background-image":"","background-repeat":"repeat","background-position":"center center","background-size":"auto","background-attachment":"scroll","background-type":"","background-media":"","overlay-type":"","overlay-color":"","overlay-opacity":"","overlay-gradient":""},"mobile":{"background-color":"","background-image":"","background-repeat":"repeat","background-position":"center center","background-size":"auto","background-attachment":"scroll","background-type":"","background-media":"","overlay-type":"","overlay-color":"","overlay-opacity":"","overlay-gradient":""}},"ast-content-background-meta":{"desktop":{"background-color":"var(--ast-global-color-4)","background-image":"","background-repeat":"repeat","background-position":"center center","background-size":"auto","background-attachment":"scroll","background-type":"","background-media":"","overlay-type":"","overlay-color":"","overlay-opacity":"","overlay-gradient":""},"tablet":{"background-color":"var(--ast-global-color-4)","background-image":"","background-repeat":"repeat","background-position":"center center","background-size":"auto","background-attachment":"scroll","background-type":"","background-media":"","overlay-type":"","overlay-color":"","overlay-opacity":"","overlay-gradient":""},"mobile":{"background-color":"var(--ast-global-color-4)","background-image":"","background-repeat":"repeat","background-position":"center center","background-size":"auto","background-attachment":"scroll","background-type":"","background-media":"","overlay-type":"","overlay-color":"","overlay-opacity":"","overlay-gradient":""}},"ngg_post_thumbnail":0,"footnotes":""},"categories":[10,16,12],"tags":[28,115,22],"class_list":["post-10907","post","type-post","status-publish","format-standard","has-post-thumbnail","hentry","category-otras-comarcas","category-portada","category-sucesos","tag-guardia-civil","tag-provincia","tag-valladolid"],"aioseo_notices":[],"rttpg_featured_image_url":{"full":["https:\/\/pueblosycomarcas.com\/wp-content\/uploads\/2025\/11\/20251126_coche_patrulla_guardia_civil.jpg",800,400,false],"landscape":["https:\/\/pueblosycomarcas.com\/wp-content\/uploads\/2025\/11\/20251126_coche_patrulla_guardia_civil.jpg",800,400,false],"portraits":["https:\/\/pueblosycomarcas.com\/wp-content\/uploads\/2025\/11\/20251126_coche_patrulla_guardia_civil.jpg",800,400,false],"thumbnail":["https:\/\/pueblosycomarcas.com\/wp-content\/uploads\/2025\/11\/20251126_coche_patrulla_guardia_civil-150x150.jpg",150,150,true],"medium":["https:\/\/pueblosycomarcas.com\/wp-content\/uploads\/2025\/11\/20251126_coche_patrulla_guardia_civil-300x150.jpg",300,150,true],"large":["https:\/\/pueblosycomarcas.com\/wp-content\/uploads\/2025\/11\/20251126_coche_patrulla_guardia_civil.jpg",800,400,false],"1536x1536":["https:\/\/pueblosycomarcas.com\/wp-content\/uploads\/2025\/11\/20251126_coche_patrulla_guardia_civil.jpg",800,400,false],"2048x2048":["https:\/\/pueblosycomarcas.com\/wp-content\/uploads\/2025\/11\/20251126_coche_patrulla_guardia_civil.jpg",800,400,false],"trp-custom-language-flag":["https:\/\/pueblosycomarcas.com\/wp-content\/uploads\/2025\/11\/20251126_coche_patrulla_guardia_civil.jpg",18,9,false]},"rttpg_author":{"display_name":"Juanjo","author_link":"https:\/\/pueblosycomarcas.com\/en\/author\/pueblosycomarcas\/"},"rttpg_comment":0,"rttpg_category":"<a href=\"https:\/\/pueblosycomarcas.com\/en\/category\/otras-comarcas\/\" rel=\"category tag\">Otras Comarcas<\/a> <a href=\"https:\/\/pueblosycomarcas.com\/en\/category\/portada\/\" rel=\"category tag\">Portada<\/a> <a href=\"https:\/\/pueblosycomarcas.com\/en\/category\/sucesos\/\" rel=\"category tag\">Sucesos<\/a>","rttpg_excerpt":"Otras comarcas Detenido por intrusismo profesional un falso auxiliar de enfermer\u00eda que trabajaba en una residencia del alfoz de Valladolid La investigaci\u00f3n se inici\u00f3 tras una inspecci\u00f3n de los servicios sociales provinciales en un centro residencial de mayores El documento presentado por el trabajador presentaba irregularidades en tipograf\u00eda, firma, numeraci\u00f3n y registro oficial Pueblosycomarcas.com;\u00a0@PueblosComarcas La&hellip;","_links":{"self":[{"href":"https:\/\/pueblosycomarcas.com\/en\/wp-json\/wp\/v2\/posts\/10907","targetHints":{"allow":["GET"]}}],"collection":[{"href":"https:\/\/pueblosycomarcas.com\/en\/wp-json\/wp\/v2\/posts"}],"about":[{"href":"https:\/\/pueblosycomarcas.com\/en\/wp-json\/wp\/v2\/types\/post"}],"author":[{"embeddable":true,"href":"https:\/\/pueblosycomarcas.com\/en\/wp-json\/wp\/v2\/users\/2"}],"replies":[{"embeddable":true,"href":"https:\/\/pueblosycomarcas.com\/en\/wp-json\/wp\/v2\/comments?post=10907"}],"version-history":[{"count":5,"href":"https:\/\/pueblosycomarcas.com\/en\/wp-json\/wp\/v2\/posts\/10907\/revisions"}],"predecessor-version":[{"id":10912,"href":"https:\/\/pueblosycomarcas.com\/en\/wp-json\/wp\/v2\/posts\/10907\/revisions\/10912"}],"wp:featuredmedia":[{"embeddable":true,"href":"https:\/\/pueblosycomarcas.com\/en\/wp-json\/wp\/v2\/media\/3349"}],"wp:attachment":[{"href":"https:\/\/pueblosycomarcas.com\/en\/wp-json\/wp\/v2\/media?parent=10907"}],"wp:term":[{"taxonomy":"category","embeddable":true,"href":"https:\/\/pueblosycomarcas.com\/en\/wp-json\/wp\/v2\/categories?post=10907"},{"taxonomy":"post_tag","embeddable":true,"href":"https:\/\/pueblosycomarcas.com\/en\/wp-json\/wp\/v2\/tags?post=10907"}],"curies":[{"name":"wp","href":"https:\/\/api.w.org\/{rel}","templated":true}]}}