{"id":10900,"date":"2026-04-29T17:06:09","date_gmt":"2026-04-29T16:06:09","guid":{"rendered":"https:\/\/pueblosycomarcas.com\/?p=10900"},"modified":"2026-04-29T17:07:51","modified_gmt":"2026-04-29T16:07:51","slug":"castilla-y-leon-iniciara-el-curso-escolar-2026-2027-el-9-septiembre","status":"publish","type":"post","link":"https:\/\/pueblosycomarcas.com\/en\/castilla-y-leon-iniciara-el-curso-escolar-2026-2027-el-9-septiembre\/","title":{"rendered":"Castilla y Le\u00f3n iniciar\u00e1 el curso escolar 2026-2027 el 9 septiembre"},"content":{"rendered":"<div data-elementor-type=\"wp-post\" data-elementor-id=\"10900\" class=\"elementor elementor-10900\">\n\t\t\t\t<div class=\"elementor-element elementor-element-4ebe4934 e-flex e-con-boxed wpr-particle-no wpr-jarallax-no wpr-parallax-no wpr-sticky-section-no wpr-equal-height-no e-con e-parent\" data-id=\"4ebe4934\" data-element_type=\"container\" data-e-type=\"container\">\n\t\t\t\t\t<div class=\"e-con-inner\">\n\t\t\t\t<div class=\"elementor-element elementor-element-1ef08f2c elementor-widget elementor-widget-image\" data-id=\"1ef08f2c\" data-element_type=\"widget\" data-e-type=\"widget\" data-widget_type=\"image.default\">\n\t\t\t\t\t\t\t\t\t\t\t\t\t\t\t\t<a href=\"https:\/\/www.termicasalfonso.es\/\">\n\t\t\t\t\t\t\t<img fetchpriority=\"high\" decoding=\"async\" width=\"400\" height=\"220\" src=\"https:\/\/pueblosycomarcas.com\/wp-content\/uploads\/2025\/07\/banner-instalaciones-alfonso.jpg\" class=\"attachment-large size-large wp-image-107\" alt=\"\" srcset=\"https:\/\/pueblosycomarcas.com\/wp-content\/uploads\/2025\/07\/banner-instalaciones-alfonso.jpg 400w, https:\/\/pueblosycomarcas.com\/wp-content\/uploads\/2025\/07\/banner-instalaciones-alfonso-300x165.jpg 300w\" sizes=\"(max-width: 400px) 100vw, 400px\" \/>\t\t\t\t\t\t\t\t<\/a>\n\t\t\t\t\t\t\t\t\t\t\t\t\t\t\t<\/div>\n\t\t\t\t<div class=\"elementor-element elementor-element-2f336815 elementor-widget elementor-widget-text-editor\" data-id=\"2f336815\" data-element_type=\"widget\" data-e-type=\"widget\" data-widget_type=\"text-editor.default\">\n\t\t\t\t\t\t\t\t\t<ul><li><h6><strong><em>Economy, education and employment<\/em><\/strong><\/h6><\/li><\/ul>\t\t\t\t\t\t\t\t<\/div>\n\t\t\t\t<div class=\"elementor-element elementor-element-59e0e49e elementor-widget elementor-widget-heading\" data-id=\"59e0e49e\" data-element_type=\"widget\" data-e-type=\"widget\" data-widget_type=\"heading.default\">\n\t\t\t\t\t<h2 class=\"elementor-heading-title elementor-size-default\">Castilla y Le\u00f3n iniciar\u00e1 el curso escolar 2026-2027 el 9 septiembre<\/h2>\t\t\t\t<\/div>\n\t\t\t\t<div class=\"elementor-element elementor-element-427ee691 elementor-widget elementor-widget-text-editor\" data-id=\"427ee691\" data-element_type=\"widget\" data-e-type=\"widget\" data-widget_type=\"text-editor.default\">\n\t\t\t\t\t\t\t\t\t<ul><li><h6><em><strong>El 15 de septiembre se incorporar\u00e1n a las clases los alumnos de ESO, Bachillerato, FP y el segundo curso de las ense\u00f1anzas profesionales de Artes Pl\u00e1sticas y Dise\u00f1o<\/strong><\/em><\/h6><\/li><li><h6><em><strong>Los periodos vacacionales de Navidad comprender\u00e1n del 23 de diciembre hasta el 10 de enero, y las de Semana Santa, del 20 al 30 de marzo, ambos incluidos<\/strong><\/em><\/h6><\/li><\/ul>\t\t\t\t\t\t\t\t<\/div>\n\t\t\t\t<div class=\"elementor-element elementor-element-4a1e5c9 elementor-widget-divider--view-line elementor-widget elementor-widget-divider\" data-id=\"4a1e5c9\" data-element_type=\"widget\" data-e-type=\"widget\" data-widget_type=\"divider.default\">\n\t\t\t\t\t\t\t<div class=\"elementor-divider\">\n\t\t\t<span class=\"elementor-divider-separator\">\n\t\t\t\t\t\t<\/span>\n\t\t<\/div>\n\t\t\t\t\t\t<\/div>\n\t\t\t\t<div class=\"elementor-element elementor-element-43ada822 elementor-widget elementor-widget-image\" data-id=\"43ada822\" data-element_type=\"widget\" data-e-type=\"widget\" data-widget_type=\"image.default\">\n\t\t\t\t\t\t\t\t\t\t\t\t\t\t\t<img decoding=\"async\" width=\"800\" height=\"400\" src=\"https:\/\/pueblosycomarcas.com\/wp-content\/uploads\/2026\/04\/20260429_colegio_viana.jpeg\" class=\"attachment-large size-large wp-image-10901\" alt=\"\" srcset=\"https:\/\/pueblosycomarcas.com\/wp-content\/uploads\/2026\/04\/20260429_colegio_viana.jpeg 800w, https:\/\/pueblosycomarcas.com\/wp-content\/uploads\/2026\/04\/20260429_colegio_viana-300x150.jpeg 300w, https:\/\/pueblosycomarcas.com\/wp-content\/uploads\/2026\/04\/20260429_colegio_viana-768x384.jpeg 768w, https:\/\/pueblosycomarcas.com\/wp-content\/uploads\/2026\/04\/20260429_colegio_viana-18x9.jpeg 18w\" sizes=\"(max-width: 800px) 100vw, 800px\" \/>\t\t\t\t\t\t\t\t\t\t\t\t\t\t\t<\/div>\n\t\t\t\t<div class=\"elementor-element elementor-element-43f2986b elementor-widget elementor-widget-text-editor\" data-id=\"43f2986b\" data-element_type=\"widget\" data-e-type=\"widget\" data-widget_type=\"text-editor.default\">\n\t\t\t\t\t\t\t\t\t<p><a href=\"https:\/\/www.facebook.com\/Pueblos-y-Comarcas-125437870924169\/?fref=ts\"><em><strong>Pueblosycomarcas.com<\/strong><\/em><\/a><em><strong>;&nbsp;<\/strong><\/em><a href=\"https:\/\/twitter.com\/PueblosComarcas\"><em><strong>@PueblosComarcas<\/strong><\/em><\/a><\/p>\n<p>La Junta de Castilla y Le\u00f3n se ha reunido esta ma\u00f1ana en segunda sesi\u00f3n con los representantes de las organizaciones sindicales presentes en la Mesa Sectorial -CSIF, ANPE, STESCYL-i, UGT-SP y CCOO- para concretar el calendario escolar del curso 2026-2027. Este documento ser\u00e1 enviado al Consejo Escolar de Castilla y Le\u00f3n de forma previa a su aprobaci\u00f3n definitiva.<\/p>\n<p>En el encuentro, los representantes de la Consejer\u00eda han se\u00f1alado que la Administraci\u00f3n educativa auton\u00f3mica se har\u00e1 cargo de la atenci\u00f3n de los menores durante la reducci\u00f3n de la hora lectiva en junio y septiembre, como ya est\u00e1 haciendo este curso. Asimismo, ha recordado que existe la opci\u00f3n del comedor escolar para todos los que lo deseen.<\/p>\n<p>En cuanto a las fechas, el 9 de septiembre los alumnos del segundo ciclo de Educaci\u00f3n Infantil, Primaria, Educaci\u00f3n Especial, Programas para la Transici\u00f3n a la Vida Adulta, Educaci\u00f3n Secundaria Obligatoria escolarizados en centros de Educaci\u00f3n Primaria y segundo curso de Ciclos Formativos de Grado Superior ser\u00e1n los primeros en incorporarse a las aulas de la Comunidad.<\/p>\n<p>Posteriormente, el d\u00eda 15 comenzar\u00e1n los estudiantes de Educaci\u00f3n Secundaria Obligatoria, Bachillerato ordinario y nocturno, todos los de ciclos formativos de Formaci\u00f3n Profesional en modalidad presencial (excepto los de segundo curso de Grado Superior) y los del segundo curso de Artes Pl\u00e1sticas y Dise\u00f1o. Por su parte, el alumnado de grado de medio y de primer curso grado superior de Artes Pl\u00e1sticas y Dise\u00f1o empezar\u00e1 el 22 de septiembre, as\u00ed como los estudiantes de Bachillerato en r\u00e9gimen a distancia, los de las aulas de Educaci\u00f3n de Personas Adultas, los matriculados en ESO para personas adultas a distancia impartida en los institutos de Educaci\u00f3n Secundaria y los alumnos de FP de grado medio y superior a distancia.<\/p>\n<p>Finalmente, el 1 de octubre iniciar\u00e1 las clases el alumnado de las ense\u00f1anzas art\u00edsticas superiores, las ense\u00f1anzas elementales y profesionales de M\u00fasica y Danza y las ense\u00f1anzas deportivas; y el 5 de octubre lo har\u00e1 el de ense\u00f1anzas de idiomas.<\/p>\n<h4><strong>FIN DE CURSO<\/strong><\/h4>\n<p>El 21 de mayo, los primeros alumnos en terminar el curso ser\u00e1n los matriculados de segundo de Bachillerato en reg\u00edmenes ordinario y nocturno y los de Bachillerato en r\u00e9gimen a distancia. Adem\u00e1s, tambi\u00e9n finalizar\u00e1 en esa fecha el alumnado de los segundos cursos de grado superior de FP, que vaya a realizar la Prueba de Acceso a la Universidad, y el de las ense\u00f1anzas profesionales de Artes Pl\u00e1sticas y Dise\u00f1o y los ciclos de grado superior en modalidad semipresencial y virtual, as\u00ed como el sexto curso de ense\u00f1anzas profesionales de M\u00fasica y Danza y las ense\u00f1anzas deportivas.<\/p>\n<p>Las Escuelas Oficiales de Idiomas acabar\u00e1n el 28 de mayo y el 17 de junio lo har\u00e1 el alumnado de primero de Bachillerato ordinario y nocturno, todos los de ciclos formativos de Formaci\u00f3n Profesional, grado medio de Artes Pl\u00e1sticas y Dise\u00f1o y el resto de los alumnos de ense\u00f1anzas elementales y profesionales de M\u00fasica y Danza. Por \u00faltimo, el 24 de junio terminar\u00e1 el resto de los estudiantes de la Comunidad.<\/p>\n<h4><strong>VACACIONES, FESTIVIDADES Y D\u00cdAS NO LECTIVOS<\/strong><\/h4>\n<p>El periodo vacacional correspondiente a las navidades abarcar\u00e1 del 23 de diciembre al 10 de enero, ambos inclusive; y del 20 al 30 de marzo, ambos incluidos, el correspondiente a la Semana Santa.<\/p>\n<p>Adem\u00e1s de los festivos recogidos en el calendario laboral de la Comunidad, y de los dos d\u00edas asignados a las fiestas de car\u00e1cter local acordados para cada municipio, tendr\u00e1n la consideraci\u00f3n de d\u00edas no lectivos el 30 de octubre -D\u00eda del docente-, el 7 de diciembre, as\u00ed como 8 y 9 de febrero -Fiestas de Carnaval-.<\/p>\t\t\t\t\t\t\t\t<\/div>\n\t\t<div class=\"elementor-element elementor-element-2a9e4219 e-con-full e-flex wpr-particle-no wpr-jarallax-no wpr-parallax-no wpr-sticky-section-no wpr-equal-height-no e-con e-child\" data-id=\"2a9e4219\" data-element_type=\"container\" data-e-type=\"container\">\n\t\t\t\t<div class=\"elementor-element elementor-element-1f28ac6f elementor-widget elementor-widget-image\" data-id=\"1f28ac6f\" data-element_type=\"widget\" data-e-type=\"widget\" data-widget_type=\"image.default\">\n\t\t\t\t\t\t\t\t\t\t\t\t\t\t\t\t<a href=\"https:\/\/www.granjapinilla.com\/\">\n\t\t\t\t\t\t\t<img decoding=\"async\" width=\"639\" height=\"150\" src=\"https:\/\/pueblosycomarcas.com\/wp-content\/uploads\/2025\/07\/banner-granja-pinilla.jpg\" class=\"attachment-large size-large wp-image-105\" alt=\"\" srcset=\"https:\/\/pueblosycomarcas.com\/wp-content\/uploads\/2025\/07\/banner-granja-pinilla.jpg 639w, https:\/\/pueblosycomarcas.com\/wp-content\/uploads\/2025\/07\/banner-granja-pinilla-300x70.jpg 300w\" sizes=\"(max-width: 639px) 100vw, 639px\" \/>\t\t\t\t\t\t\t\t<\/a>\n\t\t\t\t\t\t\t\t\t\t\t\t\t\t\t<\/div>\n\t\t\t\t<\/div>\n\t\t\t\t\t<\/div>\n\t\t\t\t<\/div>\n\t\t\t\t<\/div>","protected":false},"excerpt":{"rendered":"<p>Econom\u00eda, educaci\u00f3n y empleo Castilla y Le\u00f3n iniciar\u00e1 el curso escolar 2026-2027 el 9 septiembre El 15 de septiembre se incorporar\u00e1n a las clases los alumnos de ESO, Bachillerato, FP y el segundo curso de las ense\u00f1anzas profesionales de Artes Pl\u00e1sticas y Dise\u00f1o Los periodos vacacionales de Navidad comprender\u00e1n del 23 de diciembre hasta el 10 de enero, y las de Semana Santa, del 20 al 30 de marzo, ambos incluidos Pueblosycomarcas.com;&nbsp;@PueblosComarcas La Junta de Castilla y Le\u00f3n se ha reunido esta ma\u00f1ana en segunda sesi\u00f3n con los representantes de las organizaciones sindicales presentes en la Mesa Sectorial -CSIF, ANPE, STESCYL-i, UGT-SP y CCOO- para concretar el calendario escolar del curso 2026-2027. Este documento ser\u00e1 enviado al Consejo Escolar de Castilla y Le\u00f3n de forma previa a su aprobaci\u00f3n definitiva. En el encuentro, los representantes de la Consejer\u00eda han se\u00f1alado que la Administraci\u00f3n educativa auton\u00f3mica se har\u00e1 cargo de la atenci\u00f3n de los menores durante la reducci\u00f3n de la hora lectiva en junio y septiembre, como ya est\u00e1 haciendo este curso. Asimismo, ha recordado que existe la opci\u00f3n del comedor escolar para todos los que lo deseen. En cuanto a las fechas, el 9 de septiembre los alumnos del segundo ciclo de Educaci\u00f3n Infantil, Primaria, Educaci\u00f3n Especial, Programas para la Transici\u00f3n a la Vida Adulta, Educaci\u00f3n Secundaria Obligatoria escolarizados en centros de Educaci\u00f3n Primaria y segundo curso de Ciclos Formativos de Grado Superior ser\u00e1n los primeros en incorporarse a las aulas de la Comunidad. Posteriormente, el d\u00eda 15 comenzar\u00e1n los estudiantes de Educaci\u00f3n Secundaria Obligatoria, Bachillerato ordinario y nocturno, todos los de ciclos formativos de Formaci\u00f3n Profesional en modalidad presencial (excepto los de segundo curso de Grado Superior) y los del segundo curso de Artes Pl\u00e1sticas y Dise\u00f1o. Por su parte, el alumnado de grado de medio y de primer curso grado superior de Artes Pl\u00e1sticas y Dise\u00f1o empezar\u00e1 el 22 de septiembre, as\u00ed como los estudiantes de Bachillerato en r\u00e9gimen a distancia, los de las aulas de Educaci\u00f3n de Personas Adultas, los matriculados en ESO para personas adultas a distancia impartida en los institutos de Educaci\u00f3n Secundaria y los alumnos de FP de grado medio y superior a distancia. Finalmente, el 1 de octubre iniciar\u00e1 las clases el alumnado de las ense\u00f1anzas art\u00edsticas superiores, las ense\u00f1anzas elementales y profesionales de M\u00fasica y Danza y las ense\u00f1anzas deportivas; y el 5 de octubre lo har\u00e1 el de ense\u00f1anzas de idiomas. FIN DE CURSO El 21 de mayo, los primeros alumnos en terminar el curso ser\u00e1n los matriculados de segundo de Bachillerato en reg\u00edmenes ordinario y nocturno y los de Bachillerato en r\u00e9gimen a distancia. Adem\u00e1s, tambi\u00e9n finalizar\u00e1 en esa fecha el alumnado de los segundos cursos de grado superior de FP, que vaya a realizar la Prueba de Acceso a la Universidad, y el de las ense\u00f1anzas profesionales de Artes Pl\u00e1sticas y Dise\u00f1o y los ciclos de grado superior en modalidad semipresencial y virtual, as\u00ed como el sexto curso de ense\u00f1anzas profesionales de M\u00fasica y Danza y las ense\u00f1anzas deportivas. Las Escuelas Oficiales de Idiomas acabar\u00e1n el 28 de mayo y el 17 de junio lo har\u00e1 el alumnado de primero de Bachillerato ordinario y nocturno, todos los de ciclos formativos de Formaci\u00f3n Profesional, grado medio de Artes Pl\u00e1sticas y Dise\u00f1o y el resto de los alumnos de ense\u00f1anzas elementales y profesionales de M\u00fasica y Danza. Por \u00faltimo, el 24 de junio terminar\u00e1 el resto de los estudiantes de la Comunidad. VACACIONES, FESTIVIDADES Y D\u00cdAS NO LECTIVOS El periodo vacacional correspondiente a las navidades abarcar\u00e1 del 23 de diciembre al 10 de enero, ambos inclusive; y del 20 al 30 de marzo, ambos incluidos, el correspondiente a la Semana Santa. Adem\u00e1s de los festivos recogidos en el calendario laboral de la Comunidad, y de los dos d\u00edas asignados a las fiestas de car\u00e1cter local acordados para cada municipio, tendr\u00e1n la consideraci\u00f3n de d\u00edas no lectivos el 30 de octubre -D\u00eda del docente-, el 7 de diciembre, as\u00ed como 8 y 9 de febrero -Fiestas de Carnaval-.<\/p>","protected":false},"author":2,"featured_media":10901,"comment_status":"open","ping_status":"closed","sticky":false,"template":"","format":"standard","meta":{"site-sidebar-layout":"default","site-content-layout":"","ast-site-content-layout":"default","site-content-style":"default","site-sidebar-style":"default","ast-global-header-display":"","ast-banner-title-visibility":"","ast-main-header-display":"","ast-hfb-above-header-display":"","ast-hfb-below-header-display":"","ast-hfb-mobile-header-display":"","site-post-title":"disabled","ast-breadcrumbs-content":"","ast-featured-img":"","footer-sml-layout":"","theme-transparent-header-meta":"","adv-header-id-meta":"","stick-header-meta":"","header-above-stick-meta":"","header-main-stick-meta":"","header-below-stick-meta":"","astra-migrate-meta-layouts":"default","ast-page-background-enabled":"default","ast-page-background-meta":{"desktop":{"background-color":"var(--ast-global-color-5)","background-image":"","background-repeat":"repeat","background-position":"center center","background-size":"auto","background-attachment":"scroll","background-type":"","background-media":"","overlay-type":"","overlay-color":"","overlay-opacity":"","overlay-gradient":""},"tablet":{"background-color":"","background-image":"","background-repeat":"repeat","background-position":"center center","background-size":"auto","background-attachment":"scroll","background-type":"","background-media":"","overlay-type":"","overlay-color":"","overlay-opacity":"","overlay-gradient":""},"mobile":{"background-color":"","background-image":"","background-repeat":"repeat","background-position":"center center","background-size":"auto","background-attachment":"scroll","background-type":"","background-media":"","overlay-type":"","overlay-color":"","overlay-opacity":"","overlay-gradient":""}},"ast-content-background-meta":{"desktop":{"background-color":"var(--ast-global-color-4)","background-image":"","background-repeat":"repeat","background-position":"center center","background-size":"auto","background-attachment":"scroll","background-type":"","background-media":"","overlay-type":"","overlay-color":"","overlay-opacity":"","overlay-gradient":""},"tablet":{"background-color":"var(--ast-global-color-4)","background-image":"","background-repeat":"repeat","background-position":"center center","background-size":"auto","background-attachment":"scroll","background-type":"","background-media":"","overlay-type":"","overlay-color":"","overlay-opacity":"","overlay-gradient":""},"mobile":{"background-color":"var(--ast-global-color-4)","background-image":"","background-repeat":"repeat","background-position":"center center","background-size":"auto","background-attachment":"scroll","background-type":"","background-media":"","overlay-type":"","overlay-color":"","overlay-opacity":"","overlay-gradient":""}},"ngg_post_thumbnail":0,"footnotes":""},"categories":[13,16],"tags":[50,55],"class_list":["post-10900","post","type-post","status-publish","format-standard","has-post-thumbnail","hentry","category-educacion-economia-y-empleo","category-portada","tag-castilla-y-leon","tag-junta-de-castilla-y-leon"],"aioseo_notices":[],"rttpg_featured_image_url":{"full":["https:\/\/pueblosycomarcas.com\/wp-content\/uploads\/2026\/04\/20260429_colegio_viana.jpeg",800,400,false],"landscape":["https:\/\/pueblosycomarcas.com\/wp-content\/uploads\/2026\/04\/20260429_colegio_viana.jpeg",800,400,false],"portraits":["https:\/\/pueblosycomarcas.com\/wp-content\/uploads\/2026\/04\/20260429_colegio_viana.jpeg",800,400,false],"thumbnail":["https:\/\/pueblosycomarcas.com\/wp-content\/uploads\/2026\/04\/20260429_colegio_viana-150x150.jpeg",150,150,true],"medium":["https:\/\/pueblosycomarcas.com\/wp-content\/uploads\/2026\/04\/20260429_colegio_viana-300x150.jpeg",300,150,true],"large":["https:\/\/pueblosycomarcas.com\/wp-content\/uploads\/2026\/04\/20260429_colegio_viana.jpeg",800,400,false],"1536x1536":["https:\/\/pueblosycomarcas.com\/wp-content\/uploads\/2026\/04\/20260429_colegio_viana.jpeg",800,400,false],"2048x2048":["https:\/\/pueblosycomarcas.com\/wp-content\/uploads\/2026\/04\/20260429_colegio_viana.jpeg",800,400,false],"trp-custom-language-flag":["https:\/\/pueblosycomarcas.com\/wp-content\/uploads\/2026\/04\/20260429_colegio_viana-18x9.jpeg",18,9,true]},"rttpg_author":{"display_name":"Juanjo","author_link":"https:\/\/pueblosycomarcas.com\/en\/author\/pueblosycomarcas\/"},"rttpg_comment":0,"rttpg_category":"<a href=\"https:\/\/pueblosycomarcas.com\/en\/category\/educacion-economia-y-empleo\/\" rel=\"category tag\">Econom\u00eda, Educaci\u00f3n y Empleo<\/a> <a href=\"https:\/\/pueblosycomarcas.com\/en\/category\/portada\/\" rel=\"category tag\">Portada<\/a>","rttpg_excerpt":"Econom\u00eda, educaci\u00f3n y empleo Castilla y Le\u00f3n iniciar\u00e1 el curso escolar 2026-2027 el 9 septiembre El 15 de septiembre se incorporar\u00e1n a las clases los alumnos de ESO, Bachillerato, FP y el segundo curso de las ense\u00f1anzas profesionales de Artes Pl\u00e1sticas y Dise\u00f1o Los periodos vacacionales de Navidad comprender\u00e1n del 23 de diciembre hasta el&hellip;","_links":{"self":[{"href":"https:\/\/pueblosycomarcas.com\/en\/wp-json\/wp\/v2\/posts\/10900","targetHints":{"allow":["GET"]}}],"collection":[{"href":"https:\/\/pueblosycomarcas.com\/en\/wp-json\/wp\/v2\/posts"}],"about":[{"href":"https:\/\/pueblosycomarcas.com\/en\/wp-json\/wp\/v2\/types\/post"}],"author":[{"embeddable":true,"href":"https:\/\/pueblosycomarcas.com\/en\/wp-json\/wp\/v2\/users\/2"}],"replies":[{"embeddable":true,"href":"https:\/\/pueblosycomarcas.com\/en\/wp-json\/wp\/v2\/comments?post=10900"}],"version-history":[{"count":5,"href":"https:\/\/pueblosycomarcas.com\/en\/wp-json\/wp\/v2\/posts\/10900\/revisions"}],"predecessor-version":[{"id":10906,"href":"https:\/\/pueblosycomarcas.com\/en\/wp-json\/wp\/v2\/posts\/10900\/revisions\/10906"}],"wp:featuredmedia":[{"embeddable":true,"href":"https:\/\/pueblosycomarcas.com\/en\/wp-json\/wp\/v2\/media\/10901"}],"wp:attachment":[{"href":"https:\/\/pueblosycomarcas.com\/en\/wp-json\/wp\/v2\/media?parent=10900"}],"wp:term":[{"taxonomy":"category","embeddable":true,"href":"https:\/\/pueblosycomarcas.com\/en\/wp-json\/wp\/v2\/categories?post=10900"},{"taxonomy":"post_tag","embeddable":true,"href":"https:\/\/pueblosycomarcas.com\/en\/wp-json\/wp\/v2\/tags?post=10900"}],"curies":[{"name":"wp","href":"https:\/\/api.w.org\/{rel}","templated":true}]}}