{"id":10897,"date":"2026-04-29T11:45:23","date_gmt":"2026-04-29T10:45:23","guid":{"rendered":"https:\/\/pueblosycomarcas.com\/?p=10897"},"modified":"2026-04-29T17:24:46","modified_gmt":"2026-04-29T16:24:46","slug":"literatura-y-moda-se-unen-en-la-sexta-edicion-de-blacklladolid","status":"publish","type":"post","link":"https:\/\/pueblosycomarcas.com\/en\/literatura-y-moda-se-unen-en-la-sexta-edicion-de-blacklladolid\/","title":{"rendered":"Literatura y moda se unen en la sexta edici\u00f3n de Blacklladolid"},"content":{"rendered":"<div data-elementor-type=\"wp-post\" data-elementor-id=\"10897\" class=\"elementor elementor-10897\">\n\t\t\t\t<div class=\"elementor-element elementor-element-d03d7c0 e-flex e-con-boxed wpr-particle-no wpr-jarallax-no wpr-parallax-no wpr-sticky-section-no wpr-equal-height-no e-con e-parent\" data-id=\"d03d7c0\" data-element_type=\"container\" data-e-type=\"container\">\n\t\t\t\t\t<div class=\"e-con-inner\">\n\t\t\t\t<div class=\"elementor-element elementor-element-2a7a7039 elementor-widget elementor-widget-image\" data-id=\"2a7a7039\" data-element_type=\"widget\" data-e-type=\"widget\" data-widget_type=\"image.default\">\n\t\t\t\t\t\t\t\t\t\t\t\t\t\t\t\t<a href=\"https:\/\/www.termicasalfonso.es\/\">\n\t\t\t\t\t\t\t<img fetchpriority=\"high\" decoding=\"async\" width=\"400\" height=\"220\" src=\"https:\/\/pueblosycomarcas.com\/wp-content\/uploads\/2025\/07\/banner-instalaciones-alfonso.jpg\" class=\"attachment-large size-large wp-image-107\" alt=\"\" srcset=\"https:\/\/pueblosycomarcas.com\/wp-content\/uploads\/2025\/07\/banner-instalaciones-alfonso.jpg 400w, https:\/\/pueblosycomarcas.com\/wp-content\/uploads\/2025\/07\/banner-instalaciones-alfonso-300x165.jpg 300w\" sizes=\"(max-width: 400px) 100vw, 400px\" \/>\t\t\t\t\t\t\t\t<\/a>\n\t\t\t\t\t\t\t\t\t\t\t\t\t\t\t<\/div>\n\t\t\t\t<div class=\"elementor-element elementor-element-5703439d elementor-widget elementor-widget-text-editor\" data-id=\"5703439d\" data-element_type=\"widget\" data-e-type=\"widget\" data-widget_type=\"text-editor.default\">\n\t\t\t\t\t\t\t\t\t<ul><li><h6><strong><em>Cultura y tradiciones<\/em><\/strong><\/h6><\/li><\/ul>\t\t\t\t\t\t\t\t<\/div>\n\t\t\t\t<div class=\"elementor-element elementor-element-7f0ae489 elementor-widget elementor-widget-heading\" data-id=\"7f0ae489\" data-element_type=\"widget\" data-e-type=\"widget\" data-widget_type=\"heading.default\">\n\t\t\t\t\t<h2 class=\"elementor-heading-title elementor-size-default\">Literatura y moda se unen en la sexta edici\u00f3n de Blacklladolid<\/h2>\t\t\t\t<\/div>\n\t\t\t\t<div class=\"elementor-element elementor-element-46e176b elementor-widget elementor-widget-text-editor\" data-id=\"46e176b\" data-element_type=\"widget\" data-e-type=\"widget\" data-widget_type=\"text-editor.default\">\n\t\t\t\t\t\t\t\t\t<ul><li><h6><em><strong>El certamen regresa al castillo de Fuensalda\u00f1a del 16 al 20 de septiembre<\/strong><\/em><\/h6><\/li><li><h6><em><strong>El cartel de literatura re\u00fane de nuevo a primeros espadas del \u00e1mbito nacional como son Clara S\u00e1nchez, Juan Luis Arsuaga, Paloma S\u00e1nchez-Garnica, Javier Castillo, Carla Montero, Dolores Redondo, Mar\u00eda Due\u00f1as y Sonsoles \u00d3nega<\/strong><\/em><\/h6><\/li><li><h6><em><strong>Amaya Arzuaga, Natalia Esgueva, Estefan\u00eda Luyk, Irene de la Cuesta, Silvia Fern\u00e1ndez y Rosana Largo conforman el cartel de moda<\/strong><\/em><\/h6><\/li><li><h6><em><strong>Fito Robles, vocalista de Silo\u00e9, participar\u00e1 en el certamen e interpretar\u00e1 algunos de los temas de la banda<\/strong><\/em><\/h6><\/li><\/ul>\t\t\t\t\t\t\t\t<\/div>\n\t\t\t\t<div class=\"elementor-element elementor-element-7c70136c elementor-widget-divider--view-line elementor-widget elementor-widget-divider\" data-id=\"7c70136c\" data-element_type=\"widget\" data-e-type=\"widget\" data-widget_type=\"divider.default\">\n\t\t\t\t\t\t\t<div class=\"elementor-divider\">\n\t\t\t<span class=\"elementor-divider-separator\">\n\t\t\t\t\t\t<\/span>\n\t\t<\/div>\n\t\t\t\t\t\t<\/div>\n\t\t\t\t<div class=\"elementor-element elementor-element-611fdcb7 elementor-widget elementor-widget-image\" data-id=\"611fdcb7\" data-element_type=\"widget\" data-e-type=\"widget\" data-widget_type=\"image.default\">\n\t\t\t\t\t\t\t\t\t\t\t\t\t\t\t<img decoding=\"async\" width=\"800\" height=\"400\" src=\"https:\/\/pueblosycomarcas.com\/wp-content\/uploads\/2026\/04\/20260429_presentacion_blacklladolid.jpeg\" class=\"attachment-large size-large wp-image-10898\" alt=\"\" srcset=\"https:\/\/pueblosycomarcas.com\/wp-content\/uploads\/2026\/04\/20260429_presentacion_blacklladolid.jpeg 800w, https:\/\/pueblosycomarcas.com\/wp-content\/uploads\/2026\/04\/20260429_presentacion_blacklladolid-300x150.jpeg 300w, https:\/\/pueblosycomarcas.com\/wp-content\/uploads\/2026\/04\/20260429_presentacion_blacklladolid-768x384.jpeg 768w, https:\/\/pueblosycomarcas.com\/wp-content\/uploads\/2026\/04\/20260429_presentacion_blacklladolid-18x9.jpeg 18w\" sizes=\"(max-width: 800px) 100vw, 800px\" \/>\t\t\t\t\t\t\t\t\t\t\t\t\t\t\t<\/div>\n\t\t\t\t<div class=\"elementor-element elementor-element-4fd2ad34 elementor-widget elementor-widget-text-editor\" data-id=\"4fd2ad34\" data-element_type=\"widget\" data-e-type=\"widget\" data-widget_type=\"text-editor.default\">\n\t\t\t\t\t\t\t\t\t<p><a href=\"https:\/\/www.facebook.com\/Pueblos-y-Comarcas-125437870924169\/?fref=ts\"><em><strong>Pueblosycomarcas.com<\/strong><\/em><\/a><em><strong>;&nbsp;<\/strong><\/em><a href=\"https:\/\/twitter.com\/PueblosComarcas\"><em><strong>@PueblosComarcas<\/strong><\/em><\/a><\/p>\n<p>El presidente de la Diputaci\u00f3n de Valladolid, Conrado \u00cdscar, y los escritores Dolores Redondo y C\u00e9sar P\u00e9rez Gellida han presentado hoy la sexta edici\u00f3n de Blacklladolid. El certamen, que ya se ha consolidado como uno de los encuentros m\u00e1s importantes del pa\u00eds, unir\u00e1 en esta edici\u00f3n la literatura y la moda como protagonistas. El castillo de Fuensalda\u00f1a vuelve a convertirse en escenario del festival, que en esta edici\u00f3n se celebrar\u00e1 del 16 al 20 de septiembre.<\/p>\n<p>En esta sexta edici\u00f3n el cartel de literatura vuelve a contar con primeros espadas del panorama nacional. En este sentido, pasar\u00e1n por el escenario de Blacklladolid autores de la talla de Clara S\u00e1nchez, Juan Luis Arsuaga, Paloma S\u00e1nchez-Garnica, Javier Castillo, Carla Montero, Dolores Redondo, Mar\u00eda Due\u00f1as y Sonsoles \u00d3nega.<\/p>\n<p>Por lo que respecta a la moda, Amaya Arzuaga, Natalia Esgueva, Estefan\u00eda Luyk, Irene de la Cuesta, Silvia Fern\u00e1ndez y Rosana Largo conforman un cartel en el que el dise\u00f1o es el protagonista.<\/p>\n<p>Adem\u00e1s, Fito Robles, vocalista de Silo\u00e9, participar\u00e1 en el certamen e interpretar\u00e1 algunos de los temas de la banda.<\/p>\n<p>La periodista, escritora y guionista Raquel Martos ser\u00e1 un a\u00f1o m\u00e1s la encargada de conducir las charlas vinculadas a la literatura. Junto a ella, llevando a cabo las charlas relacionadas con la moda, el certamen contar\u00e1 de nuevo con la periodista Mar\u00eda Ramos.<\/p>\n<p>Las entradas se pondr\u00e1n a la venta pr\u00f3ximamente en <a href=\"http:\/\/www.blacklladolid.es\">www.blacklladolid.es<\/a> y, como en anteriores ediciones, el encuentro tambi\u00e9n podr\u00e1 seguirse \u00edntegro v\u00eda streaming.<\/p>\n<h4><strong>LOS PONENTES DE BLACKLLADOLID 2026<\/strong><\/h4>\n<p>Clara S\u00e1nchez es una de las autoras m\u00e1s reconocidas de la narrativa contempor\u00e1nea en espa\u00f1ol. Ha recibido importantes galardones como son el Premio Planeta por El cielo ha vuelto o el Premio Nadal por Lo que esconde tu nombre y su obra est\u00e1 traducida a m\u00e1s de veinte idiomas. En 2026 publica Lo inexplicable, su \u00faltima novela, que se suma a las quince anteriores de su trayectoria. Desde 2023 ocupa la letra X de la RAE.<\/p>\n<p>Natalia Esgueva estudi\u00f3 dise\u00f1o de moda en Valladolid. M\u00e1s tarde, se traslad\u00f3 a Barcelona a estudiar un m\u00e1ster de estilismo para medios audiovisuales y Publicidad, lo que le anim\u00f3 a querer formarse y especializarse en vestuario esc\u00e9nico y a medida. Cuenta con su propia marca, donde crea piezas \u00fanicas con las que ha vestido a celebridades como Eva Hache, Carolina Yuste o Roc\u00edo Molina en Seminci. Es la encargada del vestuario de Silo\u00e9.<\/p>\n<p>Juan Luis Arsuaga es licenciado y doctor en Ciencias Biol\u00f3gicas y catedr\u00e1tico de Paleontolog\u00eda en la Universidad Complutense de Madrid. Es uno de los paleont\u00f3logos m\u00e1s destacados del mundo y el divulgador cient\u00edfico m\u00e1s importante de Espa\u00f1a. Codirector del equipo de investigaci\u00f3n de Atapuerca, ha sido galardonado con el Premio Pr\u00edncipe de Asturias, entre otros muchos. Es autor de grandes \u00e9xitos editoriales traducidos a m\u00faltiples idiomas, como&nbsp;La especie elegida&nbsp;(1998),&nbsp;El collar del neandertal&nbsp;(1999) y&nbsp;Nuestro cuerpo&nbsp;(2023). En 2024 Destino recuper\u00f3 su primera y \u00fanica novela hasta la fecha,&nbsp;Al otro lado de la niebla. En 2026 publica La respuesta.<\/p>\n<p>La dise\u00f1adora Silvia Fern\u00e1ndez ha consolidado una trayectoria de m\u00e1s de dos d\u00e9cadas en la moda nupcial y de ceremonia desde su atelier en El Bierzo. Hija de modista, creci\u00f3 vinculada al mundo de la costura, aunque su camino profesional comenz\u00f3 en la publicidad y el modelaje. El punto de inflexi\u00f3n lleg\u00f3 al dise\u00f1ar su propio vestido de novia. Desde entonces, ha desarrollado una firma reconocida por su atenci\u00f3n al detalle y la personalizaci\u00f3n, con seis tiendas propias en Espa\u00f1a y presencia internacional en varios pa\u00edses. Sus dise\u00f1os han vestido a novias y tambi\u00e9n a figuras p\u00fablicas en eventos destacados, como los Latin Grammy. Su propuesta combina tradici\u00f3n artesanal y sensibilidad contempor\u00e1nea.<\/p>\n<p>Paloma S\u00e1nchez-Garnica es una prestigiosa escritora espa\u00f1ola de novelas de g\u00e9nero hist\u00f3rico. Sus obras Las tres heridas (2012); La sonata del silencio (2014), de la que se hizo una adaptaci\u00f3n para una serie en TVE; Mi recuerdo es m\u00e1s fuerte que tu olvido (2016); La sospecha de Sof\u00eda (2019); \u00daltimos d\u00edas en Berl\u00edn (Finalista del Premio Planeta 2021), y Victoria, con la que obtuvo el Premio Planeta 2024, han confirmado su consagraci\u00f3n entre la cr\u00edtica y los lectores como una escritora de gran personalidad literaria.<\/p>\n<p>Amaya Arzuaga es una dise\u00f1adora de moda y empresaria espa\u00f1ola. En 2005, S. M. Don Juan Carlos I y la ministra de Cultura le entregaron la Medalla de Oro al M\u00e9rito en las Bellas Artes. En 2013 fue galardonada con el Premio Nacional de Moda que concede el Ministerio de Educaci\u00f3n, Cultura y Deporte. Tras finalizar sus estudios en 1992, en 1994 cre\u00f3 su propia empresa, Amaya Arzuaga, con la que durante a\u00f1os vendi\u00f3 y present\u00f3 su colecci\u00f3n regularmente en ferias internacionales como Atmosph\u00e8re (Par\u00eds), Fashion Cotterie (Nueva York), Camera Nazionale della Moda Italiana (Mil\u00e1n) o Pasarela Cibeles (Madrid). Ha desfilado en lugares como el Salon Pr\u00eat-\u00e2-porter Par\u00eds, la London Fashion Week, la Settimana della Moda de Mil\u00e1n, la Semana de la moda de Par\u00eds o el Palais de Tokyo.<\/p>\n<p>Con m\u00e1s de 2 millones de ejemplares vendidos solo en Espa\u00f1a, Javier Castillo se ha convertido en uno de los autores m\u00e1s destacados del panorama nacional. Su obra ha sido traducida en m\u00e1s de 20 idiomas y publicada en m\u00e1s de 70 pa\u00edses. El<em> d\u00eda que se perdi\u00f3 la cordura,<\/em>&nbsp;su primera novela, se convirti\u00f3 en un fen\u00f3meno editorial. Su aclamada serie de libros protagonizados por Miren Triggs&nbsp;<em>(La chica de nieve, El juego del alma&nbsp;<\/em>y&nbsp;<em>La grieta del silencio)<\/em>&nbsp;ha supuesto su gran salto internacional.&nbsp;La adaptaci\u00f3n de<em> La chica de nieve<\/em>&nbsp;en Netflix se convirti\u00f3 en la serie m\u00e1s vista del mundo en su estreno y dio lugar a una saga que contin\u00faa con&nbsp;El juego del alma.&nbsp;<\/p>\n<p>Rosana Largo ha desarrollado una trayectoria singular en la moda al fusionarla con el arte pict\u00f3rico. Formada como pintora hiperrealista, su propuesta se articula en torno a los llamados \u201cvestidos-cuadro\u201d, creaciones que trasladan relatos, patrimonio e imaginarios literarios al dise\u00f1o textil. A trav\u00e9s de proyectos como El vestidor de los cuentos, ha explorado la conexi\u00f3n entre moda y narrativa, convirtiendo cada pieza en un soporte expresivo. Su trabajo tambi\u00e9n ha tenido presencia en iniciativas como el desfile La provincia de Valladolid viste su patrimonio, donde reinterpret\u00f3 elementos hist\u00f3ricos y culturales en clave contempor\u00e1nea.<\/p>\n<p>La carrera de Carla Montero arranc\u00f3 en 2009 al ganar el Premio de Novela C\u00edrculo de Lectores con <em>Una dama en juego<\/em> (2010), ambientada en la Europa previa a la Primera Guerra Mundial. El \u00e9xito se consolid\u00f3 con <em>La tabla esmeralda<\/em> (2012), traducida a varios idiomas. Desde entonces ha publicado t\u00edtulos como <em>La piel dorada<\/em> (2014), <em>El invierno en tu rostro<\/em> (2016) o <em>El medall\u00f3n de fuego<\/em> (2021). Su narrativa combina rigor hist\u00f3rico, suspense y romance, fruto de una intensa labor de documentaci\u00f3n. Con m\u00e1s de 400.000 lectores, es hoy una de las autoras destacadas de la novela hist\u00f3rica espa\u00f1ola. En 2025 ha publicado <em>La dama de la niebla.<\/em><\/p>\n<p>Madrina de honor de Blacklladolid, Dolores Redondo es una de las autoras de novela negra m\u00e1s importantes de nuestro pa\u00eds. En 2024 ha publicado su \u00faltima novela, Las que no duermen. NASH. Es la autora de la Trilog\u00eda del Bazt\u00e1n, el fen\u00f3meno literario en castellano m\u00e1s importante de los \u00faltimos a\u00f1os. A la trilog\u00eda le sigui\u00f3 Todo esto te dar\u00e9 (Premio Planeta 2016), la novela ganadora de dicho galard\u00f3n m\u00e1s vendida de los \u00faltimos tiempos. Su novela La cara norte del coraz\u00f3n ser\u00e1 adaptada como serie televisiva en Hollywood.<\/p>\n<p>La modelo Estefan\u00eda Luyk desarroll\u00f3 una s\u00f3lida trayectoria en la moda desde muy joven. Sus primeros pasos llegaron en la infancia con anuncios, pero fue en la adolescencia cuando despeg\u00f3: debut\u00f3 en la Pasarela Cibeles y pronto inici\u00f3 una carrera internacional que la llev\u00f3 a trabajar en pa\u00edses como Italia, Jap\u00f3n o Australia.&nbsp; Durante los a\u00f1os noventa y principios de los 2000 se consolid\u00f3 como top model, colaborando con firmas de lujo y recorriendo circuitos internacionales. Su evoluci\u00f3n posterior la llev\u00f3 a explorar otros \u00e1mbitos del sector, como la direcci\u00f3n de pasarela y la organizaci\u00f3n de eventos.<\/p>\n<p>Mar\u00eda Due\u00f1as public\u00f3 su primera novela en 2009, <em>El tiempo entre costuras<\/em>, supuso un fen\u00f3meno editorial sin precedentes recientes, reforzado por su exitosa adaptaci\u00f3n televisiva. A partir de entonces consolid\u00f3 una trayectoria marcada por novelas de ambientaci\u00f3n hist\u00f3rica como <em>Misi\u00f3n Olvido<\/em> (2012), <em>La Templanza<\/em> (2015) o <em>Las hijas del Capit\u00e1n<\/em> (2018). Traducida a m\u00e1s de treinta y cinco lenguas y con millones de ejemplares vendidos, ha logrado un amplio reconocimiento internacional. Con <em>Sira<\/em> (2021) retom\u00f3 su personaje m\u00e1s emblem\u00e1tico, y en 2025 public\u00f3 <em>Por si un d\u00eda volvemos.<\/em><\/p>\n<p>Sonsoles \u00d3nega es autora de las novelas&nbsp;<em>Calle Habana, esquina Obispo<\/em>;<em>&nbsp;Donde Dios no estuvo<\/em>;&nbsp;<em>Encuentros en Bonaval<\/em>;&nbsp;<em>Nosotras que lo quisimos todo<\/em>;&nbsp;<em>Despu\u00e9s del amor&nbsp;<\/em>(Premio de Novela Fernando Lara 2017) y&nbsp;<em>Mil besos prohibidos<\/em>. Su \u00faltima novela,&nbsp;<em>Las hijas de la criada<\/em>, fue galardonada con el Premio Planeta 2023. Periodista, ha trabajado en CNN+ y Noticias Cuatro, y fue corresponsal parlamentaria de&nbsp;<em>Informativos Telecinco<\/em>&nbsp;desde 2008 hasta 2018. Entre 2018 y 2022 present\u00f3 distintos formatos televisivos en Mediaset, como&nbsp;<em>Ya es mediod\u00eda<\/em>&nbsp;o&nbsp;<em>Ya son las ocho<\/em>. Desde octubre de 2022 est\u00e1 al frente del magac\u00edn&nbsp;<em>Y ahora Sonsoles<\/em>&nbsp;en Antena 3.<\/p>\n<p>La dise\u00f1adora Irene de la Cuesta ha construido su trayectoria en el \u00e1mbito de la moda nupcial y de ceremonia desde una perspectiva artesanal y personalizada. Diplomada en Dise\u00f1o de Moda, abri\u00f3 su propio atelier en la Plaza Mayor de Valladolid, donde trabaja de forma independiente. Especializada en vestidos de novia, madrina e invitada, su estilo se caracteriza por una est\u00e9tica femenina, elegante y atemporal, con gui\u00f1os contempor\u00e1neos que aportan singularidad a cada pieza. Desde 2014, ha ampliado su proyecci\u00f3n colaborando con actrices y presentadoras en eventos de relevancia como la Seminci o los Premios Goya, consolidando su presencia en alfombras rojas. Su trabajo destaca por la combinaci\u00f3n de tradici\u00f3n, tendencia y una cuidada confecci\u00f3n a medida.<\/p>\t\t\t\t\t\t\t\t<\/div>\n\t\t<div class=\"elementor-element elementor-element-c6c086b e-con-full e-flex wpr-particle-no wpr-jarallax-no wpr-parallax-no wpr-sticky-section-no wpr-equal-height-no e-con e-child\" data-id=\"c6c086b\" data-element_type=\"container\" data-e-type=\"container\">\n\t\t\t\t<div class=\"elementor-element elementor-element-7204dfbe elementor-widget elementor-widget-image\" data-id=\"7204dfbe\" data-element_type=\"widget\" data-e-type=\"widget\" data-widget_type=\"image.default\">\n\t\t\t\t\t\t\t\t\t\t\t\t\t\t\t\t<a href=\"https:\/\/www.granjapinilla.com\/\">\n\t\t\t\t\t\t\t<img decoding=\"async\" width=\"639\" height=\"150\" src=\"https:\/\/pueblosycomarcas.com\/wp-content\/uploads\/2025\/07\/banner-granja-pinilla.jpg\" class=\"attachment-large size-large wp-image-105\" alt=\"\" srcset=\"https:\/\/pueblosycomarcas.com\/wp-content\/uploads\/2025\/07\/banner-granja-pinilla.jpg 639w, https:\/\/pueblosycomarcas.com\/wp-content\/uploads\/2025\/07\/banner-granja-pinilla-300x70.jpg 300w\" sizes=\"(max-width: 639px) 100vw, 639px\" \/>\t\t\t\t\t\t\t\t<\/a>\n\t\t\t\t\t\t\t\t\t\t\t\t\t\t\t<\/div>\n\t\t\t\t<\/div>\n\t\t\t\t\t<\/div>\n\t\t\t\t<\/div>\n\t\t\t\t<\/div>","protected":false},"excerpt":{"rendered":"<p>Cultura y tradiciones Literatura y moda se unen en la sexta edici\u00f3n de Blacklladolid El certamen regresa al castillo de Fuensalda\u00f1a del 16 al 20 de septiembre El cartel de literatura re\u00fane de nuevo a primeros espadas del \u00e1mbito nacional como son Clara S\u00e1nchez, Juan Luis Arsuaga, Paloma S\u00e1nchez-Garnica, Javier Castillo, Carla Montero, Dolores Redondo, Mar\u00eda Due\u00f1as y Sonsoles \u00d3nega Amaya Arzuaga, Natalia Esgueva, Estefan\u00eda Luyk, Irene de la Cuesta, Silvia Fern\u00e1ndez y Rosana Largo conforman el cartel de moda Fito Robles, vocalista de Silo\u00e9, participar\u00e1 en el certamen e interpretar\u00e1 algunos de los temas de la banda Pueblosycomarcas.com;&nbsp;@PueblosComarcas El presidente de la Diputaci\u00f3n de Valladolid, Conrado \u00cdscar, y los escritores Dolores Redondo y C\u00e9sar P\u00e9rez Gellida han presentado hoy la sexta edici\u00f3n de Blacklladolid. El certamen, que ya se ha consolidado como uno de los encuentros m\u00e1s importantes del pa\u00eds, unir\u00e1 en esta edici\u00f3n la literatura y la moda como protagonistas. El castillo de Fuensalda\u00f1a vuelve a convertirse en escenario del festival, que en esta edici\u00f3n se celebrar\u00e1 del 16 al 20 de septiembre. En esta sexta edici\u00f3n el cartel de literatura vuelve a contar con primeros espadas del panorama nacional. En este sentido, pasar\u00e1n por el escenario de Blacklladolid autores de la talla de Clara S\u00e1nchez, Juan Luis Arsuaga, Paloma S\u00e1nchez-Garnica, Javier Castillo, Carla Montero, Dolores Redondo, Mar\u00eda Due\u00f1as y Sonsoles \u00d3nega. Por lo que respecta a la moda, Amaya Arzuaga, Natalia Esgueva, Estefan\u00eda Luyk, Irene de la Cuesta, Silvia Fern\u00e1ndez y Rosana Largo conforman un cartel en el que el dise\u00f1o es el protagonista. Adem\u00e1s, Fito Robles, vocalista de Silo\u00e9, participar\u00e1 en el certamen e interpretar\u00e1 algunos de los temas de la banda. La periodista, escritora y guionista Raquel Martos ser\u00e1 un a\u00f1o m\u00e1s la encargada de conducir las charlas vinculadas a la literatura. Junto a ella, llevando a cabo las charlas relacionadas con la moda, el certamen contar\u00e1 de nuevo con la periodista Mar\u00eda Ramos. Las entradas se pondr\u00e1n a la venta pr\u00f3ximamente en www.blacklladolid.es y, como en anteriores ediciones, el encuentro tambi\u00e9n podr\u00e1 seguirse \u00edntegro v\u00eda streaming. LOS PONENTES DE BLACKLLADOLID 2026 Clara S\u00e1nchez es una de las autoras m\u00e1s reconocidas de la narrativa contempor\u00e1nea en espa\u00f1ol. Ha recibido importantes galardones como son el Premio Planeta por El cielo ha vuelto o el Premio Nadal por Lo que esconde tu nombre y su obra est\u00e1 traducida a m\u00e1s de veinte idiomas. En 2026 publica Lo inexplicable, su \u00faltima novela, que se suma a las quince anteriores de su trayectoria. Desde 2023 ocupa la letra X de la RAE. Natalia Esgueva estudi\u00f3 dise\u00f1o de moda en Valladolid. M\u00e1s tarde, se traslad\u00f3 a Barcelona a estudiar un m\u00e1ster de estilismo para medios audiovisuales y Publicidad, lo que le anim\u00f3 a querer formarse y especializarse en vestuario esc\u00e9nico y a medida. Cuenta con su propia marca, donde crea piezas \u00fanicas con las que ha vestido a celebridades como Eva Hache, Carolina Yuste o Roc\u00edo Molina en Seminci. Es la encargada del vestuario de Silo\u00e9. Juan Luis Arsuaga es licenciado y doctor en Ciencias Biol\u00f3gicas y catedr\u00e1tico de Paleontolog\u00eda en la Universidad Complutense de Madrid. Es uno de los paleont\u00f3logos m\u00e1s destacados del mundo y el divulgador cient\u00edfico m\u00e1s importante de Espa\u00f1a. Codirector del equipo de investigaci\u00f3n de Atapuerca, ha sido galardonado con el Premio Pr\u00edncipe de Asturias, entre otros muchos. Es autor de grandes \u00e9xitos editoriales traducidos a m\u00faltiples idiomas, como&nbsp;La especie elegida&nbsp;(1998),&nbsp;El collar del neandertal&nbsp;(1999) y&nbsp;Nuestro cuerpo&nbsp;(2023). En 2024 Destino recuper\u00f3 su primera y \u00fanica novela hasta la fecha,&nbsp;Al otro lado de la niebla. En 2026 publica La respuesta. La dise\u00f1adora Silvia Fern\u00e1ndez ha consolidado una trayectoria de m\u00e1s de dos d\u00e9cadas en la moda nupcial y de ceremonia desde su atelier en El Bierzo. Hija de modista, creci\u00f3 vinculada al mundo de la costura, aunque su camino profesional comenz\u00f3 en la publicidad y el modelaje. El punto de inflexi\u00f3n lleg\u00f3 al dise\u00f1ar su propio vestido de novia. Desde entonces, ha desarrollado una firma reconocida por su atenci\u00f3n al detalle y la personalizaci\u00f3n, con seis tiendas propias en Espa\u00f1a y presencia internacional en varios pa\u00edses. Sus dise\u00f1os han vestido a novias y tambi\u00e9n a figuras p\u00fablicas en eventos destacados, como los Latin Grammy. Su propuesta combina tradici\u00f3n artesanal y sensibilidad contempor\u00e1nea. Paloma S\u00e1nchez-Garnica es una prestigiosa escritora espa\u00f1ola de novelas de g\u00e9nero hist\u00f3rico. Sus obras Las tres heridas (2012); La sonata del silencio (2014), de la que se hizo una adaptaci\u00f3n para una serie en TVE; Mi recuerdo es m\u00e1s fuerte que tu olvido (2016); La sospecha de Sof\u00eda (2019); \u00daltimos d\u00edas en Berl\u00edn (Finalista del Premio Planeta 2021), y Victoria, con la que obtuvo el Premio Planeta 2024, han confirmado su consagraci\u00f3n entre la cr\u00edtica y los lectores como una escritora de gran personalidad literaria. Amaya Arzuaga es una dise\u00f1adora de moda y empresaria espa\u00f1ola. En 2005, S. M. Don Juan Carlos I y la ministra de Cultura le entregaron la Medalla de Oro al M\u00e9rito en las Bellas Artes. En 2013 fue galardonada con el Premio Nacional de Moda que concede el Ministerio de Educaci\u00f3n, Cultura y Deporte. Tras finalizar sus estudios en 1992, en 1994 cre\u00f3 su propia empresa, Amaya Arzuaga, con la que durante a\u00f1os vendi\u00f3 y present\u00f3 su colecci\u00f3n regularmente en ferias internacionales como Atmosph\u00e8re (Par\u00eds), Fashion Cotterie (Nueva York), Camera Nazionale della Moda Italiana (Mil\u00e1n) o Pasarela Cibeles (Madrid). Ha desfilado en lugares como el Salon Pr\u00eat-\u00e2-porter Par\u00eds, la London Fashion Week, la Settimana della Moda de Mil\u00e1n, la Semana de la moda de Par\u00eds o el Palais de Tokyo. Con m\u00e1s de 2 millones de ejemplares vendidos solo en Espa\u00f1a, Javier Castillo se ha convertido en uno de los autores m\u00e1s destacados del panorama nacional. Su obra ha sido traducida en m\u00e1s de 20 idiomas y publicada en m\u00e1s de 70 pa\u00edses. El d\u00eda que se perdi\u00f3 la cordura,&nbsp;su primera novela, se convirti\u00f3 en un fen\u00f3meno editorial. Su aclamada serie de libros protagonizados por Miren Triggs&nbsp;(La chica de nieve, El juego del alma&nbsp;y&nbsp;La grieta del silencio)&nbsp;ha supuesto su gran<\/p>","protected":false},"author":2,"featured_media":10898,"comment_status":"open","ping_status":"closed","sticky":false,"template":"","format":"standard","meta":{"site-sidebar-layout":"default","site-content-layout":"","ast-site-content-layout":"default","site-content-style":"default","site-sidebar-style":"default","ast-global-header-display":"","ast-banner-title-visibility":"","ast-main-header-display":"","ast-hfb-above-header-display":"","ast-hfb-below-header-display":"","ast-hfb-mobile-header-display":"","site-post-title":"disabled","ast-breadcrumbs-content":"","ast-featured-img":"","footer-sml-layout":"","theme-transparent-header-meta":"","adv-header-id-meta":"","stick-header-meta":"","header-above-stick-meta":"","header-main-stick-meta":"","header-below-stick-meta":"","astra-migrate-meta-layouts":"default","ast-page-background-enabled":"default","ast-page-background-meta":{"desktop":{"background-color":"var(--ast-global-color-5)","background-image":"","background-repeat":"repeat","background-position":"center center","background-size":"auto","background-attachment":"scroll","background-type":"","background-media":"","overlay-type":"","overlay-color":"","overlay-opacity":"","overlay-gradient":""},"tablet":{"background-color":"","background-image":"","background-repeat":"repeat","background-position":"center center","background-size":"auto","background-attachment":"scroll","background-type":"","background-media":"","overlay-type":"","overlay-color":"","overlay-opacity":"","overlay-gradient":""},"mobile":{"background-color":"","background-image":"","background-repeat":"repeat","background-position":"center center","background-size":"auto","background-attachment":"scroll","background-type":"","background-media":"","overlay-type":"","overlay-color":"","overlay-opacity":"","overlay-gradient":""}},"ast-content-background-meta":{"desktop":{"background-color":"var(--ast-global-color-4)","background-image":"","background-repeat":"repeat","background-position":"center center","background-size":"auto","background-attachment":"scroll","background-type":"","background-media":"","overlay-type":"","overlay-color":"","overlay-opacity":"","overlay-gradient":""},"tablet":{"background-color":"var(--ast-global-color-4)","background-image":"","background-repeat":"repeat","background-position":"center center","background-size":"auto","background-attachment":"scroll","background-type":"","background-media":"","overlay-type":"","overlay-color":"","overlay-opacity":"","overlay-gradient":""},"mobile":{"background-color":"var(--ast-global-color-4)","background-image":"","background-repeat":"repeat","background-position":"center center","background-size":"auto","background-attachment":"scroll","background-type":"","background-media":"","overlay-type":"","overlay-color":"","overlay-opacity":"","overlay-gradient":""}},"ngg_post_thumbnail":0,"footnotes":""},"categories":[14],"tags":[544,26],"class_list":["post-10897","post","type-post","status-publish","format-standard","has-post-thumbnail","hentry","category-cultura-y-tradicion","tag-blacklladolid","tag-diputacion-de-valladolid"],"aioseo_notices":[],"rttpg_featured_image_url":{"full":["https:\/\/pueblosycomarcas.com\/wp-content\/uploads\/2026\/04\/20260429_presentacion_blacklladolid.jpeg",800,400,false],"landscape":["https:\/\/pueblosycomarcas.com\/wp-content\/uploads\/2026\/04\/20260429_presentacion_blacklladolid.jpeg",800,400,false],"portraits":["https:\/\/pueblosycomarcas.com\/wp-content\/uploads\/2026\/04\/20260429_presentacion_blacklladolid.jpeg",800,400,false],"thumbnail":["https:\/\/pueblosycomarcas.com\/wp-content\/uploads\/2026\/04\/20260429_presentacion_blacklladolid-150x150.jpeg",150,150,true],"medium":["https:\/\/pueblosycomarcas.com\/wp-content\/uploads\/2026\/04\/20260429_presentacion_blacklladolid-300x150.jpeg",300,150,true],"large":["https:\/\/pueblosycomarcas.com\/wp-content\/uploads\/2026\/04\/20260429_presentacion_blacklladolid.jpeg",800,400,false],"1536x1536":["https:\/\/pueblosycomarcas.com\/wp-content\/uploads\/2026\/04\/20260429_presentacion_blacklladolid.jpeg",800,400,false],"2048x2048":["https:\/\/pueblosycomarcas.com\/wp-content\/uploads\/2026\/04\/20260429_presentacion_blacklladolid.jpeg",800,400,false],"trp-custom-language-flag":["https:\/\/pueblosycomarcas.com\/wp-content\/uploads\/2026\/04\/20260429_presentacion_blacklladolid-18x9.jpeg",18,9,true]},"rttpg_author":{"display_name":"Juanjo","author_link":"https:\/\/pueblosycomarcas.com\/en\/author\/pueblosycomarcas\/"},"rttpg_comment":0,"rttpg_category":"<a href=\"https:\/\/pueblosycomarcas.com\/en\/category\/cultura-y-tradicion\/\" rel=\"category tag\">Cultura y Tradici\u00f3n<\/a>","rttpg_excerpt":"Cultura y tradiciones Literatura y moda se unen en la sexta edici\u00f3n de Blacklladolid El certamen regresa al castillo de Fuensalda\u00f1a del 16 al 20 de septiembre El cartel de literatura re\u00fane de nuevo a primeros espadas del \u00e1mbito nacional como son Clara S\u00e1nchez, Juan Luis Arsuaga, Paloma S\u00e1nchez-Garnica, Javier Castillo, Carla Montero, Dolores Redondo,&hellip;","_links":{"self":[{"href":"https:\/\/pueblosycomarcas.com\/en\/wp-json\/wp\/v2\/posts\/10897","targetHints":{"allow":["GET"]}}],"collection":[{"href":"https:\/\/pueblosycomarcas.com\/en\/wp-json\/wp\/v2\/posts"}],"about":[{"href":"https:\/\/pueblosycomarcas.com\/en\/wp-json\/wp\/v2\/types\/post"}],"author":[{"embeddable":true,"href":"https:\/\/pueblosycomarcas.com\/en\/wp-json\/wp\/v2\/users\/2"}],"replies":[{"embeddable":true,"href":"https:\/\/pueblosycomarcas.com\/en\/wp-json\/wp\/v2\/comments?post=10897"}],"version-history":[{"count":5,"href":"https:\/\/pueblosycomarcas.com\/en\/wp-json\/wp\/v2\/posts\/10897\/revisions"}],"predecessor-version":[{"id":10916,"href":"https:\/\/pueblosycomarcas.com\/en\/wp-json\/wp\/v2\/posts\/10897\/revisions\/10916"}],"wp:featuredmedia":[{"embeddable":true,"href":"https:\/\/pueblosycomarcas.com\/en\/wp-json\/wp\/v2\/media\/10898"}],"wp:attachment":[{"href":"https:\/\/pueblosycomarcas.com\/en\/wp-json\/wp\/v2\/media?parent=10897"}],"wp:term":[{"taxonomy":"category","embeddable":true,"href":"https:\/\/pueblosycomarcas.com\/en\/wp-json\/wp\/v2\/categories?post=10897"},{"taxonomy":"post_tag","embeddable":true,"href":"https:\/\/pueblosycomarcas.com\/en\/wp-json\/wp\/v2\/tags?post=10897"}],"curies":[{"name":"wp","href":"https:\/\/api.w.org\/{rel}","templated":true}]}}