{"id":10891,"date":"2026-04-30T05:04:00","date_gmt":"2026-04-30T04:04:00","guid":{"rendered":"https:\/\/pueblosycomarcas.com\/?p=10891"},"modified":"2026-04-29T11:23:49","modified_gmt":"2026-04-29T10:23:49","slug":"el-pleno-del-ayuntamiento-de-laguna-aprueba-por-unanimidad-la-mocion-de-iu-podemos-para-impulsar-parques-infantiles-inclusivos","status":"publish","type":"post","link":"https:\/\/pueblosycomarcas.com\/en\/el-pleno-del-ayuntamiento-de-laguna-aprueba-por-unanimidad-la-mocion-de-iu-podemos-para-impulsar-parques-infantiles-inclusivos\/","title":{"rendered":"El Pleno del Ayuntamiento de Laguna aprueba por unanimidad la moci\u00f3n de IU-Podemos para impulsar parques infantiles inclusivos"},"content":{"rendered":"<div data-elementor-type=\"wp-post\" data-elementor-id=\"10891\" class=\"elementor elementor-10891\">\n\t\t\t\t<div class=\"elementor-element elementor-element-713a07b e-flex e-con-boxed wpr-particle-no wpr-jarallax-no wpr-parallax-no wpr-sticky-section-no wpr-equal-height-no e-con e-parent\" data-id=\"713a07b\" data-element_type=\"container\" data-e-type=\"container\">\n\t\t\t\t\t<div class=\"e-con-inner\">\n\t\t\t\t<div class=\"elementor-element elementor-element-17837085 elementor-widget elementor-widget-image\" data-id=\"17837085\" data-element_type=\"widget\" data-e-type=\"widget\" data-widget_type=\"image.default\">\n\t\t\t\t\t\t\t\t\t\t\t\t\t\t\t\t<a href=\"https:\/\/www.termicasalfonso.es\/\">\n\t\t\t\t\t\t\t<img fetchpriority=\"high\" decoding=\"async\" width=\"400\" height=\"220\" src=\"https:\/\/pueblosycomarcas.com\/wp-content\/uploads\/2025\/07\/banner-instalaciones-alfonso.jpg\" class=\"attachment-large size-large wp-image-107\" alt=\"\" srcset=\"https:\/\/pueblosycomarcas.com\/wp-content\/uploads\/2025\/07\/banner-instalaciones-alfonso.jpg 400w, https:\/\/pueblosycomarcas.com\/wp-content\/uploads\/2025\/07\/banner-instalaciones-alfonso-300x165.jpg 300w\" sizes=\"(max-width: 400px) 100vw, 400px\" \/>\t\t\t\t\t\t\t\t<\/a>\n\t\t\t\t\t\t\t\t\t\t\t\t\t\t\t<\/div>\n\t\t\t\t<div class=\"elementor-element elementor-element-68a43bf6 elementor-widget elementor-widget-text-editor\" data-id=\"68a43bf6\" data-element_type=\"widget\" data-e-type=\"widget\" data-widget_type=\"text-editor.default\">\n\t\t\t\t\t\t\t\t\t<ul><li><h6><strong><em>OTHER REGIONS<\/em><\/strong><\/h6><\/li><\/ul>\t\t\t\t\t\t\t\t<\/div>\n\t\t\t\t<div class=\"elementor-element elementor-element-27dc7f73 elementor-widget elementor-widget-heading\" data-id=\"27dc7f73\" data-element_type=\"widget\" data-e-type=\"widget\" data-widget_type=\"heading.default\">\n\t\t\t\t\t<h2 class=\"elementor-heading-title elementor-size-default\">El Pleno del Ayuntamiento de Laguna aprueba por unanimidad la moci\u00f3n de IU-Podemos para impulsar parques infantiles inclusivos<\/h2>\t\t\t\t<\/div>\n\t\t\t\t<div class=\"elementor-element elementor-element-2c3d13d1 elementor-widget elementor-widget-text-editor\" data-id=\"2c3d13d1\" data-element_type=\"widget\" data-e-type=\"widget\" data-widget_type=\"text-editor.default\">\n\t\t\t\t\t\t\t\t\t<ul><li><h6><em><strong>Durante el debate plenario se puso de manifiesto la importancia del juego como elemento fundamental en el desarrollo f\u00edsico, emocional y social de los menores<\/strong><\/em><\/h6><\/li><\/ul>\t\t\t\t\t\t\t\t<\/div>\n\t\t\t\t<div class=\"elementor-element elementor-element-1c55f1c8 elementor-widget-divider--view-line elementor-widget elementor-widget-divider\" data-id=\"1c55f1c8\" data-element_type=\"widget\" data-e-type=\"widget\" data-widget_type=\"divider.default\">\n\t\t\t\t\t\t\t<div class=\"elementor-divider\">\n\t\t\t<span class=\"elementor-divider-separator\">\n\t\t\t\t\t\t<\/span>\n\t\t<\/div>\n\t\t\t\t\t\t<\/div>\n\t\t\t\t<div class=\"elementor-element elementor-element-7c587efa elementor-widget elementor-widget-image\" data-id=\"7c587efa\" data-element_type=\"widget\" data-e-type=\"widget\" data-widget_type=\"image.default\">\n\t\t\t\t\t\t\t\t\t\t\t\t\t\t\t<img decoding=\"async\" width=\"800\" height=\"400\" src=\"https:\/\/pueblosycomarcas.com\/wp-content\/uploads\/2025\/11\/20251201_laguna_ayto.jpg\" class=\"attachment-large size-large wp-image-3447\" alt=\"\" srcset=\"https:\/\/pueblosycomarcas.com\/wp-content\/uploads\/2025\/11\/20251201_laguna_ayto.jpg 800w, https:\/\/pueblosycomarcas.com\/wp-content\/uploads\/2025\/11\/20251201_laguna_ayto-300x150.jpg 300w, https:\/\/pueblosycomarcas.com\/wp-content\/uploads\/2025\/11\/20251201_laguna_ayto-768x384.jpg 768w\" sizes=\"(max-width: 800px) 100vw, 800px\" \/>\t\t\t\t\t\t\t\t\t\t\t\t\t\t\t<\/div>\n\t\t\t\t<div class=\"elementor-element elementor-element-43f8dd17 elementor-widget elementor-widget-text-editor\" data-id=\"43f8dd17\" data-element_type=\"widget\" data-e-type=\"widget\" data-widget_type=\"text-editor.default\">\n\t\t\t\t\t\t\t\t\t<p><a href=\"https:\/\/www.facebook.com\/Pueblos-y-Comarcas-125437870924169\/?fref=ts\"><strong><em>Pueblosycomarcas.com<\/em><\/strong><\/a><strong><em>;\u00a0<\/em><\/strong><a href=\"https:\/\/twitter.com\/PueblosComarcas\"><strong><em>@PueblosComarcas<\/em><\/strong><\/a><\/p><p>El Pleno del Ayuntamiento de Laguna de Duero, celebrado el pasado 28 de abril, <strong>ha aprobado por unanimidad la moci\u00f3n presentada por el Grupo Municipal Izquierda Unida\u2013Podemos para impulsar la construcci\u00f3n de parques infantiles inclusivos o la adaptaci\u00f3n de los ya existentes en el municipio. <\/strong><\/p><p>Durante el debate plenario se puso de manifiesto la importancia del juego como elemento fundamental en el desarrollo f\u00edsico, emocional y social de los menores. Tambi\u00e9n se reconoci\u00f3 que aunque en los \u00faltimos a\u00f1os se han producido avances en la adaptaci\u00f3n de parques infantiles, <strong>estos resultan a\u00fan insuficientes para garantizar una accesibilidad real y efectiva<\/strong>.<\/p><p>Entre los acuerdos aprobados, se contempla la instalaci\u00f3n o adaptaci\u00f3n de \u00e1reas de juego que incorporen elementos destinados a estimular distintos sistemas sensoriales, como el auditivo, el propioceptivo, el t\u00e1ctil, el vestibular y el visual, mediante dispositivos l\u00fadicos accesibles e inclusivos. Asimismo, se establece la necesidad de garantizar espacios amplios, seguros y libres de barreras arquitect\u00f3nicas, con materiales adecuados que cumplan la normativa vigente en materia de seguridad.<\/p><p>Con esta aprobaci\u00f3n un\u00e1nime, el Ayuntamiento da un paso significativo hacia la mejora de los espacios p\u00fablicos infantiles, reforzando su compromiso con la inclusi\u00f3n, la accesibilidad y el bienestar de las familias del municipio.<\/p>\t\t\t\t\t\t\t\t<\/div>\n\t\t<div class=\"elementor-element elementor-element-3e650811 e-con-full e-flex wpr-particle-no wpr-jarallax-no wpr-parallax-no wpr-sticky-section-no wpr-equal-height-no e-con e-child\" data-id=\"3e650811\" data-element_type=\"container\" data-e-type=\"container\">\n\t\t\t\t<div class=\"elementor-element elementor-element-e67ad36 elementor-widget elementor-widget-image\" data-id=\"e67ad36\" data-element_type=\"widget\" data-e-type=\"widget\" data-widget_type=\"image.default\">\n\t\t\t\t\t\t\t\t\t\t\t\t\t\t\t\t<a href=\"https:\/\/www.granjapinilla.com\/\">\n\t\t\t\t\t\t\t<img decoding=\"async\" width=\"639\" height=\"150\" src=\"https:\/\/pueblosycomarcas.com\/wp-content\/uploads\/2025\/07\/banner-granja-pinilla.jpg\" class=\"attachment-large size-large wp-image-105\" alt=\"\" srcset=\"https:\/\/pueblosycomarcas.com\/wp-content\/uploads\/2025\/07\/banner-granja-pinilla.jpg 639w, https:\/\/pueblosycomarcas.com\/wp-content\/uploads\/2025\/07\/banner-granja-pinilla-300x70.jpg 300w\" sizes=\"(max-width: 639px) 100vw, 639px\" \/>\t\t\t\t\t\t\t\t<\/a>\n\t\t\t\t\t\t\t\t\t\t\t\t\t\t\t<\/div>\n\t\t\t\t<\/div>\n\t\t\t\t\t<\/div>\n\t\t\t\t<\/div>\n\t\t\t\t<\/div>","protected":false},"excerpt":{"rendered":"<p>Otras comarcas El Pleno del Ayuntamiento de Laguna aprueba por unanimidad la moci\u00f3n de IU-Podemos para impulsar parques infantiles inclusivos Durante el debate plenario se puso de manifiesto la importancia del juego como elemento fundamental en el desarrollo f\u00edsico, emocional y social de los menores Pueblosycomarcas.com;\u00a0@PueblosComarcas El Pleno del Ayuntamiento de Laguna de Duero, celebrado el pasado 28 de abril, ha aprobado por unanimidad la moci\u00f3n presentada por el Grupo Municipal Izquierda Unida\u2013Podemos para impulsar la construcci\u00f3n de parques infantiles inclusivos o la adaptaci\u00f3n de los ya existentes en el municipio. Durante el debate plenario se puso de manifiesto la importancia del juego como elemento fundamental en el desarrollo f\u00edsico, emocional y social de los menores. Tambi\u00e9n se reconoci\u00f3 que aunque en los \u00faltimos a\u00f1os se han producido avances en la adaptaci\u00f3n de parques infantiles, estos resultan a\u00fan insuficientes para garantizar una accesibilidad real y efectiva. Entre los acuerdos aprobados, se contempla la instalaci\u00f3n o adaptaci\u00f3n de \u00e1reas de juego que incorporen elementos destinados a estimular distintos sistemas sensoriales, como el auditivo, el propioceptivo, el t\u00e1ctil, el vestibular y el visual, mediante dispositivos l\u00fadicos accesibles e inclusivos. Asimismo, se establece la necesidad de garantizar espacios amplios, seguros y libres de barreras arquitect\u00f3nicas, con materiales adecuados que cumplan la normativa vigente en materia de seguridad. Con esta aprobaci\u00f3n un\u00e1nime, el Ayuntamiento da un paso significativo hacia la mejora de los espacios p\u00fablicos infantiles, reforzando su compromiso con la inclusi\u00f3n, la accesibilidad y el bienestar de las familias del municipio.<\/p>","protected":false},"author":2,"featured_media":3447,"comment_status":"open","ping_status":"closed","sticky":false,"template":"","format":"standard","meta":{"site-sidebar-layout":"default","site-content-layout":"","ast-site-content-layout":"default","site-content-style":"default","site-sidebar-style":"default","ast-global-header-display":"","ast-banner-title-visibility":"","ast-main-header-display":"","ast-hfb-above-header-display":"","ast-hfb-below-header-display":"","ast-hfb-mobile-header-display":"","site-post-title":"disabled","ast-breadcrumbs-content":"","ast-featured-img":"","footer-sml-layout":"","theme-transparent-header-meta":"","adv-header-id-meta":"","stick-header-meta":"","header-above-stick-meta":"","header-main-stick-meta":"","header-below-stick-meta":"","astra-migrate-meta-layouts":"default","ast-page-background-enabled":"default","ast-page-background-meta":{"desktop":{"background-color":"var(--ast-global-color-5)","background-image":"","background-repeat":"repeat","background-position":"center center","background-size":"auto","background-attachment":"scroll","background-type":"","background-media":"","overlay-type":"","overlay-color":"","overlay-opacity":"","overlay-gradient":""},"tablet":{"background-color":"","background-image":"","background-repeat":"repeat","background-position":"center center","background-size":"auto","background-attachment":"scroll","background-type":"","background-media":"","overlay-type":"","overlay-color":"","overlay-opacity":"","overlay-gradient":""},"mobile":{"background-color":"","background-image":"","background-repeat":"repeat","background-position":"center center","background-size":"auto","background-attachment":"scroll","background-type":"","background-media":"","overlay-type":"","overlay-color":"","overlay-opacity":"","overlay-gradient":""}},"ast-content-background-meta":{"desktop":{"background-color":"var(--ast-global-color-4)","background-image":"","background-repeat":"repeat","background-position":"center center","background-size":"auto","background-attachment":"scroll","background-type":"","background-media":"","overlay-type":"","overlay-color":"","overlay-opacity":"","overlay-gradient":""},"tablet":{"background-color":"var(--ast-global-color-4)","background-image":"","background-repeat":"repeat","background-position":"center center","background-size":"auto","background-attachment":"scroll","background-type":"","background-media":"","overlay-type":"","overlay-color":"","overlay-opacity":"","overlay-gradient":""},"mobile":{"background-color":"var(--ast-global-color-4)","background-image":"","background-repeat":"repeat","background-position":"center center","background-size":"auto","background-attachment":"scroll","background-type":"","background-media":"","overlay-type":"","overlay-color":"","overlay-opacity":"","overlay-gradient":""}},"ngg_post_thumbnail":0,"footnotes":""},"categories":[10,16],"tags":[58,131,57],"class_list":["post-10891","post","type-post","status-publish","format-standard","has-post-thumbnail","hentry","category-otras-comarcas","category-portada","tag-ayuntamiento-de-laguna-de-duero","tag-izquierda-unida","tag-laguna-de-duero"],"aioseo_notices":[],"rttpg_featured_image_url":{"full":["https:\/\/pueblosycomarcas.com\/wp-content\/uploads\/2025\/11\/20251201_laguna_ayto.jpg",800,400,false],"landscape":["https:\/\/pueblosycomarcas.com\/wp-content\/uploads\/2025\/11\/20251201_laguna_ayto.jpg",800,400,false],"portraits":["https:\/\/pueblosycomarcas.com\/wp-content\/uploads\/2025\/11\/20251201_laguna_ayto.jpg",800,400,false],"thumbnail":["https:\/\/pueblosycomarcas.com\/wp-content\/uploads\/2025\/11\/20251201_laguna_ayto-150x150.jpg",150,150,true],"medium":["https:\/\/pueblosycomarcas.com\/wp-content\/uploads\/2025\/11\/20251201_laguna_ayto-300x150.jpg",300,150,true],"large":["https:\/\/pueblosycomarcas.com\/wp-content\/uploads\/2025\/11\/20251201_laguna_ayto.jpg",800,400,false],"1536x1536":["https:\/\/pueblosycomarcas.com\/wp-content\/uploads\/2025\/11\/20251201_laguna_ayto.jpg",800,400,false],"2048x2048":["https:\/\/pueblosycomarcas.com\/wp-content\/uploads\/2025\/11\/20251201_laguna_ayto.jpg",800,400,false],"trp-custom-language-flag":["https:\/\/pueblosycomarcas.com\/wp-content\/uploads\/2025\/11\/20251201_laguna_ayto.jpg",18,9,false]},"rttpg_author":{"display_name":"Juanjo","author_link":"https:\/\/pueblosycomarcas.com\/en\/author\/pueblosycomarcas\/"},"rttpg_comment":0,"rttpg_category":"<a href=\"https:\/\/pueblosycomarcas.com\/en\/category\/otras-comarcas\/\" rel=\"category tag\">Otras Comarcas<\/a> <a href=\"https:\/\/pueblosycomarcas.com\/en\/category\/portada\/\" rel=\"category tag\">Portada<\/a>","rttpg_excerpt":"Otras comarcas El Pleno del Ayuntamiento de Laguna aprueba por unanimidad la moci\u00f3n de IU-Podemos para impulsar parques infantiles inclusivos Durante el debate plenario se puso de manifiesto la importancia del juego como elemento fundamental en el desarrollo f\u00edsico, emocional y social de los menores Pueblosycomarcas.com;\u00a0@PueblosComarcas El Pleno del Ayuntamiento de Laguna de Duero, celebrado&hellip;","_links":{"self":[{"href":"https:\/\/pueblosycomarcas.com\/en\/wp-json\/wp\/v2\/posts\/10891","targetHints":{"allow":["GET"]}}],"collection":[{"href":"https:\/\/pueblosycomarcas.com\/en\/wp-json\/wp\/v2\/posts"}],"about":[{"href":"https:\/\/pueblosycomarcas.com\/en\/wp-json\/wp\/v2\/types\/post"}],"author":[{"embeddable":true,"href":"https:\/\/pueblosycomarcas.com\/en\/wp-json\/wp\/v2\/users\/2"}],"replies":[{"embeddable":true,"href":"https:\/\/pueblosycomarcas.com\/en\/wp-json\/wp\/v2\/comments?post=10891"}],"version-history":[{"count":5,"href":"https:\/\/pueblosycomarcas.com\/en\/wp-json\/wp\/v2\/posts\/10891\/revisions"}],"predecessor-version":[{"id":10896,"href":"https:\/\/pueblosycomarcas.com\/en\/wp-json\/wp\/v2\/posts\/10891\/revisions\/10896"}],"wp:featuredmedia":[{"embeddable":true,"href":"https:\/\/pueblosycomarcas.com\/en\/wp-json\/wp\/v2\/media\/3447"}],"wp:attachment":[{"href":"https:\/\/pueblosycomarcas.com\/en\/wp-json\/wp\/v2\/media?parent=10891"}],"wp:term":[{"taxonomy":"category","embeddable":true,"href":"https:\/\/pueblosycomarcas.com\/en\/wp-json\/wp\/v2\/categories?post=10891"},{"taxonomy":"post_tag","embeddable":true,"href":"https:\/\/pueblosycomarcas.com\/en\/wp-json\/wp\/v2\/tags?post=10891"}],"curies":[{"name":"wp","href":"https:\/\/api.w.org\/{rel}","templated":true}]}}