{"id":10885,"date":"2026-04-30T05:02:00","date_gmt":"2026-04-30T04:02:00","guid":{"rendered":"https:\/\/pueblosycomarcas.com\/?p=10885"},"modified":"2026-04-29T11:43:43","modified_gmt":"2026-04-29T10:43:43","slug":"vecinos-por-arroyo-denuncia-que-el-ayuntamiento-dejo-sin-pagar-mas-de-158-000-euros-en-facturas-de-2025-todas-ellas-con-reparo-suspensivo-de-la-intervencion","status":"publish","type":"post","link":"https:\/\/pueblosycomarcas.com\/en\/vecinos-por-arroyo-denuncia-que-el-ayuntamiento-dejo-sin-pagar-mas-de-158-000-euros-en-facturas-de-2025-todas-ellas-con-reparo-suspensivo-de-la-intervencion\/","title":{"rendered":"Vecinos por Arroyo denuncia que el ayuntamiento dej\u00f3 sin pagar m\u00e1s de 158.000 euros en facturas de 2025, todas ellas con reparo suspensivo de la intervenci\u00f3n"},"content":{"rendered":"<div data-elementor-type=\"wp-post\" data-elementor-id=\"10885\" class=\"elementor elementor-10885\">\n\t\t\t\t<div class=\"elementor-element elementor-element-76cf5818 e-flex e-con-boxed wpr-particle-no wpr-jarallax-no wpr-parallax-no wpr-sticky-section-no wpr-equal-height-no e-con e-parent\" data-id=\"76cf5818\" data-element_type=\"container\" data-e-type=\"container\">\n\t\t\t\t\t<div class=\"e-con-inner\">\n\t\t\t\t<div class=\"elementor-element elementor-element-668fd0f6 elementor-widget elementor-widget-image\" data-id=\"668fd0f6\" data-element_type=\"widget\" data-e-type=\"widget\" data-widget_type=\"image.default\">\n\t\t\t\t\t\t\t\t\t\t\t\t\t\t\t\t<a href=\"https:\/\/www.termicasalfonso.es\/\">\n\t\t\t\t\t\t\t<img fetchpriority=\"high\" decoding=\"async\" width=\"400\" height=\"220\" src=\"https:\/\/pueblosycomarcas.com\/wp-content\/uploads\/2025\/07\/banner-instalaciones-alfonso.jpg\" class=\"attachment-large size-large wp-image-107\" alt=\"\" srcset=\"https:\/\/pueblosycomarcas.com\/wp-content\/uploads\/2025\/07\/banner-instalaciones-alfonso.jpg 400w, https:\/\/pueblosycomarcas.com\/wp-content\/uploads\/2025\/07\/banner-instalaciones-alfonso-300x165.jpg 300w\" sizes=\"(max-width: 400px) 100vw, 400px\" \/>\t\t\t\t\t\t\t\t<\/a>\n\t\t\t\t\t\t\t\t\t\t\t\t\t\t\t<\/div>\n\t\t\t\t<div class=\"elementor-element elementor-element-4ff3b10c elementor-widget elementor-widget-text-editor\" data-id=\"4ff3b10c\" data-element_type=\"widget\" data-e-type=\"widget\" data-widget_type=\"text-editor.default\">\n\t\t\t\t\t\t\t\t\t<ul><li><h6><strong><em>OTHER REGIONS<\/em><\/strong><\/h6><\/li><\/ul>\t\t\t\t\t\t\t\t<\/div>\n\t\t\t\t<div class=\"elementor-element elementor-element-67b622ae elementor-widget elementor-widget-heading\" data-id=\"67b622ae\" data-element_type=\"widget\" data-e-type=\"widget\" data-widget_type=\"heading.default\">\n\t\t\t\t\t<h2 class=\"elementor-heading-title elementor-size-default\">Vecinos por Arroyo denuncia que el ayuntamiento dej\u00f3 sin pagar m\u00e1s de 158.000 euros en facturas de 2025, todas ellas con reparo suspensivo de la intervenci\u00f3n<\/h2>\t\t\t\t<\/div>\n\t\t\t\t<div class=\"elementor-element elementor-element-33545fb6 elementor-widget elementor-widget-text-editor\" data-id=\"33545fb6\" data-element_type=\"widget\" data-e-type=\"widget\" data-widget_type=\"text-editor.default\">\n\t\t\t\t\t\t\t\t\t<ul><li><h6><em><strong>El Pleno debe intervenir por segunda vez en dos meses para regularizar gastos que incluyen el gas de los colegios, los polideportivos y la Casa Consistorial, comprometidos sin contrato en vigor<\/strong><\/em><\/h6><\/li><\/ul>\t\t\t\t\t\t\t\t<\/div>\n\t\t\t\t<div class=\"elementor-element elementor-element-15bbe4f1 elementor-widget-divider--view-line elementor-widget elementor-widget-divider\" data-id=\"15bbe4f1\" data-element_type=\"widget\" data-e-type=\"widget\" data-widget_type=\"divider.default\">\n\t\t\t\t\t\t\t<div class=\"elementor-divider\">\n\t\t\t<span class=\"elementor-divider-separator\">\n\t\t\t\t\t\t<\/span>\n\t\t<\/div>\n\t\t\t\t\t\t<\/div>\n\t\t\t\t<div class=\"elementor-element elementor-element-1f917bab elementor-widget elementor-widget-image\" data-id=\"1f917bab\" data-element_type=\"widget\" data-e-type=\"widget\" data-widget_type=\"image.default\">\n\t\t\t\t\t\t\t\t\t\t\t\t\t\t\t<img decoding=\"async\" width=\"800\" height=\"400\" src=\"https:\/\/pueblosycomarcas.com\/wp-content\/uploads\/2026\/01\/20220629_arroyo_ayuntamiento.jpg\" class=\"attachment-large size-large wp-image-5747\" alt=\"\" srcset=\"https:\/\/pueblosycomarcas.com\/wp-content\/uploads\/2026\/01\/20220629_arroyo_ayuntamiento.jpg 800w, https:\/\/pueblosycomarcas.com\/wp-content\/uploads\/2026\/01\/20220629_arroyo_ayuntamiento-300x150.jpg 300w, https:\/\/pueblosycomarcas.com\/wp-content\/uploads\/2026\/01\/20220629_arroyo_ayuntamiento-768x384.jpg 768w\" sizes=\"(max-width: 800px) 100vw, 800px\" \/>\t\t\t\t\t\t\t\t\t\t\t\t\t\t\t<\/div>\n\t\t\t\t<div class=\"elementor-element elementor-element-17d4b582 elementor-widget elementor-widget-text-editor\" data-id=\"17d4b582\" data-element_type=\"widget\" data-e-type=\"widget\" data-widget_type=\"text-editor.default\">\n\t\t\t\t\t\t\t\t\t<p><a href=\"https:\/\/www.facebook.com\/Pueblos-y-Comarcas-125437870924169\/?fref=ts\"><strong><em>Pueblosycomarcas.com<\/em><\/strong><\/a><strong><em>;\u00a0<\/em><\/strong><a href=\"https:\/\/twitter.com\/PueblosComarcas\"><strong><em>@PueblosComarcas<\/em><\/strong><\/a><\/p><p>El Ayuntamiento de Arroyo de la Encomienda cerr\u00f3 el ejercicio 2025 con 158.741,01 euros en facturas sin abonar que la Intervenci\u00f3n Municipal bloque\u00f3 mediante reparo suspensivo al detectar que los gastos se hab\u00edan comprometido sin la cobertura contractual legalmente exigida, informan desde Vecinos por Arroyo a trav\u00e9s de una nota de prensa.<\/p><p>Para poder pagarlas, ha sido necesaria la convocatoria del Pleno Municipal en dos ocasiones: en febrero, para aprobar el reconocimiento extrajudicial de cr\u00e9ditos n\u00famero 1, por 100.049,61 euros, y esta semana, para debatir el n\u00famero 2, por 58.691,40 euros.<\/p><p>Para la formaci\u00f3n localista, lo m\u00e1s llamativo es que las facturas retenidas no responden a gastos imprevisibles, sino a servicios b\u00e1sicos y recurrentes: el gas de los colegios p\u00fablicos CEIP Raimundo de Blas, CEIP Margarita Salas, CEIP Elvira Lindo y CEIP Atenea \u2014m\u00e1s de 37.000 euros entre ambos expedientes\u2014; el gas de los polideportivos La Vega y La Flecha \u2014m\u00e1s de 28.000 euros\u2014; el gas de la Casa Consistorial, la Casa de la Cultura y el Edificio Multiusos; el mantenimiento de los campos deportivos; el alquiler de veh\u00edculos municipales; o el env\u00edo postal de diciembre por m\u00e1s de 21.000 euros.<\/p><p>Seg\u00fan la nota de Vecinos por Arroyo, la propia Interventora Municipal, en su Informe Resumen Anual de Control Interno 2025, certifica que estos problemas responden a \u00abdebilidades estructurales\u00bb en la planificaci\u00f3n y el control del gasto, y no a hechos aislados. El informe constata adem\u00e1s que el equipo de gobierno no formaliz\u00f3 el Plan de Acci\u00f3n corrector que la ley le exig\u00eda tras las mismas advertencias del ejercicio anterior.<\/p><p>El Grupo Municipal Vecinos por Arroyo votar\u00e1 en contra del expediente y exige que el equipo de gobierno adopte medidas reales para que el Pleno deje de ser el instrumento ordinario con el que se regulariza lo que deber\u00eda haberse gestionado correctamente desde el principio, sin que nadie asuma responsabilidad alguna por ello.<\/p>\t\t\t\t\t\t\t\t<\/div>\n\t\t<div class=\"elementor-element elementor-element-47c5ed8c e-con-full e-flex wpr-particle-no wpr-jarallax-no wpr-parallax-no wpr-sticky-section-no wpr-equal-height-no e-con e-child\" data-id=\"47c5ed8c\" data-element_type=\"container\" data-e-type=\"container\">\n\t\t\t\t<div class=\"elementor-element elementor-element-d1044cf elementor-widget elementor-widget-image\" data-id=\"d1044cf\" data-element_type=\"widget\" data-e-type=\"widget\" data-widget_type=\"image.default\">\n\t\t\t\t\t\t\t\t\t\t\t\t\t\t\t\t<a href=\"https:\/\/www.granjapinilla.com\/\">\n\t\t\t\t\t\t\t<img decoding=\"async\" width=\"639\" height=\"150\" src=\"https:\/\/pueblosycomarcas.com\/wp-content\/uploads\/2025\/07\/banner-granja-pinilla.jpg\" class=\"attachment-large size-large wp-image-105\" alt=\"\" srcset=\"https:\/\/pueblosycomarcas.com\/wp-content\/uploads\/2025\/07\/banner-granja-pinilla.jpg 639w, https:\/\/pueblosycomarcas.com\/wp-content\/uploads\/2025\/07\/banner-granja-pinilla-300x70.jpg 300w\" sizes=\"(max-width: 639px) 100vw, 639px\" \/>\t\t\t\t\t\t\t\t<\/a>\n\t\t\t\t\t\t\t\t\t\t\t\t\t\t\t<\/div>\n\t\t\t\t<\/div>\n\t\t\t\t\t<\/div>\n\t\t\t\t<\/div>\n\t\t\t\t<\/div>","protected":false},"excerpt":{"rendered":"<p>Otras comarcas Vecinos por Arroyo denuncia que el ayuntamiento dej\u00f3 sin pagar m\u00e1s de 158.000 euros en facturas de 2025, todas ellas con reparo suspensivo de la intervenci\u00f3n El Pleno debe intervenir por segunda vez en dos meses para regularizar gastos que incluyen el gas de los colegios, los polideportivos y la Casa Consistorial, comprometidos sin contrato en vigor Pueblosycomarcas.com;\u00a0@PueblosComarcas El Ayuntamiento de Arroyo de la Encomienda cerr\u00f3 el ejercicio 2025 con 158.741,01 euros en facturas sin abonar que la Intervenci\u00f3n Municipal bloque\u00f3 mediante reparo suspensivo al detectar que los gastos se hab\u00edan comprometido sin la cobertura contractual legalmente exigida, informan desde Vecinos por Arroyo a trav\u00e9s de una nota de prensa. Para poder pagarlas, ha sido necesaria la convocatoria del Pleno Municipal en dos ocasiones: en febrero, para aprobar el reconocimiento extrajudicial de cr\u00e9ditos n\u00famero 1, por 100.049,61 euros, y esta semana, para debatir el n\u00famero 2, por 58.691,40 euros. Para la formaci\u00f3n localista, lo m\u00e1s llamativo es que las facturas retenidas no responden a gastos imprevisibles, sino a servicios b\u00e1sicos y recurrentes: el gas de los colegios p\u00fablicos CEIP Raimundo de Blas, CEIP Margarita Salas, CEIP Elvira Lindo y CEIP Atenea \u2014m\u00e1s de 37.000 euros entre ambos expedientes\u2014; el gas de los polideportivos La Vega y La Flecha \u2014m\u00e1s de 28.000 euros\u2014; el gas de la Casa Consistorial, la Casa de la Cultura y el Edificio Multiusos; el mantenimiento de los campos deportivos; el alquiler de veh\u00edculos municipales; o el env\u00edo postal de diciembre por m\u00e1s de 21.000 euros. Seg\u00fan la nota de Vecinos por Arroyo, la propia Interventora Municipal, en su Informe Resumen Anual de Control Interno 2025, certifica que estos problemas responden a \u00abdebilidades estructurales\u00bb en la planificaci\u00f3n y el control del gasto, y no a hechos aislados. El informe constata adem\u00e1s que el equipo de gobierno no formaliz\u00f3 el Plan de Acci\u00f3n corrector que la ley le exig\u00eda tras las mismas advertencias del ejercicio anterior. El Grupo Municipal Vecinos por Arroyo votar\u00e1 en contra del expediente y exige que el equipo de gobierno adopte medidas reales para que el Pleno deje de ser el instrumento ordinario con el que se regulariza lo que deber\u00eda haberse gestionado correctamente desde el principio, sin que nadie asuma responsabilidad alguna por ello.<\/p>","protected":false},"author":2,"featured_media":5747,"comment_status":"open","ping_status":"closed","sticky":false,"template":"","format":"standard","meta":{"site-sidebar-layout":"default","site-content-layout":"","ast-site-content-layout":"default","site-content-style":"default","site-sidebar-style":"default","ast-global-header-display":"","ast-banner-title-visibility":"","ast-main-header-display":"","ast-hfb-above-header-display":"","ast-hfb-below-header-display":"","ast-hfb-mobile-header-display":"","site-post-title":"disabled","ast-breadcrumbs-content":"","ast-featured-img":"","footer-sml-layout":"","theme-transparent-header-meta":"","adv-header-id-meta":"","stick-header-meta":"","header-above-stick-meta":"","header-main-stick-meta":"","header-below-stick-meta":"","astra-migrate-meta-layouts":"default","ast-page-background-enabled":"default","ast-page-background-meta":{"desktop":{"background-color":"var(--ast-global-color-5)","background-image":"","background-repeat":"repeat","background-position":"center center","background-size":"auto","background-attachment":"scroll","background-type":"","background-media":"","overlay-type":"","overlay-color":"","overlay-opacity":"","overlay-gradient":""},"tablet":{"background-color":"","background-image":"","background-repeat":"repeat","background-position":"center center","background-size":"auto","background-attachment":"scroll","background-type":"","background-media":"","overlay-type":"","overlay-color":"","overlay-opacity":"","overlay-gradient":""},"mobile":{"background-color":"","background-image":"","background-repeat":"repeat","background-position":"center center","background-size":"auto","background-attachment":"scroll","background-type":"","background-media":"","overlay-type":"","overlay-color":"","overlay-opacity":"","overlay-gradient":""}},"ast-content-background-meta":{"desktop":{"background-color":"var(--ast-global-color-4)","background-image":"","background-repeat":"repeat","background-position":"center center","background-size":"auto","background-attachment":"scroll","background-type":"","background-media":"","overlay-type":"","overlay-color":"","overlay-opacity":"","overlay-gradient":""},"tablet":{"background-color":"var(--ast-global-color-4)","background-image":"","background-repeat":"repeat","background-position":"center center","background-size":"auto","background-attachment":"scroll","background-type":"","background-media":"","overlay-type":"","overlay-color":"","overlay-opacity":"","overlay-gradient":""},"mobile":{"background-color":"var(--ast-global-color-4)","background-image":"","background-repeat":"repeat","background-position":"center center","background-size":"auto","background-attachment":"scroll","background-type":"","background-media":"","overlay-type":"","overlay-color":"","overlay-opacity":"","overlay-gradient":""}},"ngg_post_thumbnail":0,"footnotes":""},"categories":[10,16],"tags":[25,85],"class_list":["post-10885","post","type-post","status-publish","format-standard","has-post-thumbnail","hentry","category-otras-comarcas","category-portada","tag-arroyo-de-la-encomienda","tag-vecinos-por-arroyo"],"aioseo_notices":[],"rttpg_featured_image_url":{"full":["https:\/\/pueblosycomarcas.com\/wp-content\/uploads\/2026\/01\/20220629_arroyo_ayuntamiento.jpg",800,400,false],"landscape":["https:\/\/pueblosycomarcas.com\/wp-content\/uploads\/2026\/01\/20220629_arroyo_ayuntamiento.jpg",800,400,false],"portraits":["https:\/\/pueblosycomarcas.com\/wp-content\/uploads\/2026\/01\/20220629_arroyo_ayuntamiento.jpg",800,400,false],"thumbnail":["https:\/\/pueblosycomarcas.com\/wp-content\/uploads\/2026\/01\/20220629_arroyo_ayuntamiento-150x150.jpg",150,150,true],"medium":["https:\/\/pueblosycomarcas.com\/wp-content\/uploads\/2026\/01\/20220629_arroyo_ayuntamiento-300x150.jpg",300,150,true],"large":["https:\/\/pueblosycomarcas.com\/wp-content\/uploads\/2026\/01\/20220629_arroyo_ayuntamiento.jpg",800,400,false],"1536x1536":["https:\/\/pueblosycomarcas.com\/wp-content\/uploads\/2026\/01\/20220629_arroyo_ayuntamiento.jpg",800,400,false],"2048x2048":["https:\/\/pueblosycomarcas.com\/wp-content\/uploads\/2026\/01\/20220629_arroyo_ayuntamiento.jpg",800,400,false],"trp-custom-language-flag":["https:\/\/pueblosycomarcas.com\/wp-content\/uploads\/2026\/01\/20220629_arroyo_ayuntamiento.jpg",18,9,false]},"rttpg_author":{"display_name":"Juanjo","author_link":"https:\/\/pueblosycomarcas.com\/en\/author\/pueblosycomarcas\/"},"rttpg_comment":0,"rttpg_category":"<a href=\"https:\/\/pueblosycomarcas.com\/en\/category\/otras-comarcas\/\" rel=\"category tag\">Otras Comarcas<\/a> <a href=\"https:\/\/pueblosycomarcas.com\/en\/category\/portada\/\" rel=\"category tag\">Portada<\/a>","rttpg_excerpt":"Otras comarcas Vecinos por Arroyo denuncia que el ayuntamiento dej\u00f3 sin pagar m\u00e1s de 158.000 euros en facturas de 2025, todas ellas con reparo suspensivo de la intervenci\u00f3n El Pleno debe intervenir por segunda vez en dos meses para regularizar gastos que incluyen el gas de los colegios, los polideportivos y la Casa Consistorial, comprometidos&hellip;","_links":{"self":[{"href":"https:\/\/pueblosycomarcas.com\/en\/wp-json\/wp\/v2\/posts\/10885","targetHints":{"allow":["GET"]}}],"collection":[{"href":"https:\/\/pueblosycomarcas.com\/en\/wp-json\/wp\/v2\/posts"}],"about":[{"href":"https:\/\/pueblosycomarcas.com\/en\/wp-json\/wp\/v2\/types\/post"}],"author":[{"embeddable":true,"href":"https:\/\/pueblosycomarcas.com\/en\/wp-json\/wp\/v2\/users\/2"}],"replies":[{"embeddable":true,"href":"https:\/\/pueblosycomarcas.com\/en\/wp-json\/wp\/v2\/comments?post=10885"}],"version-history":[{"count":5,"href":"https:\/\/pueblosycomarcas.com\/en\/wp-json\/wp\/v2\/posts\/10885\/revisions"}],"predecessor-version":[{"id":10890,"href":"https:\/\/pueblosycomarcas.com\/en\/wp-json\/wp\/v2\/posts\/10885\/revisions\/10890"}],"wp:featuredmedia":[{"embeddable":true,"href":"https:\/\/pueblosycomarcas.com\/en\/wp-json\/wp\/v2\/media\/5747"}],"wp:attachment":[{"href":"https:\/\/pueblosycomarcas.com\/en\/wp-json\/wp\/v2\/media?parent=10885"}],"wp:term":[{"taxonomy":"category","embeddable":true,"href":"https:\/\/pueblosycomarcas.com\/en\/wp-json\/wp\/v2\/categories?post=10885"},{"taxonomy":"post_tag","embeddable":true,"href":"https:\/\/pueblosycomarcas.com\/en\/wp-json\/wp\/v2\/tags?post=10885"}],"curies":[{"name":"wp","href":"https:\/\/api.w.org\/{rel}","templated":true}]}}