{"id":10878,"date":"2026-04-30T13:40:00","date_gmt":"2026-04-30T12:40:00","guid":{"rendered":"https:\/\/pueblosycomarcas.com\/?p=10878"},"modified":"2026-04-30T13:45:02","modified_gmt":"2026-04-30T12:45:02","slug":"hoy-arrancan-las-actividades-del-programa-de-las-fiestas-de-la-virgen-del-milagro-y-san-isidor-labrador-en-valdestillas","status":"publish","type":"post","link":"https:\/\/pueblosycomarcas.com\/en\/hoy-arrancan-las-actividades-del-programa-de-las-fiestas-de-la-virgen-del-milagro-y-san-isidor-labrador-en-valdestillas\/","title":{"rendered":"Hoy arrancan las actividades del programa de las fiestas de la Virgen del Milagro y San Isidor Labrador en Valdestillas"},"content":{"rendered":"<div data-elementor-type=\"wp-post\" data-elementor-id=\"10878\" class=\"elementor elementor-10878\">\n\t\t\t\t<div class=\"elementor-element elementor-element-f540310 e-flex e-con-boxed wpr-particle-no wpr-jarallax-no wpr-parallax-no wpr-sticky-section-no wpr-equal-height-no e-con e-parent\" data-id=\"f540310\" data-element_type=\"container\" data-e-type=\"container\">\n\t\t\t\t\t<div class=\"e-con-inner\">\n\t\t\t\t<div class=\"elementor-element elementor-element-15f46da8 elementor-widget elementor-widget-image\" data-id=\"15f46da8\" data-element_type=\"widget\" data-e-type=\"widget\" data-widget_type=\"image.default\">\n\t\t\t\t\t\t\t\t\t\t\t\t\t\t\t\t<a href=\"https:\/\/www.termicasalfonso.es\/\">\n\t\t\t\t\t\t\t<img fetchpriority=\"high\" decoding=\"async\" width=\"400\" height=\"220\" src=\"https:\/\/pueblosycomarcas.com\/wp-content\/uploads\/2025\/07\/banner-instalaciones-alfonso.jpg\" class=\"attachment-large size-large wp-image-107\" alt=\"\" srcset=\"https:\/\/pueblosycomarcas.com\/wp-content\/uploads\/2025\/07\/banner-instalaciones-alfonso.jpg 400w, https:\/\/pueblosycomarcas.com\/wp-content\/uploads\/2025\/07\/banner-instalaciones-alfonso-300x165.jpg 300w\" sizes=\"(max-width: 400px) 100vw, 400px\" \/>\t\t\t\t\t\t\t\t<\/a>\n\t\t\t\t\t\t\t\t\t\t\t\t\t\t\t<\/div>\n\t\t\t\t<div class=\"elementor-element elementor-element-7c5c7a11 elementor-widget elementor-widget-text-editor\" data-id=\"7c5c7a11\" data-element_type=\"widget\" data-e-type=\"widget\" data-widget_type=\"text-editor.default\">\n\t\t\t\t\t\t\t\t\t<ul><li><h6><strong><em>Cultura y tradici\u00f3n<\/em><\/strong><\/h6><\/li><\/ul>\t\t\t\t\t\t\t\t<\/div>\n\t\t\t\t<div class=\"elementor-element elementor-element-3f54ea24 elementor-widget elementor-widget-heading\" data-id=\"3f54ea24\" data-element_type=\"widget\" data-e-type=\"widget\" data-widget_type=\"heading.default\">\n\t\t\t\t\t<h2 class=\"elementor-heading-title elementor-size-default\">Hoy arrancan las actividades del programa de las fiestas de la Virgen del Milagro y San Isidor Labrador en Valdestillas<\/h2>\t\t\t\t<\/div>\n\t\t\t\t<div class=\"elementor-element elementor-element-248084fa elementor-widget elementor-widget-text-editor\" data-id=\"248084fa\" data-element_type=\"widget\" data-e-type=\"widget\" data-widget_type=\"text-editor.default\">\n\t\t\t\t\t\t\t\t\t<ul><li><h6><em><strong>Que se extender\u00e1 hasta el pr\u00f3ximo 17 de mayo<\/strong><\/em><\/h6><\/li><\/ul>\t\t\t\t\t\t\t\t<\/div>\n\t\t\t\t<div class=\"elementor-element elementor-element-39b0bc7d elementor-widget-divider--view-line elementor-widget elementor-widget-divider\" data-id=\"39b0bc7d\" data-element_type=\"widget\" data-e-type=\"widget\" data-widget_type=\"divider.default\">\n\t\t\t\t\t\t\t<div class=\"elementor-divider\">\n\t\t\t<span class=\"elementor-divider-separator\">\n\t\t\t\t\t\t<\/span>\n\t\t<\/div>\n\t\t\t\t\t\t<\/div>\n\t\t\t\t<div class=\"elementor-element elementor-element-665980fa elementor-widget elementor-widget-image\" data-id=\"665980fa\" data-element_type=\"widget\" data-e-type=\"widget\" data-widget_type=\"image.default\">\n\t\t\t\t\t\t\t\t\t\t\t\t\t\t\t<img decoding=\"async\" width=\"800\" height=\"400\" src=\"https:\/\/pueblosycomarcas.com\/wp-content\/uploads\/2026\/04\/20230510_milagro_valdestillas.jpg\" class=\"attachment-large size-large wp-image-10879\" alt=\"\" srcset=\"https:\/\/pueblosycomarcas.com\/wp-content\/uploads\/2026\/04\/20230510_milagro_valdestillas.jpg 800w, https:\/\/pueblosycomarcas.com\/wp-content\/uploads\/2026\/04\/20230510_milagro_valdestillas-300x150.jpg 300w, https:\/\/pueblosycomarcas.com\/wp-content\/uploads\/2026\/04\/20230510_milagro_valdestillas-768x384.jpg 768w, https:\/\/pueblosycomarcas.com\/wp-content\/uploads\/2026\/04\/20230510_milagro_valdestillas-18x9.jpg 18w\" sizes=\"(max-width: 800px) 100vw, 800px\" \/>\t\t\t\t\t\t\t\t\t\t\t\t\t\t\t<\/div>\n\t\t\t\t<div class=\"elementor-element elementor-element-1b9885e3 elementor-widget elementor-widget-text-editor\" data-id=\"1b9885e3\" data-element_type=\"widget\" data-e-type=\"widget\" data-widget_type=\"text-editor.default\">\n\t\t\t\t\t\t\t\t\t<p><a href=\"https:\/\/www.facebook.com\/Pueblos-y-Comarcas-125437870924169\/?fref=ts\"><em><strong>Pueblosycomarcas.com<\/strong><\/em><\/a><em><strong>;\u00a0<\/strong><\/em><a href=\"https:\/\/twitter.com\/PueblosComarcas\"><em><strong>@PueblosComarcas<\/strong><\/em><\/a><\/p><p>La localidad vallisoletana de Valdestillas arranca hoy el programa de sus fiestas patronales en honor de la Virgen del Milagro y San Isidro Labrador que se extender\u00e1 hasta el domingo 17 de mayo.<\/p><p>Desde el Ayuntamiento presidido por el \u2018popular\u2019 Alberto Sanz ha dise\u00f1ado un calendario festivo que se apoya en los cuatro pilares que sustentan cualquier fiesta patronal de la provincia de Valladolid: actos religiosos, toros, m\u00fasica y pe\u00f1as.<\/p><p>El pistoletazo de salida oficial tuvo lugar hoy mismo con la inauguraci\u00f3n de una exposici\u00f3n de fotograf\u00edas antiguas, cedidas por Jes\u00fas \u00c1lvares Vela, en el Aula de Cultura. Tambi\u00e9n en esta jornada se celebrar\u00e1 una de las tradiciones m\u00e1s arraigadas del municipio como son la subida del Mayo y el posterior Baile de Quintos.<\/p><p>El d\u00eda siguiente, viernes 1 de mayo, el paraje de El Tamarizo ser\u00e1 el escenario del concurso gastron\u00f3mico de paellas, que repartir\u00e1 premios de 100 euros en una jornada pensada para toda la familia.<\/p><p>El acto que marca el comienzo oficial de estas festividades llegar\u00e1 el s\u00e1bado 9 de mayo con la coronaci\u00f3n de la reina, rey, gal\u00e1n y damas, seguida del preg\u00f3n de Carlos J. G\u00f3mez Mart\u00ednez, quien fuera secretario municipal durante cuarenta a\u00f1os. Este acto abrir\u00e1 paso al gran domingo 10 de mayo, el D\u00eda del Milagro, donde la procesi\u00f3n con ofrenda floral y los fuegos artificiales dar\u00e1n paso a la actuaci\u00f3n de la orquesta La Resistencia.<\/p><p>Las fiestas continuar\u00e1n a lo largo de la semana con d\u00edas dedicados a los mayores, sesiones de baile SBK y eventos que tendr\u00e1n a las pe\u00f1as como protagonistas y encarar\u00e1n su recta final con la festividad de San Isidro, el viernes 15 de mayo, que ser\u00e1 el pre\u00e1mbulo de los platos fuertes del men\u00fa como son los festejos taurinos y que dar\u00e1n comienzo con un encierro urbano en la medianoche de este viernes.<\/p><p>El fin de semana del 16 y 17 de mayo incluir\u00e1 un concurso de cortes, festejos populares y un Grand Prix en la plaza de toros.<\/p><p>El programa completo se puede consultar en el siguiente enlace:<\/p><ul><li><strong><a href=\"https:\/\/pueblosycomarcas.com\/wp-content\/uploads\/2026\/04\/Programa-de-Fiestas-VALDESTILLAS-2026.pdf\">Programa de las fiestas de Nuestra Se\u00f1ora del Milagro y San Isidro Labrador<\/a><\/strong><\/li><\/ul>\t\t\t\t\t\t\t\t<\/div>\n\t\t<div class=\"elementor-element elementor-element-696d97f e-con-full e-flex wpr-particle-no wpr-jarallax-no wpr-parallax-no wpr-sticky-section-no wpr-equal-height-no e-con e-child\" data-id=\"696d97f\" data-element_type=\"container\" data-e-type=\"container\">\n\t\t\t\t<div class=\"elementor-element elementor-element-6a859a92 elementor-widget elementor-widget-image\" data-id=\"6a859a92\" data-element_type=\"widget\" data-e-type=\"widget\" data-widget_type=\"image.default\">\n\t\t\t\t\t\t\t\t\t\t\t\t\t\t\t\t<a href=\"https:\/\/www.granjapinilla.com\/\">\n\t\t\t\t\t\t\t<img decoding=\"async\" width=\"639\" height=\"150\" src=\"https:\/\/pueblosycomarcas.com\/wp-content\/uploads\/2025\/07\/banner-granja-pinilla.jpg\" class=\"attachment-large size-large wp-image-105\" alt=\"\" srcset=\"https:\/\/pueblosycomarcas.com\/wp-content\/uploads\/2025\/07\/banner-granja-pinilla.jpg 639w, https:\/\/pueblosycomarcas.com\/wp-content\/uploads\/2025\/07\/banner-granja-pinilla-300x70.jpg 300w\" sizes=\"(max-width: 639px) 100vw, 639px\" \/>\t\t\t\t\t\t\t\t<\/a>\n\t\t\t\t\t\t\t\t\t\t\t\t\t\t\t<\/div>\n\t\t\t\t<\/div>\n\t\t\t\t\t<\/div>\n\t\t\t\t<\/div>\n\t\t\t\t<\/div>","protected":false},"excerpt":{"rendered":"<p>Cultura y tradici\u00f3n Hoy arrancan las actividades del programa de las fiestas de la Virgen del Milagro y San Isidor Labrador en Valdestillas Que se extender\u00e1 hasta el pr\u00f3ximo 17 de mayo Pueblosycomarcas.com;\u00a0@PueblosComarcas La localidad vallisoletana de Valdestillas arranca hoy el programa de sus fiestas patronales en honor de la Virgen del Milagro y San Isidro Labrador que se extender\u00e1 hasta el domingo 17 de mayo. Desde el Ayuntamiento presidido por el \u2018popular\u2019 Alberto Sanz ha dise\u00f1ado un calendario festivo que se apoya en los cuatro pilares que sustentan cualquier fiesta patronal de la provincia de Valladolid: actos religiosos, toros, m\u00fasica y pe\u00f1as. El pistoletazo de salida oficial tuvo lugar hoy mismo con la inauguraci\u00f3n de una exposici\u00f3n de fotograf\u00edas antiguas, cedidas por Jes\u00fas \u00c1lvares Vela, en el Aula de Cultura. Tambi\u00e9n en esta jornada se celebrar\u00e1 una de las tradiciones m\u00e1s arraigadas del municipio como son la subida del Mayo y el posterior Baile de Quintos. El d\u00eda siguiente, viernes 1 de mayo, el paraje de El Tamarizo ser\u00e1 el escenario del concurso gastron\u00f3mico de paellas, que repartir\u00e1 premios de 100 euros en una jornada pensada para toda la familia. El acto que marca el comienzo oficial de estas festividades llegar\u00e1 el s\u00e1bado 9 de mayo con la coronaci\u00f3n de la reina, rey, gal\u00e1n y damas, seguida del preg\u00f3n de Carlos J. G\u00f3mez Mart\u00ednez, quien fuera secretario municipal durante cuarenta a\u00f1os. Este acto abrir\u00e1 paso al gran domingo 10 de mayo, el D\u00eda del Milagro, donde la procesi\u00f3n con ofrenda floral y los fuegos artificiales dar\u00e1n paso a la actuaci\u00f3n de la orquesta La Resistencia. Las fiestas continuar\u00e1n a lo largo de la semana con d\u00edas dedicados a los mayores, sesiones de baile SBK y eventos que tendr\u00e1n a las pe\u00f1as como protagonistas y encarar\u00e1n su recta final con la festividad de San Isidro, el viernes 15 de mayo, que ser\u00e1 el pre\u00e1mbulo de los platos fuertes del men\u00fa como son los festejos taurinos y que dar\u00e1n comienzo con un encierro urbano en la medianoche de este viernes. El fin de semana del 16 y 17 de mayo incluir\u00e1 un concurso de cortes, festejos populares y un Grand Prix en la plaza de toros. El programa completo se puede consultar en el siguiente enlace: Programa de las fiestas de Nuestra Se\u00f1ora del Milagro y San Isidro Labrador<\/p>","protected":false},"author":2,"featured_media":10879,"comment_status":"open","ping_status":"closed","sticky":false,"template":"","format":"standard","meta":{"site-sidebar-layout":"default","site-content-layout":"","ast-site-content-layout":"default","site-content-style":"default","site-sidebar-style":"default","ast-global-header-display":"","ast-banner-title-visibility":"","ast-main-header-display":"","ast-hfb-above-header-display":"","ast-hfb-below-header-display":"","ast-hfb-mobile-header-display":"","site-post-title":"disabled","ast-breadcrumbs-content":"","ast-featured-img":"","footer-sml-layout":"","theme-transparent-header-meta":"","adv-header-id-meta":"","stick-header-meta":"","header-above-stick-meta":"","header-main-stick-meta":"","header-below-stick-meta":"","astra-migrate-meta-layouts":"default","ast-page-background-enabled":"default","ast-page-background-meta":{"desktop":{"background-color":"var(--ast-global-color-5)","background-image":"","background-repeat":"repeat","background-position":"center center","background-size":"auto","background-attachment":"scroll","background-type":"","background-media":"","overlay-type":"","overlay-color":"","overlay-opacity":"","overlay-gradient":""},"tablet":{"background-color":"","background-image":"","background-repeat":"repeat","background-position":"center center","background-size":"auto","background-attachment":"scroll","background-type":"","background-media":"","overlay-type":"","overlay-color":"","overlay-opacity":"","overlay-gradient":""},"mobile":{"background-color":"","background-image":"","background-repeat":"repeat","background-position":"center center","background-size":"auto","background-attachment":"scroll","background-type":"","background-media":"","overlay-type":"","overlay-color":"","overlay-opacity":"","overlay-gradient":""}},"ast-content-background-meta":{"desktop":{"background-color":"var(--ast-global-color-4)","background-image":"","background-repeat":"repeat","background-position":"center center","background-size":"auto","background-attachment":"scroll","background-type":"","background-media":"","overlay-type":"","overlay-color":"","overlay-opacity":"","overlay-gradient":""},"tablet":{"background-color":"var(--ast-global-color-4)","background-image":"","background-repeat":"repeat","background-position":"center center","background-size":"auto","background-attachment":"scroll","background-type":"","background-media":"","overlay-type":"","overlay-color":"","overlay-opacity":"","overlay-gradient":""},"mobile":{"background-color":"var(--ast-global-color-4)","background-image":"","background-repeat":"repeat","background-position":"center center","background-size":"auto","background-attachment":"scroll","background-type":"","background-media":"","overlay-type":"","overlay-color":"","overlay-opacity":"","overlay-gradient":""}},"ngg_post_thumbnail":0,"footnotes":""},"categories":[14,18,16],"tags":[115,136,22],"class_list":["post-10878","post","type-post","status-publish","format-standard","has-post-thumbnail","hentry","category-cultura-y-tradicion","category-ocio","category-portada","tag-provincia","tag-valdestillas","tag-valladolid"],"aioseo_notices":[],"rttpg_featured_image_url":{"full":["https:\/\/pueblosycomarcas.com\/wp-content\/uploads\/2026\/04\/20230510_milagro_valdestillas.jpg",800,400,false],"landscape":["https:\/\/pueblosycomarcas.com\/wp-content\/uploads\/2026\/04\/20230510_milagro_valdestillas.jpg",800,400,false],"portraits":["https:\/\/pueblosycomarcas.com\/wp-content\/uploads\/2026\/04\/20230510_milagro_valdestillas.jpg",800,400,false],"thumbnail":["https:\/\/pueblosycomarcas.com\/wp-content\/uploads\/2026\/04\/20230510_milagro_valdestillas-150x150.jpg",150,150,true],"medium":["https:\/\/pueblosycomarcas.com\/wp-content\/uploads\/2026\/04\/20230510_milagro_valdestillas-300x150.jpg",300,150,true],"large":["https:\/\/pueblosycomarcas.com\/wp-content\/uploads\/2026\/04\/20230510_milagro_valdestillas.jpg",800,400,false],"1536x1536":["https:\/\/pueblosycomarcas.com\/wp-content\/uploads\/2026\/04\/20230510_milagro_valdestillas.jpg",800,400,false],"2048x2048":["https:\/\/pueblosycomarcas.com\/wp-content\/uploads\/2026\/04\/20230510_milagro_valdestillas.jpg",800,400,false],"trp-custom-language-flag":["https:\/\/pueblosycomarcas.com\/wp-content\/uploads\/2026\/04\/20230510_milagro_valdestillas-18x9.jpg",18,9,true]},"rttpg_author":{"display_name":"Juanjo","author_link":"https:\/\/pueblosycomarcas.com\/en\/author\/pueblosycomarcas\/"},"rttpg_comment":0,"rttpg_category":"<a href=\"https:\/\/pueblosycomarcas.com\/en\/category\/cultura-y-tradicion\/\" rel=\"category tag\">Cultura y Tradici\u00f3n<\/a> <a href=\"https:\/\/pueblosycomarcas.com\/en\/category\/ocio\/\" rel=\"category tag\">Ocio<\/a> <a href=\"https:\/\/pueblosycomarcas.com\/en\/category\/portada\/\" rel=\"category tag\">Portada<\/a>","rttpg_excerpt":"Cultura y tradici\u00f3n Hoy arrancan las actividades del programa de las fiestas de la Virgen del Milagro y San Isidor Labrador en Valdestillas Que se extender\u00e1 hasta el pr\u00f3ximo 17 de mayo Pueblosycomarcas.com;\u00a0@PueblosComarcas La localidad vallisoletana de Valdestillas arranca hoy el programa de sus fiestas patronales en honor de la Virgen del Milagro y San&hellip;","_links":{"self":[{"href":"https:\/\/pueblosycomarcas.com\/en\/wp-json\/wp\/v2\/posts\/10878","targetHints":{"allow":["GET"]}}],"collection":[{"href":"https:\/\/pueblosycomarcas.com\/en\/wp-json\/wp\/v2\/posts"}],"about":[{"href":"https:\/\/pueblosycomarcas.com\/en\/wp-json\/wp\/v2\/types\/post"}],"author":[{"embeddable":true,"href":"https:\/\/pueblosycomarcas.com\/en\/wp-json\/wp\/v2\/users\/2"}],"replies":[{"embeddable":true,"href":"https:\/\/pueblosycomarcas.com\/en\/wp-json\/wp\/v2\/comments?post=10878"}],"version-history":[{"count":8,"href":"https:\/\/pueblosycomarcas.com\/en\/wp-json\/wp\/v2\/posts\/10878\/revisions"}],"predecessor-version":[{"id":11000,"href":"https:\/\/pueblosycomarcas.com\/en\/wp-json\/wp\/v2\/posts\/10878\/revisions\/11000"}],"wp:featuredmedia":[{"embeddable":true,"href":"https:\/\/pueblosycomarcas.com\/en\/wp-json\/wp\/v2\/media\/10879"}],"wp:attachment":[{"href":"https:\/\/pueblosycomarcas.com\/en\/wp-json\/wp\/v2\/media?parent=10878"}],"wp:term":[{"taxonomy":"category","embeddable":true,"href":"https:\/\/pueblosycomarcas.com\/en\/wp-json\/wp\/v2\/categories?post=10878"},{"taxonomy":"post_tag","embeddable":true,"href":"https:\/\/pueblosycomarcas.com\/en\/wp-json\/wp\/v2\/tags?post=10878"}],"curies":[{"name":"wp","href":"https:\/\/api.w.org\/{rel}","templated":true}]}}