{"id":10846,"date":"2026-04-28T11:37:38","date_gmt":"2026-04-28T10:37:38","guid":{"rendered":"https:\/\/pueblosycomarcas.com\/?p=10846"},"modified":"2026-04-28T11:39:52","modified_gmt":"2026-04-28T10:39:52","slug":"detenido-en-pedrajas-de-san-esteban-tras-haber-robado-un-remolque-en-cuellar","status":"publish","type":"post","link":"https:\/\/pueblosycomarcas.com\/en\/detenido-en-pedrajas-de-san-esteban-tras-haber-robado-un-remolque-en-cuellar\/","title":{"rendered":"Detenido en Pedrajas de San Esteban tras haber robado un remolque en Cu\u00e9llar"},"content":{"rendered":"<div data-elementor-type=\"wp-post\" data-elementor-id=\"10846\" class=\"elementor elementor-10846\">\n\t\t\t\t<div class=\"elementor-element elementor-element-a0dc955 e-flex e-con-boxed wpr-particle-no wpr-jarallax-no wpr-parallax-no wpr-sticky-section-no wpr-equal-height-no e-con e-parent\" data-id=\"a0dc955\" data-element_type=\"container\" data-e-type=\"container\">\n\t\t\t\t\t<div class=\"e-con-inner\">\n\t\t\t\t<div class=\"elementor-element elementor-element-6fb4359b elementor-widget elementor-widget-image\" data-id=\"6fb4359b\" data-element_type=\"widget\" data-e-type=\"widget\" data-widget_type=\"image.default\">\n\t\t\t\t\t\t\t\t\t\t\t\t\t\t\t\t<a href=\"https:\/\/www.termicasalfonso.es\/\">\n\t\t\t\t\t\t\t<img fetchpriority=\"high\" decoding=\"async\" width=\"400\" height=\"220\" src=\"https:\/\/pueblosycomarcas.com\/wp-content\/uploads\/2025\/07\/banner-instalaciones-alfonso.jpg\" class=\"attachment-large size-large wp-image-107\" alt=\"\" srcset=\"https:\/\/pueblosycomarcas.com\/wp-content\/uploads\/2025\/07\/banner-instalaciones-alfonso.jpg 400w, https:\/\/pueblosycomarcas.com\/wp-content\/uploads\/2025\/07\/banner-instalaciones-alfonso-300x165.jpg 300w\" sizes=\"(max-width: 400px) 100vw, 400px\" \/>\t\t\t\t\t\t\t\t<\/a>\n\t\t\t\t\t\t\t\t\t\t\t\t\t\t\t<\/div>\n\t\t\t\t<div class=\"elementor-element elementor-element-5d1a0668 elementor-widget elementor-widget-text-editor\" data-id=\"5d1a0668\" data-element_type=\"widget\" data-e-type=\"widget\" data-widget_type=\"text-editor.default\">\n\t\t\t\t\t\t\t\t\t<ul><li><h6><strong><em>Tierra de Pinares<\/em><\/strong><\/h6><\/li><\/ul>\t\t\t\t\t\t\t\t<\/div>\n\t\t\t\t<div class=\"elementor-element elementor-element-13c6c2d2 elementor-widget elementor-widget-heading\" data-id=\"13c6c2d2\" data-element_type=\"widget\" data-e-type=\"widget\" data-widget_type=\"heading.default\">\n\t\t\t\t\t<h2 class=\"elementor-heading-title elementor-size-default\">Detenido en Pedrajas de San Esteban tras haber robado un remolque en Cu\u00e9llar<\/h2>\t\t\t\t<\/div>\n\t\t\t\t<div class=\"elementor-element elementor-element-27527dc0 elementor-widget elementor-widget-text-editor\" data-id=\"27527dc0\" data-element_type=\"widget\" data-e-type=\"widget\" data-widget_type=\"text-editor.default\">\n\t\t\t\t\t\t\t\t\t<ul><li><h6><em><strong>El presunto autor de los hechos pretend\u00eda esconderse de los agentes ocult\u00e1ndose entre la maleza de un camino<\/strong><\/em><\/h6><\/li><\/ul>\t\t\t\t\t\t\t\t<\/div>\n\t\t\t\t<div class=\"elementor-element elementor-element-3b78aca1 elementor-widget-divider--view-line elementor-widget elementor-widget-divider\" data-id=\"3b78aca1\" data-element_type=\"widget\" data-e-type=\"widget\" data-widget_type=\"divider.default\">\n\t\t\t\t\t\t\t<div class=\"elementor-divider\">\n\t\t\t<span class=\"elementor-divider-separator\">\n\t\t\t\t\t\t<\/span>\n\t\t<\/div>\n\t\t\t\t\t\t<\/div>\n\t\t\t\t<div class=\"elementor-element elementor-element-54be894d elementor-widget elementor-widget-image\" data-id=\"54be894d\" data-element_type=\"widget\" data-e-type=\"widget\" data-widget_type=\"image.default\">\n\t\t\t\t\t\t\t\t\t\t\t\t\t\t\t<img decoding=\"async\" width=\"800\" height=\"391\" src=\"https:\/\/pueblosycomarcas.com\/wp-content\/uploads\/2026\/04\/20260428_remolque_pedrajas.jpeg\" class=\"attachment-large size-large wp-image-10847\" alt=\"\" srcset=\"https:\/\/pueblosycomarcas.com\/wp-content\/uploads\/2026\/04\/20260428_remolque_pedrajas.jpeg 800w, https:\/\/pueblosycomarcas.com\/wp-content\/uploads\/2026\/04\/20260428_remolque_pedrajas-300x147.jpeg 300w, https:\/\/pueblosycomarcas.com\/wp-content\/uploads\/2026\/04\/20260428_remolque_pedrajas-768x375.jpeg 768w, https:\/\/pueblosycomarcas.com\/wp-content\/uploads\/2026\/04\/20260428_remolque_pedrajas-18x9.jpeg 18w\" sizes=\"(max-width: 800px) 100vw, 800px\" \/>\t\t\t\t\t\t\t\t\t\t\t\t\t\t\t<\/div>\n\t\t\t\t<div class=\"elementor-element elementor-element-3337b4c3 elementor-widget elementor-widget-text-editor\" data-id=\"3337b4c3\" data-element_type=\"widget\" data-e-type=\"widget\" data-widget_type=\"text-editor.default\">\n\t\t\t\t\t\t\t\t\t<p><a href=\"https:\/\/www.facebook.com\/Pueblos-y-Comarcas-125437870924169\/?fref=ts\"><strong><em>Pueblosycomarcas.com<\/em><\/strong><\/a><strong><em>;\u00a0<\/em><\/strong><a href=\"https:\/\/twitter.com\/PueblosComarcas\"><strong><em>@PueblosComarcas<\/em><\/strong><\/a><\/p><p>Guardia Civil de Valladolid ha procedido a la detenci\u00f3n de una persona en el t\u00e9rmino municipal de Pedrajas de San Esteban, la cual, hab\u00eda sustra\u00eddo un remolque en la localidad de Cuellar (Segovia).<\/p><p>La sustracci\u00f3n del remolque fue puesta en conocimiento de la Guardia Civil por el propietario mediante llamada telef\u00f3nica al Centro Operativo de Servicios (COS), en la cual comunicaba que estaba siguiendo a un veh\u00edculo \u201ctodo terreno\u201d con un remolque, remolque que le hab\u00eda sido sustra\u00eddo momentos anteriores, y que se encontraba en un camino de acceso al R\u00edo Eresma del municipio de Pedrajas de San Esteban<\/p><p>De modo inmediato el Centro Operativo de Servicios de la Guardia Civil (062), comunic\u00f3 el hecho a la patrulla de Seguridad Ciudadana m\u00e1s pr\u00f3xima, la cual, localiz\u00f3 el veh\u00edculo y remolque en el citado camino, observando a una persona tumbada en el lateral del camino, levantando y bajando la cabeza para observar a los Guardias Civiles y evitar ser descubierto.<\/p><p>Al acercarse a esta persona, los agentes comprobaron que la \u201cvestimenta\u201d facilitada por el propietario, denunciante de la sustracci\u00f3n, coincid\u00eda con la que portaba dicha persona, motivo por el cual, se procedi\u00f3 a su detenci\u00f3n y puesta a disposici\u00f3n judicial, con la correspondiente recuperaci\u00f3n del remolque sustra\u00eddo.<\/p>\t\t\t\t\t\t\t\t<\/div>\n\t\t<div class=\"elementor-element elementor-element-34ef9107 e-con-full e-flex wpr-particle-no wpr-jarallax-no wpr-parallax-no wpr-sticky-section-no wpr-equal-height-no e-con e-child\" data-id=\"34ef9107\" data-element_type=\"container\" data-e-type=\"container\">\n\t\t\t\t<div class=\"elementor-element elementor-element-52becc21 elementor-widget elementor-widget-image\" data-id=\"52becc21\" data-element_type=\"widget\" data-e-type=\"widget\" data-widget_type=\"image.default\">\n\t\t\t\t\t\t\t\t\t\t\t\t\t\t\t\t<a href=\"https:\/\/www.granjapinilla.com\/\">\n\t\t\t\t\t\t\t<img decoding=\"async\" width=\"639\" height=\"150\" src=\"https:\/\/pueblosycomarcas.com\/wp-content\/uploads\/2025\/07\/banner-granja-pinilla.jpg\" class=\"attachment-large size-large wp-image-105\" alt=\"\" srcset=\"https:\/\/pueblosycomarcas.com\/wp-content\/uploads\/2025\/07\/banner-granja-pinilla.jpg 639w, https:\/\/pueblosycomarcas.com\/wp-content\/uploads\/2025\/07\/banner-granja-pinilla-300x70.jpg 300w\" sizes=\"(max-width: 639px) 100vw, 639px\" \/>\t\t\t\t\t\t\t\t<\/a>\n\t\t\t\t\t\t\t\t\t\t\t\t\t\t\t<\/div>\n\t\t\t\t<\/div>\n\t\t\t\t\t<\/div>\n\t\t\t\t<\/div>\n\t\t\t\t<\/div>","protected":false},"excerpt":{"rendered":"<p>Tierra de Pinares Detenido en Pedrajas de San Esteban tras haber robado un remolque en Cu\u00e9llar El presunto autor de los hechos pretend\u00eda esconderse de los agentes ocult\u00e1ndose entre la maleza de un camino Pueblosycomarcas.com;\u00a0@PueblosComarcas Guardia Civil de Valladolid ha procedido a la detenci\u00f3n de una persona en el t\u00e9rmino municipal de Pedrajas de San Esteban, la cual, hab\u00eda sustra\u00eddo un remolque en la localidad de Cuellar (Segovia). La sustracci\u00f3n del remolque fue puesta en conocimiento de la Guardia Civil por el propietario mediante llamada telef\u00f3nica al Centro Operativo de Servicios (COS), en la cual comunicaba que estaba siguiendo a un veh\u00edculo \u201ctodo terreno\u201d con un remolque, remolque que le hab\u00eda sido sustra\u00eddo momentos anteriores, y que se encontraba en un camino de acceso al R\u00edo Eresma del municipio de Pedrajas de San Esteban De modo inmediato el Centro Operativo de Servicios de la Guardia Civil (062), comunic\u00f3 el hecho a la patrulla de Seguridad Ciudadana m\u00e1s pr\u00f3xima, la cual, localiz\u00f3 el veh\u00edculo y remolque en el citado camino, observando a una persona tumbada en el lateral del camino, levantando y bajando la cabeza para observar a los Guardias Civiles y evitar ser descubierto. Al acercarse a esta persona, los agentes comprobaron que la \u201cvestimenta\u201d facilitada por el propietario, denunciante de la sustracci\u00f3n, coincid\u00eda con la que portaba dicha persona, motivo por el cual, se procedi\u00f3 a su detenci\u00f3n y puesta a disposici\u00f3n judicial, con la correspondiente recuperaci\u00f3n del remolque sustra\u00eddo.<\/p>","protected":false},"author":2,"featured_media":10847,"comment_status":"open","ping_status":"closed","sticky":false,"template":"","format":"standard","meta":{"site-sidebar-layout":"default","site-content-layout":"","ast-site-content-layout":"default","site-content-style":"default","site-sidebar-style":"default","ast-global-header-display":"","ast-banner-title-visibility":"","ast-main-header-display":"","ast-hfb-above-header-display":"","ast-hfb-below-header-display":"","ast-hfb-mobile-header-display":"","site-post-title":"disabled","ast-breadcrumbs-content":"","ast-featured-img":"","footer-sml-layout":"","theme-transparent-header-meta":"","adv-header-id-meta":"","stick-header-meta":"","header-above-stick-meta":"","header-main-stick-meta":"","header-below-stick-meta":"","astra-migrate-meta-layouts":"default","ast-page-background-enabled":"default","ast-page-background-meta":{"desktop":{"background-color":"var(--ast-global-color-5)","background-image":"","background-repeat":"repeat","background-position":"center center","background-size":"auto","background-attachment":"scroll","background-type":"","background-media":"","overlay-type":"","overlay-color":"","overlay-opacity":"","overlay-gradient":""},"tablet":{"background-color":"","background-image":"","background-repeat":"repeat","background-position":"center center","background-size":"auto","background-attachment":"scroll","background-type":"","background-media":"","overlay-type":"","overlay-color":"","overlay-opacity":"","overlay-gradient":""},"mobile":{"background-color":"","background-image":"","background-repeat":"repeat","background-position":"center center","background-size":"auto","background-attachment":"scroll","background-type":"","background-media":"","overlay-type":"","overlay-color":"","overlay-opacity":"","overlay-gradient":""}},"ast-content-background-meta":{"desktop":{"background-color":"var(--ast-global-color-4)","background-image":"","background-repeat":"repeat","background-position":"center center","background-size":"auto","background-attachment":"scroll","background-type":"","background-media":"","overlay-type":"","overlay-color":"","overlay-opacity":"","overlay-gradient":""},"tablet":{"background-color":"var(--ast-global-color-4)","background-image":"","background-repeat":"repeat","background-position":"center center","background-size":"auto","background-attachment":"scroll","background-type":"","background-media":"","overlay-type":"","overlay-color":"","overlay-opacity":"","overlay-gradient":""},"mobile":{"background-color":"var(--ast-global-color-4)","background-image":"","background-repeat":"repeat","background-position":"center center","background-size":"auto","background-attachment":"scroll","background-type":"","background-media":"","overlay-type":"","overlay-color":"","overlay-opacity":"","overlay-gradient":""}},"ngg_post_thumbnail":0,"footnotes":""},"categories":[16,12,5],"tags":[28,42,115,22],"class_list":["post-10846","post","type-post","status-publish","format-standard","has-post-thumbnail","hentry","category-portada","category-sucesos","category-actualidad","tag-guardia-civil","tag-pedrajas-de-san-esteban","tag-provincia","tag-valladolid"],"aioseo_notices":[],"rttpg_featured_image_url":{"full":["https:\/\/pueblosycomarcas.com\/wp-content\/uploads\/2026\/04\/20260428_remolque_pedrajas.jpeg",800,391,false],"landscape":["https:\/\/pueblosycomarcas.com\/wp-content\/uploads\/2026\/04\/20260428_remolque_pedrajas.jpeg",800,391,false],"portraits":["https:\/\/pueblosycomarcas.com\/wp-content\/uploads\/2026\/04\/20260428_remolque_pedrajas.jpeg",800,391,false],"thumbnail":["https:\/\/pueblosycomarcas.com\/wp-content\/uploads\/2026\/04\/20260428_remolque_pedrajas-150x150.jpeg",150,150,true],"medium":["https:\/\/pueblosycomarcas.com\/wp-content\/uploads\/2026\/04\/20260428_remolque_pedrajas-300x147.jpeg",300,147,true],"large":["https:\/\/pueblosycomarcas.com\/wp-content\/uploads\/2026\/04\/20260428_remolque_pedrajas.jpeg",800,391,false],"1536x1536":["https:\/\/pueblosycomarcas.com\/wp-content\/uploads\/2026\/04\/20260428_remolque_pedrajas.jpeg",800,391,false],"2048x2048":["https:\/\/pueblosycomarcas.com\/wp-content\/uploads\/2026\/04\/20260428_remolque_pedrajas.jpeg",800,391,false],"trp-custom-language-flag":["https:\/\/pueblosycomarcas.com\/wp-content\/uploads\/2026\/04\/20260428_remolque_pedrajas-18x9.jpeg",18,9,true]},"rttpg_author":{"display_name":"Juanjo","author_link":"https:\/\/pueblosycomarcas.com\/en\/author\/pueblosycomarcas\/"},"rttpg_comment":0,"rttpg_category":"<a href=\"https:\/\/pueblosycomarcas.com\/en\/category\/portada\/\" rel=\"category tag\">Portada<\/a> <a href=\"https:\/\/pueblosycomarcas.com\/en\/category\/sucesos\/\" rel=\"category tag\">Sucesos<\/a> <a href=\"https:\/\/pueblosycomarcas.com\/en\/category\/actualidad\/\" rel=\"category tag\">Tierra de Pinares<\/a>","rttpg_excerpt":"Tierra de Pinares Detenido en Pedrajas de San Esteban tras haber robado un remolque en Cu\u00e9llar El presunto autor de los hechos pretend\u00eda esconderse de los agentes ocult\u00e1ndose entre la maleza de un camino Pueblosycomarcas.com;\u00a0@PueblosComarcas Guardia Civil de Valladolid ha procedido a la detenci\u00f3n de una persona en el t\u00e9rmino municipal de Pedrajas de San&hellip;","_links":{"self":[{"href":"https:\/\/pueblosycomarcas.com\/en\/wp-json\/wp\/v2\/posts\/10846","targetHints":{"allow":["GET"]}}],"collection":[{"href":"https:\/\/pueblosycomarcas.com\/en\/wp-json\/wp\/v2\/posts"}],"about":[{"href":"https:\/\/pueblosycomarcas.com\/en\/wp-json\/wp\/v2\/types\/post"}],"author":[{"embeddable":true,"href":"https:\/\/pueblosycomarcas.com\/en\/wp-json\/wp\/v2\/users\/2"}],"replies":[{"embeddable":true,"href":"https:\/\/pueblosycomarcas.com\/en\/wp-json\/wp\/v2\/comments?post=10846"}],"version-history":[{"count":8,"href":"https:\/\/pueblosycomarcas.com\/en\/wp-json\/wp\/v2\/posts\/10846\/revisions"}],"predecessor-version":[{"id":10855,"href":"https:\/\/pueblosycomarcas.com\/en\/wp-json\/wp\/v2\/posts\/10846\/revisions\/10855"}],"wp:featuredmedia":[{"embeddable":true,"href":"https:\/\/pueblosycomarcas.com\/en\/wp-json\/wp\/v2\/media\/10847"}],"wp:attachment":[{"href":"https:\/\/pueblosycomarcas.com\/en\/wp-json\/wp\/v2\/media?parent=10846"}],"wp:term":[{"taxonomy":"category","embeddable":true,"href":"https:\/\/pueblosycomarcas.com\/en\/wp-json\/wp\/v2\/categories?post=10846"},{"taxonomy":"post_tag","embeddable":true,"href":"https:\/\/pueblosycomarcas.com\/en\/wp-json\/wp\/v2\/tags?post=10846"}],"curies":[{"name":"wp","href":"https:\/\/api.w.org\/{rel}","templated":true}]}}