{"id":10774,"date":"2026-04-28T05:10:00","date_gmt":"2026-04-28T04:10:00","guid":{"rendered":"https:\/\/pueblosycomarcas.com\/?p=10774"},"modified":"2026-04-28T09:40:57","modified_gmt":"2026-04-28T08:40:57","slug":"cinco-oros-para-el-club-deportivo-la-victoria-en-la-liga-autonomica-conjuntos-de-gimnasia-ritmica","status":"publish","type":"post","link":"https:\/\/pueblosycomarcas.com\/en\/cinco-oros-para-el-club-deportivo-la-victoria-en-la-liga-autonomica-conjuntos-de-gimnasia-ritmica\/","title":{"rendered":"Cinco oros para el Club Deportivo La Victoria en la Liga Auton\u00f3mica Conjuntos de gimnasia r\u00edtmica"},"content":{"rendered":"<div data-elementor-type=\"wp-post\" data-elementor-id=\"10774\" class=\"elementor elementor-10774\">\n\t\t\t\t<div class=\"elementor-element elementor-element-aa01ef1 e-flex e-con-boxed wpr-particle-no wpr-jarallax-no wpr-parallax-no wpr-sticky-section-no wpr-equal-height-no e-con e-parent\" data-id=\"aa01ef1\" data-element_type=\"container\" data-e-type=\"container\">\n\t\t\t\t\t<div class=\"e-con-inner\">\n\t\t\t\t<div class=\"elementor-element elementor-element-746ed0e0 elementor-widget elementor-widget-image\" data-id=\"746ed0e0\" data-element_type=\"widget\" data-e-type=\"widget\" data-widget_type=\"image.default\">\n\t\t\t\t\t\t\t\t\t\t\t\t\t\t\t\t<a href=\"https:\/\/www.termicasalfonso.es\/\">\n\t\t\t\t\t\t\t<img fetchpriority=\"high\" decoding=\"async\" width=\"400\" height=\"220\" src=\"https:\/\/pueblosycomarcas.com\/wp-content\/uploads\/2025\/07\/banner-instalaciones-alfonso.jpg\" class=\"attachment-large size-large wp-image-107\" alt=\"\" srcset=\"https:\/\/pueblosycomarcas.com\/wp-content\/uploads\/2025\/07\/banner-instalaciones-alfonso.jpg 400w, https:\/\/pueblosycomarcas.com\/wp-content\/uploads\/2025\/07\/banner-instalaciones-alfonso-300x165.jpg 300w\" sizes=\"(max-width: 400px) 100vw, 400px\" \/>\t\t\t\t\t\t\t\t<\/a>\n\t\t\t\t\t\t\t\t\t\t\t\t\t\t\t<\/div>\n\t\t\t\t<div class=\"elementor-element elementor-element-6646214d elementor-widget elementor-widget-text-editor\" data-id=\"6646214d\" data-element_type=\"widget\" data-e-type=\"widget\" data-widget_type=\"text-editor.default\">\n\t\t\t\t\t\t\t\t\t<ul><li><h6><strong><em>Deportes y ocio<\/em><\/strong><\/h6><\/li><\/ul>\t\t\t\t\t\t\t\t<\/div>\n\t\t\t\t<div class=\"elementor-element elementor-element-7b832c63 elementor-widget elementor-widget-heading\" data-id=\"7b832c63\" data-element_type=\"widget\" data-e-type=\"widget\" data-widget_type=\"heading.default\">\n\t\t\t\t\t<h2 class=\"elementor-heading-title elementor-size-default\">Cinco oros para el Club Deportivo La Victoria en la Liga Auton\u00f3mica Conjuntos de gimnasia r\u00edtmica\n<\/h2>\t\t\t\t<\/div>\n\t\t\t\t<div class=\"elementor-element elementor-element-1fa406b4 elementor-widget elementor-widget-text-editor\" data-id=\"1fa406b4\" data-element_type=\"widget\" data-e-type=\"widget\" data-widget_type=\"text-editor.default\">\n\t\t\t\t\t\t\t\t\t<ul><li><h6><em><strong>En esta ocasi\u00f3n las medallas doradas corrieron a cargo del conjunto prebenjam\u00edn formado por Valentina de Pablo, Cloe Lesmes, Carlota Gal\u00e1n, Emma Medina e In\u00e9s Benito<\/strong><\/em><\/h6><\/li><\/ul>\t\t\t\t\t\t\t\t<\/div>\n\t\t\t\t<div class=\"elementor-element elementor-element-7d9af3f4 elementor-widget-divider--view-line elementor-widget elementor-widget-divider\" data-id=\"7d9af3f4\" data-element_type=\"widget\" data-e-type=\"widget\" data-widget_type=\"divider.default\">\n\t\t\t\t\t\t\t<div class=\"elementor-divider\">\n\t\t\t<span class=\"elementor-divider-separator\">\n\t\t\t\t\t\t<\/span>\n\t\t<\/div>\n\t\t\t\t\t\t<\/div>\n\t\t\t\t<div class=\"elementor-element elementor-element-329d4bb7 elementor-widget elementor-widget-image\" data-id=\"329d4bb7\" data-element_type=\"widget\" data-e-type=\"widget\" data-widget_type=\"image.default\">\n\t\t\t\t\t\t\t\t\t\t\t\t\t\t\t<img decoding=\"async\" width=\"800\" height=\"400\" src=\"https:\/\/pueblosycomarcas.com\/wp-content\/uploads\/2026\/04\/20260428_cd_victoria.jpg\" class=\"attachment-large size-large wp-image-10775\" alt=\"\" srcset=\"https:\/\/pueblosycomarcas.com\/wp-content\/uploads\/2026\/04\/20260428_cd_victoria.jpg 800w, https:\/\/pueblosycomarcas.com\/wp-content\/uploads\/2026\/04\/20260428_cd_victoria-300x150.jpg 300w, https:\/\/pueblosycomarcas.com\/wp-content\/uploads\/2026\/04\/20260428_cd_victoria-768x384.jpg 768w, https:\/\/pueblosycomarcas.com\/wp-content\/uploads\/2026\/04\/20260428_cd_victoria-18x9.jpg 18w\" sizes=\"(max-width: 800px) 100vw, 800px\" \/>\t\t\t\t\t\t\t\t\t\t\t\t\t\t\t<\/div>\n\t\t\t\t<div class=\"elementor-element elementor-element-113ba8f6 elementor-widget elementor-widget-text-editor\" data-id=\"113ba8f6\" data-element_type=\"widget\" data-e-type=\"widget\" data-widget_type=\"text-editor.default\">\n\t\t\t\t\t\t\t\t\t<p><a href=\"https:\/\/www.facebook.com\/Pueblos-y-Comarcas-125437870924169\/?fref=ts\"><strong><em>Pueblosycomarcas.com<\/em><\/strong><\/a><strong><em>;\u00a0<\/em><\/strong><a href=\"https:\/\/twitter.com\/PueblosComarcas\"><strong><em>@PueblosComarcas<\/em><\/strong><\/a><\/p><p>Una vez m\u00e1s, el Club Deportivo La Victoria de Valladolid consolida el estatus de m\u00e1ximo estandarte de la gimnasia vallisoletana al conseguir cinco valiosos metales dorados, gracias a la excelente actuaci\u00f3n de sus cinco conjuntos representantes en la Liga Auton\u00f3mica Conjuntos Base y Absoluta de gimnasia r\u00edtmica que tuvo cita en el Polideportivo Municipal Los Nogales de Roa de Duero.<\/p><p>En una agradable jornada, donde los asistentes pudieron disfrutar de una gran variedad de ejercicios cargados de m\u00e1xima dificultad, las integrantes del club La Victoria se erigieron en sendas protagonistas con el punto de mira puesto en la Copa Nacional de Conjuntos que tendr\u00e1 cita en esta ocasi\u00f3n, en la localidad de Santander el pr\u00f3ximo mes de mayo.<\/p><p>En esta ocasi\u00f3n las medallas doradas corrieron a cargo del conjunto prebenjam\u00edn, donde las peque\u00f1as gimnastas del club vallisoletano Valentina de Pablo, Cloe Lesmes, Carlota Gal\u00e1n, Emma Medina e In\u00e9s Benito deleitaron al p\u00fablico asistente con un elegante ejercicio. Por su parte, sus compa\u00f1eras de la categor\u00eda benjam\u00edn Sara de Castro, Mar\u00eda De Las Cuevas, Julia S\u00e1ez, Marina Salgado y Aitana Garc\u00eda no se quedaron atr\u00e1s en su puesta de largo, con m\u00fasica del m\u00edtico Michael Jackson.<\/p><p>En la categor\u00eda alev\u00edn Vega Baquer\u00edn, Vega del Arco, Mar\u00eda Lara, Nahia L\u00e1zaro y Sara Gonz\u00e1lez de nuevo llevaron a cabo un s\u00f3lido ejercicio de cinco aros, alz\u00e1ndose al primer escal\u00f3n del podio.<\/p><p>Cabe destacar la primera posici\u00f3n del conjunto junior donde las gimnastas Alba Acosta, Luc\u00eda Guerra, Luc\u00eda Fontanillas, Martyna Gasent y Leire Dom\u00ednguez no s\u00f3lo se adjudicaron una valiosa presea, sino que adem\u00e1s el primer puesto al igual que el a\u00f1o pasado, les supone el billete para ser el conjunto que representar\u00e1 a Castilla y Le\u00f3n en el pr\u00f3ximo Campeonato Espa\u00f1a Escolar, donde se proclamaron Subcampeones de Espa\u00f1a.<\/p><p>Completaron el \u00e9xito gimn\u00e1stico, las experimentadas integrantes del equipo senior de primera categor\u00eda, Alejandra Llorente, Irene de Arriba, Sof\u00eda Mansilla, Sof\u00eda Herrer\u00eda y Adriana Asen, que contin\u00faan marcando el camino a seguir de cara a los futuros compromisos nacionales.<\/p><p>Sin casi saborear el \u00e9xito, las gimnastas de La Victoria con extrema dedicaci\u00f3n pusieron rumbo el domingo al Torneo Nacional Tecnostras en Valmojado (Madrid), donde se erigieron otra vez en sendas protagonistas, al subir al podio con los tres equipos con los que acud\u00edan, gracias al oro, plata y bronce obtenidos por los equipos junior, senior primera categor\u00eda y alev\u00edn respectivamente en la categor\u00eda absoluta.<\/p><p>Excelente fin de semana que no hace otra cosa que mostrar la extraordinaria puesta a punto que viene teniendo el club Vallisoletano de cara a los futuros campeonatos nacionales.<\/p>\t\t\t\t\t\t\t\t<\/div>\n\t\t<div class=\"elementor-element elementor-element-42157742 e-con-full e-flex wpr-particle-no wpr-jarallax-no wpr-parallax-no wpr-sticky-section-no wpr-equal-height-no e-con e-child\" data-id=\"42157742\" data-element_type=\"container\" data-e-type=\"container\">\n\t\t\t\t<div class=\"elementor-element elementor-element-4bf3c62c elementor-widget elementor-widget-image\" data-id=\"4bf3c62c\" data-element_type=\"widget\" data-e-type=\"widget\" data-widget_type=\"image.default\">\n\t\t\t\t\t\t\t\t\t\t\t\t\t\t\t\t<a href=\"https:\/\/www.granjapinilla.com\/\">\n\t\t\t\t\t\t\t<img decoding=\"async\" width=\"639\" height=\"150\" src=\"https:\/\/pueblosycomarcas.com\/wp-content\/uploads\/2025\/07\/banner-granja-pinilla.jpg\" class=\"attachment-large size-large wp-image-105\" alt=\"\" srcset=\"https:\/\/pueblosycomarcas.com\/wp-content\/uploads\/2025\/07\/banner-granja-pinilla.jpg 639w, https:\/\/pueblosycomarcas.com\/wp-content\/uploads\/2025\/07\/banner-granja-pinilla-300x70.jpg 300w\" sizes=\"(max-width: 639px) 100vw, 639px\" \/>\t\t\t\t\t\t\t\t<\/a>\n\t\t\t\t\t\t\t\t\t\t\t\t\t\t\t<\/div>\n\t\t\t\t<\/div>\n\t\t\t\t\t<\/div>\n\t\t\t\t<\/div>\n\t\t\t\t<\/div>","protected":false},"excerpt":{"rendered":"<p>Deportes y ocio Cinco oros para el Club Deportivo La Victoria en la Liga Auton\u00f3mica Conjuntos de gimnasia r\u00edtmica En esta ocasi\u00f3n las medallas doradas corrieron a cargo del conjunto prebenjam\u00edn formado por Valentina de Pablo, Cloe Lesmes, Carlota Gal\u00e1n, Emma Medina e In\u00e9s Benito Pueblosycomarcas.com;\u00a0@PueblosComarcas Una vez m\u00e1s, el Club Deportivo La Victoria de Valladolid consolida el estatus de m\u00e1ximo estandarte de la gimnasia vallisoletana al conseguir cinco valiosos metales dorados, gracias a la excelente actuaci\u00f3n de sus cinco conjuntos representantes en la Liga Auton\u00f3mica Conjuntos Base y Absoluta de gimnasia r\u00edtmica que tuvo cita en el Polideportivo Municipal Los Nogales de Roa de Duero. En una agradable jornada, donde los asistentes pudieron disfrutar de una gran variedad de ejercicios cargados de m\u00e1xima dificultad, las integrantes del club La Victoria se erigieron en sendas protagonistas con el punto de mira puesto en la Copa Nacional de Conjuntos que tendr\u00e1 cita en esta ocasi\u00f3n, en la localidad de Santander el pr\u00f3ximo mes de mayo. En esta ocasi\u00f3n las medallas doradas corrieron a cargo del conjunto prebenjam\u00edn, donde las peque\u00f1as gimnastas del club vallisoletano Valentina de Pablo, Cloe Lesmes, Carlota Gal\u00e1n, Emma Medina e In\u00e9s Benito deleitaron al p\u00fablico asistente con un elegante ejercicio. Por su parte, sus compa\u00f1eras de la categor\u00eda benjam\u00edn Sara de Castro, Mar\u00eda De Las Cuevas, Julia S\u00e1ez, Marina Salgado y Aitana Garc\u00eda no se quedaron atr\u00e1s en su puesta de largo, con m\u00fasica del m\u00edtico Michael Jackson. En la categor\u00eda alev\u00edn Vega Baquer\u00edn, Vega del Arco, Mar\u00eda Lara, Nahia L\u00e1zaro y Sara Gonz\u00e1lez de nuevo llevaron a cabo un s\u00f3lido ejercicio de cinco aros, alz\u00e1ndose al primer escal\u00f3n del podio. Cabe destacar la primera posici\u00f3n del conjunto junior donde las gimnastas Alba Acosta, Luc\u00eda Guerra, Luc\u00eda Fontanillas, Martyna Gasent y Leire Dom\u00ednguez no s\u00f3lo se adjudicaron una valiosa presea, sino que adem\u00e1s el primer puesto al igual que el a\u00f1o pasado, les supone el billete para ser el conjunto que representar\u00e1 a Castilla y Le\u00f3n en el pr\u00f3ximo Campeonato Espa\u00f1a Escolar, donde se proclamaron Subcampeones de Espa\u00f1a. Completaron el \u00e9xito gimn\u00e1stico, las experimentadas integrantes del equipo senior de primera categor\u00eda, Alejandra Llorente, Irene de Arriba, Sof\u00eda Mansilla, Sof\u00eda Herrer\u00eda y Adriana Asen, que contin\u00faan marcando el camino a seguir de cara a los futuros compromisos nacionales. Sin casi saborear el \u00e9xito, las gimnastas de La Victoria con extrema dedicaci\u00f3n pusieron rumbo el domingo al Torneo Nacional Tecnostras en Valmojado (Madrid), donde se erigieron otra vez en sendas protagonistas, al subir al podio con los tres equipos con los que acud\u00edan, gracias al oro, plata y bronce obtenidos por los equipos junior, senior primera categor\u00eda y alev\u00edn respectivamente en la categor\u00eda absoluta. Excelente fin de semana que no hace otra cosa que mostrar la extraordinaria puesta a punto que viene teniendo el club Vallisoletano de cara a los futuros campeonatos nacionales.<\/p>","protected":false},"author":2,"featured_media":10775,"comment_status":"open","ping_status":"closed","sticky":false,"template":"","format":"standard","meta":{"site-sidebar-layout":"default","site-content-layout":"","ast-site-content-layout":"default","site-content-style":"default","site-sidebar-style":"default","ast-global-header-display":"","ast-banner-title-visibility":"","ast-main-header-display":"","ast-hfb-above-header-display":"","ast-hfb-below-header-display":"","ast-hfb-mobile-header-display":"","site-post-title":"disabled","ast-breadcrumbs-content":"","ast-featured-img":"","footer-sml-layout":"","theme-transparent-header-meta":"","adv-header-id-meta":"","stick-header-meta":"","header-above-stick-meta":"","header-main-stick-meta":"","header-below-stick-meta":"","astra-migrate-meta-layouts":"default","ast-page-background-enabled":"default","ast-page-background-meta":{"desktop":{"background-color":"var(--ast-global-color-5)","background-image":"","background-repeat":"repeat","background-position":"center center","background-size":"auto","background-attachment":"scroll","background-type":"","background-media":"","overlay-type":"","overlay-color":"","overlay-opacity":"","overlay-gradient":""},"tablet":{"background-color":"","background-image":"","background-repeat":"repeat","background-position":"center center","background-size":"auto","background-attachment":"scroll","background-type":"","background-media":"","overlay-type":"","overlay-color":"","overlay-opacity":"","overlay-gradient":""},"mobile":{"background-color":"","background-image":"","background-repeat":"repeat","background-position":"center center","background-size":"auto","background-attachment":"scroll","background-type":"","background-media":"","overlay-type":"","overlay-color":"","overlay-opacity":"","overlay-gradient":""}},"ast-content-background-meta":{"desktop":{"background-color":"var(--ast-global-color-4)","background-image":"","background-repeat":"repeat","background-position":"center center","background-size":"auto","background-attachment":"scroll","background-type":"","background-media":"","overlay-type":"","overlay-color":"","overlay-opacity":"","overlay-gradient":""},"tablet":{"background-color":"var(--ast-global-color-4)","background-image":"","background-repeat":"repeat","background-position":"center center","background-size":"auto","background-attachment":"scroll","background-type":"","background-media":"","overlay-type":"","overlay-color":"","overlay-opacity":"","overlay-gradient":""},"mobile":{"background-color":"var(--ast-global-color-4)","background-image":"","background-repeat":"repeat","background-position":"center center","background-size":"auto","background-attachment":"scroll","background-type":"","background-media":"","overlay-type":"","overlay-color":"","overlay-opacity":"","overlay-gradient":""}},"ngg_post_thumbnail":0,"footnotes":""},"categories":[11,16],"tags":[540,22],"class_list":["post-10774","post","type-post","status-publish","format-standard","has-post-thumbnail","hentry","category-deportes-y-ocio","category-portada","tag-club-deportivo-la-victoria","tag-valladolid"],"aioseo_notices":[],"rttpg_featured_image_url":{"full":["https:\/\/pueblosycomarcas.com\/wp-content\/uploads\/2026\/04\/20260428_cd_victoria.jpg",800,400,false],"landscape":["https:\/\/pueblosycomarcas.com\/wp-content\/uploads\/2026\/04\/20260428_cd_victoria.jpg",800,400,false],"portraits":["https:\/\/pueblosycomarcas.com\/wp-content\/uploads\/2026\/04\/20260428_cd_victoria.jpg",800,400,false],"thumbnail":["https:\/\/pueblosycomarcas.com\/wp-content\/uploads\/2026\/04\/20260428_cd_victoria-150x150.jpg",150,150,true],"medium":["https:\/\/pueblosycomarcas.com\/wp-content\/uploads\/2026\/04\/20260428_cd_victoria-300x150.jpg",300,150,true],"large":["https:\/\/pueblosycomarcas.com\/wp-content\/uploads\/2026\/04\/20260428_cd_victoria.jpg",800,400,false],"1536x1536":["https:\/\/pueblosycomarcas.com\/wp-content\/uploads\/2026\/04\/20260428_cd_victoria.jpg",800,400,false],"2048x2048":["https:\/\/pueblosycomarcas.com\/wp-content\/uploads\/2026\/04\/20260428_cd_victoria.jpg",800,400,false],"trp-custom-language-flag":["https:\/\/pueblosycomarcas.com\/wp-content\/uploads\/2026\/04\/20260428_cd_victoria-18x9.jpg",18,9,true]},"rttpg_author":{"display_name":"Juanjo","author_link":"https:\/\/pueblosycomarcas.com\/en\/author\/pueblosycomarcas\/"},"rttpg_comment":0,"rttpg_category":"<a href=\"https:\/\/pueblosycomarcas.com\/en\/category\/deportes-y-ocio\/\" rel=\"category tag\">Deporte y Ocio<\/a> <a href=\"https:\/\/pueblosycomarcas.com\/en\/category\/portada\/\" rel=\"category tag\">Portada<\/a>","rttpg_excerpt":"Deportes y ocio Cinco oros para el Club Deportivo La Victoria en la Liga Auton\u00f3mica Conjuntos de gimnasia r\u00edtmica En esta ocasi\u00f3n las medallas doradas corrieron a cargo del conjunto prebenjam\u00edn formado por Valentina de Pablo, Cloe Lesmes, Carlota Gal\u00e1n, Emma Medina e In\u00e9s Benito Pueblosycomarcas.com;\u00a0@PueblosComarcas Una vez m\u00e1s, el Club Deportivo La Victoria de&hellip;","_links":{"self":[{"href":"https:\/\/pueblosycomarcas.com\/en\/wp-json\/wp\/v2\/posts\/10774","targetHints":{"allow":["GET"]}}],"collection":[{"href":"https:\/\/pueblosycomarcas.com\/en\/wp-json\/wp\/v2\/posts"}],"about":[{"href":"https:\/\/pueblosycomarcas.com\/en\/wp-json\/wp\/v2\/types\/post"}],"author":[{"embeddable":true,"href":"https:\/\/pueblosycomarcas.com\/en\/wp-json\/wp\/v2\/users\/2"}],"replies":[{"embeddable":true,"href":"https:\/\/pueblosycomarcas.com\/en\/wp-json\/wp\/v2\/comments?post=10774"}],"version-history":[{"count":8,"href":"https:\/\/pueblosycomarcas.com\/en\/wp-json\/wp\/v2\/posts\/10774\/revisions"}],"predecessor-version":[{"id":10815,"href":"https:\/\/pueblosycomarcas.com\/en\/wp-json\/wp\/v2\/posts\/10774\/revisions\/10815"}],"wp:featuredmedia":[{"embeddable":true,"href":"https:\/\/pueblosycomarcas.com\/en\/wp-json\/wp\/v2\/media\/10775"}],"wp:attachment":[{"href":"https:\/\/pueblosycomarcas.com\/en\/wp-json\/wp\/v2\/media?parent=10774"}],"wp:term":[{"taxonomy":"category","embeddable":true,"href":"https:\/\/pueblosycomarcas.com\/en\/wp-json\/wp\/v2\/categories?post=10774"},{"taxonomy":"post_tag","embeddable":true,"href":"https:\/\/pueblosycomarcas.com\/en\/wp-json\/wp\/v2\/tags?post=10774"}],"curies":[{"name":"wp","href":"https:\/\/api.w.org\/{rel}","templated":true}]}}