{"id":10746,"date":"2026-04-28T05:02:00","date_gmt":"2026-04-28T04:02:00","guid":{"rendered":"https:\/\/pueblosycomarcas.com\/?p=10746"},"modified":"2026-04-27T12:38:10","modified_gmt":"2026-04-27T11:38:10","slug":"la-secime-cierra-su-39-edicion-con-un-aumento-de-espectadores-premios-y-presencia-de-profesionales-del-sector-cinematografico","status":"publish","type":"post","link":"https:\/\/pueblosycomarcas.com\/en\/la-secime-cierra-su-39-edicion-con-un-aumento-de-espectadores-premios-y-presencia-de-profesionales-del-sector-cinematografico\/","title":{"rendered":"La SECIME cierra su 39 edici\u00f3n con un aumento de espectadores, premios y presencia de profesionales del sector cinematogr\u00e1fico"},"content":{"rendered":"<div data-elementor-type=\"wp-post\" data-elementor-id=\"10746\" class=\"elementor elementor-10746\">\n\t\t\t\t<div class=\"elementor-element elementor-element-5f23ad27 e-flex e-con-boxed wpr-particle-no wpr-jarallax-no wpr-parallax-no wpr-sticky-section-no wpr-equal-height-no e-con e-parent\" data-id=\"5f23ad27\" data-element_type=\"container\" data-e-type=\"container\">\n\t\t\t\t\t<div class=\"e-con-inner\">\n\t\t\t\t<div class=\"elementor-element elementor-element-715d19f3 elementor-widget elementor-widget-image\" data-id=\"715d19f3\" data-element_type=\"widget\" data-e-type=\"widget\" data-widget_type=\"image.default\">\n\t\t\t\t\t\t\t\t\t\t\t\t\t\t\t\t<a href=\"https:\/\/www.termicasalfonso.es\/\">\n\t\t\t\t\t\t\t<img fetchpriority=\"high\" decoding=\"async\" width=\"400\" height=\"220\" src=\"https:\/\/pueblosycomarcas.com\/wp-content\/uploads\/2025\/07\/banner-instalaciones-alfonso.jpg\" class=\"attachment-large size-large wp-image-107\" alt=\"\" srcset=\"https:\/\/pueblosycomarcas.com\/wp-content\/uploads\/2025\/07\/banner-instalaciones-alfonso.jpg 400w, https:\/\/pueblosycomarcas.com\/wp-content\/uploads\/2025\/07\/banner-instalaciones-alfonso-300x165.jpg 300w\" sizes=\"(max-width: 400px) 100vw, 400px\" \/>\t\t\t\t\t\t\t\t<\/a>\n\t\t\t\t\t\t\t\t\t\t\t\t\t\t\t<\/div>\n\t\t\t\t<div class=\"elementor-element elementor-element-57b60c7a elementor-widget elementor-widget-text-editor\" data-id=\"57b60c7a\" data-element_type=\"widget\" data-e-type=\"widget\" data-widget_type=\"text-editor.default\">\n\t\t\t\t\t\t\t\t\t<ul><li><h6><strong><em>Cultura y tradici\u00f3n<\/em><\/strong><\/h6><\/li><\/ul>\t\t\t\t\t\t\t\t<\/div>\n\t\t\t\t<div class=\"elementor-element elementor-element-75510364 elementor-widget elementor-widget-heading\" data-id=\"75510364\" data-element_type=\"widget\" data-e-type=\"widget\" data-widget_type=\"heading.default\">\n\t\t\t\t\t<h2 class=\"elementor-heading-title elementor-size-default\">La SECIME cierra su 39 edici\u00f3n con un aumento de espectadores, premios y presencia de profesionales del sector cinematogr\u00e1fico<\/h2>\t\t\t\t<\/div>\n\t\t\t\t<div class=\"elementor-element elementor-element-53553336 elementor-widget elementor-widget-text-editor\" data-id=\"53553336\" data-element_type=\"widget\" data-e-type=\"widget\" data-widget_type=\"text-editor.default\">\n\t\t\t\t\t\t\t\t\t<ul><li><h6><em><strong>El certamen medinense ha contado este a\u00f1o con un nuevo equipo encabezado por Sergi Gonz\u00e1lez como director y Diego P\u00e9rez como director adjunto<\/strong><\/em><\/h6><h6><em><strong>Las nuevas sesiones conjuntas de proyecci\u00f3n de cortometrajes nacionales y las pel\u00edculas seleccionadas han recibido una gran acogida por parte del p\u00fablico<\/strong><\/em><\/h6><h6><em><strong>La SECIME celebrar\u00e1 su 40 edici\u00f3n del 9 al 17 de abril de 2027<\/strong><\/em><\/h6><\/li><\/ul>\t\t\t\t\t\t\t\t<\/div>\n\t\t\t\t<div class=\"elementor-element elementor-element-381aa82f elementor-widget-divider--view-line elementor-widget elementor-widget-divider\" data-id=\"381aa82f\" data-element_type=\"widget\" data-e-type=\"widget\" data-widget_type=\"divider.default\">\n\t\t\t\t\t\t\t<div class=\"elementor-divider\">\n\t\t\t<span class=\"elementor-divider-separator\">\n\t\t\t\t\t\t<\/span>\n\t\t<\/div>\n\t\t\t\t\t\t<\/div>\n\t\t\t\t<div class=\"elementor-element elementor-element-222d5fcb elementor-widget elementor-widget-image\" data-id=\"222d5fcb\" data-element_type=\"widget\" data-e-type=\"widget\" data-widget_type=\"image.default\">\n\t\t\t\t\t\t\t\t\t\t\t\t<figure class=\"wp-caption\">\n\t\t\t\t\t\t\t\t\t\t<img decoding=\"async\" width=\"800\" height=\"400\" src=\"https:\/\/pueblosycomarcas.com\/wp-content\/uploads\/2026\/04\/23042026_SECIME_Director_yAdjunto.jpg\" class=\"attachment-large size-large wp-image-10747\" alt=\"\" srcset=\"https:\/\/pueblosycomarcas.com\/wp-content\/uploads\/2026\/04\/23042026_SECIME_Director_yAdjunto.jpg 800w, https:\/\/pueblosycomarcas.com\/wp-content\/uploads\/2026\/04\/23042026_SECIME_Director_yAdjunto-300x150.jpg 300w, https:\/\/pueblosycomarcas.com\/wp-content\/uploads\/2026\/04\/23042026_SECIME_Director_yAdjunto-768x384.jpg 768w, https:\/\/pueblosycomarcas.com\/wp-content\/uploads\/2026\/04\/23042026_SECIME_Director_yAdjunto-18x9.jpg 18w\" sizes=\"(max-width: 800px) 100vw, 800px\" \/>\t\t\t\t\t\t\t\t\t\t\t<figcaption class=\"widget-image-caption wp-caption-text\">Medina del Campo 23.04.26 SECIME Sergi Gonz\u00e1lez y Diego P\u00e9rez director y adjunto de direcci\u00f3n de la SECIME<\/figcaption>\n\t\t\t\t\t\t\t\t\t\t<\/figure>\n\t\t\t\t\t\t\t\t\t<\/div>\n\t\t\t\t<div class=\"elementor-element elementor-element-57586434 elementor-widget elementor-widget-text-editor\" data-id=\"57586434\" data-element_type=\"widget\" data-e-type=\"widget\" data-widget_type=\"text-editor.default\">\n\t\t\t\t\t\t\t\t\t<p><a href=\"https:\/\/www.facebook.com\/Pueblos-y-Comarcas-125437870924169\/?fref=ts\"><em><strong>Pueblosycomarcas.com<\/strong><\/em><\/a><em><strong>;\u00a0<\/strong><\/em><a href=\"https:\/\/twitter.com\/PueblosComarcas\"><em><strong>@PueblosComarcas<\/strong><\/em><\/a><\/p><p>La Semana de Cine de Medina del Campo (SECIME) cerr\u00f3 su 39 edici\u00f3n el pasado s\u00e1bado, 25 de abril, con un <strong>destacado aumento de espectadores, galardones y con mayor presencia de profesionales del sector cinematogr\u00e1fico nacional<\/strong>. Este a\u00f1o el certamen medinense ha estrenado nuevo equipo, con <strong>Sergi Gonz\u00e1lez<\/strong>\u00a0como director y <strong>Diego P\u00e9rez<\/strong>\u00a0como director adjunto. \u201cHa sido una edici\u00f3n muy redonda, estoy muy satisfecho porque, aunque a priori podr\u00eda haber sido complicada por el cambio, ha funcionado todo muy bien y el equipo ha trabajado con mucha sinton\u00eda e ilusi\u00f3n\u201d, explica Sergi Gonz\u00e1lez.<\/p><p>Una de las novedades de la 39 edici\u00f3n ha sido la proyecci\u00f3n de los 25 trabajos a concurso del 34 Certamen Nacional de Cortometrajes en cuatro sesiones conjuntas en el Auditorio Municipal Emiliano Allende, que han conseguido una <strong>gran acogida por parte de los espectadores<\/strong>. \u201cEl primer fin de semana fue todo un \u00e9xito, no solo por los cortos espa\u00f1oles, sino tambi\u00e9n por los encuentros profesionales, que fueron una maravilla\u201d, comenta el director de la SECIME, que a\u00f1ade: \u201cLas sesiones de largometrajes de las 20 horas han sido especialmente numerosas, sobre todo porque el p\u00fablico ha tenido una gran respuesta a los coloquios posteriores con los equipos de las pel\u00edculas\u201d.<\/p><p>Durante la gala de clausura, celebrada el s\u00e1bado 25 de abril, se entregaron <strong>una treintena de galardones y menciones<\/strong>, superando en n\u00famero a ediciones anteriores. Fue un evento especialmente destacado ya que, como se\u00f1ala Sergi Gonz\u00e1lez, \u201ctuvimos la suerte de que acudieran todos los premiados, que es algo muy complicado que pocas veces sucede\u201d.<\/p><p>El <strong>balance<\/strong>\u00a0de la 39 SECIME ha sido, por tanto, <strong>muy positivo<\/strong>\u00a0y el \u00e9xito de las novedades ha llegado a la nueva direcci\u00f3n: \u201cLos vecinos de Medina del Campo nos han hecho saber que ha sido un cambio a mejor y esto nos alegra mucho\u201d. En <strong>2027, del 19 al 17 de abril, <\/strong>el certamen alcanzar\u00e1 su <strong>40 edici\u00f3n<\/strong>\u00a0y el equipo ya est\u00e1 preparado para afrontar el reto. \u201cEstamos trabajando desde ya para intentar que sea como m\u00ednimo igual de buena que esta, pero vamos a intentar que sea a\u00fan mejor\u201d, concluye Sergi Gonz\u00e1lez.<\/p>\t\t\t\t\t\t\t\t<\/div>\n\t\t<div class=\"elementor-element elementor-element-165a6864 e-con-full e-flex wpr-particle-no wpr-jarallax-no wpr-parallax-no wpr-sticky-section-no wpr-equal-height-no e-con e-child\" data-id=\"165a6864\" data-element_type=\"container\" data-e-type=\"container\">\n\t\t\t\t<div class=\"elementor-element elementor-element-1e3b3a9e elementor-widget elementor-widget-image\" data-id=\"1e3b3a9e\" data-element_type=\"widget\" data-e-type=\"widget\" data-widget_type=\"image.default\">\n\t\t\t\t\t\t\t\t\t\t\t\t\t\t\t\t<a href=\"https:\/\/www.granjapinilla.com\/\">\n\t\t\t\t\t\t\t<img decoding=\"async\" width=\"639\" height=\"150\" src=\"https:\/\/pueblosycomarcas.com\/wp-content\/uploads\/2025\/07\/banner-granja-pinilla.jpg\" class=\"attachment-large size-large wp-image-105\" alt=\"\" srcset=\"https:\/\/pueblosycomarcas.com\/wp-content\/uploads\/2025\/07\/banner-granja-pinilla.jpg 639w, https:\/\/pueblosycomarcas.com\/wp-content\/uploads\/2025\/07\/banner-granja-pinilla-300x70.jpg 300w\" sizes=\"(max-width: 639px) 100vw, 639px\" \/>\t\t\t\t\t\t\t\t<\/a>\n\t\t\t\t\t\t\t\t\t\t\t\t\t\t\t<\/div>\n\t\t\t\t<\/div>\n\t\t\t\t\t<\/div>\n\t\t\t\t<\/div>\n\t\t\t\t<\/div>","protected":false},"excerpt":{"rendered":"<p>Cultura y tradici\u00f3n La SECIME cierra su 39 edici\u00f3n con un aumento de espectadores, premios y presencia de profesionales del sector cinematogr\u00e1fico El certamen medinense ha contado este a\u00f1o con un nuevo equipo encabezado por Sergi Gonz\u00e1lez como director y Diego P\u00e9rez como director adjunto Las nuevas sesiones conjuntas de proyecci\u00f3n de cortometrajes nacionales y las pel\u00edculas seleccionadas han recibido una gran acogida por parte del p\u00fablico La SECIME celebrar\u00e1 su 40 edici\u00f3n del 9 al 17 de abril de 2027 Medina del Campo 23.04.26 SECIME Sergi Gonz\u00e1lez y Diego P\u00e9rez director y adjunto de direcci\u00f3n de la SECIME Pueblosycomarcas.com;\u00a0@PueblosComarcas La Semana de Cine de Medina del Campo (SECIME) cerr\u00f3 su 39 edici\u00f3n el pasado s\u00e1bado, 25 de abril, con un destacado aumento de espectadores, galardones y con mayor presencia de profesionales del sector cinematogr\u00e1fico nacional. Este a\u00f1o el certamen medinense ha estrenado nuevo equipo, con Sergi Gonz\u00e1lez\u00a0como director y Diego P\u00e9rez\u00a0como director adjunto. \u201cHa sido una edici\u00f3n muy redonda, estoy muy satisfecho porque, aunque a priori podr\u00eda haber sido complicada por el cambio, ha funcionado todo muy bien y el equipo ha trabajado con mucha sinton\u00eda e ilusi\u00f3n\u201d, explica Sergi Gonz\u00e1lez. Una de las novedades de la 39 edici\u00f3n ha sido la proyecci\u00f3n de los 25 trabajos a concurso del 34 Certamen Nacional de Cortometrajes en cuatro sesiones conjuntas en el Auditorio Municipal Emiliano Allende, que han conseguido una gran acogida por parte de los espectadores. \u201cEl primer fin de semana fue todo un \u00e9xito, no solo por los cortos espa\u00f1oles, sino tambi\u00e9n por los encuentros profesionales, que fueron una maravilla\u201d, comenta el director de la SECIME, que a\u00f1ade: \u201cLas sesiones de largometrajes de las 20 horas han sido especialmente numerosas, sobre todo porque el p\u00fablico ha tenido una gran respuesta a los coloquios posteriores con los equipos de las pel\u00edculas\u201d. Durante la gala de clausura, celebrada el s\u00e1bado 25 de abril, se entregaron una treintena de galardones y menciones, superando en n\u00famero a ediciones anteriores. Fue un evento especialmente destacado ya que, como se\u00f1ala Sergi Gonz\u00e1lez, \u201ctuvimos la suerte de que acudieran todos los premiados, que es algo muy complicado que pocas veces sucede\u201d. El balance\u00a0de la 39 SECIME ha sido, por tanto, muy positivo\u00a0y el \u00e9xito de las novedades ha llegado a la nueva direcci\u00f3n: \u201cLos vecinos de Medina del Campo nos han hecho saber que ha sido un cambio a mejor y esto nos alegra mucho\u201d. En 2027, del 19 al 17 de abril, el certamen alcanzar\u00e1 su 40 edici\u00f3n\u00a0y el equipo ya est\u00e1 preparado para afrontar el reto. \u201cEstamos trabajando desde ya para intentar que sea como m\u00ednimo igual de buena que esta, pero vamos a intentar que sea a\u00fan mejor\u201d, concluye Sergi Gonz\u00e1lez.<\/p>","protected":false},"author":2,"featured_media":10747,"comment_status":"open","ping_status":"closed","sticky":false,"template":"","format":"standard","meta":{"site-sidebar-layout":"default","site-content-layout":"","ast-site-content-layout":"default","site-content-style":"default","site-sidebar-style":"default","ast-global-header-display":"","ast-banner-title-visibility":"","ast-main-header-display":"","ast-hfb-above-header-display":"","ast-hfb-below-header-display":"","ast-hfb-mobile-header-display":"","site-post-title":"disabled","ast-breadcrumbs-content":"","ast-featured-img":"","footer-sml-layout":"","theme-transparent-header-meta":"","adv-header-id-meta":"","stick-header-meta":"","header-above-stick-meta":"","header-main-stick-meta":"","header-below-stick-meta":"","astra-migrate-meta-layouts":"default","ast-page-background-enabled":"default","ast-page-background-meta":{"desktop":{"background-color":"var(--ast-global-color-5)","background-image":"","background-repeat":"repeat","background-position":"center center","background-size":"auto","background-attachment":"scroll","background-type":"","background-media":"","overlay-type":"","overlay-color":"","overlay-opacity":"","overlay-gradient":""},"tablet":{"background-color":"","background-image":"","background-repeat":"repeat","background-position":"center center","background-size":"auto","background-attachment":"scroll","background-type":"","background-media":"","overlay-type":"","overlay-color":"","overlay-opacity":"","overlay-gradient":""},"mobile":{"background-color":"","background-image":"","background-repeat":"repeat","background-position":"center center","background-size":"auto","background-attachment":"scroll","background-type":"","background-media":"","overlay-type":"","overlay-color":"","overlay-opacity":"","overlay-gradient":""}},"ast-content-background-meta":{"desktop":{"background-color":"var(--ast-global-color-4)","background-image":"","background-repeat":"repeat","background-position":"center center","background-size":"auto","background-attachment":"scroll","background-type":"","background-media":"","overlay-type":"","overlay-color":"","overlay-opacity":"","overlay-gradient":""},"tablet":{"background-color":"var(--ast-global-color-4)","background-image":"","background-repeat":"repeat","background-position":"center center","background-size":"auto","background-attachment":"scroll","background-type":"","background-media":"","overlay-type":"","overlay-color":"","overlay-opacity":"","overlay-gradient":""},"mobile":{"background-color":"var(--ast-global-color-4)","background-image":"","background-repeat":"repeat","background-position":"center center","background-size":"auto","background-attachment":"scroll","background-type":"","background-media":"","overlay-type":"","overlay-color":"","overlay-opacity":"","overlay-gradient":""}},"ngg_post_thumbnail":0,"footnotes":""},"categories":[14,18],"tags":[33,305,333],"class_list":["post-10746","post","type-post","status-publish","format-standard","has-post-thumbnail","hentry","category-cultura-y-tradicion","category-ocio","tag-medina-del-campo","tag-secime","tag-semana-de-cine-de-medina-del-campo"],"aioseo_notices":[],"rttpg_featured_image_url":{"full":["https:\/\/pueblosycomarcas.com\/wp-content\/uploads\/2026\/04\/23042026_SECIME_Director_yAdjunto.jpg",800,400,false],"landscape":["https:\/\/pueblosycomarcas.com\/wp-content\/uploads\/2026\/04\/23042026_SECIME_Director_yAdjunto.jpg",800,400,false],"portraits":["https:\/\/pueblosycomarcas.com\/wp-content\/uploads\/2026\/04\/23042026_SECIME_Director_yAdjunto.jpg",800,400,false],"thumbnail":["https:\/\/pueblosycomarcas.com\/wp-content\/uploads\/2026\/04\/23042026_SECIME_Director_yAdjunto-150x150.jpg",150,150,true],"medium":["https:\/\/pueblosycomarcas.com\/wp-content\/uploads\/2026\/04\/23042026_SECIME_Director_yAdjunto-300x150.jpg",300,150,true],"large":["https:\/\/pueblosycomarcas.com\/wp-content\/uploads\/2026\/04\/23042026_SECIME_Director_yAdjunto.jpg",800,400,false],"1536x1536":["https:\/\/pueblosycomarcas.com\/wp-content\/uploads\/2026\/04\/23042026_SECIME_Director_yAdjunto.jpg",800,400,false],"2048x2048":["https:\/\/pueblosycomarcas.com\/wp-content\/uploads\/2026\/04\/23042026_SECIME_Director_yAdjunto.jpg",800,400,false],"trp-custom-language-flag":["https:\/\/pueblosycomarcas.com\/wp-content\/uploads\/2026\/04\/23042026_SECIME_Director_yAdjunto-18x9.jpg",18,9,true]},"rttpg_author":{"display_name":"Juanjo","author_link":"https:\/\/pueblosycomarcas.com\/en\/author\/pueblosycomarcas\/"},"rttpg_comment":0,"rttpg_category":"<a href=\"https:\/\/pueblosycomarcas.com\/en\/category\/cultura-y-tradicion\/\" rel=\"category tag\">Cultura y Tradici\u00f3n<\/a> <a href=\"https:\/\/pueblosycomarcas.com\/en\/category\/ocio\/\" rel=\"category tag\">Ocio<\/a>","rttpg_excerpt":"Cultura y tradici\u00f3n La SECIME cierra su 39 edici\u00f3n con un aumento de espectadores, premios y presencia de profesionales del sector cinematogr\u00e1fico El certamen medinense ha contado este a\u00f1o con un nuevo equipo encabezado por Sergi Gonz\u00e1lez como director y Diego P\u00e9rez como director adjunto Las nuevas sesiones conjuntas de proyecci\u00f3n de cortometrajes nacionales y&hellip;","_links":{"self":[{"href":"https:\/\/pueblosycomarcas.com\/en\/wp-json\/wp\/v2\/posts\/10746","targetHints":{"allow":["GET"]}}],"collection":[{"href":"https:\/\/pueblosycomarcas.com\/en\/wp-json\/wp\/v2\/posts"}],"about":[{"href":"https:\/\/pueblosycomarcas.com\/en\/wp-json\/wp\/v2\/types\/post"}],"author":[{"embeddable":true,"href":"https:\/\/pueblosycomarcas.com\/en\/wp-json\/wp\/v2\/users\/2"}],"replies":[{"embeddable":true,"href":"https:\/\/pueblosycomarcas.com\/en\/wp-json\/wp\/v2\/comments?post=10746"}],"version-history":[{"count":5,"href":"https:\/\/pueblosycomarcas.com\/en\/wp-json\/wp\/v2\/posts\/10746\/revisions"}],"predecessor-version":[{"id":10752,"href":"https:\/\/pueblosycomarcas.com\/en\/wp-json\/wp\/v2\/posts\/10746\/revisions\/10752"}],"wp:featuredmedia":[{"embeddable":true,"href":"https:\/\/pueblosycomarcas.com\/en\/wp-json\/wp\/v2\/media\/10747"}],"wp:attachment":[{"href":"https:\/\/pueblosycomarcas.com\/en\/wp-json\/wp\/v2\/media?parent=10746"}],"wp:term":[{"taxonomy":"category","embeddable":true,"href":"https:\/\/pueblosycomarcas.com\/en\/wp-json\/wp\/v2\/categories?post=10746"},{"taxonomy":"post_tag","embeddable":true,"href":"https:\/\/pueblosycomarcas.com\/en\/wp-json\/wp\/v2\/tags?post=10746"}],"curies":[{"name":"wp","href":"https:\/\/api.w.org\/{rel}","templated":true}]}}