{"id":10739,"date":"2026-04-28T05:04:00","date_gmt":"2026-04-28T04:04:00","guid":{"rendered":"https:\/\/pueblosycomarcas.com\/?p=10739"},"modified":"2026-04-27T11:07:51","modified_gmt":"2026-04-27T10:07:51","slug":"la-coalicion-izquierda-unida-podemos-denuncia-el-doble-rasero-del-equipo-de-gobierno-de-laguna-tras-la-dimision-de-la-teniente-de-alcalde","status":"publish","type":"post","link":"https:\/\/pueblosycomarcas.com\/en\/la-coalicion-izquierda-unida-podemos-denuncia-el-doble-rasero-del-equipo-de-gobierno-de-laguna-tras-la-dimision-de-la-teniente-de-alcalde\/","title":{"rendered":"La coalici\u00f3n Izquierda Unida-Podemos denuncia el doble rasero del equipo de gobierno de Laguna tras la dimisi\u00f3n de la teniente de alcalde"},"content":{"rendered":"<div data-elementor-type=\"wp-post\" data-elementor-id=\"10739\" class=\"elementor elementor-10739\">\n\t\t\t\t<div class=\"elementor-element elementor-element-1deae1e e-flex e-con-boxed wpr-particle-no wpr-jarallax-no wpr-parallax-no wpr-sticky-section-no wpr-equal-height-no e-con e-parent\" data-id=\"1deae1e\" data-element_type=\"container\" data-e-type=\"container\">\n\t\t\t\t\t<div class=\"e-con-inner\">\n\t\t\t\t<div class=\"elementor-element elementor-element-77949e8c elementor-widget elementor-widget-image\" data-id=\"77949e8c\" data-element_type=\"widget\" data-e-type=\"widget\" data-widget_type=\"image.default\">\n\t\t\t\t\t\t\t\t\t\t\t\t\t\t\t\t<a href=\"https:\/\/www.termicasalfonso.es\/\">\n\t\t\t\t\t\t\t<img fetchpriority=\"high\" decoding=\"async\" width=\"400\" height=\"220\" src=\"https:\/\/pueblosycomarcas.com\/wp-content\/uploads\/2025\/07\/banner-instalaciones-alfonso.jpg\" class=\"attachment-large size-large wp-image-107\" alt=\"\" srcset=\"https:\/\/pueblosycomarcas.com\/wp-content\/uploads\/2025\/07\/banner-instalaciones-alfonso.jpg 400w, https:\/\/pueblosycomarcas.com\/wp-content\/uploads\/2025\/07\/banner-instalaciones-alfonso-300x165.jpg 300w\" sizes=\"(max-width: 400px) 100vw, 400px\" \/>\t\t\t\t\t\t\t\t<\/a>\n\t\t\t\t\t\t\t\t\t\t\t\t\t\t\t<\/div>\n\t\t\t\t<div class=\"elementor-element elementor-element-1137ea87 elementor-widget elementor-widget-text-editor\" data-id=\"1137ea87\" data-element_type=\"widget\" data-e-type=\"widget\" data-widget_type=\"text-editor.default\">\n\t\t\t\t\t\t\t\t\t<ul><li><h6><strong><em>OTHER REGIONS<\/em><\/strong><\/h6><\/li><\/ul>\t\t\t\t\t\t\t\t<\/div>\n\t\t\t\t<div class=\"elementor-element elementor-element-3602f564 elementor-widget elementor-widget-heading\" data-id=\"3602f564\" data-element_type=\"widget\" data-e-type=\"widget\" data-widget_type=\"heading.default\">\n\t\t\t\t\t<h2 class=\"elementor-heading-title elementor-size-default\">La coalici\u00f3n Izquierda Unida-Podemos denuncia el doble rasero del equipo de gobierno de Laguna tras la dimisi\u00f3n de la teniente de alcalde<\/h2>\t\t\t\t<\/div>\n\t\t\t\t<div class=\"elementor-element elementor-element-2e690cda elementor-widget elementor-widget-text-editor\" data-id=\"2e690cda\" data-element_type=\"widget\" data-e-type=\"widget\" data-widget_type=\"text-editor.default\">\n\t\t\t\t\t\t\t\t\t<ul><li><h6><em><strong>\u201cLa protecci\u00f3n de datos como excusa para bloquear a la oposici\u00f3n, pero dimite la teniente alcaldesa por vulnerarlos\u201d se\u00f1alan desde la formaci\u00f3n<\/strong><\/em><\/h6><\/li><\/ul>\t\t\t\t\t\t\t\t<\/div>\n\t\t\t\t<div class=\"elementor-element elementor-element-3cc94466 elementor-widget-divider--view-line elementor-widget elementor-widget-divider\" data-id=\"3cc94466\" data-element_type=\"widget\" data-e-type=\"widget\" data-widget_type=\"divider.default\">\n\t\t\t\t\t\t\t<div class=\"elementor-divider\">\n\t\t\t<span class=\"elementor-divider-separator\">\n\t\t\t\t\t\t<\/span>\n\t\t<\/div>\n\t\t\t\t\t\t<\/div>\n\t\t\t\t<div class=\"elementor-element elementor-element-1c4f85df elementor-widget elementor-widget-image\" data-id=\"1c4f85df\" data-element_type=\"widget\" data-e-type=\"widget\" data-widget_type=\"image.default\">\n\t\t\t\t\t\t\t\t\t\t\t\t\t\t\t<img decoding=\"async\" width=\"800\" height=\"400\" src=\"https:\/\/pueblosycomarcas.com\/wp-content\/uploads\/2026\/02\/20260226_laguna_avenida_madrid.jpg\" class=\"attachment-large size-large wp-image-7216\" alt=\"\" srcset=\"https:\/\/pueblosycomarcas.com\/wp-content\/uploads\/2026\/02\/20260226_laguna_avenida_madrid.jpg 800w, https:\/\/pueblosycomarcas.com\/wp-content\/uploads\/2026\/02\/20260226_laguna_avenida_madrid-300x150.jpg 300w, https:\/\/pueblosycomarcas.com\/wp-content\/uploads\/2026\/02\/20260226_laguna_avenida_madrid-768x384.jpg 768w\" sizes=\"(max-width: 800px) 100vw, 800px\" \/>\t\t\t\t\t\t\t\t\t\t\t\t\t\t\t<\/div>\n\t\t\t\t<div class=\"elementor-element elementor-element-189846b4 elementor-widget elementor-widget-text-editor\" data-id=\"189846b4\" data-element_type=\"widget\" data-e-type=\"widget\" data-widget_type=\"text-editor.default\">\n\t\t\t\t\t\t\t\t\t<p><a href=\"https:\/\/www.facebook.com\/Pueblos-y-Comarcas-125437870924169\/?fref=ts\"><strong><em>Pueblosycomarcas.com<\/em><\/strong><\/a><strong><em>;\u00a0<\/em><\/strong><a href=\"https:\/\/twitter.com\/PueblosComarcas\"><strong><em>@PueblosComarcas<\/em><\/strong><\/a><\/p><p>La dimisi\u00f3n de la teniente de alcalde y portavoz de Independientes por Laguna (IL), Luc\u00eda Castro, por filtrar los datos de los miembros de las mesas electorales en 2023, pone de manifiesto una imprudencia grave en el ejercicio de la responsabilidad p\u00fablica y una vulneraci\u00f3n de la protecci\u00f3n de datos.<\/p><p>Desde Izquierda Unida-Podemos se se\u00f1ala que <strong>\u201cquienes ocupamos cargos p\u00fablicos debemos ser especialmente cuidadosos con la informaci\u00f3n que manejamos y actuar siempre con rigor, respeto y responsabilidad. La pol\u00edtica no puede ejercerse desde la frivolidad y el pasotismo\u201d.<\/strong><\/p><p>Asimismo, se subraya que <strong>\u201cestamos ante un asunto grave: la protecci\u00f3n de los datos personales es un derecho fundamental y su vulneraci\u00f3n afecta directamente a la confianza de la ciudadan\u00eda en sus instituciones\u201d.<\/strong><\/p><p>Adem\u00e1s, denuncian un \u201cdoble rasero dif\u00edcil de justificar\u201d, se\u00f1alando que <strong>\u201ca la oposici\u00f3n se nos limita en numerosas ocasiones el acceso a informaci\u00f3n a la que tenemos derecho para ejercer nuestra labor, utilizando como excusa la protecci\u00f3n de datos. Curiosamente, es el propio gobierno quien ha hecho un uso indebido de los datos de los laguneros y laguneras de este municipio\u201d.<\/strong><\/p><p>Para la agrupaci\u00f3n, \u201cadem\u00e1s de una contradicci\u00f3n, es un problema serio de control y mala gesti\u00f3n\u201d.<\/p><p>Finalmente, desde la formaci\u00f3n instan al equipo de gobierno a reflexionar: <strong>\u201cLa falta de empat\u00eda, la utilizaci\u00f3n inadecuada de la informaci\u00f3n sensible y la desconsideraci\u00f3n hacia otras personas no pueden tener cabida en la vida p\u00fablica. La ciudadan\u00eda merece representantes que est\u00e9n a la altura, no solo en el cumplimiento de la ley, sino tambi\u00e9n en una gesti\u00f3n transparente, m\u00e1s comprometida con los vecinos y vecinas y menos improvisada\u201d.<\/strong><\/p>\t\t\t\t\t\t\t\t<\/div>\n\t\t<div class=\"elementor-element elementor-element-2f1a302f e-con-full e-flex wpr-particle-no wpr-jarallax-no wpr-parallax-no wpr-sticky-section-no wpr-equal-height-no e-con e-child\" data-id=\"2f1a302f\" data-element_type=\"container\" data-e-type=\"container\">\n\t\t\t\t<div class=\"elementor-element elementor-element-263143c0 elementor-widget elementor-widget-image\" data-id=\"263143c0\" data-element_type=\"widget\" data-e-type=\"widget\" data-widget_type=\"image.default\">\n\t\t\t\t\t\t\t\t\t\t\t\t\t\t\t\t<a href=\"https:\/\/www.granjapinilla.com\/\">\n\t\t\t\t\t\t\t<img decoding=\"async\" width=\"639\" height=\"150\" src=\"https:\/\/pueblosycomarcas.com\/wp-content\/uploads\/2025\/07\/banner-granja-pinilla.jpg\" class=\"attachment-large size-large wp-image-105\" alt=\"\" srcset=\"https:\/\/pueblosycomarcas.com\/wp-content\/uploads\/2025\/07\/banner-granja-pinilla.jpg 639w, https:\/\/pueblosycomarcas.com\/wp-content\/uploads\/2025\/07\/banner-granja-pinilla-300x70.jpg 300w\" sizes=\"(max-width: 639px) 100vw, 639px\" \/>\t\t\t\t\t\t\t\t<\/a>\n\t\t\t\t\t\t\t\t\t\t\t\t\t\t\t<\/div>\n\t\t\t\t<\/div>\n\t\t\t\t\t<\/div>\n\t\t\t\t<\/div>\n\t\t\t\t<\/div>","protected":false},"excerpt":{"rendered":"<p>Otras comarcas La coalici\u00f3n Izquierda Unida-Podemos denuncia el doble rasero del equipo de gobierno de Laguna tras la dimisi\u00f3n de la teniente de alcalde \u201cLa protecci\u00f3n de datos como excusa para bloquear a la oposici\u00f3n, pero dimite la teniente alcaldesa por vulnerarlos\u201d se\u00f1alan desde la formaci\u00f3n Pueblosycomarcas.com;\u00a0@PueblosComarcas La dimisi\u00f3n de la teniente de alcalde y portavoz de Independientes por Laguna (IL), Luc\u00eda Castro, por filtrar los datos de los miembros de las mesas electorales en 2023, pone de manifiesto una imprudencia grave en el ejercicio de la responsabilidad p\u00fablica y una vulneraci\u00f3n de la protecci\u00f3n de datos. Desde Izquierda Unida-Podemos se se\u00f1ala que \u201cquienes ocupamos cargos p\u00fablicos debemos ser especialmente cuidadosos con la informaci\u00f3n que manejamos y actuar siempre con rigor, respeto y responsabilidad. La pol\u00edtica no puede ejercerse desde la frivolidad y el pasotismo\u201d. Asimismo, se subraya que \u201cestamos ante un asunto grave: la protecci\u00f3n de los datos personales es un derecho fundamental y su vulneraci\u00f3n afecta directamente a la confianza de la ciudadan\u00eda en sus instituciones\u201d. Adem\u00e1s, denuncian un \u201cdoble rasero dif\u00edcil de justificar\u201d, se\u00f1alando que \u201ca la oposici\u00f3n se nos limita en numerosas ocasiones el acceso a informaci\u00f3n a la que tenemos derecho para ejercer nuestra labor, utilizando como excusa la protecci\u00f3n de datos. Curiosamente, es el propio gobierno quien ha hecho un uso indebido de los datos de los laguneros y laguneras de este municipio\u201d. Para la agrupaci\u00f3n, \u201cadem\u00e1s de una contradicci\u00f3n, es un problema serio de control y mala gesti\u00f3n\u201d. Finalmente, desde la formaci\u00f3n instan al equipo de gobierno a reflexionar: \u201cLa falta de empat\u00eda, la utilizaci\u00f3n inadecuada de la informaci\u00f3n sensible y la desconsideraci\u00f3n hacia otras personas no pueden tener cabida en la vida p\u00fablica. La ciudadan\u00eda merece representantes que est\u00e9n a la altura, no solo en el cumplimiento de la ley, sino tambi\u00e9n en una gesti\u00f3n transparente, m\u00e1s comprometida con los vecinos y vecinas y menos improvisada\u201d.<\/p>","protected":false},"author":2,"featured_media":7216,"comment_status":"open","ping_status":"closed","sticky":false,"template":"","format":"standard","meta":{"site-sidebar-layout":"default","site-content-layout":"","ast-site-content-layout":"default","site-content-style":"default","site-sidebar-style":"default","ast-global-header-display":"","ast-banner-title-visibility":"","ast-main-header-display":"","ast-hfb-above-header-display":"","ast-hfb-below-header-display":"","ast-hfb-mobile-header-display":"","site-post-title":"disabled","ast-breadcrumbs-content":"","ast-featured-img":"","footer-sml-layout":"","theme-transparent-header-meta":"","adv-header-id-meta":"","stick-header-meta":"","header-above-stick-meta":"","header-main-stick-meta":"","header-below-stick-meta":"","astra-migrate-meta-layouts":"default","ast-page-background-enabled":"default","ast-page-background-meta":{"desktop":{"background-color":"var(--ast-global-color-5)","background-image":"","background-repeat":"repeat","background-position":"center center","background-size":"auto","background-attachment":"scroll","background-type":"","background-media":"","overlay-type":"","overlay-color":"","overlay-opacity":"","overlay-gradient":""},"tablet":{"background-color":"","background-image":"","background-repeat":"repeat","background-position":"center center","background-size":"auto","background-attachment":"scroll","background-type":"","background-media":"","overlay-type":"","overlay-color":"","overlay-opacity":"","overlay-gradient":""},"mobile":{"background-color":"","background-image":"","background-repeat":"repeat","background-position":"center center","background-size":"auto","background-attachment":"scroll","background-type":"","background-media":"","overlay-type":"","overlay-color":"","overlay-opacity":"","overlay-gradient":""}},"ast-content-background-meta":{"desktop":{"background-color":"var(--ast-global-color-4)","background-image":"","background-repeat":"repeat","background-position":"center center","background-size":"auto","background-attachment":"scroll","background-type":"","background-media":"","overlay-type":"","overlay-color":"","overlay-opacity":"","overlay-gradient":""},"tablet":{"background-color":"var(--ast-global-color-4)","background-image":"","background-repeat":"repeat","background-position":"center center","background-size":"auto","background-attachment":"scroll","background-type":"","background-media":"","overlay-type":"","overlay-color":"","overlay-opacity":"","overlay-gradient":""},"mobile":{"background-color":"var(--ast-global-color-4)","background-image":"","background-repeat":"repeat","background-position":"center center","background-size":"auto","background-attachment":"scroll","background-type":"","background-media":"","overlay-type":"","overlay-color":"","overlay-opacity":"","overlay-gradient":""}},"ngg_post_thumbnail":0,"footnotes":""},"categories":[10,16],"tags":[539,131,57],"class_list":["post-10739","post","type-post","status-publish","format-standard","has-post-thumbnail","hentry","category-otras-comarcas","category-portada","tag-independientes-por-laguna","tag-izquierda-unida","tag-laguna-de-duero"],"aioseo_notices":[],"rttpg_featured_image_url":{"full":["https:\/\/pueblosycomarcas.com\/wp-content\/uploads\/2026\/02\/20260226_laguna_avenida_madrid.jpg",800,400,false],"landscape":["https:\/\/pueblosycomarcas.com\/wp-content\/uploads\/2026\/02\/20260226_laguna_avenida_madrid.jpg",800,400,false],"portraits":["https:\/\/pueblosycomarcas.com\/wp-content\/uploads\/2026\/02\/20260226_laguna_avenida_madrid.jpg",800,400,false],"thumbnail":["https:\/\/pueblosycomarcas.com\/wp-content\/uploads\/2026\/02\/20260226_laguna_avenida_madrid-150x150.jpg",150,150,true],"medium":["https:\/\/pueblosycomarcas.com\/wp-content\/uploads\/2026\/02\/20260226_laguna_avenida_madrid-300x150.jpg",300,150,true],"large":["https:\/\/pueblosycomarcas.com\/wp-content\/uploads\/2026\/02\/20260226_laguna_avenida_madrid.jpg",800,400,false],"1536x1536":["https:\/\/pueblosycomarcas.com\/wp-content\/uploads\/2026\/02\/20260226_laguna_avenida_madrid.jpg",800,400,false],"2048x2048":["https:\/\/pueblosycomarcas.com\/wp-content\/uploads\/2026\/02\/20260226_laguna_avenida_madrid.jpg",800,400,false],"trp-custom-language-flag":["https:\/\/pueblosycomarcas.com\/wp-content\/uploads\/2026\/02\/20260226_laguna_avenida_madrid.jpg",18,9,false]},"rttpg_author":{"display_name":"Juanjo","author_link":"https:\/\/pueblosycomarcas.com\/en\/author\/pueblosycomarcas\/"},"rttpg_comment":0,"rttpg_category":"<a href=\"https:\/\/pueblosycomarcas.com\/en\/category\/otras-comarcas\/\" rel=\"category tag\">Otras Comarcas<\/a> <a href=\"https:\/\/pueblosycomarcas.com\/en\/category\/portada\/\" rel=\"category tag\">Portada<\/a>","rttpg_excerpt":"Otras comarcas La coalici\u00f3n Izquierda Unida-Podemos denuncia el doble rasero del equipo de gobierno de Laguna tras la dimisi\u00f3n de la teniente de alcalde \u201cLa protecci\u00f3n de datos como excusa para bloquear a la oposici\u00f3n, pero dimite la teniente alcaldesa por vulnerarlos\u201d se\u00f1alan desde la formaci\u00f3n Pueblosycomarcas.com;\u00a0@PueblosComarcas La dimisi\u00f3n de la teniente de alcalde y&hellip;","_links":{"self":[{"href":"https:\/\/pueblosycomarcas.com\/en\/wp-json\/wp\/v2\/posts\/10739","targetHints":{"allow":["GET"]}}],"collection":[{"href":"https:\/\/pueblosycomarcas.com\/en\/wp-json\/wp\/v2\/posts"}],"about":[{"href":"https:\/\/pueblosycomarcas.com\/en\/wp-json\/wp\/v2\/types\/post"}],"author":[{"embeddable":true,"href":"https:\/\/pueblosycomarcas.com\/en\/wp-json\/wp\/v2\/users\/2"}],"replies":[{"embeddable":true,"href":"https:\/\/pueblosycomarcas.com\/en\/wp-json\/wp\/v2\/comments?post=10739"}],"version-history":[{"count":5,"href":"https:\/\/pueblosycomarcas.com\/en\/wp-json\/wp\/v2\/posts\/10739\/revisions"}],"predecessor-version":[{"id":10744,"href":"https:\/\/pueblosycomarcas.com\/en\/wp-json\/wp\/v2\/posts\/10739\/revisions\/10744"}],"wp:featuredmedia":[{"embeddable":true,"href":"https:\/\/pueblosycomarcas.com\/en\/wp-json\/wp\/v2\/media\/7216"}],"wp:attachment":[{"href":"https:\/\/pueblosycomarcas.com\/en\/wp-json\/wp\/v2\/media?parent=10739"}],"wp:term":[{"taxonomy":"category","embeddable":true,"href":"https:\/\/pueblosycomarcas.com\/en\/wp-json\/wp\/v2\/categories?post=10739"},{"taxonomy":"post_tag","embeddable":true,"href":"https:\/\/pueblosycomarcas.com\/en\/wp-json\/wp\/v2\/tags?post=10739"}],"curies":[{"name":"wp","href":"https:\/\/api.w.org\/{rel}","templated":true}]}}