{"id":10732,"date":"2026-04-27T09:30:00","date_gmt":"2026-04-27T08:30:00","guid":{"rendered":"https:\/\/pueblosycomarcas.com\/?p=10732"},"modified":"2026-04-27T10:43:21","modified_gmt":"2026-04-27T09:43:21","slug":"la-diputacion-de-valladolid-celebra-el-40-aniversario-del-servicio-de-bibliobuses","status":"publish","type":"post","link":"https:\/\/pueblosycomarcas.com\/en\/la-diputacion-de-valladolid-celebra-el-40-aniversario-del-servicio-de-bibliobuses\/","title":{"rendered":"La Diputaci\u00f3n de Valladolid celebra el 40 aniversario del Servicio de Bibliobuses"},"content":{"rendered":"<div data-elementor-type=\"wp-post\" data-elementor-id=\"10732\" class=\"elementor elementor-10732\">\n\t\t\t\t<div class=\"elementor-element elementor-element-6c46e312 e-flex e-con-boxed wpr-particle-no wpr-jarallax-no wpr-parallax-no wpr-sticky-section-no wpr-equal-height-no e-con e-parent\" data-id=\"6c46e312\" data-element_type=\"container\" data-e-type=\"container\">\n\t\t\t\t\t<div class=\"e-con-inner\">\n\t\t\t\t<div class=\"elementor-element elementor-element-1277bfc4 elementor-widget elementor-widget-image\" data-id=\"1277bfc4\" data-element_type=\"widget\" data-e-type=\"widget\" data-widget_type=\"image.default\">\n\t\t\t\t\t\t\t\t\t\t\t\t\t\t\t\t<a href=\"https:\/\/www.termicasalfonso.es\/\">\n\t\t\t\t\t\t\t<img fetchpriority=\"high\" decoding=\"async\" width=\"400\" height=\"220\" src=\"https:\/\/pueblosycomarcas.com\/wp-content\/uploads\/2025\/07\/banner-instalaciones-alfonso.jpg\" class=\"attachment-large size-large wp-image-107\" alt=\"\" srcset=\"https:\/\/pueblosycomarcas.com\/wp-content\/uploads\/2025\/07\/banner-instalaciones-alfonso.jpg 400w, https:\/\/pueblosycomarcas.com\/wp-content\/uploads\/2025\/07\/banner-instalaciones-alfonso-300x165.jpg 300w\" sizes=\"(max-width: 400px) 100vw, 400px\" \/>\t\t\t\t\t\t\t\t<\/a>\n\t\t\t\t\t\t\t\t\t\t\t\t\t\t\t<\/div>\n\t\t\t\t<div class=\"elementor-element elementor-element-5f1c2394 elementor-widget elementor-widget-text-editor\" data-id=\"5f1c2394\" data-element_type=\"widget\" data-e-type=\"widget\" data-widget_type=\"text-editor.default\">\n\t\t\t\t\t\t\t\t\t<ul><li><h6><strong><em>Cultura y tradici\u00f3n<\/em><\/strong><\/h6><\/li><\/ul>\t\t\t\t\t\t\t\t<\/div>\n\t\t\t\t<div class=\"elementor-element elementor-element-279fcb78 elementor-widget elementor-widget-heading\" data-id=\"279fcb78\" data-element_type=\"widget\" data-e-type=\"widget\" data-widget_type=\"heading.default\">\n\t\t\t\t\t<h2 class=\"elementor-heading-title elementor-size-default\">La Diputaci\u00f3n de Valladolid celebra el 40 aniversario del Servicio de Bibliobuses<\/h2>\t\t\t\t<\/div>\n\t\t\t\t<div class=\"elementor-element elementor-element-4513a078 elementor-widget elementor-widget-text-editor\" data-id=\"4513a078\" data-element_type=\"widget\" data-e-type=\"widget\" data-widget_type=\"text-editor.default\">\n\t\t\t\t\t\t\t\t\t<ul><li><h6><em><strong>Villalba de los Alcores, Quintanilla de On\u00e9simo, Rueda y Fuensalda\u00f1a acoger\u00e1n en mayo encuentros con autores, un festival participativo y actividades para todas las edades<\/strong><\/em><\/h6><\/li><li><h6><em><strong>Este servicio llega a m\u00e1s de 150 pueblos de la provincia y ha realizado m\u00e1s de 31.000 pr\u00e9stamos en el \u00faltimo a\u00f1o<\/strong><\/em><\/h6><\/li><\/ul>\t\t\t\t\t\t\t\t<\/div>\n\t\t\t\t<div class=\"elementor-element elementor-element-7fdc27ff elementor-widget-divider--view-line elementor-widget elementor-widget-divider\" data-id=\"7fdc27ff\" data-element_type=\"widget\" data-e-type=\"widget\" data-widget_type=\"divider.default\">\n\t\t\t\t\t\t\t<div class=\"elementor-divider\">\n\t\t\t<span class=\"elementor-divider-separator\">\n\t\t\t\t\t\t<\/span>\n\t\t<\/div>\n\t\t\t\t\t\t<\/div>\n\t\t\t\t<div class=\"elementor-element elementor-element-2b69af50 elementor-widget elementor-widget-image\" data-id=\"2b69af50\" data-element_type=\"widget\" data-e-type=\"widget\" data-widget_type=\"image.default\">\n\t\t\t\t\t\t\t\t\t\t\t\t\t\t\t<img decoding=\"async\" width=\"800\" height=\"400\" src=\"https:\/\/pueblosycomarcas.com\/wp-content\/uploads\/2026\/04\/20260427_aniversario_bibliobus.jpeg\" class=\"attachment-large size-large wp-image-10733\" alt=\"\" srcset=\"https:\/\/pueblosycomarcas.com\/wp-content\/uploads\/2026\/04\/20260427_aniversario_bibliobus.jpeg 800w, https:\/\/pueblosycomarcas.com\/wp-content\/uploads\/2026\/04\/20260427_aniversario_bibliobus-300x150.jpeg 300w, https:\/\/pueblosycomarcas.com\/wp-content\/uploads\/2026\/04\/20260427_aniversario_bibliobus-768x384.jpeg 768w, https:\/\/pueblosycomarcas.com\/wp-content\/uploads\/2026\/04\/20260427_aniversario_bibliobus-18x9.jpeg 18w\" sizes=\"(max-width: 800px) 100vw, 800px\" \/>\t\t\t\t\t\t\t\t\t\t\t\t\t\t\t<\/div>\n\t\t\t\t<div class=\"elementor-element elementor-element-56ad9e6e elementor-widget elementor-widget-text-editor\" data-id=\"56ad9e6e\" data-element_type=\"widget\" data-e-type=\"widget\" data-widget_type=\"text-editor.default\">\n\t\t\t\t\t\t\t\t\t<p><a href=\"https:\/\/www.facebook.com\/Pueblos-y-Comarcas-125437870924169\/?fref=ts\"><em><strong>Pueblosycomarcas.com<\/strong><\/em><\/a><em><strong>;&nbsp;<\/strong><\/em><a href=\"https:\/\/twitter.com\/PueblosComarcas\"><em><strong>@PueblosComarcas<\/strong><\/em><\/a><\/p>\n<p>El presidente de la Diputaci\u00f3n de Valladolid ha presentado las actividades que se van a llevar a cabo con motivo del 40 aniversario del Servicio de Bibliobuses de la instituci\u00f3n provincial que lleva desde 1986 acercando la lectura y la cultura a los municipios de la provincia.<\/p>\n<p>En su intervenci\u00f3n ha afirmado que \u201ccumplimos 40 a\u00f1os de una idea que en 1986 parec\u00eda una aventura, y que hoy es una realidad imprescindible para nuestros municipios: los Bibliobuses de la Diputaci\u00f3n de Valladolid\u201d.<\/p>\n<p>El presidente ha definido el servicio como \u201ccuatro d\u00e9cadas de \u2018cultura sobre ruedas\u2019 que han transformado el paisaje de nuestro medio rural\u201d, recordando que el proyecto arranc\u00f3 con dos veh\u00edculos en 1986 y que actualmente cuenta con cuatro bibliobuses que recorren la provincia a trav\u00e9s de 36 rutas peri\u00f3dicas.<\/p>\n<p>Ha destacado adem\u00e1s que \u201cel servicio de bibliob\u00fas es, para muchos de nuestros mayores, el evento de la quincena\u201d, y ha a\u00f1adido que \u201ces, en definitiva, un instrumento que une a nuestros vecinos y una herramienta fundamental contra la despoblaci\u00f3n\u201d. En este sentido, ha defendido que \u201csi queremos pueblos vivos, necesitamos pueblos con servicios efectivos y, sin duda alguna, el servicio de bibliob\u00fas es punta de lanza en la batalla de dotar a nuestros vecinos de los mismos servicios que tienen los habitantes de la capital\u201d.<\/p>\n<h4><strong>40 A\u00d1OS RECORRIENDO LA PROVINCIA<\/strong><\/h4>\n<p>En la actualidad, el servicio de bibliobuses llega a m\u00e1s de 150 pueblos, adem\u00e1s de las dos residencias de la Diputaci\u00f3n, Doctor Villaci\u00e1n y Cardenal Marcelo, y 56 centros escolares. Sus rutas tienen una periodicidad quincenal y tienen como objetivo de garantizar el acceso a la lectura en el medio rural.<\/p>\n<p>Desde 2009, los bibliobuses est\u00e1n integrados en la red RABEL y cuentan con el carn\u00e9 \u00fanico de las Bibliotecas de Castilla y Le\u00f3n, lo que permite acceder a todos los servicios de la red. Su fondo est\u00e1 compuesto por 75.000 vol\u00famenes, incluyendo libros, revistas, v\u00eddeos, audiolibros, recursos electr\u00f3nicos y dispositivos de lectura digital.<\/p>\n<p>En el \u00faltimo a\u00f1o, el servicio ha registrado 27.636 visitantes y m\u00e1s de 31.000 pr\u00e9stamos.<\/p>\n<h4><strong>ACTIVIDADES EN CENTROS ESCOLARES<\/strong><\/h4>\n<p>Entre noviembre de 2025 y marzo de 2026 se han desarrollado talleres art\u00edsticos en los 56 centros escolares atendidos por el servicio, dirigidos al alumnado de infantil y primaria, estos talleres han permitido a los ni\u00f1os elaborar dibujos que servir\u00e1n como base para el dise\u00f1o exterior de los bibliobuses. La actividad ha tenido muy buena acogida en los centros y entre los alumnos, y en estos momentos se est\u00e1n recopilando los trabajos para su posterior uso en la rotulaci\u00f3n de los veh\u00edculos.<\/p>\n<h4><strong>PROGRAMACI\u00d3N ESPECIAL<\/strong><\/h4>\n<p>Las actividades principales del aniversario tendr\u00e1n lugar en cuatro municipios representativos del recorrido del bibliob\u00fas: Villalba de los Alcores los d\u00edas 8 y 9 de mayo; Quintanilla de On\u00e9simo los d\u00edas 15 y 16 de mayo; Rueda los d\u00edas 22 y 23 de mayo; y Fuensalda\u00f1a los d\u00edas 29 y 30 de mayo.<\/p>\n<p>Los viernes, a las 19:30 horas, se celebrar\u00e1n encuentros con autores seguidos de coloquios abiertos, una oportunidad para que los lectores puedan conversar directamente con los escritores invitados.<\/p>\n<p>As\u00ed, el d\u00eda 8 de mayo en Villaba de los Alcores, ser\u00e1 el turno de Emilio del R\u00edo, doctor en Filolog\u00eda Cl\u00e1sica, divulgador y autor de obras como Latin Lovers o Carpe Diem. El 15 de mayo, en Quintanilla de On\u00e9simo estar\u00e1 Rub\u00e9n Abella, escritor y autor de novelas como La sombra del escapista o Ictus. En Rueda, el 22 de mayo, la novelista Carla Montero, autora de t\u00edtulos como La tabla esmeralda o El vi\u00f1edo de la luna, ser\u00e1 la encargada de realizar el encuentro en Rueda. Finalmente, el 29 de mayo, en Fuensalda\u00f1a, estar\u00e1 presente J. Enrique Hern\u00e1ndez Campos, escritor vallisoletano de literatura juvenil y narrativa de aventuras.<\/p>\n<p>Los s\u00e1bados se celebrar\u00e1 un \u201cFestival del Libro\u201d en horario de ma\u00f1ana y tarde, de 11:30 a 13:30 y de 17:00 a 19:30 horas. A lo largo del d\u00eda habr\u00e1 distintas propuestas pensadas para todos los p\u00fablicos. Quienes se acerquen podr\u00e1n participar en juegos de gran formato inspirados en cuentos y libros, crear chapas personalizadas, grabar peque\u00f1as historias o lecturas en un micr\u00f3fono abierto, aportar su recomendaci\u00f3n al \u201cgusano lector\u201d o participar en talleres de marionetas.<\/p>\n<p>Tambi\u00e9n se ha programado un \u201cEscape Room literario\u201d para j\u00f3venes de entre 12 y 18 a\u00f1os, que tendr\u00e1 lugar entre las 17:00 y las 18:30 horas y que plantea distintos retos y enigmas relacionados con el mundo de los libros. La jornada se cerrar\u00e1 con una celebraci\u00f3n titulada \u201cFeliz Cumplea\u00f1os Bibliob\u00fas\u201d, de 20:00 a 21:00 horas, con m\u00fasica y una tarta conmemorativa.<\/p>\n<p>La organizaci\u00f3n de las actividades del 40 aniversario ha supuesto una inversi\u00f3n de 17.956,40 euros, a lo que se suman 11.050 euros destinados a la compra de nuevos libros para el servicio.<\/p>\n<p>El presidente ha concluido destacando la labor del personal del servicio: \u201cTermino agradeciendo a los profesionales, conductores y responsables del Servicio, que son el alma de este aniversario. Ellos conocen a cada lector por su nombre\u201d.<\/p>\n<p>Asimismo, ha subrayado que \u201cmientras haya un vallisoletano en el pueblo m\u00e1s remoto con ganas de leer, all\u00ed estar\u00e1 el bibliob\u00fas de la Diputaci\u00f3n, porque la cultura no es un lujo, es un derecho que viaja por nuestras carreteras\u201d.<\/p>\t\t\t\t\t\t\t\t<\/div>\n\t\t<div class=\"elementor-element elementor-element-13a1f236 e-con-full e-flex wpr-particle-no wpr-jarallax-no wpr-parallax-no wpr-sticky-section-no wpr-equal-height-no e-con e-child\" data-id=\"13a1f236\" data-element_type=\"container\" data-e-type=\"container\">\n\t\t\t\t<div class=\"elementor-element elementor-element-12de5610 elementor-widget elementor-widget-image\" data-id=\"12de5610\" data-element_type=\"widget\" data-e-type=\"widget\" data-widget_type=\"image.default\">\n\t\t\t\t\t\t\t\t\t\t\t\t\t\t\t\t<a href=\"https:\/\/www.granjapinilla.com\/\">\n\t\t\t\t\t\t\t<img decoding=\"async\" width=\"639\" height=\"150\" src=\"https:\/\/pueblosycomarcas.com\/wp-content\/uploads\/2025\/07\/banner-granja-pinilla.jpg\" class=\"attachment-large size-large wp-image-105\" alt=\"\" srcset=\"https:\/\/pueblosycomarcas.com\/wp-content\/uploads\/2025\/07\/banner-granja-pinilla.jpg 639w, https:\/\/pueblosycomarcas.com\/wp-content\/uploads\/2025\/07\/banner-granja-pinilla-300x70.jpg 300w\" sizes=\"(max-width: 639px) 100vw, 639px\" \/>\t\t\t\t\t\t\t\t<\/a>\n\t\t\t\t\t\t\t\t\t\t\t\t\t\t\t<\/div>\n\t\t\t\t<\/div>\n\t\t\t\t\t<\/div>\n\t\t\t\t<\/div>\n\t\t\t\t<\/div>","protected":false},"excerpt":{"rendered":"<p>Cultura y tradici\u00f3n La Diputaci\u00f3n de Valladolid celebra el 40 aniversario del Servicio de Bibliobuses Villalba de los Alcores, Quintanilla de On\u00e9simo, Rueda y Fuensalda\u00f1a acoger\u00e1n en mayo encuentros con autores, un festival participativo y actividades para todas las edades Este servicio llega a m\u00e1s de 150 pueblos de la provincia y ha realizado m\u00e1s de 31.000 pr\u00e9stamos en el \u00faltimo a\u00f1o Pueblosycomarcas.com;&nbsp;@PueblosComarcas El presidente de la Diputaci\u00f3n de Valladolid ha presentado las actividades que se van a llevar a cabo con motivo del 40 aniversario del Servicio de Bibliobuses de la instituci\u00f3n provincial que lleva desde 1986 acercando la lectura y la cultura a los municipios de la provincia. En su intervenci\u00f3n ha afirmado que \u201ccumplimos 40 a\u00f1os de una idea que en 1986 parec\u00eda una aventura, y que hoy es una realidad imprescindible para nuestros municipios: los Bibliobuses de la Diputaci\u00f3n de Valladolid\u201d. El presidente ha definido el servicio como \u201ccuatro d\u00e9cadas de \u2018cultura sobre ruedas\u2019 que han transformado el paisaje de nuestro medio rural\u201d, recordando que el proyecto arranc\u00f3 con dos veh\u00edculos en 1986 y que actualmente cuenta con cuatro bibliobuses que recorren la provincia a trav\u00e9s de 36 rutas peri\u00f3dicas. Ha destacado adem\u00e1s que \u201cel servicio de bibliob\u00fas es, para muchos de nuestros mayores, el evento de la quincena\u201d, y ha a\u00f1adido que \u201ces, en definitiva, un instrumento que une a nuestros vecinos y una herramienta fundamental contra la despoblaci\u00f3n\u201d. En este sentido, ha defendido que \u201csi queremos pueblos vivos, necesitamos pueblos con servicios efectivos y, sin duda alguna, el servicio de bibliob\u00fas es punta de lanza en la batalla de dotar a nuestros vecinos de los mismos servicios que tienen los habitantes de la capital\u201d. 40 A\u00d1OS RECORRIENDO LA PROVINCIA En la actualidad, el servicio de bibliobuses llega a m\u00e1s de 150 pueblos, adem\u00e1s de las dos residencias de la Diputaci\u00f3n, Doctor Villaci\u00e1n y Cardenal Marcelo, y 56 centros escolares. Sus rutas tienen una periodicidad quincenal y tienen como objetivo de garantizar el acceso a la lectura en el medio rural. Desde 2009, los bibliobuses est\u00e1n integrados en la red RABEL y cuentan con el carn\u00e9 \u00fanico de las Bibliotecas de Castilla y Le\u00f3n, lo que permite acceder a todos los servicios de la red. Su fondo est\u00e1 compuesto por 75.000 vol\u00famenes, incluyendo libros, revistas, v\u00eddeos, audiolibros, recursos electr\u00f3nicos y dispositivos de lectura digital. En el \u00faltimo a\u00f1o, el servicio ha registrado 27.636 visitantes y m\u00e1s de 31.000 pr\u00e9stamos. ACTIVIDADES EN CENTROS ESCOLARES Entre noviembre de 2025 y marzo de 2026 se han desarrollado talleres art\u00edsticos en los 56 centros escolares atendidos por el servicio, dirigidos al alumnado de infantil y primaria, estos talleres han permitido a los ni\u00f1os elaborar dibujos que servir\u00e1n como base para el dise\u00f1o exterior de los bibliobuses. La actividad ha tenido muy buena acogida en los centros y entre los alumnos, y en estos momentos se est\u00e1n recopilando los trabajos para su posterior uso en la rotulaci\u00f3n de los veh\u00edculos. PROGRAMACI\u00d3N ESPECIAL Las actividades principales del aniversario tendr\u00e1n lugar en cuatro municipios representativos del recorrido del bibliob\u00fas: Villalba de los Alcores los d\u00edas 8 y 9 de mayo; Quintanilla de On\u00e9simo los d\u00edas 15 y 16 de mayo; Rueda los d\u00edas 22 y 23 de mayo; y Fuensalda\u00f1a los d\u00edas 29 y 30 de mayo. Los viernes, a las 19:30 horas, se celebrar\u00e1n encuentros con autores seguidos de coloquios abiertos, una oportunidad para que los lectores puedan conversar directamente con los escritores invitados. As\u00ed, el d\u00eda 8 de mayo en Villaba de los Alcores, ser\u00e1 el turno de Emilio del R\u00edo, doctor en Filolog\u00eda Cl\u00e1sica, divulgador y autor de obras como Latin Lovers o Carpe Diem. El 15 de mayo, en Quintanilla de On\u00e9simo estar\u00e1 Rub\u00e9n Abella, escritor y autor de novelas como La sombra del escapista o Ictus. En Rueda, el 22 de mayo, la novelista Carla Montero, autora de t\u00edtulos como La tabla esmeralda o El vi\u00f1edo de la luna, ser\u00e1 la encargada de realizar el encuentro en Rueda. Finalmente, el 29 de mayo, en Fuensalda\u00f1a, estar\u00e1 presente J. Enrique Hern\u00e1ndez Campos, escritor vallisoletano de literatura juvenil y narrativa de aventuras. Los s\u00e1bados se celebrar\u00e1 un \u201cFestival del Libro\u201d en horario de ma\u00f1ana y tarde, de 11:30 a 13:30 y de 17:00 a 19:30 horas. A lo largo del d\u00eda habr\u00e1 distintas propuestas pensadas para todos los p\u00fablicos. Quienes se acerquen podr\u00e1n participar en juegos de gran formato inspirados en cuentos y libros, crear chapas personalizadas, grabar peque\u00f1as historias o lecturas en un micr\u00f3fono abierto, aportar su recomendaci\u00f3n al \u201cgusano lector\u201d o participar en talleres de marionetas. Tambi\u00e9n se ha programado un \u201cEscape Room literario\u201d para j\u00f3venes de entre 12 y 18 a\u00f1os, que tendr\u00e1 lugar entre las 17:00 y las 18:30 horas y que plantea distintos retos y enigmas relacionados con el mundo de los libros. La jornada se cerrar\u00e1 con una celebraci\u00f3n titulada \u201cFeliz Cumplea\u00f1os Bibliob\u00fas\u201d, de 20:00 a 21:00 horas, con m\u00fasica y una tarta conmemorativa. La organizaci\u00f3n de las actividades del 40 aniversario ha supuesto una inversi\u00f3n de 17.956,40 euros, a lo que se suman 11.050 euros destinados a la compra de nuevos libros para el servicio. El presidente ha concluido destacando la labor del personal del servicio: \u201cTermino agradeciendo a los profesionales, conductores y responsables del Servicio, que son el alma de este aniversario. Ellos conocen a cada lector por su nombre\u201d. Asimismo, ha subrayado que \u201cmientras haya un vallisoletano en el pueblo m\u00e1s remoto con ganas de leer, all\u00ed estar\u00e1 el bibliob\u00fas de la Diputaci\u00f3n, porque la cultura no es un lujo, es un derecho que viaja por nuestras carreteras\u201d.<\/p>","protected":false},"author":2,"featured_media":10733,"comment_status":"open","ping_status":"closed","sticky":false,"template":"","format":"standard","meta":{"site-sidebar-layout":"default","site-content-layout":"","ast-site-content-layout":"default","site-content-style":"default","site-sidebar-style":"default","ast-global-header-display":"","ast-banner-title-visibility":"","ast-main-header-display":"","ast-hfb-above-header-display":"","ast-hfb-below-header-display":"","ast-hfb-mobile-header-display":"","site-post-title":"disabled","ast-breadcrumbs-content":"","ast-featured-img":"","footer-sml-layout":"","theme-transparent-header-meta":"","adv-header-id-meta":"","stick-header-meta":"","header-above-stick-meta":"","header-main-stick-meta":"","header-below-stick-meta":"","astra-migrate-meta-layouts":"default","ast-page-background-enabled":"default","ast-page-background-meta":{"desktop":{"background-color":"var(--ast-global-color-5)","background-image":"","background-repeat":"repeat","background-position":"center center","background-size":"auto","background-attachment":"scroll","background-type":"","background-media":"","overlay-type":"","overlay-color":"","overlay-opacity":"","overlay-gradient":""},"tablet":{"background-color":"","background-image":"","background-repeat":"repeat","background-position":"center center","background-size":"auto","background-attachment":"scroll","background-type":"","background-media":"","overlay-type":"","overlay-color":"","overlay-opacity":"","overlay-gradient":""},"mobile":{"background-color":"","background-image":"","background-repeat":"repeat","background-position":"center center","background-size":"auto","background-attachment":"scroll","background-type":"","background-media":"","overlay-type":"","overlay-color":"","overlay-opacity":"","overlay-gradient":""}},"ast-content-background-meta":{"desktop":{"background-color":"var(--ast-global-color-4)","background-image":"","background-repeat":"repeat","background-position":"center center","background-size":"auto","background-attachment":"scroll","background-type":"","background-media":"","overlay-type":"","overlay-color":"","overlay-opacity":"","overlay-gradient":""},"tablet":{"background-color":"var(--ast-global-color-4)","background-image":"","background-repeat":"repeat","background-position":"center center","background-size":"auto","background-attachment":"scroll","background-type":"","background-media":"","overlay-type":"","overlay-color":"","overlay-opacity":"","overlay-gradient":""},"mobile":{"background-color":"var(--ast-global-color-4)","background-image":"","background-repeat":"repeat","background-position":"center center","background-size":"auto","background-attachment":"scroll","background-type":"","background-media":"","overlay-type":"","overlay-color":"","overlay-opacity":"","overlay-gradient":""}},"ngg_post_thumbnail":0,"footnotes":""},"categories":[14,16],"tags":[26,246,115,150],"class_list":["post-10732","post","type-post","status-publish","format-standard","has-post-thumbnail","hentry","category-cultura-y-tradicion","category-portada","tag-diputacion-de-valladolid","tag-fuensaldana","tag-provincia","tag-rueda"],"aioseo_notices":[],"rttpg_featured_image_url":{"full":["https:\/\/pueblosycomarcas.com\/wp-content\/uploads\/2026\/04\/20260427_aniversario_bibliobus.jpeg",800,400,false],"landscape":["https:\/\/pueblosycomarcas.com\/wp-content\/uploads\/2026\/04\/20260427_aniversario_bibliobus.jpeg",800,400,false],"portraits":["https:\/\/pueblosycomarcas.com\/wp-content\/uploads\/2026\/04\/20260427_aniversario_bibliobus.jpeg",800,400,false],"thumbnail":["https:\/\/pueblosycomarcas.com\/wp-content\/uploads\/2026\/04\/20260427_aniversario_bibliobus-150x150.jpeg",150,150,true],"medium":["https:\/\/pueblosycomarcas.com\/wp-content\/uploads\/2026\/04\/20260427_aniversario_bibliobus-300x150.jpeg",300,150,true],"large":["https:\/\/pueblosycomarcas.com\/wp-content\/uploads\/2026\/04\/20260427_aniversario_bibliobus.jpeg",800,400,false],"1536x1536":["https:\/\/pueblosycomarcas.com\/wp-content\/uploads\/2026\/04\/20260427_aniversario_bibliobus.jpeg",800,400,false],"2048x2048":["https:\/\/pueblosycomarcas.com\/wp-content\/uploads\/2026\/04\/20260427_aniversario_bibliobus.jpeg",800,400,false],"trp-custom-language-flag":["https:\/\/pueblosycomarcas.com\/wp-content\/uploads\/2026\/04\/20260427_aniversario_bibliobus-18x9.jpeg",18,9,true]},"rttpg_author":{"display_name":"Juanjo","author_link":"https:\/\/pueblosycomarcas.com\/en\/author\/pueblosycomarcas\/"},"rttpg_comment":0,"rttpg_category":"<a href=\"https:\/\/pueblosycomarcas.com\/en\/category\/cultura-y-tradicion\/\" rel=\"category tag\">Cultura y Tradici\u00f3n<\/a> <a href=\"https:\/\/pueblosycomarcas.com\/en\/category\/portada\/\" rel=\"category tag\">Portada<\/a>","rttpg_excerpt":"Cultura y tradici\u00f3n La Diputaci\u00f3n de Valladolid celebra el 40 aniversario del Servicio de Bibliobuses Villalba de los Alcores, Quintanilla de On\u00e9simo, Rueda y Fuensalda\u00f1a acoger\u00e1n en mayo encuentros con autores, un festival participativo y actividades para todas las edades Este servicio llega a m\u00e1s de 150 pueblos de la provincia y ha realizado m\u00e1s&hellip;","_links":{"self":[{"href":"https:\/\/pueblosycomarcas.com\/en\/wp-json\/wp\/v2\/posts\/10732","targetHints":{"allow":["GET"]}}],"collection":[{"href":"https:\/\/pueblosycomarcas.com\/en\/wp-json\/wp\/v2\/posts"}],"about":[{"href":"https:\/\/pueblosycomarcas.com\/en\/wp-json\/wp\/v2\/types\/post"}],"author":[{"embeddable":true,"href":"https:\/\/pueblosycomarcas.com\/en\/wp-json\/wp\/v2\/users\/2"}],"replies":[{"embeddable":true,"href":"https:\/\/pueblosycomarcas.com\/en\/wp-json\/wp\/v2\/comments?post=10732"}],"version-history":[{"count":5,"href":"https:\/\/pueblosycomarcas.com\/en\/wp-json\/wp\/v2\/posts\/10732\/revisions"}],"predecessor-version":[{"id":10738,"href":"https:\/\/pueblosycomarcas.com\/en\/wp-json\/wp\/v2\/posts\/10732\/revisions\/10738"}],"wp:featuredmedia":[{"embeddable":true,"href":"https:\/\/pueblosycomarcas.com\/en\/wp-json\/wp\/v2\/media\/10733"}],"wp:attachment":[{"href":"https:\/\/pueblosycomarcas.com\/en\/wp-json\/wp\/v2\/media?parent=10732"}],"wp:term":[{"taxonomy":"category","embeddable":true,"href":"https:\/\/pueblosycomarcas.com\/en\/wp-json\/wp\/v2\/categories?post=10732"},{"taxonomy":"post_tag","embeddable":true,"href":"https:\/\/pueblosycomarcas.com\/en\/wp-json\/wp\/v2\/tags?post=10732"}],"curies":[{"name":"wp","href":"https:\/\/api.w.org\/{rel}","templated":true}]}}