{"id":10705,"date":"2026-04-27T10:30:00","date_gmt":"2026-04-27T09:30:00","guid":{"rendered":"https:\/\/pueblosycomarcas.com\/?p=10705"},"modified":"2026-04-27T10:32:50","modified_gmt":"2026-04-27T09:32:50","slug":"castilla-y-galicia-estrechan-lazos-en-la-septima-edicion-del-festival-nacional-de-folclore-de-aldeamayor-de-san-martin","status":"publish","type":"post","link":"https:\/\/pueblosycomarcas.com\/en\/castilla-y-galicia-estrechan-lazos-en-la-septima-edicion-del-festival-nacional-de-folclore-de-aldeamayor-de-san-martin\/","title":{"rendered":"Castilla y Galicia estrechan lazos en la s\u00e9ptima edici\u00f3n del Festival Nacional de Folclore de Aldeamayor de San Mart\u00edn"},"content":{"rendered":"<div data-elementor-type=\"wp-post\" data-elementor-id=\"10705\" class=\"elementor elementor-10705\">\n\t\t\t\t<div class=\"elementor-element elementor-element-e44cf92 e-flex e-con-boxed wpr-particle-no wpr-jarallax-no wpr-parallax-no wpr-sticky-section-no wpr-equal-height-no e-con e-parent\" data-id=\"e44cf92\" data-element_type=\"container\" data-e-type=\"container\">\n\t\t\t\t\t<div class=\"e-con-inner\">\n\t\t\t\t<div class=\"elementor-element elementor-element-448f17e elementor-widget elementor-widget-text-editor\" data-id=\"448f17e\" data-element_type=\"widget\" data-e-type=\"widget\" data-widget_type=\"text-editor.default\">\n\t\t\t\t\t\t\t\t\t<ul><li><h6><strong><em>Culture and Tradition<\/em><\/strong><\/h6><\/li><\/ul>\t\t\t\t\t\t\t\t<\/div>\n\t\t\t\t<div class=\"elementor-element elementor-element-305b5695 elementor-widget elementor-widget-image\" data-id=\"305b5695\" data-element_type=\"widget\" data-e-type=\"widget\" data-widget_type=\"image.default\">\n\t\t\t\t\t\t\t\t\t\t\t\t\t\t\t\t<a href=\"https:\/\/www.termicasalfonso.es\/\">\n\t\t\t\t\t\t\t<img fetchpriority=\"high\" decoding=\"async\" width=\"400\" height=\"220\" src=\"https:\/\/pueblosycomarcas.com\/wp-content\/uploads\/2025\/07\/banner-instalaciones-alfonso.jpg\" class=\"attachment-large size-large wp-image-107\" alt=\"\" srcset=\"https:\/\/pueblosycomarcas.com\/wp-content\/uploads\/2025\/07\/banner-instalaciones-alfonso.jpg 400w, https:\/\/pueblosycomarcas.com\/wp-content\/uploads\/2025\/07\/banner-instalaciones-alfonso-300x165.jpg 300w\" sizes=\"(max-width: 400px) 100vw, 400px\" \/>\t\t\t\t\t\t\t\t<\/a>\n\t\t\t\t\t\t\t\t\t\t\t\t\t\t\t<\/div>\n\t\t\t\t<div class=\"elementor-element elementor-element-6454de76 elementor-widget elementor-widget-heading\" data-id=\"6454de76\" data-element_type=\"widget\" data-e-type=\"widget\" data-widget_type=\"heading.default\">\n\t\t\t\t\t<h2 class=\"elementor-heading-title elementor-size-default\">Castilla y Galicia estrechan lazos en la s\u00e9ptima edici\u00f3n del Festival Nacional de Folclore de Aldeamayor de San Mart\u00edn<\/h2>\t\t\t\t<\/div>\n\t\t\t\t<div class=\"elementor-element elementor-element-35249d88 elementor-widget elementor-widget-text-editor\" data-id=\"35249d88\" data-element_type=\"widget\" data-e-type=\"widget\" data-widget_type=\"text-editor.default\">\n\t\t\t\t\t\t\t\t\t<ul><li><h6><em><strong>Organizado por el Grupo de Danzas \u2018Aldea Maior\u2019 y por el Ayuntamiento del municipio en colaboraci\u00f3n con la AMT Tierra Pinares, el evento cont\u00f3 con la participaci\u00f3n de los promotores y con la de los pontevedreses Grupo de Baile y Gaitas de Torroso<\/strong><\/em><\/h6><\/li><\/ul>\t\t\t\t\t\t\t\t<\/div>\n\t\t\t\t<div class=\"elementor-element elementor-element-711e44b8 elementor-widget-divider--view-line elementor-widget elementor-widget-divider\" data-id=\"711e44b8\" data-element_type=\"widget\" data-e-type=\"widget\" data-widget_type=\"divider.default\">\n\t\t\t\t\t\t\t<div class=\"elementor-divider\">\n\t\t\t<span class=\"elementor-divider-separator\">\n\t\t\t\t\t\t<\/span>\n\t\t<\/div>\n\t\t\t\t\t\t<\/div>\n\t\t\t\t<div class=\"elementor-element elementor-element-fd879d3 elementor-widget elementor-widget-video\" data-id=\"fd879d3\" data-element_type=\"widget\" data-e-type=\"widget\" data-settings=\"{&quot;youtube_url&quot;:&quot;https:\\\/\\\/youtu.be\\\/Cj-HzltGWcU&quot;,&quot;video_type&quot;:&quot;youtube&quot;,&quot;controls&quot;:&quot;yes&quot;}\" data-widget_type=\"video.default\">\n\t\t\t\t\t\t\t<div class=\"elementor-wrapper elementor-open-inline\">\n\t\t\t<div class=\"elementor-video\"><\/div>\t\t<\/div>\n\t\t\t\t\t\t<\/div>\n\t\t\t\t<div class=\"elementor-element elementor-element-95edcae elementor-widget elementor-widget-text-editor\" data-id=\"95edcae\" data-element_type=\"widget\" data-e-type=\"widget\" data-widget_type=\"text-editor.default\">\n\t\t\t\t\t\t\t\t\t<p><b><i>Juan Jos\u00e9 Villalba<\/i><\/b><\/p><p>La Casa de Cultura Aldolfo Suarez de Aldeamayor de San Mart\u00edn acogi\u00f3 el pasado s\u00e1bado la s\u00e9ptima edici\u00f3n del Festival Nacional de Folclore de la localidad. Organizado por el Grupo de Danzas \u2018Aldea Maior\u2019 y por el Ayuntamiento, en colaboraci\u00f3n con la AMT Tierra Pinares, el evento cont\u00f3 con la participaci\u00f3n de los promotores de <strong>\u2018Aldea Maior\u2019 <\/strong>y con la de los gallegos <strong>Grupo de Baile y Gaitas de Torroso<\/strong><strong>, <\/strong>del municipio pontevedr\u00e9s de Mos. Con esta iniciativa, la localidad vallisoletana consolida su apuesta como escaparate de la diversidad de folclores que coexisten en Espa\u00f1a.<\/p><p>Como es habitual desde que este evento se hiciera un hueco en el panorama cultural del municipio, previo al inicio de las actuaciones ambos grupos realizaron un pasacalles, acompa\u00f1ados de sus respectivas formaciones musicales, desde el Espacio Joven hasta el lugar de celebraci\u00f3n del encuentro, oportunamente escoltados por los voluntarios de la Agrupaci\u00f3n Local de Protecci\u00f3n Civil.<\/p><p>Una vez all\u00ed, y con el patio de butacas del teatro lleno, tomaba la palabra Cristina P\u00e9rez Tejera, m\u00e1s conocida en el \u00e1mbito cultural como \u2018Cris Zagaleja\u2019. Librera de profesi\u00f3n, P\u00e9rez Tejera dedica la mayor parte de su tiempo libre al estudio e interpretaci\u00f3n del repertorio vocal de tradici\u00f3n oral, sobre todo a la m\u00fasica y al repertorio de pandereta, un instrumento que hist\u00f3rica y mundialmente est\u00e1 ligado a las mujeres y que tiene una t\u00e9cnica tan compleja como fascinante, y del que imparte clases en su escuela en diferentes niveles, tanto en grupo como individuales para aprender a tocar y comprender estilos y repertorios tradicionales. Adem\u00e1s de ejercer de maestra de ceremonias, tambi\u00e9n se arranc\u00f3 con el instrumento.<\/p>\t\t\t\t\t\t\t\t<\/div>\n\t\t\t\t<div class=\"elementor-element elementor-element-a27c789 elementor-widget elementor-widget-image\" data-id=\"a27c789\" data-element_type=\"widget\" data-e-type=\"widget\" data-widget_type=\"image.default\">\n\t\t\t\t\t\t\t\t\t\t\t\t<figure class=\"wp-caption\">\n\t\t\t\t\t\t\t\t\t\t<img decoding=\"async\" width=\"800\" height=\"400\" src=\"https:\/\/pueblosycomarcas.com\/wp-content\/uploads\/2026\/04\/20260427_festival_folclore_aldeamayor_02.jpg\" class=\"attachment-large size-large wp-image-10708\" alt=\"\" srcset=\"https:\/\/pueblosycomarcas.com\/wp-content\/uploads\/2026\/04\/20260427_festival_folclore_aldeamayor_02.jpg 800w, https:\/\/pueblosycomarcas.com\/wp-content\/uploads\/2026\/04\/20260427_festival_folclore_aldeamayor_02-300x150.jpg 300w, https:\/\/pueblosycomarcas.com\/wp-content\/uploads\/2026\/04\/20260427_festival_folclore_aldeamayor_02-768x384.jpg 768w, https:\/\/pueblosycomarcas.com\/wp-content\/uploads\/2026\/04\/20260427_festival_folclore_aldeamayor_02-18x9.jpg 18w\" sizes=\"(max-width: 800px) 100vw, 800px\" \/>\t\t\t\t\t\t\t\t\t\t\t<figcaption class=\"widget-image-caption wp-caption-text\">Actuaci\u00f3n del Grupo de Baile y Gaitas de Torroso.<\/figcaption>\n\t\t\t\t\t\t\t\t\t\t<\/figure>\n\t\t\t\t\t\t\t\t\t<\/div>\n\t\t\t\t<div class=\"elementor-element elementor-element-1d4da7f elementor-widget elementor-widget-text-editor\" data-id=\"1d4da7f\" data-element_type=\"widget\" data-e-type=\"widget\" data-widget_type=\"text-editor.default\">\n\t\t\t\t\t\t\t\t\t<h4><strong>COMIENZA EL ESPECT\u00c1CULO<\/strong><\/h4><p>Los primeros en subir al escenario fueron los integrantes del Grupo de Baile Tradicional Ruada. Los gallegos constituyen una de las primeras actividades culturales desarrolladas en el Centro Recreativo y Cultural de Torroso, una de las diez parroquias que conforman el municipio gallego de Mos. \u00a0<\/p><p>A lo largo de su trayectoria, el grupo ha realizado numerosas actuaciones e intercambios culturales, participando en festivales y eventos de m\u00fasica y danza tradicional por toda Galicia, por el resto de Espa\u00f1a e incluso en otros pa\u00edses como Francia y Portugal. El repertorio que ofrecieron en Aldeamayor fue de corte tradicional, recogido por las aldeas a la gente mayor, que abarc\u00f3 desde mu\u00f1eiras hasta jotas pasando por mazorcas y maneos interpretados con las gaitas o cantados vocalmente, con el \u00fanico apoyo de las panderetas, y acompa\u00f1ados en ocasiones por sus respectivas coreograf\u00edas.<\/p>\t\t\t\t\t\t\t\t<\/div>\n\t\t\t\t<div class=\"elementor-element elementor-element-e19a49b elementor-widget elementor-widget-image\" data-id=\"e19a49b\" data-element_type=\"widget\" data-e-type=\"widget\" data-widget_type=\"image.default\">\n\t\t\t\t\t\t\t\t\t\t\t\t<figure class=\"wp-caption\">\n\t\t\t\t\t\t\t\t\t\t<img decoding=\"async\" width=\"800\" height=\"400\" src=\"https:\/\/pueblosycomarcas.com\/wp-content\/uploads\/2026\/04\/20260427_festival_folclore_aldeamayor.jpg\" class=\"attachment-large size-large wp-image-10706\" alt=\"\" srcset=\"https:\/\/pueblosycomarcas.com\/wp-content\/uploads\/2026\/04\/20260427_festival_folclore_aldeamayor.jpg 800w, https:\/\/pueblosycomarcas.com\/wp-content\/uploads\/2026\/04\/20260427_festival_folclore_aldeamayor-300x150.jpg 300w, https:\/\/pueblosycomarcas.com\/wp-content\/uploads\/2026\/04\/20260427_festival_folclore_aldeamayor-768x384.jpg 768w, https:\/\/pueblosycomarcas.com\/wp-content\/uploads\/2026\/04\/20260427_festival_folclore_aldeamayor-18x9.jpg 18w\" sizes=\"(max-width: 800px) 100vw, 800px\" \/>\t\t\t\t\t\t\t\t\t\t\t<figcaption class=\"widget-image-caption wp-caption-text\"><\/figcaption>\n\t\t\t\t\t\t\t\t\t\t<\/figure>\n\t\t\t\t\t\t\t\t\t<\/div>\n\t\t\t\t<div class=\"elementor-element elementor-element-7518833 elementor-widget elementor-widget-text-editor\" data-id=\"7518833\" data-element_type=\"widget\" data-e-type=\"widget\" data-widget_type=\"text-editor.default\">\n\t\t\t\t\t\t\t\t\t<p>Tras los gallegos lleg\u00f3 el turno a los danzantes locales junto a la EMT Tierra de Pinares. La Asociaci\u00f3n Grupo de Danzas \u201cAldea Maior\u201d se cre\u00f3 en el a\u00f1o 2002 por un grupo de j\u00f3venes de la localidad con el objetivo de aprender los bailes y danzas de su tierra. Paralelamente se embarcaron en la labor de promocionar la cultura en el \u00e1mbito de la danza tradicional, promover la participaci\u00f3n ciudadana en el municipio y su entorno geogr\u00e1fico en aquellos aspectos que les definen culturalmente como sus costumbres, m\u00fasica, bailes, etc. y, no menos importante, transmitir, en especial a los m\u00e1s j\u00f3venes, el saber y el sentir de sus antepasados. Actualmente la asociaci\u00f3n est\u00e1 formada por la escuela infantil y juvenil con cerca de 20 alumnos y alrededor de 50 adultos entre danzantes y socios colaboradores.<\/p><p>Los aldemayorenses arrancaron una parte de corte tradicional que incluy\u00f3 dos piezas del libro disco \u2018Toques de fiesta\u2019 de Luis \u00c1ngel Fern\u00e1ndez y Jaime Vidal, <em>Jota de la Dehesa<\/em> y <em>Habas contadas<\/em>, y las jotas <em>Culo hueco<\/em>, <em>El Guijar<\/em>, con coreograf\u00eda propia, <em>Jota de Castrodeza<\/em>, coreografiada por V\u00edctor Cubillo, y la <em>Jota de Aldeamayor, <\/em>pieza tradicional de la propia localidad.<\/p><p>En una segunda parta \u201cm\u00e1s coreografiada\u201d, tal y como se\u00f1al\u00f3 la profesora de la asociaci\u00f3n, Carmen Carri\u00f3n, se incluyeron la <em>Jota de la Galana<\/em>, procedente de Tudela de Duero, dos piezas de canto, la <em>Jota de la ni\u00f1a<\/em>, un baile de cintas y unas danzas de palos.<\/p><h4><strong>GALER\u00cdA DE FOTOS<\/strong><\/h4><p>\u00a0<\/p><p><script src=\"https:\/\/cdn.jsdelivr.net\/npm\/publicalbum@latest\/embed-ui.min.js\" async><\/script><\/p><div class=\"pa-gallery-player-widget\" style=\"width: 100%; height: 480px; display: none;\" data-link=\"https:\/\/photos.app.goo.gl\/3jntNALcVzLdhLDv8\" data-title=\"20260427. VII Festival de folclore de Aldeamayor \u00b7 Saturday, Apr 25 \ud83d\udcf8\" data-description=\"Shared album \u00b7 Tap to view!\"><object data=\"https:\/\/lh3.googleusercontent.com\/pw\/AP1GczPdDyXzTwMY4Up7KBv0j80va7hU8Z1SQ0_OA35K6rZPZcFlFMaPKHPFdGZS3OQQASo_L-wSnK3iS5ud-R2grnMY6UIbv3jeQMU3tfg5MQTYE-JsymxE=w1920-h1080\" width=\"300\" height=\"150\"><\/object><br \/><object data=\"https:\/\/lh3.googleusercontent.com\/pw\/AP1GczMG53L0-8CiYP2hXgM9_bJsZzKg4h5edW28RvruqebW5P4XjvjJMP00vNeXpBx6GS_Veul1fLvC3pcHhUJxRrWMXn_iS2l3NQdBf8DKrgnS2JSGNq9F=w1920-h1080\" width=\"300\" height=\"150\"><\/object><br \/><object data=\"https:\/\/lh3.googleusercontent.com\/pw\/AP1GczNsBJNQbmY4KkBREArnqRRRR7HrWyyacWq4EBoi-uPG_3SszWiVkGaWkKQKaAw2LF6Kspu5CrqSjv-MjaGCRrK-VkM-OV5vPwxpKgda3RR0f6eRuOIj=w1920-h1080\" width=\"300\" height=\"150\"><\/object><br \/><object data=\"https:\/\/lh3.googleusercontent.com\/pw\/AP1GczMb62x77tYIIBa81fg0227ZYY35WBeYFLjnPCUtWsj3sdohsviGiRP6uiWlnu-JPL4vqo_hoGNF3GUrtmmqCMZCSnRp726H0yiBOOwYtTo4O9rSZAPp=w1920-h1080\" width=\"300\" height=\"150\"><\/object><br \/><object data=\"https:\/\/lh3.googleusercontent.com\/pw\/AP1GczN6PLzN1ki4YENWJnLviCowXL2HEq5Z9eh5ybRHhvgO88R-Yv2oVz8lasrtQ72LTRx-B9OJmJc5YpUwGRJ-FMSmXB8tctSvh8y6tFLXr1Kkw-vUeMUG=w1920-h1080\" width=\"300\" height=\"150\"><\/object><br \/><object data=\"https:\/\/lh3.googleusercontent.com\/pw\/AP1GczMIhHhH48qHfeC_kdL-2zWDspABSXBZUD3JLsi15c7lLv7Gv2HW80Am0s5EHcJk1UER1t9uG3YdeCF221z0TIMG5YESGVuaUBBYV4YTCBZw-It3BnUl=w1920-h1080\" width=\"300\" height=\"150\"><\/object><br \/><object data=\"https:\/\/lh3.googleusercontent.com\/pw\/AP1GczNqa0zJq6BF1Sz7P71IrsjmMEy_aSHAgCxjNwpyTjKRMrkdObv2ll8B7tWrfilYKUF1kB6W85YOR3rUTcz0PvHzepFwLaCgAtVHS0m8gpZL1JsdhJfV=w1920-h1080\" width=\"300\" height=\"150\"><\/object><br \/><object data=\"https:\/\/lh3.googleusercontent.com\/pw\/AP1GczM2cCByL11vZd_sW_DRCN0sFiHsCPAx2lE4zLQMCZmDmK2F9BxcconjiXgAmC7ockyu804B9ItDXq9rrqZPHAWHPLw9lssHYAGn3JycjxPQFqbunAa8=w1920-h1080\" width=\"300\" height=\"150\"><\/object><br \/><object data=\"https:\/\/lh3.googleusercontent.com\/pw\/AP1GczPM2RHl6XIMcjlURm3D9dX778SVpiyhV18brUh7TjGm-l13TCX9-WaPXPDMzrtAgzDC1z8hjLbHLSuyU-qEpvaomr_FCSa2S6G34_HOkVzxz5V9MUds=w1920-h1080\" width=\"300\" height=\"150\"><\/object><br \/><object data=\"https:\/\/lh3.googleusercontent.com\/pw\/AP1GczP4ZdyDVKpnQJTJlwMf6StFhMT1tdQHCpQ4b_88igswPkXgnNPZ_xXGhj8SyPLbo8zhmT24VfMMN-h-LUQ0svjPzvjqOsD2-HwXoLfybnSMgszhQAER=w1920-h1080\" width=\"300\" height=\"150\"><\/object><br \/><object data=\"https:\/\/lh3.googleusercontent.com\/pw\/AP1GczOvng51iw1aOtZNu7cRq5FVp9NVzlBYd0ClgHLk42Me61umlSfGWPuBwKYzPAO1CI-xUetK0_8J61p15YRq-yeJB6XsUnxoE4bvOLbo1q_Mp7UCob-4=w1920-h1080\" width=\"300\" height=\"150\"><\/object><br \/><object data=\"https:\/\/lh3.googleusercontent.com\/pw\/AP1GczO3n_a_O_p45N5lN6eCiDx8qf4vGrrNntOakF8kYAPeJcoNz55ipalZsD6W7udgQkfLGzeYBB0CryzgQxQNURbnTd0WbugB1qabvR2j4SVuwC41afCI=w1920-h1080\" width=\"300\" height=\"150\"><\/object><br \/><object data=\"https:\/\/lh3.googleusercontent.com\/pw\/AP1GczNlF0RrqFW6STlzIiZF3rJmabh60Ll5fggSAQKciaZ1id-hOZnZrmPZc-VJ0buVmdR-IAaUjlPH0VUj8R09-lGZJmA4QmF1IMsXow2cgUojXARHw3ly=w1920-h1080\" width=\"300\" height=\"150\"><\/object><br \/><object data=\"https:\/\/lh3.googleusercontent.com\/pw\/AP1GczMiMxnjFTAJSmwnCw_szWaTL6LOLMgOIgkw3KLeq2zney8fPcAfRNqXrH0sswaXk_FVSBtJkEUJHwcu2WXUBDtje7OtzPakBDVa_rnolZUsXtUliDDR=w1920-h1080\" width=\"300\" height=\"150\"><\/object><br \/><object data=\"https:\/\/lh3.googleusercontent.com\/pw\/AP1GczPFsyYangaQ_wyqwkcBSk3PMwU4EYbIeI16F8i5rL65s6elk6iGGsxlddmqHPQvO3VUJBsCmo5YxC0L3MzI5I5kcnKf01J2ILC4Inl67EOXSE7A_IMf=w1920-h1080\" width=\"300\" height=\"150\"><\/object><br \/><object data=\"https:\/\/lh3.googleusercontent.com\/pw\/AP1GczNxSfXghnr7s9DRv82LsVYPsyliEpRLkhFdPf5TsDIDopxr50NuSShEiNdl_QZy72wCW4eGV0A2l2aFvXJgJnyzMoVSLkfR9jXAbQmjZmRt_DX4bIoq=w1920-h1080\" width=\"300\" height=\"150\"><\/object><br \/><object data=\"https:\/\/lh3.googleusercontent.com\/pw\/AP1GczMDnuIZIKqVrlSWoRCgdSloD4qxOg906cP28bv9c_Yn9FwShF3TV-FECMEq-cNMXZD3Z0Z_7k3_CN8Wx5x24tsim-tMNEKspTRIJ07l6XLcHGiORwcJ=w1920-h1080\" width=\"300\" height=\"150\"><\/object><br \/><object data=\"https:\/\/lh3.googleusercontent.com\/pw\/AP1GczN0Se6ZTeaKLw3zBwE60NEwnwEVWcqXB1mmjMCcZEs-TAhxhxHAgQUxOttST3OOwfAKl4W7TeD6WK4G2kiMo-zXRyA-sQRS0vBEkZDzWTjDs5Nwe7Pa=w1920-h1080\" width=\"300\" height=\"150\"><\/object><br \/><object data=\"https:\/\/lh3.googleusercontent.com\/pw\/AP1GczONYxEK6ssioOcTotWfvjAGS6rH50BaVoykaaDSztTrkb6UyBt1bX0AsLVvDPKESkR6xZZVz7-8kNq-i9UEe3P2ltReWC9wFbVVS5wvgy6iXVx-enHw=w1920-h1080\" width=\"300\" height=\"150\"><\/object><br \/><object data=\"https:\/\/lh3.googleusercontent.com\/pw\/AP1GczNzI_TiWljjmYxiF7mH5rxqdiIvp88Uww6j2Gb2RIDcbB3_2_fF2HcjZa4qrxqhMdW0HRZXj61JYCMPIgdQ3HSRfwnSflh1u5ogzQJ4o3uvsc5CXC81=w1920-h1080\" width=\"300\" height=\"150\"><\/object><br \/><object data=\"https:\/\/lh3.googleusercontent.com\/pw\/AP1GczMw1feSk083Kg0nGoR7H5N26b0TOxzoypGu5hgqRxRxLt3izCsVE4Iy_EEeT_M_-bXYL-Mx7pdfcxK_5NzxGQBSumG_aNYkR8y48AzcWm7ca1QvDxNM=w1920-h1080\" width=\"300\" height=\"150\"><\/object><br \/><object data=\"https:\/\/lh3.googleusercontent.com\/pw\/AP1GczMiyi9DZeBilBhnUhNbLTi9LYzaA_bKw03uKjWsTf8MrxeEyX9dq2qfk98gKqQEM6ItjG6gwA1LOXcprC8x9mN81ik0qv5CxbIk87YzQOwmLYCnY46U=w1920-h1080\" width=\"300\" height=\"150\"><\/object><br \/><object data=\"https:\/\/lh3.googleusercontent.com\/pw\/AP1GczPbh3SAK6l9fmoG1pLQZGglBiEzeT-z36QTD-yzNbVttchlAD8faGK1_-zJw8swIlbCI99Iga1HjoEVQv7IGnOZymssEf6W3zNUuXV1fyFY0cf4dxPC=w1920-h1080\" width=\"300\" height=\"150\"><\/object><br \/><object data=\"https:\/\/lh3.googleusercontent.com\/pw\/AP1GczMTtHwZSXTwZMK_e-Ft-on6JTlwfDyLytjDELwUGkQ6QRsor4sd1RCZ7AGhcCCwXXZ4oye_PsJtOZWcJMxGybItcT9WvTISIroomdBPAi-13b-t3S14=w1920-h1080\" width=\"300\" height=\"150\"><\/object><br \/><object data=\"https:\/\/lh3.googleusercontent.com\/pw\/AP1GczO7MXvsrAjOuRGSzmEWlFSXy5Zo-UdrfUkNZfphy3SP_Oj2bwrPsfig7tXCWurUgDerUMSJdf8liZBYxBe60j7EeLEU7Kq7ImVDEp4po3T7izfdp4qT=w1920-h1080\" width=\"300\" height=\"150\"><\/object><br \/><object data=\"https:\/\/lh3.googleusercontent.com\/pw\/AP1GczN63tKKy-5mPW8wkUEjdKq8vf1hInhyQVcyPR2KvoF0YFOlqNTBsHuMng6nLvO6wM9-OG_IzepLT2ZTT7ZS0RwhLRV1bMtA-YDUadyXRzCymmy8N2c-=w1920-h1080\" width=\"300\" height=\"150\"><\/object><br \/><object data=\"https:\/\/lh3.googleusercontent.com\/pw\/AP1GczP-gHodynRQNkjmPFjZldaIX5sA-nHh46m3z_HOgDZiaiy17cswfe-83msmct6e6Uz-pPQm6pcWr9qG5QiokJVytFbaRYW7KWFILQZxGwCZCi6uL5iu=w1920-h1080\" width=\"300\" height=\"150\"><\/object><br \/><object data=\"https:\/\/lh3.googleusercontent.com\/pw\/AP1GczMI0Cx0L7cSa5dcS0MiF8f33rNlj8gQy5kQkROoIfOxR8HAssyEB-hPsZWgRlFOsXkM62R6l8SzIFIskNyoR4lQFfq266YSGRpJ6eAgDbacryl_Nn82=w1920-h1080\" width=\"300\" height=\"150\"><\/object><br \/><object data=\"https:\/\/lh3.googleusercontent.com\/pw\/AP1GczNuo2mJByvIOm38690QPJwFtr6k31X0oezV3tCgGomgSdNxySSbjwAfcOf_O31eq7qLs4DxWG7xjx7AkNvgxlEh5PHA52ZmwUQZmVj-sDvVtuqHo1AF=w1920-h1080\" width=\"300\" height=\"150\"><\/object><br \/><object data=\"https:\/\/lh3.googleusercontent.com\/pw\/AP1GczPPF03tWH6LPok_YqhA7USYM9B2sH17wK0uY4oP4oCxW5v3tn0Tdfx8u1Fe_lcZM9SEfrfQHVMNEHCrMg8pg1cJzzoNe1hInfBWFXfUMen2vVqx6Iqx=w1920-h1080\" width=\"300\" height=\"150\"><\/object><br \/><object data=\"https:\/\/lh3.googleusercontent.com\/pw\/AP1GczMmQfHrh82BDbW5-0d1Yiyt6nRdNCpcQ-9U40YMHrat8cD9WCE_6i5qXUQIMYleNwCo4HxOsI-KTlarC_TJRaUD7lXvpMl-Ik00f3K0BGGlCWngQxEw=w1920-h1080\" width=\"300\" height=\"150\"><\/object><br \/><object data=\"https:\/\/lh3.googleusercontent.com\/pw\/AP1GczNpjiZCyKmL0qdVb8DaZHKnp4IaR1kZG82HfUOI8oMrFUQu9mOMWQi8RFeGRX8mvEJV7fo9kXONFSXtgiiIP6BMDT9ApguAPz3h_qDUiYKrXHy3nGSj=w1920-h1080\" width=\"300\" height=\"150\"><\/object><br \/><object data=\"https:\/\/lh3.googleusercontent.com\/pw\/AP1GczPERHNMvXP-mzK9jbXK63xQWL9gdK3kCniy_RkYiu3IHW8YH9lrRH2QMbdUNJ-9m9OTjZHMGiJQp706mdXD5Zwr7jTB9Of7Alk5GNV7Aq0w2flg5sno=w1920-h1080\" width=\"300\" height=\"150\"><\/object><br \/><object data=\"https:\/\/lh3.googleusercontent.com\/pw\/AP1GczNowt4XiiJWavfCV2NWBg8PAjmqxs2IRKAGEUbJYNjiCrzf6olkNDrm7muPAH8urGtKQkElBAUBOf-C7Q4EE7eE-OXdUoC6gtKPcaPQqTWMGAYALBCU=w1920-h1080\" width=\"300\" height=\"150\"><\/object><br \/><object data=\"https:\/\/lh3.googleusercontent.com\/pw\/AP1GczMyHnCsRgvCbF5S0OHhBLUNuIZyQM6KNJg6RBJASpZIOflVi0r9VUlfbAtvcAlYkRuDkxPnGte1CTYzZLAfsac0gPXOV3wBpnThsWpSz9-jPXmuJsGG=w1920-h1080\" width=\"300\" height=\"150\"><\/object><br \/><object data=\"https:\/\/lh3.googleusercontent.com\/pw\/AP1GczOBhzHYfKdftgaHcFBMmS4d3171x_bQQ8g8IuyibDwkhFlCfbIQaSmaJ4jkMlZ1YBmj16N9t2fR4lShASWQoszwU0kw_H5ENn15b3C1V4vuaItgSiLu=w1920-h1080\" width=\"300\" height=\"150\"><\/object><br \/><object data=\"https:\/\/lh3.googleusercontent.com\/pw\/AP1GczPLZZbx2Bg5rii4Ib-RIsgHLP3y1n5xmimhRMr3BmhgrY4S-Io1UXFNov0BfnKvkpRbbbMP1d92lhZSi-3v9IBWAqgLsRZDMmrFEpyP073yFUn1EJN2=w1920-h1080\" width=\"300\" height=\"150\"><\/object><br \/><object data=\"https:\/\/lh3.googleusercontent.com\/pw\/AP1GczN83oWN2KV2OebKB4dywJYzHF3H1Be3mF19gDOZKr9_iMTBmmUw0tmfiPZYmXIbaqpdPpJ_AYwtgg97WY1KCLmpfGr0YNq2_JNvsMSNAhhZFMrJRCKd=w1920-h1080\" width=\"300\" height=\"150\"><\/object><br \/><object data=\"https:\/\/lh3.googleusercontent.com\/pw\/AP1GczPs_z0I9sdFg63FJRjn-2JqP0oWsUtts4LI2geKck_pa37p_HOMCMGLiLFRt2Z5HWN_emkZRCfZWLVy0D1Raq-NBOK9bVLrR8qKC04h4dzyqsFBez6v=w1920-h1080\" width=\"300\" height=\"150\"><\/object><br \/><object data=\"https:\/\/lh3.googleusercontent.com\/pw\/AP1GczMKthH4jpUJiBegpxSvOKILq13CllRkrcauw-PUxuuHW9mk9k6fb6mNUuRbcOLvt8BvV1YiAzYS5sWs4wTcZF1j6S2o13wllsaUd37j1i-wXU4Z_xmX=w1920-h1080\" width=\"300\" height=\"150\"><\/object><\/div><p>\u00a0<\/p>\t\t\t\t\t\t\t\t<\/div>\n\t\t<div class=\"elementor-element elementor-element-7d70bfe e-con-full e-flex wpr-particle-no wpr-jarallax-no wpr-parallax-no wpr-sticky-section-no wpr-equal-height-no e-con e-child\" data-id=\"7d70bfe\" data-element_type=\"container\" data-e-type=\"container\">\n\t\t\t\t<div class=\"elementor-element elementor-element-60c058e4 elementor-widget elementor-widget-image\" data-id=\"60c058e4\" data-element_type=\"widget\" data-e-type=\"widget\" data-widget_type=\"image.default\">\n\t\t\t\t\t\t\t\t\t\t\t\t\t\t\t\t<a href=\"https:\/\/www.granjapinilla.com\/\">\n\t\t\t\t\t\t\t<img loading=\"lazy\" decoding=\"async\" width=\"639\" height=\"150\" src=\"https:\/\/pueblosycomarcas.com\/wp-content\/uploads\/2025\/07\/banner-granja-pinilla.jpg\" class=\"attachment-large size-large wp-image-105\" alt=\"\" srcset=\"https:\/\/pueblosycomarcas.com\/wp-content\/uploads\/2025\/07\/banner-granja-pinilla.jpg 639w, https:\/\/pueblosycomarcas.com\/wp-content\/uploads\/2025\/07\/banner-granja-pinilla-300x70.jpg 300w\" sizes=\"(max-width: 639px) 100vw, 639px\" \/>\t\t\t\t\t\t\t\t<\/a>\n\t\t\t\t\t\t\t\t\t\t\t\t\t\t\t<\/div>\n\t\t\t\t<\/div>\n\t\t\t\t\t<\/div>\n\t\t\t\t<\/div>\n\t\t\t\t<\/div>","protected":false},"excerpt":{"rendered":"<p>Cultura y Tradici\u00f3n Castilla y Galicia estrechan lazos en la s\u00e9ptima edici\u00f3n del Festival Nacional de Folclore de Aldeamayor de San Mart\u00edn Organizado por el Grupo de Danzas \u2018Aldea Maior\u2019 y por el Ayuntamiento del municipio en colaboraci\u00f3n con la AMT Tierra Pinares, el evento cont\u00f3 con la participaci\u00f3n de los promotores y con la de los pontevedreses Grupo de Baile y Gaitas de Torroso https:\/\/youtu.be\/Cj-HzltGWcU Juan Jos\u00e9 Villalba La Casa de Cultura Aldolfo Suarez de Aldeamayor de San Mart\u00edn acogi\u00f3 el pasado s\u00e1bado la s\u00e9ptima edici\u00f3n del Festival Nacional de Folclore de la localidad. Organizado por el Grupo de Danzas \u2018Aldea Maior\u2019 y por el Ayuntamiento, en colaboraci\u00f3n con la AMT Tierra Pinares, el evento cont\u00f3 con la participaci\u00f3n de los promotores de \u2018Aldea Maior\u2019 y con la de los gallegos Grupo de Baile y Gaitas de Torroso, del municipio pontevedr\u00e9s de Mos. Con esta iniciativa, la localidad vallisoletana consolida su apuesta como escaparate de la diversidad de folclores que coexisten en Espa\u00f1a. Como es habitual desde que este evento se hiciera un hueco en el panorama cultural del municipio, previo al inicio de las actuaciones ambos grupos realizaron un pasacalles, acompa\u00f1ados de sus respectivas formaciones musicales, desde el Espacio Joven hasta el lugar de celebraci\u00f3n del encuentro, oportunamente escoltados por los voluntarios de la Agrupaci\u00f3n Local de Protecci\u00f3n Civil. Una vez all\u00ed, y con el patio de butacas del teatro lleno, tomaba la palabra Cristina P\u00e9rez Tejera, m\u00e1s conocida en el \u00e1mbito cultural como \u2018Cris Zagaleja\u2019. Librera de profesi\u00f3n, P\u00e9rez Tejera dedica la mayor parte de su tiempo libre al estudio e interpretaci\u00f3n del repertorio vocal de tradici\u00f3n oral, sobre todo a la m\u00fasica y al repertorio de pandereta, un instrumento que hist\u00f3rica y mundialmente est\u00e1 ligado a las mujeres y que tiene una t\u00e9cnica tan compleja como fascinante, y del que imparte clases en su escuela en diferentes niveles, tanto en grupo como individuales para aprender a tocar y comprender estilos y repertorios tradicionales. Adem\u00e1s de ejercer de maestra de ceremonias, tambi\u00e9n se arranc\u00f3 con el instrumento. Actuaci\u00f3n del Grupo de Baile y Gaitas de Torroso. COMIENZA EL ESPECT\u00c1CULO Los primeros en subir al escenario fueron los integrantes del Grupo de Baile Tradicional Ruada. Los gallegos constituyen una de las primeras actividades culturales desarrolladas en el Centro Recreativo y Cultural de Torroso, una de las diez parroquias que conforman el municipio gallego de Mos. \u00a0 A lo largo de su trayectoria, el grupo ha realizado numerosas actuaciones e intercambios culturales, participando en festivales y eventos de m\u00fasica y danza tradicional por toda Galicia, por el resto de Espa\u00f1a e incluso en otros pa\u00edses como Francia y Portugal. El repertorio que ofrecieron en Aldeamayor fue de corte tradicional, recogido por las aldeas a la gente mayor, que abarc\u00f3 desde mu\u00f1eiras hasta jotas pasando por mazorcas y maneos interpretados con las gaitas o cantados vocalmente, con el \u00fanico apoyo de las panderetas, y acompa\u00f1ados en ocasiones por sus respectivas coreograf\u00edas. Tras los gallegos lleg\u00f3 el turno a los danzantes locales junto a la EMT Tierra de Pinares. La Asociaci\u00f3n Grupo de Danzas \u201cAldea Maior\u201d se cre\u00f3 en el a\u00f1o 2002 por un grupo de j\u00f3venes de la localidad con el objetivo de aprender los bailes y danzas de su tierra. Paralelamente se embarcaron en la labor de promocionar la cultura en el \u00e1mbito de la danza tradicional, promover la participaci\u00f3n ciudadana en el municipio y su entorno geogr\u00e1fico en aquellos aspectos que les definen culturalmente como sus costumbres, m\u00fasica, bailes, etc. y, no menos importante, transmitir, en especial a los m\u00e1s j\u00f3venes, el saber y el sentir de sus antepasados. Actualmente la asociaci\u00f3n est\u00e1 formada por la escuela infantil y juvenil con cerca de 20 alumnos y alrededor de 50 adultos entre danzantes y socios colaboradores. Los aldemayorenses arrancaron una parte de corte tradicional que incluy\u00f3 dos piezas del libro disco \u2018Toques de fiesta\u2019 de Luis \u00c1ngel Fern\u00e1ndez y Jaime Vidal, Jota de la Dehesa y Habas contadas, y las jotas Culo hueco, El Guijar, con coreograf\u00eda propia, Jota de Castrodeza, coreografiada por V\u00edctor Cubillo, y la Jota de Aldeamayor, pieza tradicional de la propia localidad. En una segunda parta \u201cm\u00e1s coreografiada\u201d, tal y como se\u00f1al\u00f3 la profesora de la asociaci\u00f3n, Carmen Carri\u00f3n, se incluyeron la Jota de la Galana, procedente de Tudela de Duero, dos piezas de canto, la Jota de la ni\u00f1a, un baile de cintas y unas danzas de palos. GALER\u00cdA DE FOTOS \u00a0 \u00a0<\/p>","protected":false},"author":2,"featured_media":10706,"comment_status":"open","ping_status":"closed","sticky":false,"template":"","format":"standard","meta":{"site-sidebar-layout":"default","site-content-layout":"","ast-site-content-layout":"default","site-content-style":"default","site-sidebar-style":"default","ast-global-header-display":"","ast-banner-title-visibility":"","ast-main-header-display":"","ast-hfb-above-header-display":"","ast-hfb-below-header-display":"","ast-hfb-mobile-header-display":"","site-post-title":"disabled","ast-breadcrumbs-content":"","ast-featured-img":"","footer-sml-layout":"","theme-transparent-header-meta":"","adv-header-id-meta":"","stick-header-meta":"","header-above-stick-meta":"","header-main-stick-meta":"","header-below-stick-meta":"","astra-migrate-meta-layouts":"default","ast-page-background-enabled":"default","ast-page-background-meta":{"desktop":{"background-color":"var(--ast-global-color-5)","background-image":"","background-repeat":"repeat","background-position":"center center","background-size":"auto","background-attachment":"scroll","background-type":"","background-media":"","overlay-type":"","overlay-color":"","overlay-opacity":"","overlay-gradient":""},"tablet":{"background-color":"","background-image":"","background-repeat":"repeat","background-position":"center center","background-size":"auto","background-attachment":"scroll","background-type":"","background-media":"","overlay-type":"","overlay-color":"","overlay-opacity":"","overlay-gradient":""},"mobile":{"background-color":"","background-image":"","background-repeat":"repeat","background-position":"center center","background-size":"auto","background-attachment":"scroll","background-type":"","background-media":"","overlay-type":"","overlay-color":"","overlay-opacity":"","overlay-gradient":""}},"ast-content-background-meta":{"desktop":{"background-color":"var(--ast-global-color-4)","background-image":"","background-repeat":"repeat","background-position":"center center","background-size":"auto","background-attachment":"scroll","background-type":"","background-media":"","overlay-type":"","overlay-color":"","overlay-opacity":"","overlay-gradient":""},"tablet":{"background-color":"var(--ast-global-color-4)","background-image":"","background-repeat":"repeat","background-position":"center center","background-size":"auto","background-attachment":"scroll","background-type":"","background-media":"","overlay-type":"","overlay-color":"","overlay-opacity":"","overlay-gradient":""},"mobile":{"background-color":"var(--ast-global-color-4)","background-image":"","background-repeat":"repeat","background-position":"center center","background-size":"auto","background-attachment":"scroll","background-type":"","background-media":"","overlay-type":"","overlay-color":"","overlay-opacity":"","overlay-gradient":""}},"ngg_post_thumbnail":0,"footnotes":""},"categories":[14,16],"tags":[35,538,534,115,22],"class_list":["post-10705","post","type-post","status-publish","format-standard","has-post-thumbnail","hentry","category-cultura-y-tradicion","category-portada","tag-aldeamayor-de-san-martin","tag-grupo-de-baile-y-gaitas-de-torroso","tag-grupo-de-danzas-aldea-maior","tag-provincia","tag-valladolid"],"aioseo_notices":[],"rttpg_featured_image_url":{"full":["https:\/\/pueblosycomarcas.com\/wp-content\/uploads\/2026\/04\/20260427_festival_folclore_aldeamayor.jpg",800,400,false],"landscape":["https:\/\/pueblosycomarcas.com\/wp-content\/uploads\/2026\/04\/20260427_festival_folclore_aldeamayor.jpg",800,400,false],"portraits":["https:\/\/pueblosycomarcas.com\/wp-content\/uploads\/2026\/04\/20260427_festival_folclore_aldeamayor.jpg",800,400,false],"thumbnail":["https:\/\/pueblosycomarcas.com\/wp-content\/uploads\/2026\/04\/20260427_festival_folclore_aldeamayor-150x150.jpg",150,150,true],"medium":["https:\/\/pueblosycomarcas.com\/wp-content\/uploads\/2026\/04\/20260427_festival_folclore_aldeamayor-300x150.jpg",300,150,true],"large":["https:\/\/pueblosycomarcas.com\/wp-content\/uploads\/2026\/04\/20260427_festival_folclore_aldeamayor.jpg",800,400,false],"1536x1536":["https:\/\/pueblosycomarcas.com\/wp-content\/uploads\/2026\/04\/20260427_festival_folclore_aldeamayor.jpg",800,400,false],"2048x2048":["https:\/\/pueblosycomarcas.com\/wp-content\/uploads\/2026\/04\/20260427_festival_folclore_aldeamayor.jpg",800,400,false],"trp-custom-language-flag":["https:\/\/pueblosycomarcas.com\/wp-content\/uploads\/2026\/04\/20260427_festival_folclore_aldeamayor-18x9.jpg",18,9,true]},"rttpg_author":{"display_name":"Juanjo","author_link":"https:\/\/pueblosycomarcas.com\/en\/author\/pueblosycomarcas\/"},"rttpg_comment":0,"rttpg_category":"<a href=\"https:\/\/pueblosycomarcas.com\/en\/category\/cultura-y-tradicion\/\" rel=\"category tag\">Cultura y Tradici\u00f3n<\/a> <a href=\"https:\/\/pueblosycomarcas.com\/en\/category\/portada\/\" rel=\"category tag\">Portada<\/a>","rttpg_excerpt":"Cultura y Tradici\u00f3n Castilla y Galicia estrechan lazos en la s\u00e9ptima edici\u00f3n del Festival Nacional de Folclore de Aldeamayor de San Mart\u00edn Organizado por el Grupo de Danzas \u2018Aldea Maior\u2019 y por el Ayuntamiento del municipio en colaboraci\u00f3n con la AMT Tierra Pinares, el evento cont\u00f3 con la participaci\u00f3n de los promotores y con la&hellip;","_links":{"self":[{"href":"https:\/\/pueblosycomarcas.com\/en\/wp-json\/wp\/v2\/posts\/10705","targetHints":{"allow":["GET"]}}],"collection":[{"href":"https:\/\/pueblosycomarcas.com\/en\/wp-json\/wp\/v2\/posts"}],"about":[{"href":"https:\/\/pueblosycomarcas.com\/en\/wp-json\/wp\/v2\/types\/post"}],"author":[{"embeddable":true,"href":"https:\/\/pueblosycomarcas.com\/en\/wp-json\/wp\/v2\/users\/2"}],"replies":[{"embeddable":true,"href":"https:\/\/pueblosycomarcas.com\/en\/wp-json\/wp\/v2\/comments?post=10705"}],"version-history":[{"count":11,"href":"https:\/\/pueblosycomarcas.com\/en\/wp-json\/wp\/v2\/posts\/10705\/revisions"}],"predecessor-version":[{"id":10718,"href":"https:\/\/pueblosycomarcas.com\/en\/wp-json\/wp\/v2\/posts\/10705\/revisions\/10718"}],"wp:featuredmedia":[{"embeddable":true,"href":"https:\/\/pueblosycomarcas.com\/en\/wp-json\/wp\/v2\/media\/10706"}],"wp:attachment":[{"href":"https:\/\/pueblosycomarcas.com\/en\/wp-json\/wp\/v2\/media?parent=10705"}],"wp:term":[{"taxonomy":"category","embeddable":true,"href":"https:\/\/pueblosycomarcas.com\/en\/wp-json\/wp\/v2\/categories?post=10705"},{"taxonomy":"post_tag","embeddable":true,"href":"https:\/\/pueblosycomarcas.com\/en\/wp-json\/wp\/v2\/tags?post=10705"}],"curies":[{"name":"wp","href":"https:\/\/api.w.org\/{rel}","templated":true}]}}