{"id":10692,"date":"2026-04-27T09:10:41","date_gmt":"2026-04-27T08:10:41","guid":{"rendered":"https:\/\/pueblosycomarcas.com\/?p=10692"},"modified":"2026-04-27T09:12:26","modified_gmt":"2026-04-27T08:12:26","slug":"el-presidente-de-la-diputacion-asiste-a-la-ultima-prueba-del-circuito-las-cinco-leguas-mayte-martinez","status":"publish","type":"post","link":"https:\/\/pueblosycomarcas.com\/en\/el-presidente-de-la-diputacion-asiste-a-la-ultima-prueba-del-circuito-las-cinco-leguas-mayte-martinez\/","title":{"rendered":"El presidente de la Diputaci\u00f3n asiste a la \u00faltima prueba del Circuito \u2018Las Cinco Leguas \u2013 Mayte Mart\u00ednez\u2019"},"content":{"rendered":"<div data-elementor-type=\"wp-post\" data-elementor-id=\"10692\" class=\"elementor elementor-10692\">\n\t\t\t\t<div class=\"elementor-element elementor-element-29112804 e-flex e-con-boxed wpr-particle-no wpr-jarallax-no wpr-parallax-no wpr-sticky-section-no wpr-equal-height-no e-con e-parent\" data-id=\"29112804\" data-element_type=\"container\" data-e-type=\"container\">\n\t\t\t\t\t<div class=\"e-con-inner\">\n\t\t\t\t<div class=\"elementor-element elementor-element-5dad7edc elementor-widget elementor-widget-image\" data-id=\"5dad7edc\" data-element_type=\"widget\" data-e-type=\"widget\" data-widget_type=\"image.default\">\n\t\t\t\t\t\t\t\t\t\t\t\t\t\t\t\t<a href=\"https:\/\/www.termicasalfonso.es\/\">\n\t\t\t\t\t\t\t<img fetchpriority=\"high\" decoding=\"async\" width=\"400\" height=\"220\" src=\"https:\/\/pueblosycomarcas.com\/wp-content\/uploads\/2025\/07\/banner-instalaciones-alfonso.jpg\" class=\"attachment-large size-large wp-image-107\" alt=\"\" srcset=\"https:\/\/pueblosycomarcas.com\/wp-content\/uploads\/2025\/07\/banner-instalaciones-alfonso.jpg 400w, https:\/\/pueblosycomarcas.com\/wp-content\/uploads\/2025\/07\/banner-instalaciones-alfonso-300x165.jpg 300w\" sizes=\"(max-width: 400px) 100vw, 400px\" \/>\t\t\t\t\t\t\t\t<\/a>\n\t\t\t\t\t\t\t\t\t\t\t\t\t\t\t<\/div>\n\t\t\t\t<div class=\"elementor-element elementor-element-33782139 elementor-widget elementor-widget-text-editor\" data-id=\"33782139\" data-element_type=\"widget\" data-e-type=\"widget\" data-widget_type=\"text-editor.default\">\n\t\t\t\t\t\t\t\t\t<ul><li><h6><strong><em>Deportes y ocio<\/em><\/strong><\/h6><\/li><\/ul>\t\t\t\t\t\t\t\t<\/div>\n\t\t\t\t<div class=\"elementor-element elementor-element-e05eb65 elementor-widget elementor-widget-heading\" data-id=\"e05eb65\" data-element_type=\"widget\" data-e-type=\"widget\" data-widget_type=\"heading.default\">\n\t\t\t\t\t<h2 class=\"elementor-heading-title elementor-size-default\">El presidente de la Diputaci\u00f3n asiste a la \u00faltima prueba del Circuito \u2018Las Cinco Leguas \u2013 Mayte Mart\u00ednez\u2019<\/h2>\t\t\t\t<\/div>\n\t\t\t\t<div class=\"elementor-element elementor-element-678f4f69 elementor-widget elementor-widget-text-editor\" data-id=\"678f4f69\" data-element_type=\"widget\" data-e-type=\"widget\" data-widget_type=\"text-editor.default\">\n\t\t\t\t\t\t\t\t\t<ul><li><h6><em><strong>Un recorrido que comenz\u00f3 el pasado 8 de marzo en Valoria de la Buena, y que ya ha pasado por otros municipios de la provincia como Pedrajas de San Esteban, Aldea de San Miguel y Rueda<\/strong><\/em><\/h6><\/li><\/ul>\t\t\t\t\t\t\t\t<\/div>\n\t\t\t\t<div class=\"elementor-element elementor-element-71a380fd elementor-widget-divider--view-line elementor-widget elementor-widget-divider\" data-id=\"71a380fd\" data-element_type=\"widget\" data-e-type=\"widget\" data-widget_type=\"divider.default\">\n\t\t\t\t\t\t\t<div class=\"elementor-divider\">\n\t\t\t<span class=\"elementor-divider-separator\">\n\t\t\t\t\t\t<\/span>\n\t\t<\/div>\n\t\t\t\t\t\t<\/div>\n\t\t\t\t<div class=\"elementor-element elementor-element-2f04ea87 elementor-widget elementor-widget-image\" data-id=\"2f04ea87\" data-element_type=\"widget\" data-e-type=\"widget\" data-widget_type=\"image.default\">\n\t\t\t\t\t\t\t\t\t\t\t\t\t\t\t<img decoding=\"async\" width=\"800\" height=\"400\" src=\"https:\/\/pueblosycomarcas.com\/wp-content\/uploads\/2026\/04\/20260427_circuito_cinco_leguas.jpeg\" class=\"attachment-large size-large wp-image-10693\" alt=\"\" srcset=\"https:\/\/pueblosycomarcas.com\/wp-content\/uploads\/2026\/04\/20260427_circuito_cinco_leguas.jpeg 800w, https:\/\/pueblosycomarcas.com\/wp-content\/uploads\/2026\/04\/20260427_circuito_cinco_leguas-300x150.jpeg 300w, https:\/\/pueblosycomarcas.com\/wp-content\/uploads\/2026\/04\/20260427_circuito_cinco_leguas-768x384.jpeg 768w, https:\/\/pueblosycomarcas.com\/wp-content\/uploads\/2026\/04\/20260427_circuito_cinco_leguas-18x9.jpeg 18w\" sizes=\"(max-width: 800px) 100vw, 800px\" \/>\t\t\t\t\t\t\t\t\t\t\t\t\t\t\t<\/div>\n\t\t\t\t<div class=\"elementor-element elementor-element-3da993dd elementor-widget elementor-widget-text-editor\" data-id=\"3da993dd\" data-element_type=\"widget\" data-e-type=\"widget\" data-widget_type=\"text-editor.default\">\n\t\t\t\t\t\t\t\t\t<p><a href=\"https:\/\/www.facebook.com\/Pueblos-y-Comarcas-125437870924169\/?fref=ts\"><strong><em>Pueblosycomarcas.com<\/em><\/strong><\/a><strong><em>;&nbsp;<\/em><\/strong><a href=\"https:\/\/twitter.com\/PueblosComarcas\"><strong><em>@PueblosComarcas<\/em><\/strong><\/a><\/p>\n<p>La Diputaci\u00f3n de Valladolid celebra este domingo 26 de abril a las 11:00 horas, en Mucientes, la \u00faltima jornada del Circuito \u2018Las Cinco Leguas- Mayte Mart\u00ednez\u2019 que organiza la instituci\u00f3n provincial.<\/p>\n<p>Este evento, consolidado como una referencia del atletismo popular en Castilla y Le\u00f3n, comenz\u00f3 el 8 de marzo en Valoria de la Buena, y ha pasado por Pedrajas de San Esteban, Aldea de San Miguel, Rueda y, finalmente, Mucientes.<\/p>\n<p>La participaci\u00f3n ha superado las expectativas en todas las pruebas disputadas hasta la fecha. La legua de Valoria la Buena, que abre el circuito cada temporada, registr\u00f3 606 inscritos y 388 finishers adultos. Pedrajas de San Esteban aport\u00f3 457 inscritos con 377 clasificados; Aldea de San Miguel, 541 inscritos y 317 finishers; y Rueda, 498 inscritos y 297 clasificados. Para la clausura de Mucientes, este domingo 26 de abril, hay ya 506 corredores inscritos, lo que situar\u00e1 el total del circuito en los 2.608 participantes adultos.<\/p>\n<p>Las categor\u00edas infantiles \u2014desde SUB 6 hasta SUB 16\u2014 han aportado otro de los grandes atractivos de cada jornada. En cada municipio anfitri\u00f3n, las categor\u00edas de base han superado los cuatrocientos participantes por prueba. La filosof\u00eda del circuito es clara: nadie debe quedar fuera. Los m\u00e1s peque\u00f1os en las categor\u00edas no competitivas reciben medalla y el mensaje de que el deporte es para todos y a cualquier edad.<\/p>\n<h4><strong>LAS CINCO LEGUAS MAYTE MART\u00cdNEZ <\/strong><\/h4>\n<p>En esta competici\u00f3n puede participar cualquier aficionado al atletismo y al deporte popular en general, est\u00e9n o no federados. Las inscripciones pueden hacerse a trav\u00e9s de Runvasport y pueden ser individuales o por equipos.<\/p>\n<p>El circuito cuenta con un completo sistema de reconocimientos tanto en cada prueba individual como en el c\u00f3mputo final de la temporada. En cada legua, el campe\u00f3n y la campeona del d\u00eda reciben material deportivo y un lote de alimentos de la provincia de Valladolid. Los tres primeros y las tres primeras de cada categor\u00eda \u2014SUB-18, Senior, M\u00e1ster A, B, C, D, E, F y G\u2014 reciben igualmente material deportivo, y el mejor clasificado y la mejor clasificada de la localidad anfitriona obtienen su premio espec\u00edfico.<\/p>\n<p>En el circuito global, los campeones absolutos de la temporada se llevan trofeo y lote de alimentos vallisoletanos. Los equipos campeones masculino y femenino tambi\u00e9n tienen su reconocimiento. Y como colof\u00f3n a la temporada, el gran sorteo final de la legua de Mucientes premiar\u00e1 a uno de los participantes del circuito con un remo de gimnasio.<\/p>\n<p>La dimensi\u00f3n social del Circuito de las 5 Leguas \u00abMayte Mart\u00ednez\u00bb es tan consustancial a \u00e9l como el propio cron\u00f3metro. En esta edici\u00f3n, cada prueba ha designado una entidad beneficiaria de los donativos recaudados entre participantes y p\u00fablico, convirtiendo cada kil\u00f3metro en un gesto de apoyo a causas que merecen m\u00e1s visibilidad:<\/p>\n<p>Valoria la Buena: AECC \u2013 Asociaci\u00f3n Espa\u00f1ola contra el C\u00e1ncer<\/p>\n<p>Pedrajas de San Esteban: Sonrisa de Leire \u2013 Enfermedades Raras<\/p>\n<p>Aldea de San Miguel: Yin Cat<\/p>\n<p>Rueda: Manos Unidas y AECC<\/p>\n<p>Mucientes (26 de abril): Asociaci\u00f3n Sociocultural El Arco<\/p>\n<p>La Diputaci\u00f3n Provincial de Valladolid agradece a todas estas organizaciones su labor diaria y su disposici\u00f3n a formar parte del esp\u00edritu solidario que define este circuito. A quienes participan con sus donativos, el reconocimiento m\u00e1s sincero: el deporte tambi\u00e9n puede ser un acto de generosidad colectiva.<\/p>\n<p>Esta actividad es posible gracias a la colaboraci\u00f3n de los ayuntamientos participantes, a sus corporaciones y a los voluntarios de cada uno de ellos, porque sin su esfuerzo hubiera sido imposible llevar a cabo esta aventura. A la Guardia Civil, Protecci\u00f3n Civil y servicios m\u00e9dicos, que han velado siempre por la seguridad de los participantes. Y tambi\u00e9n, como no, a la Delegaci\u00f3n Vallisoletana de Atletismo, que aporta el control de las pruebas a trav\u00e9s de su Comit\u00e9 de Jueces.<\/p>\t\t\t\t\t\t\t\t<\/div>\n\t\t<div class=\"elementor-element elementor-element-724d0292 e-con-full e-flex wpr-particle-no wpr-jarallax-no wpr-parallax-no wpr-sticky-section-no wpr-equal-height-no e-con e-child\" data-id=\"724d0292\" data-element_type=\"container\" data-e-type=\"container\">\n\t\t\t\t<div class=\"elementor-element elementor-element-3debcedf elementor-widget elementor-widget-image\" data-id=\"3debcedf\" data-element_type=\"widget\" data-e-type=\"widget\" data-widget_type=\"image.default\">\n\t\t\t\t\t\t\t\t\t\t\t\t\t\t\t\t<a href=\"https:\/\/www.granjapinilla.com\/\">\n\t\t\t\t\t\t\t<img decoding=\"async\" width=\"639\" height=\"150\" src=\"https:\/\/pueblosycomarcas.com\/wp-content\/uploads\/2025\/07\/banner-granja-pinilla.jpg\" class=\"attachment-large size-large wp-image-105\" alt=\"\" srcset=\"https:\/\/pueblosycomarcas.com\/wp-content\/uploads\/2025\/07\/banner-granja-pinilla.jpg 639w, https:\/\/pueblosycomarcas.com\/wp-content\/uploads\/2025\/07\/banner-granja-pinilla-300x70.jpg 300w\" sizes=\"(max-width: 639px) 100vw, 639px\" \/>\t\t\t\t\t\t\t\t<\/a>\n\t\t\t\t\t\t\t\t\t\t\t\t\t\t\t<\/div>\n\t\t\t\t<\/div>\n\t\t\t\t\t<\/div>\n\t\t\t\t<\/div>\n\t\t\t\t<\/div>","protected":false},"excerpt":{"rendered":"<p>Deportes y ocio El presidente de la Diputaci\u00f3n asiste a la \u00faltima prueba del Circuito \u2018Las Cinco Leguas \u2013 Mayte Mart\u00ednez\u2019 Un recorrido que comenz\u00f3 el pasado 8 de marzo en Valoria de la Buena, y que ya ha pasado por otros municipios de la provincia como Pedrajas de San Esteban, Aldea de San Miguel y Rueda Pueblosycomarcas.com;&nbsp;@PueblosComarcas La Diputaci\u00f3n de Valladolid celebra este domingo 26 de abril a las 11:00 horas, en Mucientes, la \u00faltima jornada del Circuito \u2018Las Cinco Leguas- Mayte Mart\u00ednez\u2019 que organiza la instituci\u00f3n provincial. Este evento, consolidado como una referencia del atletismo popular en Castilla y Le\u00f3n, comenz\u00f3 el 8 de marzo en Valoria de la Buena, y ha pasado por Pedrajas de San Esteban, Aldea de San Miguel, Rueda y, finalmente, Mucientes. La participaci\u00f3n ha superado las expectativas en todas las pruebas disputadas hasta la fecha. La legua de Valoria la Buena, que abre el circuito cada temporada, registr\u00f3 606 inscritos y 388 finishers adultos. Pedrajas de San Esteban aport\u00f3 457 inscritos con 377 clasificados; Aldea de San Miguel, 541 inscritos y 317 finishers; y Rueda, 498 inscritos y 297 clasificados. Para la clausura de Mucientes, este domingo 26 de abril, hay ya 506 corredores inscritos, lo que situar\u00e1 el total del circuito en los 2.608 participantes adultos. Las categor\u00edas infantiles \u2014desde SUB 6 hasta SUB 16\u2014 han aportado otro de los grandes atractivos de cada jornada. En cada municipio anfitri\u00f3n, las categor\u00edas de base han superado los cuatrocientos participantes por prueba. La filosof\u00eda del circuito es clara: nadie debe quedar fuera. Los m\u00e1s peque\u00f1os en las categor\u00edas no competitivas reciben medalla y el mensaje de que el deporte es para todos y a cualquier edad. LAS CINCO LEGUAS MAYTE MART\u00cdNEZ En esta competici\u00f3n puede participar cualquier aficionado al atletismo y al deporte popular en general, est\u00e9n o no federados. Las inscripciones pueden hacerse a trav\u00e9s de Runvasport y pueden ser individuales o por equipos. El circuito cuenta con un completo sistema de reconocimientos tanto en cada prueba individual como en el c\u00f3mputo final de la temporada. En cada legua, el campe\u00f3n y la campeona del d\u00eda reciben material deportivo y un lote de alimentos de la provincia de Valladolid. Los tres primeros y las tres primeras de cada categor\u00eda \u2014SUB-18, Senior, M\u00e1ster A, B, C, D, E, F y G\u2014 reciben igualmente material deportivo, y el mejor clasificado y la mejor clasificada de la localidad anfitriona obtienen su premio espec\u00edfico. En el circuito global, los campeones absolutos de la temporada se llevan trofeo y lote de alimentos vallisoletanos. Los equipos campeones masculino y femenino tambi\u00e9n tienen su reconocimiento. Y como colof\u00f3n a la temporada, el gran sorteo final de la legua de Mucientes premiar\u00e1 a uno de los participantes del circuito con un remo de gimnasio. La dimensi\u00f3n social del Circuito de las 5 Leguas \u00abMayte Mart\u00ednez\u00bb es tan consustancial a \u00e9l como el propio cron\u00f3metro. En esta edici\u00f3n, cada prueba ha designado una entidad beneficiaria de los donativos recaudados entre participantes y p\u00fablico, convirtiendo cada kil\u00f3metro en un gesto de apoyo a causas que merecen m\u00e1s visibilidad: Valoria la Buena: AECC \u2013 Asociaci\u00f3n Espa\u00f1ola contra el C\u00e1ncer Pedrajas de San Esteban: Sonrisa de Leire \u2013 Enfermedades Raras Aldea de San Miguel: Yin Cat Rueda: Manos Unidas y AECC Mucientes (26 de abril): Asociaci\u00f3n Sociocultural El Arco La Diputaci\u00f3n Provincial de Valladolid agradece a todas estas organizaciones su labor diaria y su disposici\u00f3n a formar parte del esp\u00edritu solidario que define este circuito. A quienes participan con sus donativos, el reconocimiento m\u00e1s sincero: el deporte tambi\u00e9n puede ser un acto de generosidad colectiva. Esta actividad es posible gracias a la colaboraci\u00f3n de los ayuntamientos participantes, a sus corporaciones y a los voluntarios de cada uno de ellos, porque sin su esfuerzo hubiera sido imposible llevar a cabo esta aventura. A la Guardia Civil, Protecci\u00f3n Civil y servicios m\u00e9dicos, que han velado siempre por la seguridad de los participantes. Y tambi\u00e9n, como no, a la Delegaci\u00f3n Vallisoletana de Atletismo, que aporta el control de las pruebas a trav\u00e9s de su Comit\u00e9 de Jueces.<\/p>","protected":false},"author":2,"featured_media":10693,"comment_status":"open","ping_status":"closed","sticky":false,"template":"","format":"standard","meta":{"site-sidebar-layout":"default","site-content-layout":"","ast-site-content-layout":"default","site-content-style":"default","site-sidebar-style":"default","ast-global-header-display":"","ast-banner-title-visibility":"","ast-main-header-display":"","ast-hfb-above-header-display":"","ast-hfb-below-header-display":"","ast-hfb-mobile-header-display":"","site-post-title":"disabled","ast-breadcrumbs-content":"","ast-featured-img":"","footer-sml-layout":"","theme-transparent-header-meta":"","adv-header-id-meta":"","stick-header-meta":"","header-above-stick-meta":"","header-main-stick-meta":"","header-below-stick-meta":"","astra-migrate-meta-layouts":"default","ast-page-background-enabled":"default","ast-page-background-meta":{"desktop":{"background-color":"var(--ast-global-color-5)","background-image":"","background-repeat":"repeat","background-position":"center center","background-size":"auto","background-attachment":"scroll","background-type":"","background-media":"","overlay-type":"","overlay-color":"","overlay-opacity":"","overlay-gradient":""},"tablet":{"background-color":"","background-image":"","background-repeat":"repeat","background-position":"center center","background-size":"auto","background-attachment":"scroll","background-type":"","background-media":"","overlay-type":"","overlay-color":"","overlay-opacity":"","overlay-gradient":""},"mobile":{"background-color":"","background-image":"","background-repeat":"repeat","background-position":"center center","background-size":"auto","background-attachment":"scroll","background-type":"","background-media":"","overlay-type":"","overlay-color":"","overlay-opacity":"","overlay-gradient":""}},"ast-content-background-meta":{"desktop":{"background-color":"var(--ast-global-color-4)","background-image":"","background-repeat":"repeat","background-position":"center center","background-size":"auto","background-attachment":"scroll","background-type":"","background-media":"","overlay-type":"","overlay-color":"","overlay-opacity":"","overlay-gradient":""},"tablet":{"background-color":"var(--ast-global-color-4)","background-image":"","background-repeat":"repeat","background-position":"center center","background-size":"auto","background-attachment":"scroll","background-type":"","background-media":"","overlay-type":"","overlay-color":"","overlay-opacity":"","overlay-gradient":""},"mobile":{"background-color":"var(--ast-global-color-4)","background-image":"","background-repeat":"repeat","background-position":"center center","background-size":"auto","background-attachment":"scroll","background-type":"","background-media":"","overlay-type":"","overlay-color":"","overlay-opacity":"","overlay-gradient":""}},"ngg_post_thumbnail":0,"footnotes":""},"categories":[11,16],"tags":[419,26,358,42],"class_list":["post-10692","post","type-post","status-publish","format-standard","has-post-thumbnail","hentry","category-deportes-y-ocio","category-portada","tag-aldea-de-san-miguel","tag-diputacion-de-valladolid","tag-mucientes","tag-pedrajas-de-san-esteban"],"aioseo_notices":[],"rttpg_featured_image_url":{"full":["https:\/\/pueblosycomarcas.com\/wp-content\/uploads\/2026\/04\/20260427_circuito_cinco_leguas.jpeg",800,400,false],"landscape":["https:\/\/pueblosycomarcas.com\/wp-content\/uploads\/2026\/04\/20260427_circuito_cinco_leguas.jpeg",800,400,false],"portraits":["https:\/\/pueblosycomarcas.com\/wp-content\/uploads\/2026\/04\/20260427_circuito_cinco_leguas.jpeg",800,400,false],"thumbnail":["https:\/\/pueblosycomarcas.com\/wp-content\/uploads\/2026\/04\/20260427_circuito_cinco_leguas-150x150.jpeg",150,150,true],"medium":["https:\/\/pueblosycomarcas.com\/wp-content\/uploads\/2026\/04\/20260427_circuito_cinco_leguas-300x150.jpeg",300,150,true],"large":["https:\/\/pueblosycomarcas.com\/wp-content\/uploads\/2026\/04\/20260427_circuito_cinco_leguas.jpeg",800,400,false],"1536x1536":["https:\/\/pueblosycomarcas.com\/wp-content\/uploads\/2026\/04\/20260427_circuito_cinco_leguas.jpeg",800,400,false],"2048x2048":["https:\/\/pueblosycomarcas.com\/wp-content\/uploads\/2026\/04\/20260427_circuito_cinco_leguas.jpeg",800,400,false],"trp-custom-language-flag":["https:\/\/pueblosycomarcas.com\/wp-content\/uploads\/2026\/04\/20260427_circuito_cinco_leguas-18x9.jpeg",18,9,true]},"rttpg_author":{"display_name":"Juanjo","author_link":"https:\/\/pueblosycomarcas.com\/en\/author\/pueblosycomarcas\/"},"rttpg_comment":0,"rttpg_category":"<a href=\"https:\/\/pueblosycomarcas.com\/en\/category\/deportes-y-ocio\/\" rel=\"category tag\">Deporte y Ocio<\/a> <a href=\"https:\/\/pueblosycomarcas.com\/en\/category\/portada\/\" rel=\"category tag\">Portada<\/a>","rttpg_excerpt":"Deportes y ocio El presidente de la Diputaci\u00f3n asiste a la \u00faltima prueba del Circuito \u2018Las Cinco Leguas \u2013 Mayte Mart\u00ednez\u2019 Un recorrido que comenz\u00f3 el pasado 8 de marzo en Valoria de la Buena, y que ya ha pasado por otros municipios de la provincia como Pedrajas de San Esteban, Aldea de San Miguel&hellip;","_links":{"self":[{"href":"https:\/\/pueblosycomarcas.com\/en\/wp-json\/wp\/v2\/posts\/10692","targetHints":{"allow":["GET"]}}],"collection":[{"href":"https:\/\/pueblosycomarcas.com\/en\/wp-json\/wp\/v2\/posts"}],"about":[{"href":"https:\/\/pueblosycomarcas.com\/en\/wp-json\/wp\/v2\/types\/post"}],"author":[{"embeddable":true,"href":"https:\/\/pueblosycomarcas.com\/en\/wp-json\/wp\/v2\/users\/2"}],"replies":[{"embeddable":true,"href":"https:\/\/pueblosycomarcas.com\/en\/wp-json\/wp\/v2\/comments?post=10692"}],"version-history":[{"count":8,"href":"https:\/\/pueblosycomarcas.com\/en\/wp-json\/wp\/v2\/posts\/10692\/revisions"}],"predecessor-version":[{"id":10704,"href":"https:\/\/pueblosycomarcas.com\/en\/wp-json\/wp\/v2\/posts\/10692\/revisions\/10704"}],"wp:featuredmedia":[{"embeddable":true,"href":"https:\/\/pueblosycomarcas.com\/en\/wp-json\/wp\/v2\/media\/10693"}],"wp:attachment":[{"href":"https:\/\/pueblosycomarcas.com\/en\/wp-json\/wp\/v2\/media?parent=10692"}],"wp:term":[{"taxonomy":"category","embeddable":true,"href":"https:\/\/pueblosycomarcas.com\/en\/wp-json\/wp\/v2\/categories?post=10692"},{"taxonomy":"post_tag","embeddable":true,"href":"https:\/\/pueblosycomarcas.com\/en\/wp-json\/wp\/v2\/tags?post=10692"}],"curies":[{"name":"wp","href":"https:\/\/api.w.org\/{rel}","templated":true}]}}