{"id":10685,"date":"2026-04-27T05:05:00","date_gmt":"2026-04-27T04:05:00","guid":{"rendered":"https:\/\/pueblosycomarcas.com\/?p=10685"},"modified":"2026-04-26T06:39:07","modified_gmt":"2026-04-26T05:39:07","slug":"ser-un-hombre-de-lucas-parra-se-alza-con-el-roel-de-oro-y-el-premio-a-la-mejor-fotografia-de-la-39-secime","status":"publish","type":"post","link":"https:\/\/pueblosycomarcas.com\/en\/ser-un-hombre-de-lucas-parra-se-alza-con-el-roel-de-oro-y-el-premio-a-la-mejor-fotografia-de-la-39-secime\/","title":{"rendered":"\u2018Ser un hombre\u2019, de Lucas Parra, se alza con el Roel de Oro y el Premio a la Mejor Fotograf\u00eda de la 39 SECIME"},"content":{"rendered":"<div data-elementor-type=\"wp-post\" data-elementor-id=\"10685\" class=\"elementor elementor-10685\">\n\t\t\t\t<div class=\"elementor-element elementor-element-516f9adf e-flex e-con-boxed wpr-particle-no wpr-jarallax-no wpr-parallax-no wpr-sticky-section-no wpr-equal-height-no e-con e-parent\" data-id=\"516f9adf\" data-element_type=\"container\" data-e-type=\"container\">\n\t\t\t\t\t<div class=\"e-con-inner\">\n\t\t\t\t<div class=\"elementor-element elementor-element-227fc6cb elementor-widget elementor-widget-image\" data-id=\"227fc6cb\" data-element_type=\"widget\" data-e-type=\"widget\" data-widget_type=\"image.default\">\n\t\t\t\t\t\t\t\t\t\t\t\t\t\t\t\t<a href=\"https:\/\/www.termicasalfonso.es\/\">\n\t\t\t\t\t\t\t<img fetchpriority=\"high\" decoding=\"async\" width=\"400\" height=\"220\" src=\"https:\/\/pueblosycomarcas.com\/wp-content\/uploads\/2025\/07\/banner-instalaciones-alfonso.jpg\" class=\"attachment-large size-large wp-image-107\" alt=\"\" srcset=\"https:\/\/pueblosycomarcas.com\/wp-content\/uploads\/2025\/07\/banner-instalaciones-alfonso.jpg 400w, https:\/\/pueblosycomarcas.com\/wp-content\/uploads\/2025\/07\/banner-instalaciones-alfonso-300x165.jpg 300w\" sizes=\"(max-width: 400px) 100vw, 400px\" \/>\t\t\t\t\t\t\t\t<\/a>\n\t\t\t\t\t\t\t\t\t\t\t\t\t\t\t<\/div>\n\t\t\t\t<div class=\"elementor-element elementor-element-7cfe8a6d elementor-widget elementor-widget-text-editor\" data-id=\"7cfe8a6d\" data-element_type=\"widget\" data-e-type=\"widget\" data-widget_type=\"text-editor.default\">\n\t\t\t\t\t\t\t\t\t<ul><li><h6><strong><em>Cultura y tradici\u00f3n<\/em><\/strong><\/h6><\/li><\/ul>\t\t\t\t\t\t\t\t<\/div>\n\t\t\t\t<div class=\"elementor-element elementor-element-20b37836 elementor-widget elementor-widget-heading\" data-id=\"20b37836\" data-element_type=\"widget\" data-e-type=\"widget\" data-widget_type=\"heading.default\">\n\t\t\t\t\t<h2 class=\"elementor-heading-title elementor-size-default\">\u2018Ser un hombre\u2019, de Lucas Parra, se alza con el Roel de Oro y el Premio a la Mejor Fotograf\u00eda de la 39 SECIME<\/h2>\t\t\t\t<\/div>\n\t\t\t\t<div class=\"elementor-element elementor-element-74fe568e elementor-widget elementor-widget-text-editor\" data-id=\"74fe568e\" data-element_type=\"widget\" data-e-type=\"widget\" data-widget_type=\"text-editor.default\">\n\t\t\t\t\t\t\t\t\t<ul><li><h6><em><strong>El Roel de Plata de este a\u00f1o ha reca\u00eddo en \u2018Cara de cona\u2019, de Guillermo de Oliveira, que tambi\u00e9n hace doblete al lograr el Premio al Mejor Vestuario<\/strong><\/em><\/h6><\/li><\/ul>\t\t\t\t\t\t\t\t<\/div>\n\t\t\t\t<div class=\"elementor-element elementor-element-11e345e7 elementor-widget-divider--view-line elementor-widget elementor-widget-divider\" data-id=\"11e345e7\" data-element_type=\"widget\" data-e-type=\"widget\" data-widget_type=\"divider.default\">\n\t\t\t\t\t\t\t<div class=\"elementor-divider\">\n\t\t\t<span class=\"elementor-divider-separator\">\n\t\t\t\t\t\t<\/span>\n\t\t<\/div>\n\t\t\t\t\t\t<\/div>\n\t\t\t\t<div class=\"elementor-element elementor-element-4d8b0077 elementor-widget elementor-widget-image\" data-id=\"4d8b0077\" data-element_type=\"widget\" data-e-type=\"widget\" data-widget_type=\"image.default\">\n\t\t\t\t\t\t\t\t\t\t\t\t\t\t\t<img decoding=\"async\" width=\"800\" height=\"400\" src=\"https:\/\/pueblosycomarcas.com\/wp-content\/uploads\/2026\/04\/25042026_SECIME_Clausura.jpg\" class=\"attachment-large size-large wp-image-10686\" alt=\"\" srcset=\"https:\/\/pueblosycomarcas.com\/wp-content\/uploads\/2026\/04\/25042026_SECIME_Clausura.jpg 800w, https:\/\/pueblosycomarcas.com\/wp-content\/uploads\/2026\/04\/25042026_SECIME_Clausura-300x150.jpg 300w, https:\/\/pueblosycomarcas.com\/wp-content\/uploads\/2026\/04\/25042026_SECIME_Clausura-768x384.jpg 768w, https:\/\/pueblosycomarcas.com\/wp-content\/uploads\/2026\/04\/25042026_SECIME_Clausura-18x9.jpg 18w\" sizes=\"(max-width: 800px) 100vw, 800px\" \/>\t\t\t\t\t\t\t\t\t\t\t\t\t\t\t<\/div>\n\t\t\t\t<div class=\"elementor-element elementor-element-1a6117e2 elementor-widget elementor-widget-text-editor\" data-id=\"1a6117e2\" data-element_type=\"widget\" data-e-type=\"widget\" data-widget_type=\"text-editor.default\">\n\t\t\t\t\t\t\t\t\t<p><a href=\"https:\/\/www.facebook.com\/Pueblos-y-Comarcas-125437870924169\/?fref=ts\"><em><strong>Pueblosycomarcas.com<\/strong><\/em><\/a><em><strong>;&nbsp;<\/strong><\/em><a href=\"https:\/\/twitter.com\/PueblosComarcas\"><em><strong>@PueblosComarcas<\/strong><\/em><\/a><\/p>\n<p>El <strong>Roel de Oro<\/strong> de la 39 Semana de Cine de Medina del Campo (SECIME) ha reca\u00eddo en el corto <strong>\u2018Ser un hombre\u2019, de Lucas Parra<\/strong>. La historia, que adem\u00e1s ha conseguido tambi\u00e9n el <strong>Premio a la Mejor Fotograf\u00eda <\/strong>para <strong>Dani Benejar<\/strong>, est\u00e1 protagonizada por Miguelito, un ni\u00f1o de siete a\u00f1os que pierde su inocencia tras acompa\u00f1ar a su padre y a su abuelo durante una jornada de caza. El director galardonado, profesor en la ESCAC, se encuentra actualmente inmerso en el desarrollo de dos largometrajes y compagina la docencia y el cine con la publicidad, ya que trabaja para las productoras MammaTeam (Roma) y RadicalMedia (Berl\u00edn).<\/p>\n<p>Los dos galardones que ha cosechado \u2018Ser un hombre\u2019 han sido fallados por el jurado del 34 Certamen Nacional de Cortometrajes, que ha estado compuesto por la actriz Luisa Gavasa, el guionista y director Daniel S\u00e1nchez Ar\u00e9valo _que en la pasada edici\u00f3n logr\u00f3 el Roel de Oro por \u2018Pipiolos\u2019_, la actriz Raquel Guerrero, el productor David Casas y el director del festival \u2018Octubre Corto\u2019, Chechu Le\u00f3n. Estos profesionales han premiado adem\u00e1s con el <strong>Roel de Plata<\/strong> el corto de <strong>Guillermo de Oliveira \u2018Cara de cona\u2019<\/strong>, cinta ambientada en la Galicia rural donde un hombre decide planear el crimen perfecto, que tambi\u00e9n ha conseguido el galard\u00f3n a <strong>Mejor Vestuario<\/strong>.<\/p>\n<p>Dentro de la categor\u00eda de cine <strong>documental,<\/strong> el trabajo ganador ha sido <strong>\u2018El ress\u00f3 de la mirada\u2019<\/strong>, en el que el director<strong> Carles Bover <\/strong>rescata im\u00e1genes rodadas hace 10 a\u00f1os en Gaza para firmar una historia sobre el dolor, la culpa y la responsabilidad. Por su parte, <strong>\u2018Pinchu es as\u00ed\u2019, de Carmen C\u00f3rdoba<\/strong>, una narraci\u00f3n sobre la justificaci\u00f3n de comportamientos inapropiados, ha logrado el <strong>Premio al Mejor Cortometraje de Animaci\u00f3n<\/strong>. El <strong>Roel a la Mejor Direcci\u00f3n<\/strong> ha reca\u00eddo en <strong>Polo Men\u00e1rguez<\/strong> gracias a su cinta <strong>\u2018Una vocal\u2019<\/strong>, protagonizada por una hija y una madre que se enfrentan a dolorosos recuerdos familiares en la sala de espera de un anat\u00f3mico forense.<\/p>\n<p>En el apartado de interpretaci\u00f3n, <strong>Carlos Manuel D\u00edaz<\/strong> ha sido elegido <strong>Mejor Actor<\/strong> por su papel en <strong>\u2018Faustino\u2019, de Germ\u00e1n Mair\u00e9n<\/strong>, y <strong>Cristina Soria Mejor Actriz<\/strong> por <strong>\u2018In memoriam\u2019, de Teresa Bell\u00f3n y C\u00e9sar F. Calvillo<\/strong>. Este \u00faltimo corto lograba tambi\u00e9n el <strong>Premio del P\u00fablico<\/strong>, el <strong>Premio a Mejor Guion y el Premio del Blog del Cine Espa\u00f1ol<\/strong> por una historia sobre la crisis de los 40 en una actriz. El palmar\u00e9s del jurado oficial del Certamen Nacional de Cortometrajes se completa con los Roeles a la <strong>m\u00fasica original<\/strong> para <strong>Vicent Barri\u00e9re por \u2018Cotton Candy<\/strong>\u2019, de Ad\u00e1n Aliaga; <strong>Mejor montaje <\/strong>para <strong>Gen\u00eds Bar\u00f3 por \u2018El pr\u00edncipe nigeriano\u2019<\/strong>, de Marcel Sesplugues; y <strong>Mejor sonido <\/strong>para <strong>Sergi Vizca\u00edno y Edgar Vidal por \u2018Davi\u2019<\/strong>, de J\u00falia Gonz\u00e1lez.<\/p>\n<p>Por su parte, el <strong>Jurado Joven<\/strong> de la 39 SECIME ha elegido como <strong>Mejor Cortometraje<\/strong> <strong>\u2018Pordentro\u2019, de \u00c1lvaro G. Company y Mario H\u00e9rn\u00e1ndez<\/strong>.<\/p>\n<h4><strong>GALARDONES DE OTRAS SECCIONES<\/strong><\/h4>\n<p>Los int\u00e9rpretes \u00d3scar de la Fuente, Alfredo Noval y Mar\u00eda San Miguel han sido los encargados de elegir el trabajo ganador en la categor\u00eda de <strong>cortometraje de Castilla y Le\u00f3n: \u2018Loquita por ti\u2019, de Greta D\u00edaz<\/strong>, cinta sobre el amor adolescente ambientada en una capea donde las cosas con el chico que le gusta no suceden como la protagonista, Alma, hab\u00eda imaginado. En cuanto al <strong>mejor filme de g\u00e9nero fant\u00e1stico<\/strong>, dentro del ciclo <strong>Fantasmedina<\/strong>, el p\u00fablico asistente coron\u00f3 a <strong>\u2018P\u00e1lpito\u2019<\/strong>, <strong>de Marisa Crespo y Mois\u00e9s Romera.<\/strong><\/p>\n<p>El <strong>primer premio del 29 Certamen Internacional de Cortometrajes<\/strong> ha reca\u00eddo en <strong>\u2018Pres\u00e9pio (El pesebre)\u2019<\/strong>, de Felipe Bibian (Brasil), decisi\u00f3n que ha tomado el jurado compuesto por la guionista, directora y productora Sonia Bautista, el director y guionista Jos\u00e9 Mar\u00eda Flores, y la directora y productora Mich\u00e8le Mass\u00e9. El corto iran\u00ed <strong>\u2018Gharghalan\u2019<\/strong>, de Hamid Kermani, ha sido el trabajo ganador del <strong>segundo premio<\/strong>.<\/p>\n<p>De entre los 16 trabajos presentados al <strong>22 Certamen Nacional de Videoclips<\/strong>, el jurado que han conformado la artista, gestora y comisaria cultural Mar\u00eda Eguizabal, el compositor y productor Alberto Torres y el realizador audiovisual y director de fotograf\u00eda \u00c1lvaro Sainz ha elegido como <strong>ganador<\/strong> al v\u00eddeo musical <strong>\u2018Te am\u00e9\u2019<\/strong>, de Mar\u00eda Rodes junto a Sole\u00e1 Morente y Nieves L\u00e1zaro, <strong>dirigido por Carlos Alonso<\/strong>.<\/p>\n<h4><strong>PROYECTOS, MARAT\u00d3N Y MENCIONES<\/strong><\/h4>\n<p>La SECIME contin\u00faa una edici\u00f3n m\u00e1s con su apoyo a la producci\u00f3n mediante el <strong>Concurso Nacional de Proyectos de Cortometrajes<\/strong>, que permitir\u00e1 el rodaje de dos trabajos. As\u00ed, los dos elegidos por el jurado _formado por el coordinador del festival de 1988 a 2024, Eduardo L\u00f3pez; la directora del departamento de cortometrajes de Movistar Plus, Guadalupe Arensburg; y el t\u00e9cnico de sonido David Rodr\u00edguez_ han sido <strong>\u2018Las cosas\u2019, de Eva V\u00e1zquez de Reoyo<\/strong>, y<strong> \u2018Monstruo\u2019, de Ingrid Garc\u00eda Jonsson<\/strong>. Finalmente, el premio de la <strong>22 Marat\u00f3n EIMA Medina Plat\u00f3 de Cine<\/strong> ha reca\u00eddo en <strong>\u2018All\u00ed donde sol\u00edamos gritar\u2019, de Juan Carrascal.<\/strong><\/p>\n<p>El palmar\u00e9s de esta 39 edici\u00f3n se cierra con las <strong>menciones<\/strong> que han otorgado los distintos jurados populares. El cortometraje <strong>\u2018Cara de cona\u2019, de Guillermo de Oliveira<\/strong>, que se ha alzado con el Roel de Plata, ha conseguido la <strong>menci\u00f3n de la Mancomunidad Tierras de Medina<\/strong> porque es el que mejor refleja los valores humanos y sociales y la <strong>menci\u00f3n \u2018Mirada de autor\u2019 de la Asociaci\u00f3n de Cineastas Aficionados Medinenses<\/strong> por su gran calidad t\u00e9cnica y art\u00edstica.<\/p>\n<p>Tambi\u00e9n han coincidido en su reconocimiento los alumnos de la <strong>Universidad de la Experiencia de la Universidad Europea Miguel de Cervantes (UEMC)<\/strong> y los distintos <strong>colectivos de mujeres<\/strong> de Medina del Campo, ya que han decidido destacar el trabajo <strong>\u2018Pordentro\u2019, de \u00c1lvaro G. Company y Mario Hern\u00e1ndez<\/strong>, con las respectivas <strong>menciones<\/strong> <strong>\u2018Miradas de Espa\u00f1a\u2019<\/strong> por su reflejo del presente, el pasado o el futuro de la sociedad espa\u00f1ola <strong>y \u2018Mirada femenina\u2019<\/strong> por conectar con esta visi\u00f3n del mundo. Finalmente, <strong>\u2018Faustino\u2019, de Germ\u00e1n Mair\u00e9n<\/strong>, se ha alzado con la menci\u00f3n <strong>\u2018Memoria y vida\u2019<\/strong> al trabajo que mejor conecta con la experiencia humana a lo largo del tiempo (del <strong>centro de mayores \u2018Mayorazgo de Montalvo\u2019<\/strong>) y la <strong>menci\u00f3n de ASCEDIS<\/strong> por transmitir una mirada aut\u00e9ntica y significativa sobre el mundo desde la sensibilidad y la diversidad.<\/p>\t\t\t\t\t\t\t\t<\/div>\n\t\t<div class=\"elementor-element elementor-element-6396336f e-con-full e-flex wpr-particle-no wpr-jarallax-no wpr-parallax-no wpr-sticky-section-no wpr-equal-height-no e-con e-child\" data-id=\"6396336f\" data-element_type=\"container\" data-e-type=\"container\">\n\t\t\t\t<div class=\"elementor-element elementor-element-222b7491 elementor-widget elementor-widget-image\" data-id=\"222b7491\" data-element_type=\"widget\" data-e-type=\"widget\" data-widget_type=\"image.default\">\n\t\t\t\t\t\t\t\t\t\t\t\t\t\t\t\t<a href=\"https:\/\/www.granjapinilla.com\/\">\n\t\t\t\t\t\t\t<img decoding=\"async\" width=\"639\" height=\"150\" src=\"https:\/\/pueblosycomarcas.com\/wp-content\/uploads\/2025\/07\/banner-granja-pinilla.jpg\" class=\"attachment-large size-large wp-image-105\" alt=\"\" srcset=\"https:\/\/pueblosycomarcas.com\/wp-content\/uploads\/2025\/07\/banner-granja-pinilla.jpg 639w, https:\/\/pueblosycomarcas.com\/wp-content\/uploads\/2025\/07\/banner-granja-pinilla-300x70.jpg 300w\" sizes=\"(max-width: 639px) 100vw, 639px\" \/>\t\t\t\t\t\t\t\t<\/a>\n\t\t\t\t\t\t\t\t\t\t\t\t\t\t\t<\/div>\n\t\t\t\t<\/div>\n\t\t\t\t\t<\/div>\n\t\t\t\t<\/div>\n\t\t\t\t<\/div>","protected":false},"excerpt":{"rendered":"<p>Cultura y tradici\u00f3n \u2018Ser un hombre\u2019, de Lucas Parra, se alza con el Roel de Oro y el Premio a la Mejor Fotograf\u00eda de la 39 SECIME El Roel de Plata de este a\u00f1o ha reca\u00eddo en \u2018Cara de cona\u2019, de Guillermo de Oliveira, que tambi\u00e9n hace doblete al lograr el Premio al Mejor Vestuario Pueblosycomarcas.com;&nbsp;@PueblosComarcas El Roel de Oro de la 39 Semana de Cine de Medina del Campo (SECIME) ha reca\u00eddo en el corto \u2018Ser un hombre\u2019, de Lucas Parra. La historia, que adem\u00e1s ha conseguido tambi\u00e9n el Premio a la Mejor Fotograf\u00eda para Dani Benejar, est\u00e1 protagonizada por Miguelito, un ni\u00f1o de siete a\u00f1os que pierde su inocencia tras acompa\u00f1ar a su padre y a su abuelo durante una jornada de caza. El director galardonado, profesor en la ESCAC, se encuentra actualmente inmerso en el desarrollo de dos largometrajes y compagina la docencia y el cine con la publicidad, ya que trabaja para las productoras MammaTeam (Roma) y RadicalMedia (Berl\u00edn). Los dos galardones que ha cosechado \u2018Ser un hombre\u2019 han sido fallados por el jurado del 34 Certamen Nacional de Cortometrajes, que ha estado compuesto por la actriz Luisa Gavasa, el guionista y director Daniel S\u00e1nchez Ar\u00e9valo _que en la pasada edici\u00f3n logr\u00f3 el Roel de Oro por \u2018Pipiolos\u2019_, la actriz Raquel Guerrero, el productor David Casas y el director del festival \u2018Octubre Corto\u2019, Chechu Le\u00f3n. Estos profesionales han premiado adem\u00e1s con el Roel de Plata el corto de Guillermo de Oliveira \u2018Cara de cona\u2019, cinta ambientada en la Galicia rural donde un hombre decide planear el crimen perfecto, que tambi\u00e9n ha conseguido el galard\u00f3n a Mejor Vestuario. Dentro de la categor\u00eda de cine documental, el trabajo ganador ha sido \u2018El ress\u00f3 de la mirada\u2019, en el que el director Carles Bover rescata im\u00e1genes rodadas hace 10 a\u00f1os en Gaza para firmar una historia sobre el dolor, la culpa y la responsabilidad. Por su parte, \u2018Pinchu es as\u00ed\u2019, de Carmen C\u00f3rdoba, una narraci\u00f3n sobre la justificaci\u00f3n de comportamientos inapropiados, ha logrado el Premio al Mejor Cortometraje de Animaci\u00f3n. El Roel a la Mejor Direcci\u00f3n ha reca\u00eddo en Polo Men\u00e1rguez gracias a su cinta \u2018Una vocal\u2019, protagonizada por una hija y una madre que se enfrentan a dolorosos recuerdos familiares en la sala de espera de un anat\u00f3mico forense. En el apartado de interpretaci\u00f3n, Carlos Manuel D\u00edaz ha sido elegido Mejor Actor por su papel en \u2018Faustino\u2019, de Germ\u00e1n Mair\u00e9n, y Cristina Soria Mejor Actriz por \u2018In memoriam\u2019, de Teresa Bell\u00f3n y C\u00e9sar F. Calvillo. Este \u00faltimo corto lograba tambi\u00e9n el Premio del P\u00fablico, el Premio a Mejor Guion y el Premio del Blog del Cine Espa\u00f1ol por una historia sobre la crisis de los 40 en una actriz. El palmar\u00e9s del jurado oficial del Certamen Nacional de Cortometrajes se completa con los Roeles a la m\u00fasica original para Vicent Barri\u00e9re por \u2018Cotton Candy\u2019, de Ad\u00e1n Aliaga; Mejor montaje para Gen\u00eds Bar\u00f3 por \u2018El pr\u00edncipe nigeriano\u2019, de Marcel Sesplugues; y Mejor sonido para Sergi Vizca\u00edno y Edgar Vidal por \u2018Davi\u2019, de J\u00falia Gonz\u00e1lez. Por su parte, el Jurado Joven de la 39 SECIME ha elegido como Mejor Cortometraje \u2018Pordentro\u2019, de \u00c1lvaro G. Company y Mario H\u00e9rn\u00e1ndez. GALARDONES DE OTRAS SECCIONES Los int\u00e9rpretes \u00d3scar de la Fuente, Alfredo Noval y Mar\u00eda San Miguel han sido los encargados de elegir el trabajo ganador en la categor\u00eda de cortometraje de Castilla y Le\u00f3n: \u2018Loquita por ti\u2019, de Greta D\u00edaz, cinta sobre el amor adolescente ambientada en una capea donde las cosas con el chico que le gusta no suceden como la protagonista, Alma, hab\u00eda imaginado. En cuanto al mejor filme de g\u00e9nero fant\u00e1stico, dentro del ciclo Fantasmedina, el p\u00fablico asistente coron\u00f3 a \u2018P\u00e1lpito\u2019, de Marisa Crespo y Mois\u00e9s Romera. El primer premio del 29 Certamen Internacional de Cortometrajes ha reca\u00eddo en \u2018Pres\u00e9pio (El pesebre)\u2019, de Felipe Bibian (Brasil), decisi\u00f3n que ha tomado el jurado compuesto por la guionista, directora y productora Sonia Bautista, el director y guionista Jos\u00e9 Mar\u00eda Flores, y la directora y productora Mich\u00e8le Mass\u00e9. El corto iran\u00ed \u2018Gharghalan\u2019, de Hamid Kermani, ha sido el trabajo ganador del segundo premio. De entre los 16 trabajos presentados al 22 Certamen Nacional de Videoclips, el jurado que han conformado la artista, gestora y comisaria cultural Mar\u00eda Eguizabal, el compositor y productor Alberto Torres y el realizador audiovisual y director de fotograf\u00eda \u00c1lvaro Sainz ha elegido como ganador al v\u00eddeo musical \u2018Te am\u00e9\u2019, de Mar\u00eda Rodes junto a Sole\u00e1 Morente y Nieves L\u00e1zaro, dirigido por Carlos Alonso. PROYECTOS, MARAT\u00d3N Y MENCIONES La SECIME contin\u00faa una edici\u00f3n m\u00e1s con su apoyo a la producci\u00f3n mediante el Concurso Nacional de Proyectos de Cortometrajes, que permitir\u00e1 el rodaje de dos trabajos. As\u00ed, los dos elegidos por el jurado _formado por el coordinador del festival de 1988 a 2024, Eduardo L\u00f3pez; la directora del departamento de cortometrajes de Movistar Plus, Guadalupe Arensburg; y el t\u00e9cnico de sonido David Rodr\u00edguez_ han sido \u2018Las cosas\u2019, de Eva V\u00e1zquez de Reoyo, y \u2018Monstruo\u2019, de Ingrid Garc\u00eda Jonsson. Finalmente, el premio de la 22 Marat\u00f3n EIMA Medina Plat\u00f3 de Cine ha reca\u00eddo en \u2018All\u00ed donde sol\u00edamos gritar\u2019, de Juan Carrascal. El palmar\u00e9s de esta 39 edici\u00f3n se cierra con las menciones que han otorgado los distintos jurados populares. El cortometraje \u2018Cara de cona\u2019, de Guillermo de Oliveira, que se ha alzado con el Roel de Plata, ha conseguido la menci\u00f3n de la Mancomunidad Tierras de Medina porque es el que mejor refleja los valores humanos y sociales y la menci\u00f3n \u2018Mirada de autor\u2019 de la Asociaci\u00f3n de Cineastas Aficionados Medinenses por su gran calidad t\u00e9cnica y art\u00edstica. Tambi\u00e9n han coincidido en su reconocimiento los alumnos de la Universidad de la Experiencia de la Universidad Europea Miguel de Cervantes (UEMC) y los distintos colectivos de mujeres de Medina del Campo, ya que han decidido destacar el trabajo \u2018Pordentro\u2019, de \u00c1lvaro G. Company y Mario Hern\u00e1ndez, con las respectivas menciones \u2018Miradas de Espa\u00f1a\u2019 por su reflejo del presente, el pasado o el futuro de la sociedad espa\u00f1ola y \u2018Mirada femenina\u2019 por<\/p>","protected":false},"author":2,"featured_media":10686,"comment_status":"open","ping_status":"closed","sticky":false,"template":"","format":"standard","meta":{"site-sidebar-layout":"default","site-content-layout":"","ast-site-content-layout":"default","site-content-style":"default","site-sidebar-style":"default","ast-global-header-display":"","ast-banner-title-visibility":"","ast-main-header-display":"","ast-hfb-above-header-display":"","ast-hfb-below-header-display":"","ast-hfb-mobile-header-display":"","site-post-title":"disabled","ast-breadcrumbs-content":"","ast-featured-img":"","footer-sml-layout":"","theme-transparent-header-meta":"","adv-header-id-meta":"","stick-header-meta":"","header-above-stick-meta":"","header-main-stick-meta":"","header-below-stick-meta":"","astra-migrate-meta-layouts":"default","ast-page-background-enabled":"default","ast-page-background-meta":{"desktop":{"background-color":"var(--ast-global-color-5)","background-image":"","background-repeat":"repeat","background-position":"center center","background-size":"auto","background-attachment":"scroll","background-type":"","background-media":"","overlay-type":"","overlay-color":"","overlay-opacity":"","overlay-gradient":""},"tablet":{"background-color":"","background-image":"","background-repeat":"repeat","background-position":"center center","background-size":"auto","background-attachment":"scroll","background-type":"","background-media":"","overlay-type":"","overlay-color":"","overlay-opacity":"","overlay-gradient":""},"mobile":{"background-color":"","background-image":"","background-repeat":"repeat","background-position":"center center","background-size":"auto","background-attachment":"scroll","background-type":"","background-media":"","overlay-type":"","overlay-color":"","overlay-opacity":"","overlay-gradient":""}},"ast-content-background-meta":{"desktop":{"background-color":"var(--ast-global-color-4)","background-image":"","background-repeat":"repeat","background-position":"center center","background-size":"auto","background-attachment":"scroll","background-type":"","background-media":"","overlay-type":"","overlay-color":"","overlay-opacity":"","overlay-gradient":""},"tablet":{"background-color":"var(--ast-global-color-4)","background-image":"","background-repeat":"repeat","background-position":"center center","background-size":"auto","background-attachment":"scroll","background-type":"","background-media":"","overlay-type":"","overlay-color":"","overlay-opacity":"","overlay-gradient":""},"mobile":{"background-color":"var(--ast-global-color-4)","background-image":"","background-repeat":"repeat","background-position":"center center","background-size":"auto","background-attachment":"scroll","background-type":"","background-media":"","overlay-type":"","overlay-color":"","overlay-opacity":"","overlay-gradient":""}},"ngg_post_thumbnail":0,"footnotes":""},"categories":[14,16],"tags":[333],"class_list":["post-10685","post","type-post","status-publish","format-standard","has-post-thumbnail","hentry","category-cultura-y-tradicion","category-portada","tag-semana-de-cine-de-medina-del-campo"],"aioseo_notices":[],"rttpg_featured_image_url":{"full":["https:\/\/pueblosycomarcas.com\/wp-content\/uploads\/2026\/04\/25042026_SECIME_Clausura.jpg",800,400,false],"landscape":["https:\/\/pueblosycomarcas.com\/wp-content\/uploads\/2026\/04\/25042026_SECIME_Clausura.jpg",800,400,false],"portraits":["https:\/\/pueblosycomarcas.com\/wp-content\/uploads\/2026\/04\/25042026_SECIME_Clausura.jpg",800,400,false],"thumbnail":["https:\/\/pueblosycomarcas.com\/wp-content\/uploads\/2026\/04\/25042026_SECIME_Clausura-150x150.jpg",150,150,true],"medium":["https:\/\/pueblosycomarcas.com\/wp-content\/uploads\/2026\/04\/25042026_SECIME_Clausura-300x150.jpg",300,150,true],"large":["https:\/\/pueblosycomarcas.com\/wp-content\/uploads\/2026\/04\/25042026_SECIME_Clausura.jpg",800,400,false],"1536x1536":["https:\/\/pueblosycomarcas.com\/wp-content\/uploads\/2026\/04\/25042026_SECIME_Clausura.jpg",800,400,false],"2048x2048":["https:\/\/pueblosycomarcas.com\/wp-content\/uploads\/2026\/04\/25042026_SECIME_Clausura.jpg",800,400,false],"trp-custom-language-flag":["https:\/\/pueblosycomarcas.com\/wp-content\/uploads\/2026\/04\/25042026_SECIME_Clausura-18x9.jpg",18,9,true]},"rttpg_author":{"display_name":"Juanjo","author_link":"https:\/\/pueblosycomarcas.com\/en\/author\/pueblosycomarcas\/"},"rttpg_comment":0,"rttpg_category":"<a href=\"https:\/\/pueblosycomarcas.com\/en\/category\/cultura-y-tradicion\/\" rel=\"category tag\">Cultura y Tradici\u00f3n<\/a> <a href=\"https:\/\/pueblosycomarcas.com\/en\/category\/portada\/\" rel=\"category tag\">Portada<\/a>","rttpg_excerpt":"Cultura y tradici\u00f3n \u2018Ser un hombre\u2019, de Lucas Parra, se alza con el Roel de Oro y el Premio a la Mejor Fotograf\u00eda de la 39 SECIME El Roel de Plata de este a\u00f1o ha reca\u00eddo en \u2018Cara de cona\u2019, de Guillermo de Oliveira, que tambi\u00e9n hace doblete al lograr el Premio al Mejor Vestuario&hellip;","_links":{"self":[{"href":"https:\/\/pueblosycomarcas.com\/en\/wp-json\/wp\/v2\/posts\/10685","targetHints":{"allow":["GET"]}}],"collection":[{"href":"https:\/\/pueblosycomarcas.com\/en\/wp-json\/wp\/v2\/posts"}],"about":[{"href":"https:\/\/pueblosycomarcas.com\/en\/wp-json\/wp\/v2\/types\/post"}],"author":[{"embeddable":true,"href":"https:\/\/pueblosycomarcas.com\/en\/wp-json\/wp\/v2\/users\/2"}],"replies":[{"embeddable":true,"href":"https:\/\/pueblosycomarcas.com\/en\/wp-json\/wp\/v2\/comments?post=10685"}],"version-history":[{"count":5,"href":"https:\/\/pueblosycomarcas.com\/en\/wp-json\/wp\/v2\/posts\/10685\/revisions"}],"predecessor-version":[{"id":10691,"href":"https:\/\/pueblosycomarcas.com\/en\/wp-json\/wp\/v2\/posts\/10685\/revisions\/10691"}],"wp:featuredmedia":[{"embeddable":true,"href":"https:\/\/pueblosycomarcas.com\/en\/wp-json\/wp\/v2\/media\/10686"}],"wp:attachment":[{"href":"https:\/\/pueblosycomarcas.com\/en\/wp-json\/wp\/v2\/media?parent=10685"}],"wp:term":[{"taxonomy":"category","embeddable":true,"href":"https:\/\/pueblosycomarcas.com\/en\/wp-json\/wp\/v2\/categories?post=10685"},{"taxonomy":"post_tag","embeddable":true,"href":"https:\/\/pueblosycomarcas.com\/en\/wp-json\/wp\/v2\/tags?post=10685"}],"curies":[{"name":"wp","href":"https:\/\/api.w.org\/{rel}","templated":true}]}}