{"id":10645,"date":"2026-04-27T05:02:00","date_gmt":"2026-04-27T04:02:00","guid":{"rendered":"https:\/\/pueblosycomarcas.com\/?p=10645"},"modified":"2026-04-25T05:34:14","modified_gmt":"2026-04-25T04:34:14","slug":"izquierda-unida-podemos-llevara-al-pleno-del-28-de-abril-una-mocion-para-impulsar-parques-infantiles-inclusivos-en-laguna-de-duero","status":"publish","type":"post","link":"https:\/\/pueblosycomarcas.com\/en\/izquierda-unida-podemos-llevara-al-pleno-del-28-de-abril-una-mocion-para-impulsar-parques-infantiles-inclusivos-en-laguna-de-duero\/","title":{"rendered":"Izquierda Unida\u2013Podemos llevar\u00e1 al pleno del 28 de abril una moci\u00f3n para impulsar parques infantiles inclusivos en Laguna de Duero"},"content":{"rendered":"<div data-elementor-type=\"wp-post\" data-elementor-id=\"10645\" class=\"elementor elementor-10645\">\n\t\t\t\t<div class=\"elementor-element elementor-element-33b8229 e-flex e-con-boxed wpr-particle-no wpr-jarallax-no wpr-parallax-no wpr-sticky-section-no wpr-equal-height-no e-con e-parent\" data-id=\"33b8229\" data-element_type=\"container\" data-e-type=\"container\">\n\t\t\t\t\t<div class=\"e-con-inner\">\n\t\t\t\t<div class=\"elementor-element elementor-element-15d38fa4 elementor-widget elementor-widget-image\" data-id=\"15d38fa4\" data-element_type=\"widget\" data-e-type=\"widget\" data-widget_type=\"image.default\">\n\t\t\t\t\t\t\t\t\t\t\t\t\t\t\t\t<a href=\"https:\/\/www.termicasalfonso.es\/\">\n\t\t\t\t\t\t\t<img fetchpriority=\"high\" decoding=\"async\" width=\"400\" height=\"220\" src=\"https:\/\/pueblosycomarcas.com\/wp-content\/uploads\/2025\/07\/banner-instalaciones-alfonso.jpg\" class=\"attachment-large size-large wp-image-107\" alt=\"\" srcset=\"https:\/\/pueblosycomarcas.com\/wp-content\/uploads\/2025\/07\/banner-instalaciones-alfonso.jpg 400w, https:\/\/pueblosycomarcas.com\/wp-content\/uploads\/2025\/07\/banner-instalaciones-alfonso-300x165.jpg 300w\" sizes=\"(max-width: 400px) 100vw, 400px\" \/>\t\t\t\t\t\t\t\t<\/a>\n\t\t\t\t\t\t\t\t\t\t\t\t\t\t\t<\/div>\n\t\t\t\t<div class=\"elementor-element elementor-element-46980dc elementor-widget elementor-widget-text-editor\" data-id=\"46980dc\" data-element_type=\"widget\" data-e-type=\"widget\" data-widget_type=\"text-editor.default\">\n\t\t\t\t\t\t\t\t\t<ul><li><h6><strong><em>OTHER REGIONS<\/em><\/strong><\/h6><\/li><\/ul>\t\t\t\t\t\t\t\t<\/div>\n\t\t\t\t<div class=\"elementor-element elementor-element-62f7b293 elementor-widget elementor-widget-heading\" data-id=\"62f7b293\" data-element_type=\"widget\" data-e-type=\"widget\" data-widget_type=\"heading.default\">\n\t\t\t\t\t<h2 class=\"elementor-heading-title elementor-size-default\">Izquierda Unida\u2013Podemos llevar\u00e1 al pleno del 28 de abril una moci\u00f3n para impulsar parques infantiles inclusivos en Laguna de Duero<\/h2>\t\t\t\t<\/div>\n\t\t\t\t<div class=\"elementor-element elementor-element-39036c56 elementor-widget elementor-widget-text-editor\" data-id=\"39036c56\" data-element_type=\"widget\" data-e-type=\"widget\" data-widget_type=\"text-editor.default\">\n\t\t\t\t\t\t\t\t\t<ul><li><h6><em><strong>La iniciativa parte de la premisa de que todos los ni\u00f1os y ni\u00f1as, independientemente de sus capacidades f\u00edsicas, sensoriales o cognitivas, tienen derecho a disfrutar del juego en igualdad de condiciones<\/strong><\/em><\/h6><\/li><\/ul>\t\t\t\t\t\t\t\t<\/div>\n\t\t\t\t<div class=\"elementor-element elementor-element-30ffeb3 elementor-widget-divider--view-line elementor-widget elementor-widget-divider\" data-id=\"30ffeb3\" data-element_type=\"widget\" data-e-type=\"widget\" data-widget_type=\"divider.default\">\n\t\t\t\t\t\t\t<div class=\"elementor-divider\">\n\t\t\t<span class=\"elementor-divider-separator\">\n\t\t\t\t\t\t<\/span>\n\t\t<\/div>\n\t\t\t\t\t\t<\/div>\n\t\t\t\t<div class=\"elementor-element elementor-element-69655ad3 elementor-widget elementor-widget-image\" data-id=\"69655ad3\" data-element_type=\"widget\" data-e-type=\"widget\" data-widget_type=\"image.default\">\n\t\t\t\t\t\t\t\t\t\t\t\t\t\t\t<img decoding=\"async\" width=\"800\" height=\"400\" src=\"https:\/\/pueblosycomarcas.com\/wp-content\/uploads\/2026\/02\/20260220_laguna_duero.jpg\" class=\"attachment-large size-large wp-image-6871\" alt=\"\" srcset=\"https:\/\/pueblosycomarcas.com\/wp-content\/uploads\/2026\/02\/20260220_laguna_duero.jpg 800w, https:\/\/pueblosycomarcas.com\/wp-content\/uploads\/2026\/02\/20260220_laguna_duero-300x150.jpg 300w, https:\/\/pueblosycomarcas.com\/wp-content\/uploads\/2026\/02\/20260220_laguna_duero-768x384.jpg 768w\" sizes=\"(max-width: 800px) 100vw, 800px\" \/>\t\t\t\t\t\t\t\t\t\t\t\t\t\t\t<\/div>\n\t\t\t\t<div class=\"elementor-element elementor-element-7ffe49da elementor-widget elementor-widget-text-editor\" data-id=\"7ffe49da\" data-element_type=\"widget\" data-e-type=\"widget\" data-widget_type=\"text-editor.default\">\n\t\t\t\t\t\t\t\t\t<p><a href=\"https:\/\/www.facebook.com\/Pueblos-y-Comarcas-125437870924169\/?fref=ts\"><strong><em>Pueblosycomarcas.com<\/em><\/strong><\/a><strong><em>;\u00a0<\/em><\/strong><a href=\"https:\/\/twitter.com\/PueblosComarcas\"><strong><em>@PueblosComarcas<\/em><\/strong><\/a><\/p><p>El Grupo Municipal Izquierda Unida\u2013Podemos presentar\u00e1 en el pr\u00f3ximo pleno ordinario, previsto para ma\u00f1ana martes, 28 de abril, una moci\u00f3n destinada a promover la construcci\u00f3n de parques infantiles inclusivos o la adaptaci\u00f3n de los ya existentes en el municipio.<\/p><p>La iniciativa parte de la premisa de que todos los ni\u00f1os y ni\u00f1as, independientemente de sus capacidades f\u00edsicas, sensoriales o cognitivas, tienen derecho a disfrutar del juego en igualdad de condiciones. En este sentido, la formaci\u00f3n considera que los parques tradicionales siguen presentando importantes barreras que dificultan la participaci\u00f3n plena de menores con discapacidad.<\/p><p>Seg\u00fan expone la moci\u00f3n, aunque en los \u00faltimos a\u00f1os se han producido algunos avances \u2014como la instalaci\u00f3n de columpios adaptados, pavimentos m\u00e1s accesibles o rampas\u2014, estas medidas resultan insuficientes, especialmente para aquellos ni\u00f1os y ni\u00f1as con mayores dificultades de movilidad. En muchos casos, las instalaciones obligan a abandonar sus dispositivos de movilidad, lo que supone un esfuerzo a\u00f1adido y puede generar situaciones de riesgo o estr\u00e9s.<\/p><p>Por ello, Izquierda Unida\u2013Podemos propone una intervenci\u00f3n integral que permita transformar los espacios de juego en entornos verdaderamente inclusivos, accesibles y seguros para todos los menores.<\/p><p>Entre las medidas planteadas se incluye la incorporaci\u00f3n de elementos que estimulen distintos sistemas sensoriales, como juegos sonoros, estructuras de movimiento, paneles t\u00e1ctiles, elementos de equilibrio o recursos visuales con contrastes de color. Asimismo, la moci\u00f3n recoge la necesidad de garantizar la accesibilidad universal mediante espacios amplios, libres de barreras arquitect\u00f3nicas y con materiales que cumplan la normativa vigente en materia de seguridad.<\/p><p>El grupo municipal subraya que el objetivo no es crear parques segregados, sino dise\u00f1ar espacios compartidos que fomenten la convivencia, la cooperaci\u00f3n y el respeto a la diversidad desde la infancia.<\/p><p>\u201cLaguna de Duero cuenta con una importante poblaci\u00f3n infantil, pero actualmente no dispone de ning\u00fan parque que pueda considerarse plenamente inclusivo\u201d, se\u00f1alan desde la formaci\u00f3n, que conf\u00eda en que la propuesta cuente con el respaldo del resto de grupos municipales.<\/p><p>La moci\u00f3n ser\u00e1 debatida en el pleno del ma\u00f1ana martes y la coalici\u00f3n muestra su confianza en que \u201c<strong>el equipo de gobierno vote a favor de esta moci\u00f3n, tan necesaria e inclusiva\u201d. <\/strong><\/p>\t\t\t\t\t\t\t\t<\/div>\n\t\t<div class=\"elementor-element elementor-element-4d5ec612 e-con-full e-flex wpr-particle-no wpr-jarallax-no wpr-parallax-no wpr-sticky-section-no wpr-equal-height-no e-con e-child\" data-id=\"4d5ec612\" data-element_type=\"container\" data-e-type=\"container\">\n\t\t\t\t<div class=\"elementor-element elementor-element-381f298c elementor-widget elementor-widget-image\" data-id=\"381f298c\" data-element_type=\"widget\" data-e-type=\"widget\" data-widget_type=\"image.default\">\n\t\t\t\t\t\t\t\t\t\t\t\t\t\t\t\t<a href=\"https:\/\/www.granjapinilla.com\/\">\n\t\t\t\t\t\t\t<img decoding=\"async\" width=\"639\" height=\"150\" src=\"https:\/\/pueblosycomarcas.com\/wp-content\/uploads\/2025\/07\/banner-granja-pinilla.jpg\" class=\"attachment-large size-large wp-image-105\" alt=\"\" srcset=\"https:\/\/pueblosycomarcas.com\/wp-content\/uploads\/2025\/07\/banner-granja-pinilla.jpg 639w, https:\/\/pueblosycomarcas.com\/wp-content\/uploads\/2025\/07\/banner-granja-pinilla-300x70.jpg 300w\" sizes=\"(max-width: 639px) 100vw, 639px\" \/>\t\t\t\t\t\t\t\t<\/a>\n\t\t\t\t\t\t\t\t\t\t\t\t\t\t\t<\/div>\n\t\t\t\t<\/div>\n\t\t\t\t\t<\/div>\n\t\t\t\t<\/div>\n\t\t\t\t<\/div>","protected":false},"excerpt":{"rendered":"<p>Otras comarcas Izquierda Unida\u2013Podemos llevar\u00e1 al pleno del 28 de abril una moci\u00f3n para impulsar parques infantiles inclusivos en Laguna de Duero La iniciativa parte de la premisa de que todos los ni\u00f1os y ni\u00f1as, independientemente de sus capacidades f\u00edsicas, sensoriales o cognitivas, tienen derecho a disfrutar del juego en igualdad de condiciones Pueblosycomarcas.com;\u00a0@PueblosComarcas El Grupo Municipal Izquierda Unida\u2013Podemos presentar\u00e1 en el pr\u00f3ximo pleno ordinario, previsto para ma\u00f1ana martes, 28 de abril, una moci\u00f3n destinada a promover la construcci\u00f3n de parques infantiles inclusivos o la adaptaci\u00f3n de los ya existentes en el municipio. La iniciativa parte de la premisa de que todos los ni\u00f1os y ni\u00f1as, independientemente de sus capacidades f\u00edsicas, sensoriales o cognitivas, tienen derecho a disfrutar del juego en igualdad de condiciones. En este sentido, la formaci\u00f3n considera que los parques tradicionales siguen presentando importantes barreras que dificultan la participaci\u00f3n plena de menores con discapacidad. Seg\u00fan expone la moci\u00f3n, aunque en los \u00faltimos a\u00f1os se han producido algunos avances \u2014como la instalaci\u00f3n de columpios adaptados, pavimentos m\u00e1s accesibles o rampas\u2014, estas medidas resultan insuficientes, especialmente para aquellos ni\u00f1os y ni\u00f1as con mayores dificultades de movilidad. En muchos casos, las instalaciones obligan a abandonar sus dispositivos de movilidad, lo que supone un esfuerzo a\u00f1adido y puede generar situaciones de riesgo o estr\u00e9s. Por ello, Izquierda Unida\u2013Podemos propone una intervenci\u00f3n integral que permita transformar los espacios de juego en entornos verdaderamente inclusivos, accesibles y seguros para todos los menores. Entre las medidas planteadas se incluye la incorporaci\u00f3n de elementos que estimulen distintos sistemas sensoriales, como juegos sonoros, estructuras de movimiento, paneles t\u00e1ctiles, elementos de equilibrio o recursos visuales con contrastes de color. Asimismo, la moci\u00f3n recoge la necesidad de garantizar la accesibilidad universal mediante espacios amplios, libres de barreras arquitect\u00f3nicas y con materiales que cumplan la normativa vigente en materia de seguridad. El grupo municipal subraya que el objetivo no es crear parques segregados, sino dise\u00f1ar espacios compartidos que fomenten la convivencia, la cooperaci\u00f3n y el respeto a la diversidad desde la infancia. \u201cLaguna de Duero cuenta con una importante poblaci\u00f3n infantil, pero actualmente no dispone de ning\u00fan parque que pueda considerarse plenamente inclusivo\u201d, se\u00f1alan desde la formaci\u00f3n, que conf\u00eda en que la propuesta cuente con el respaldo del resto de grupos municipales. La moci\u00f3n ser\u00e1 debatida en el pleno del ma\u00f1ana martes y la coalici\u00f3n muestra su confianza en que \u201cel equipo de gobierno vote a favor de esta moci\u00f3n, tan necesaria e inclusiva\u201d.<\/p>","protected":false},"author":2,"featured_media":6871,"comment_status":"open","ping_status":"closed","sticky":false,"template":"","format":"standard","meta":{"site-sidebar-layout":"default","site-content-layout":"","ast-site-content-layout":"default","site-content-style":"default","site-sidebar-style":"default","ast-global-header-display":"","ast-banner-title-visibility":"","ast-main-header-display":"","ast-hfb-above-header-display":"","ast-hfb-below-header-display":"","ast-hfb-mobile-header-display":"","site-post-title":"disabled","ast-breadcrumbs-content":"","ast-featured-img":"","footer-sml-layout":"","theme-transparent-header-meta":"","adv-header-id-meta":"","stick-header-meta":"","header-above-stick-meta":"","header-main-stick-meta":"","header-below-stick-meta":"","astra-migrate-meta-layouts":"default","ast-page-background-enabled":"default","ast-page-background-meta":{"desktop":{"background-color":"var(--ast-global-color-5)","background-image":"","background-repeat":"repeat","background-position":"center center","background-size":"auto","background-attachment":"scroll","background-type":"","background-media":"","overlay-type":"","overlay-color":"","overlay-opacity":"","overlay-gradient":""},"tablet":{"background-color":"","background-image":"","background-repeat":"repeat","background-position":"center center","background-size":"auto","background-attachment":"scroll","background-type":"","background-media":"","overlay-type":"","overlay-color":"","overlay-opacity":"","overlay-gradient":""},"mobile":{"background-color":"","background-image":"","background-repeat":"repeat","background-position":"center center","background-size":"auto","background-attachment":"scroll","background-type":"","background-media":"","overlay-type":"","overlay-color":"","overlay-opacity":"","overlay-gradient":""}},"ast-content-background-meta":{"desktop":{"background-color":"var(--ast-global-color-4)","background-image":"","background-repeat":"repeat","background-position":"center center","background-size":"auto","background-attachment":"scroll","background-type":"","background-media":"","overlay-type":"","overlay-color":"","overlay-opacity":"","overlay-gradient":""},"tablet":{"background-color":"var(--ast-global-color-4)","background-image":"","background-repeat":"repeat","background-position":"center center","background-size":"auto","background-attachment":"scroll","background-type":"","background-media":"","overlay-type":"","overlay-color":"","overlay-opacity":"","overlay-gradient":""},"mobile":{"background-color":"var(--ast-global-color-4)","background-image":"","background-repeat":"repeat","background-position":"center center","background-size":"auto","background-attachment":"scroll","background-type":"","background-media":"","overlay-type":"","overlay-color":"","overlay-opacity":"","overlay-gradient":""}},"ngg_post_thumbnail":0,"footnotes":""},"categories":[15,10,16],"tags":[131,57],"class_list":["post-10645","post","type-post","status-publish","format-standard","has-post-thumbnail","hentry","category-efemerides","category-otras-comarcas","category-portada","tag-izquierda-unida","tag-laguna-de-duero"],"aioseo_notices":[],"rttpg_featured_image_url":{"full":["https:\/\/pueblosycomarcas.com\/wp-content\/uploads\/2026\/02\/20260220_laguna_duero.jpg",800,400,false],"landscape":["https:\/\/pueblosycomarcas.com\/wp-content\/uploads\/2026\/02\/20260220_laguna_duero.jpg",800,400,false],"portraits":["https:\/\/pueblosycomarcas.com\/wp-content\/uploads\/2026\/02\/20260220_laguna_duero.jpg",800,400,false],"thumbnail":["https:\/\/pueblosycomarcas.com\/wp-content\/uploads\/2026\/02\/20260220_laguna_duero-150x150.jpg",150,150,true],"medium":["https:\/\/pueblosycomarcas.com\/wp-content\/uploads\/2026\/02\/20260220_laguna_duero-300x150.jpg",300,150,true],"large":["https:\/\/pueblosycomarcas.com\/wp-content\/uploads\/2026\/02\/20260220_laguna_duero.jpg",800,400,false],"1536x1536":["https:\/\/pueblosycomarcas.com\/wp-content\/uploads\/2026\/02\/20260220_laguna_duero.jpg",800,400,false],"2048x2048":["https:\/\/pueblosycomarcas.com\/wp-content\/uploads\/2026\/02\/20260220_laguna_duero.jpg",800,400,false],"trp-custom-language-flag":["https:\/\/pueblosycomarcas.com\/wp-content\/uploads\/2026\/02\/20260220_laguna_duero.jpg",18,9,false]},"rttpg_author":{"display_name":"Juanjo","author_link":"https:\/\/pueblosycomarcas.com\/en\/author\/pueblosycomarcas\/"},"rttpg_comment":0,"rttpg_category":"<a href=\"https:\/\/pueblosycomarcas.com\/en\/category\/efemerides\/\" rel=\"category tag\">Efemerides<\/a> <a href=\"https:\/\/pueblosycomarcas.com\/en\/category\/otras-comarcas\/\" rel=\"category tag\">Otras Comarcas<\/a> <a href=\"https:\/\/pueblosycomarcas.com\/en\/category\/portada\/\" rel=\"category tag\">Portada<\/a>","rttpg_excerpt":"Otras comarcas Izquierda Unida\u2013Podemos llevar\u00e1 al pleno del 28 de abril una moci\u00f3n para impulsar parques infantiles inclusivos en Laguna de Duero La iniciativa parte de la premisa de que todos los ni\u00f1os y ni\u00f1as, independientemente de sus capacidades f\u00edsicas, sensoriales o cognitivas, tienen derecho a disfrutar del juego en igualdad de condiciones Pueblosycomarcas.com;\u00a0@PueblosComarcas El&hellip;","_links":{"self":[{"href":"https:\/\/pueblosycomarcas.com\/en\/wp-json\/wp\/v2\/posts\/10645","targetHints":{"allow":["GET"]}}],"collection":[{"href":"https:\/\/pueblosycomarcas.com\/en\/wp-json\/wp\/v2\/posts"}],"about":[{"href":"https:\/\/pueblosycomarcas.com\/en\/wp-json\/wp\/v2\/types\/post"}],"author":[{"embeddable":true,"href":"https:\/\/pueblosycomarcas.com\/en\/wp-json\/wp\/v2\/users\/2"}],"replies":[{"embeddable":true,"href":"https:\/\/pueblosycomarcas.com\/en\/wp-json\/wp\/v2\/comments?post=10645"}],"version-history":[{"count":5,"href":"https:\/\/pueblosycomarcas.com\/en\/wp-json\/wp\/v2\/posts\/10645\/revisions"}],"predecessor-version":[{"id":10650,"href":"https:\/\/pueblosycomarcas.com\/en\/wp-json\/wp\/v2\/posts\/10645\/revisions\/10650"}],"wp:featuredmedia":[{"embeddable":true,"href":"https:\/\/pueblosycomarcas.com\/en\/wp-json\/wp\/v2\/media\/6871"}],"wp:attachment":[{"href":"https:\/\/pueblosycomarcas.com\/en\/wp-json\/wp\/v2\/media?parent=10645"}],"wp:term":[{"taxonomy":"category","embeddable":true,"href":"https:\/\/pueblosycomarcas.com\/en\/wp-json\/wp\/v2\/categories?post=10645"},{"taxonomy":"post_tag","embeddable":true,"href":"https:\/\/pueblosycomarcas.com\/en\/wp-json\/wp\/v2\/tags?post=10645"}],"curies":[{"name":"wp","href":"https:\/\/api.w.org\/{rel}","templated":true}]}}