{"id":10370,"date":"2026-04-20T14:27:02","date_gmt":"2026-04-20T13:27:02","guid":{"rendered":"https:\/\/pueblosycomarcas.com\/?p=10370"},"modified":"2026-04-20T14:28:26","modified_gmt":"2026-04-20T13:28:26","slug":"la-junta-alerta-de-un-nuevo-episodio-de-intrusion-de-polvo-africano","status":"publish","type":"post","link":"https:\/\/pueblosycomarcas.com\/en\/la-junta-alerta-de-un-nuevo-episodio-de-intrusion-de-polvo-africano\/","title":{"rendered":"La Junta alerta de un nuevo episodio de intrusi\u00f3n de polvo africano"},"content":{"rendered":"<div data-elementor-type=\"wp-post\" data-elementor-id=\"10370\" class=\"elementor elementor-10370\">\n\t\t\t\t<div class=\"elementor-element elementor-element-19d95f4 e-flex e-con-boxed wpr-particle-no wpr-jarallax-no wpr-parallax-no wpr-sticky-section-no wpr-equal-height-no e-con e-parent\" data-id=\"19d95f4\" data-element_type=\"container\" data-e-type=\"container\">\n\t\t\t\t\t<div class=\"e-con-inner\">\n\t\t\t\t<div class=\"elementor-element elementor-element-20f129e elementor-widget elementor-widget-heading\" data-id=\"20f129e\" data-element_type=\"widget\" data-e-type=\"widget\" data-widget_type=\"heading.default\">\n\t\t\t\t\t<h2 class=\"elementor-heading-title elementor-size-default\">La Junta alerta de un nuevo episodio de intrusi\u00f3n de polvo africano<\/h2>\t\t\t\t<\/div>\n\t\t\t\t<div class=\"elementor-element elementor-element-7cabe20 elementor-widget elementor-widget-text-editor\" data-id=\"7cabe20\" data-element_type=\"widget\" data-e-type=\"widget\" data-widget_type=\"text-editor.default\">\n\t\t\t\t\t\t\t\t\t<ul><li><h6><em><strong>Que comenzar\u00e1 hoy hasta, al menos, el mi\u00e9rcoles en toda Castilla y Le\u00f3n<\/strong><\/em><\/h6><\/li><\/ul>\t\t\t\t\t\t\t\t<\/div>\n\t\t\t\t<div class=\"elementor-element elementor-element-9e3bcb7 elementor-widget-divider--view-line elementor-widget elementor-widget-divider\" data-id=\"9e3bcb7\" data-element_type=\"widget\" data-e-type=\"widget\" data-widget_type=\"divider.default\">\n\t\t\t\t\t\t\t<div class=\"elementor-divider\">\n\t\t\t<span class=\"elementor-divider-separator\">\n\t\t\t\t\t\t<\/span>\n\t\t<\/div>\n\t\t\t\t\t\t<\/div>\n\t\t\t\t<div class=\"elementor-element elementor-element-8fede52 elementor-widget elementor-widget-image\" data-id=\"8fede52\" data-element_type=\"widget\" data-e-type=\"widget\" data-widget_type=\"image.default\">\n\t\t\t\t\t\t\t\t\t\t\t\t\t\t\t<img fetchpriority=\"high\" decoding=\"async\" width=\"800\" height=\"400\" src=\"https:\/\/pueblosycomarcas.com\/wp-content\/uploads\/2026\/02\/20260223_alerta_polvo.jpg\" class=\"attachment-large size-large wp-image-7109\" alt=\"\" srcset=\"https:\/\/pueblosycomarcas.com\/wp-content\/uploads\/2026\/02\/20260223_alerta_polvo.jpg 800w, https:\/\/pueblosycomarcas.com\/wp-content\/uploads\/2026\/02\/20260223_alerta_polvo-300x150.jpg 300w, https:\/\/pueblosycomarcas.com\/wp-content\/uploads\/2026\/02\/20260223_alerta_polvo-768x384.jpg 768w\" sizes=\"(max-width: 800px) 100vw, 800px\" \/>\t\t\t\t\t\t\t\t\t\t\t\t\t\t\t<\/div>\n\t\t\t\t<div class=\"elementor-element elementor-element-b9dd2f3 elementor-widget elementor-widget-text-editor\" data-id=\"b9dd2f3\" data-element_type=\"widget\" data-e-type=\"widget\" data-widget_type=\"text-editor.default\">\n\t\t\t\t\t\t\t\t\t<p><a href=\"https:\/\/www.facebook.com\/Pueblos-y-Comarcas-125437870924169\/?fref=ts\"><strong><em>Pueblosycomarcas.com<\/em><\/strong><\/a><strong><em>;\u00a0<\/em><\/strong><a href=\"https:\/\/twitter.com\/PueblosComarcas\"><strong><em>@PueblosComarcas<\/em><\/strong><\/a><\/p><p>La Consejer\u00eda de Medio Ambiente, Vivienda y Ordenaci\u00f3n del Territorio recomienda tomar medidas de precauci\u00f3n ante la predicci\u00f3n de altas concentraciones de part\u00edculas de polvo en el aire procedentes del norte de \u00c1frica que comenzar\u00e1 a afectar desde la tarde del lunes, 20 de abril, hasta, al menos, el mi\u00e9rcoles, 22 de abril, a todo el territorio de Castilla y Le\u00f3n. Es aconsejable que se eviten hacer actividades que impliquen esfuerzo f\u00edsico para grupos de riesgo y personas sensibles y evitar la quema al aire libre de restos vegetales.<\/p><p>Los modelos de predicci\u00f3n anuncian la intrusi\u00f3n de part\u00edculas de polvo procedentes del norte de \u00c1frica y que, previsiblemente, provocar\u00e1n un aumento de los niveles medidos de estas sustancias en el aire desde hoy lunes, 20 de abril, hasta, al menos, el mi\u00e9rcoles, 22 de abril, en todo el territorio de Castilla y Le\u00f3n. Se trata de un proceso absolutamente natural sobre el que no cabe intervenci\u00f3n humana, salvo la adopci\u00f3n de precauciones para minimizar la exposici\u00f3n a este tipo de part\u00edculas.<\/p><p>Esta alerta es predictiva, dado que la informaci\u00f3n est\u00e1 disponible a trav\u00e9s de los modelos de la calidad del aire para part\u00edculas PM10 (part\u00edculas de tama\u00f1o inferior a 10 micras). La predicci\u00f3n indica que previsiblemente puedan alcanzar valores por encima de 50 \u03bcg\/m3 como media m\u00f3vil de 24 h lo que determina una calidad del aire muy desfavorable.<\/p>\t\t\t\t\t\t\t\t<\/div>\n\t\t\t\t\t<\/div>\n\t\t\t\t<\/div>\n\t\t\t\t<\/div>","protected":false},"excerpt":{"rendered":"<p>La Junta alerta de un nuevo episodio de intrusi\u00f3n de polvo africano Que comenzar\u00e1 hoy hasta, al menos, el mi\u00e9rcoles en toda Castilla y Le\u00f3n Pueblosycomarcas.com;\u00a0@PueblosComarcas La Consejer\u00eda de Medio Ambiente, Vivienda y Ordenaci\u00f3n del Territorio recomienda tomar medidas de precauci\u00f3n ante la predicci\u00f3n de altas concentraciones de part\u00edculas de polvo en el aire procedentes del norte de \u00c1frica que comenzar\u00e1 a afectar desde la tarde del lunes, 20 de abril, hasta, al menos, el mi\u00e9rcoles, 22 de abril, a todo el territorio de Castilla y Le\u00f3n. Es aconsejable que se eviten hacer actividades que impliquen esfuerzo f\u00edsico para grupos de riesgo y personas sensibles y evitar la quema al aire libre de restos vegetales. Los modelos de predicci\u00f3n anuncian la intrusi\u00f3n de part\u00edculas de polvo procedentes del norte de \u00c1frica y que, previsiblemente, provocar\u00e1n un aumento de los niveles medidos de estas sustancias en el aire desde hoy lunes, 20 de abril, hasta, al menos, el mi\u00e9rcoles, 22 de abril, en todo el territorio de Castilla y Le\u00f3n. Se trata de un proceso absolutamente natural sobre el que no cabe intervenci\u00f3n humana, salvo la adopci\u00f3n de precauciones para minimizar la exposici\u00f3n a este tipo de part\u00edculas. Esta alerta es predictiva, dado que la informaci\u00f3n est\u00e1 disponible a trav\u00e9s de los modelos de la calidad del aire para part\u00edculas PM10 (part\u00edculas de tama\u00f1o inferior a 10 micras). La predicci\u00f3n indica que previsiblemente puedan alcanzar valores por encima de 50 \u03bcg\/m3 como media m\u00f3vil de 24 h lo que determina una calidad del aire muy desfavorable.<\/p>","protected":false},"author":2,"featured_media":7109,"comment_status":"open","ping_status":"closed","sticky":false,"template":"","format":"standard","meta":{"site-sidebar-layout":"default","site-content-layout":"","ast-site-content-layout":"default","site-content-style":"default","site-sidebar-style":"default","ast-global-header-display":"","ast-banner-title-visibility":"","ast-main-header-display":"","ast-hfb-above-header-display":"","ast-hfb-below-header-display":"","ast-hfb-mobile-header-display":"","site-post-title":"disabled","ast-breadcrumbs-content":"","ast-featured-img":"","footer-sml-layout":"","theme-transparent-header-meta":"","adv-header-id-meta":"","stick-header-meta":"","header-above-stick-meta":"","header-main-stick-meta":"","header-below-stick-meta":"","astra-migrate-meta-layouts":"default","ast-page-background-enabled":"default","ast-page-background-meta":{"desktop":{"background-color":"var(--ast-global-color-5)","background-image":"","background-repeat":"repeat","background-position":"center center","background-size":"auto","background-attachment":"scroll","background-type":"","background-media":"","overlay-type":"","overlay-color":"","overlay-opacity":"","overlay-gradient":""},"tablet":{"background-color":"","background-image":"","background-repeat":"repeat","background-position":"center center","background-size":"auto","background-attachment":"scroll","background-type":"","background-media":"","overlay-type":"","overlay-color":"","overlay-opacity":"","overlay-gradient":""},"mobile":{"background-color":"","background-image":"","background-repeat":"repeat","background-position":"center center","background-size":"auto","background-attachment":"scroll","background-type":"","background-media":"","overlay-type":"","overlay-color":"","overlay-opacity":"","overlay-gradient":""}},"ast-content-background-meta":{"desktop":{"background-color":"var(--ast-global-color-4)","background-image":"","background-repeat":"repeat","background-position":"center center","background-size":"auto","background-attachment":"scroll","background-type":"","background-media":"","overlay-type":"","overlay-color":"","overlay-opacity":"","overlay-gradient":""},"tablet":{"background-color":"var(--ast-global-color-4)","background-image":"","background-repeat":"repeat","background-position":"center center","background-size":"auto","background-attachment":"scroll","background-type":"","background-media":"","overlay-type":"","overlay-color":"","overlay-opacity":"","overlay-gradient":""},"mobile":{"background-color":"var(--ast-global-color-4)","background-image":"","background-repeat":"repeat","background-position":"center center","background-size":"auto","background-attachment":"scroll","background-type":"","background-media":"","overlay-type":"","overlay-color":"","overlay-opacity":"","overlay-gradient":""}},"ngg_post_thumbnail":0,"footnotes":""},"categories":[5],"tags":[55],"class_list":["post-10370","post","type-post","status-publish","format-standard","has-post-thumbnail","hentry","category-actualidad","tag-junta-de-castilla-y-leon"],"aioseo_notices":[],"rttpg_featured_image_url":{"full":["https:\/\/pueblosycomarcas.com\/wp-content\/uploads\/2026\/02\/20260223_alerta_polvo.jpg",800,400,false],"landscape":["https:\/\/pueblosycomarcas.com\/wp-content\/uploads\/2026\/02\/20260223_alerta_polvo.jpg",800,400,false],"portraits":["https:\/\/pueblosycomarcas.com\/wp-content\/uploads\/2026\/02\/20260223_alerta_polvo.jpg",800,400,false],"thumbnail":["https:\/\/pueblosycomarcas.com\/wp-content\/uploads\/2026\/02\/20260223_alerta_polvo-150x150.jpg",150,150,true],"medium":["https:\/\/pueblosycomarcas.com\/wp-content\/uploads\/2026\/02\/20260223_alerta_polvo-300x150.jpg",300,150,true],"large":["https:\/\/pueblosycomarcas.com\/wp-content\/uploads\/2026\/02\/20260223_alerta_polvo.jpg",800,400,false],"1536x1536":["https:\/\/pueblosycomarcas.com\/wp-content\/uploads\/2026\/02\/20260223_alerta_polvo.jpg",800,400,false],"2048x2048":["https:\/\/pueblosycomarcas.com\/wp-content\/uploads\/2026\/02\/20260223_alerta_polvo.jpg",800,400,false],"trp-custom-language-flag":["https:\/\/pueblosycomarcas.com\/wp-content\/uploads\/2026\/02\/20260223_alerta_polvo.jpg",18,9,false]},"rttpg_author":{"display_name":"Juanjo","author_link":"https:\/\/pueblosycomarcas.com\/en\/author\/pueblosycomarcas\/"},"rttpg_comment":0,"rttpg_category":"<a href=\"https:\/\/pueblosycomarcas.com\/en\/category\/actualidad\/\" rel=\"category tag\">Tierra de Pinares<\/a>","rttpg_excerpt":"La Junta alerta de un nuevo episodio de intrusi\u00f3n de polvo africano Que comenzar\u00e1 hoy hasta, al menos, el mi\u00e9rcoles en toda Castilla y Le\u00f3n Pueblosycomarcas.com;\u00a0@PueblosComarcas La Consejer\u00eda de Medio Ambiente, Vivienda y Ordenaci\u00f3n del Territorio recomienda tomar medidas de precauci\u00f3n ante la predicci\u00f3n de altas concentraciones de part\u00edculas de polvo en el aire procedentes&hellip;","_links":{"self":[{"href":"https:\/\/pueblosycomarcas.com\/en\/wp-json\/wp\/v2\/posts\/10370","targetHints":{"allow":["GET"]}}],"collection":[{"href":"https:\/\/pueblosycomarcas.com\/en\/wp-json\/wp\/v2\/posts"}],"about":[{"href":"https:\/\/pueblosycomarcas.com\/en\/wp-json\/wp\/v2\/types\/post"}],"author":[{"embeddable":true,"href":"https:\/\/pueblosycomarcas.com\/en\/wp-json\/wp\/v2\/users\/2"}],"replies":[{"embeddable":true,"href":"https:\/\/pueblosycomarcas.com\/en\/wp-json\/wp\/v2\/comments?post=10370"}],"version-history":[{"count":5,"href":"https:\/\/pueblosycomarcas.com\/en\/wp-json\/wp\/v2\/posts\/10370\/revisions"}],"predecessor-version":[{"id":10375,"href":"https:\/\/pueblosycomarcas.com\/en\/wp-json\/wp\/v2\/posts\/10370\/revisions\/10375"}],"wp:featuredmedia":[{"embeddable":true,"href":"https:\/\/pueblosycomarcas.com\/en\/wp-json\/wp\/v2\/media\/7109"}],"wp:attachment":[{"href":"https:\/\/pueblosycomarcas.com\/en\/wp-json\/wp\/v2\/media?parent=10370"}],"wp:term":[{"taxonomy":"category","embeddable":true,"href":"https:\/\/pueblosycomarcas.com\/en\/wp-json\/wp\/v2\/categories?post=10370"},{"taxonomy":"post_tag","embeddable":true,"href":"https:\/\/pueblosycomarcas.com\/en\/wp-json\/wp\/v2\/tags?post=10370"}],"curies":[{"name":"wp","href":"https:\/\/api.w.org\/{rel}","templated":true}]}}