{"id":10319,"date":"2026-04-20T10:27:29","date_gmt":"2026-04-20T09:27:29","guid":{"rendered":"https:\/\/pueblosycomarcas.com\/?p=10319"},"modified":"2026-04-20T10:29:20","modified_gmt":"2026-04-20T09:29:20","slug":"la-39-secime-acogera-manana-el-estreno-nacional-de-la-pelicula-a-la-cara-de-javier-marco","status":"publish","type":"post","link":"https:\/\/pueblosycomarcas.com\/en\/la-39-secime-acogera-manana-el-estreno-nacional-de-la-pelicula-a-la-cara-de-javier-marco\/","title":{"rendered":"La 39 SECIME acoger\u00e1 ma\u00f1ana el estreno nacional de la pel\u00edcula \u2018A la cara\u2019, de Javier Marco"},"content":{"rendered":"<div data-elementor-type=\"wp-post\" data-elementor-id=\"10319\" class=\"elementor elementor-10319\">\n\t\t\t\t<div class=\"elementor-element elementor-element-523f4c9 e-flex e-con-boxed wpr-particle-no wpr-jarallax-no wpr-parallax-no wpr-sticky-section-no wpr-equal-height-no e-con e-parent\" data-id=\"523f4c9\" data-element_type=\"container\" data-e-type=\"container\">\n\t\t\t\t\t<div class=\"e-con-inner\">\n\t\t\t\t<div class=\"elementor-element elementor-element-3ec3644 elementor-widget elementor-widget-heading\" data-id=\"3ec3644\" data-element_type=\"widget\" data-e-type=\"widget\" data-widget_type=\"heading.default\">\n\t\t\t\t\t<h2 class=\"elementor-heading-title elementor-size-default\">La 39 SECIME acoger\u00e1 ma\u00f1ana el estreno nacional de la pel\u00edcula \u2018A la cara\u2019, de Javier Marco<\/h2>\t\t\t\t<\/div>\n\t\t\t\t<div class=\"elementor-element elementor-element-15999f1 elementor-widget elementor-widget-text-editor\" data-id=\"15999f1\" data-element_type=\"widget\" data-e-type=\"widget\" data-widget_type=\"text-editor.default\">\n\t\t\t\t\t\t\t\t\t<ul><li><h6><em><strong>El director y parte de su equipo presentar\u00e1n en Medina del Campo el filme y tendr\u00e1n un encuentro con el p\u00fablico al terminar la proyecci\u00f3n<\/strong><\/em><\/h6><\/li><li><h6><em><strong>Fantasmedina, ciclo dedicado al g\u00e9nero fant\u00e1stico y de terror, alcanza su und\u00e9cima edici\u00f3n con un total de ocho trabajos a concurso<\/strong><\/em><\/h6><\/li><li><h6><em><strong>La jornada del martes 21 de abril se completar\u00e1 con la segunda sesi\u00f3n de \u2018Cortos con clase\u2019, dirigida a estudiantes de colegios e institutos<\/strong><\/em><\/h6><\/li><\/ul>\t\t\t\t\t\t\t\t<\/div>\n\t\t\t\t<div class=\"elementor-element elementor-element-4dd93ae elementor-widget-divider--view-line elementor-widget elementor-widget-divider\" data-id=\"4dd93ae\" data-element_type=\"widget\" data-e-type=\"widget\" data-widget_type=\"divider.default\">\n\t\t\t\t\t\t\t<div class=\"elementor-divider\">\n\t\t\t<span class=\"elementor-divider-separator\">\n\t\t\t\t\t\t<\/span>\n\t\t<\/div>\n\t\t\t\t\t\t<\/div>\n\t\t\t\t<div class=\"elementor-element elementor-element-98c0a93 elementor-widget elementor-widget-image\" data-id=\"98c0a93\" data-element_type=\"widget\" data-e-type=\"widget\" data-widget_type=\"image.default\">\n\t\t\t\t\t\t\t\t\t\t\t\t\t\t\t<img fetchpriority=\"high\" decoding=\"async\" width=\"800\" height=\"400\" src=\"https:\/\/pueblosycomarcas.com\/wp-content\/uploads\/2026\/04\/20260420_a-la-cara.jpg\" class=\"attachment-large size-large wp-image-10320\" alt=\"\" srcset=\"https:\/\/pueblosycomarcas.com\/wp-content\/uploads\/2026\/04\/20260420_a-la-cara.jpg 800w, https:\/\/pueblosycomarcas.com\/wp-content\/uploads\/2026\/04\/20260420_a-la-cara-300x150.jpg 300w, https:\/\/pueblosycomarcas.com\/wp-content\/uploads\/2026\/04\/20260420_a-la-cara-768x384.jpg 768w, https:\/\/pueblosycomarcas.com\/wp-content\/uploads\/2026\/04\/20260420_a-la-cara-18x9.jpg 18w\" sizes=\"(max-width: 800px) 100vw, 800px\" \/>\t\t\t\t\t\t\t\t\t\t\t\t\t\t\t<\/div>\n\t\t\t\t<div class=\"elementor-element elementor-element-ca00c4c elementor-widget elementor-widget-text-editor\" data-id=\"ca00c4c\" data-element_type=\"widget\" data-e-type=\"widget\" data-widget_type=\"text-editor.default\">\n\t\t\t\t\t\t\t\t\t<p><a href=\"https:\/\/www.facebook.com\/Pueblos-y-Comarcas-125437870924169\/?fref=ts\"><em><strong>Pueblosycomarcas.com<\/strong><\/em><\/a><em><strong>;&nbsp;<\/strong><\/em><a href=\"https:\/\/twitter.com\/PueblosComarcas\"><em><strong>@PueblosComarcas<\/strong><\/em><\/a><\/p>\n<p>La 39 Semana de Cine de Medina del Campo (SECIME) acoger\u00e1 ma\u00f1ana martes, 21 de abril, un nuevo <strong>estreno nacional<\/strong> dentro de su clara apuesta por el cine espa\u00f1ol. El director <strong>Javier Marco<\/strong> y su equipo presentar\u00e1n en el Auditorio Municipal Emiliano Allende a las 20 horas <strong>\u2018A la cara\u2019<\/strong>, largometraje que nace del corto del mismo nombre. Durante la jornada tambi\u00e9n tendr\u00e1 lugar la proyecci\u00f3n de los trabajos que compiten en el ciclo <strong>Fantasmedina<\/strong>, que alcanza este a\u00f1o su und\u00e9cima edici\u00f3n, adem\u00e1s de la segunda sesi\u00f3n de <strong>\u2018Cortos con clase\u2019<\/strong>, dirigida a estudiantes de colegios e institutos.<\/p>\n<p>El punto de partida de la cinta \u2018A la cara\u2019 se sit\u00faa en la recriminaci\u00f3n por parte de una presentadora de televisi\u00f3n a un hombre que le envi\u00f3 un mensaje de odio en redes sociales, para m\u00e1s tarde transformar ese choque violento en una extra\u00f1a convivencia entre ambos. Los dos protagonistas est\u00e1n interpretados por <strong>Manolo Solo y Sonia Almarcha<\/strong>, que retoman as\u00ed los papeles que ya hicieron en el cortometraje anterior, que se alz\u00f3 en 2020 con el Premio Goya en la categor\u00eda de ficci\u00f3n.<\/p>\n<p>El cineasta Javier Marco, que charlar\u00e1 con el p\u00fablico junto a parte de su equipo tras la proyecci\u00f3n de la pel\u00edcula, ha desarrollado a lo largo de su carrera un <strong>estilo propio<\/strong> caracterizado por una puesta en escena sobria, una direcci\u00f3n de actores muy precisa y un marcado inter\u00e9s por explorar las emociones humanas en contextos reconocibles. Su primer largometraje, \u2018Josefina\u2019, que particip\u00f3 en la secci\u00f3n Nuevos Directores del Festival de Cine de San Sebasti\u00e1n en 2021, cont\u00f3 en su reparto con int\u00e9rpretes de la talla de Emma Su\u00e1rez, Roberto \u00c1lamo o Pedro Casablanc, entre otros.<\/p>\n<h4><strong>FANTASMEDINA Y CORTOS CON CLASE<\/strong><\/h4>\n<p>El g\u00e9nero fant\u00e1stico y de terror vuelve a estar presente un a\u00f1o m\u00e1s en la SECIME con la <strong>und\u00e9cima edici\u00f3n de Fantasmedina<\/strong>, que cuenta con <strong>ocho trabajos a concurso<\/strong> que podr\u00e1n verse ma\u00f1ana a las <strong>17 horas<\/strong> en el Auditorio Municipal Emiliano Allende. Fantasmas, tem\u00e1ticas de \u00e9poca, viajes en el tiempo o premoniciones vertebran los cortometrajes seleccionados.<\/p>\n<p>La animaci\u00f3n llegar\u00e1 de la mano de <strong>\u2018El fantasma de la quinta\u2019<\/strong>, de James A. Castillo, centrado en los a\u00f1os de Francisco de Goya en La Quinta del Sordo. Adem\u00e1s, el p\u00fablico disfrutar\u00e1 de las cintas <strong>\u2018Amira\u2019<\/strong>, de Javier Y\u00e1\u00f1ez; <strong>\u2018Buitres\u2019<\/strong>, de Santi Alvarado; <strong>\u2018Las l\u00e1grimas de S\u00edsifo\u2019<\/strong>, de Luis Larrodera; <strong>\u2018Lencer\u00eda Milagros\u2019<\/strong>, de Jana Moreno; <strong>\u2018P\u00e1lpito\u2019<\/strong>, de Marisa Crespo y Mois\u00e9s Romera; <strong>\u2018Se\u00f1uelo\u2019<\/strong>, de Martha G. Ayerbe; y <strong>\u2018Ten\u00e9is que verlo\u2019<\/strong>, de Nacho Solana.<\/p>\n<p>&nbsp;La programaci\u00f3n de ma\u00f1ana martes se cerrar\u00e1 con la <strong>segunda sesi\u00f3n del ciclo \u2018Cortos con clase\u2019<\/strong>. Los alumnos del Colegio San Jos\u00e9 (10 horas) y del Lope de Vega y Barrientos (12 horas) podr\u00e1n ver cuatro cortometrajes en el Auditorio Municipal: <strong>\u2018Davi\u2019<\/strong>, de Julia Gonz\u00e1lez; <strong>\u2018Marciano Garc\u00eda\u2019<\/strong>, de Luis Arrojo; <strong>\u2018Cap al cel\u2019<\/strong>, de Nicol\u00e1s Sole; y <strong>\u2018Les fleurs de Malva\u2019<\/strong>, de Anna Lys.<\/p>\n<h4><strong>HOY: ROEL A GUILLERMO GALOE, PROYECCI\u00d3N DE \u2018CIUDAD SIN SUE\u00d1O\u2019 Y ESTRENO NACIONAL<\/strong><\/h4>\n<p>El cineasta <strong>Guillermo Galoe<\/strong> recibir\u00e1 esta tarde a las 20 horas el <strong>Roel como Director del Siglo XXI<\/strong> como reconocimiento a su trayectoria, que en los \u00faltimos a\u00f1os lo ha consolidado como una de las voces m\u00e1s personales y relevantes del panorama nacional. Adem\u00e1s, la 39 SECIME proyectar\u00e1 su pel\u00edcula <strong>\u2018Ciudad sin sue\u00f1o\u2019<\/strong> y tendr\u00e1 lugar un encuentro con el p\u00fablico en el que participar\u00e1 el propio Galoe y parte del equipo de la cinta.<\/p>\n<p>La jornada tambi\u00e9n contar\u00e1 con el <strong>estreno nacional de \u2018Un hombre de verdad\u2019, \u00f3pera prima Liteo Pedregal,<\/strong> mordaz comedia negra que disecciona con humor absurdo la crisis de identidad masculina. Su director y parte del equipo tambi\u00e9n se encontrar\u00e1n con el p\u00fablico una vez terminado el visionado. Finalmente, la programaci\u00f3n de hoy se completar\u00e1 con la <strong>primera sesi\u00f3n del ciclo \u2018Cortos con clase\u2019<\/strong> para los estudiantes de los colegios Nuestra Se\u00f1ora de las Mercedes (10 horas) y del San Juan de la Cruz, Clemente Fern\u00e1ndez de la Devesa y Centro de Formaci\u00f3n y Empleo Crea Medina (12 horas).<\/p>\t\t\t\t\t\t\t\t<\/div>\n\t\t\t\t\t<\/div>\n\t\t\t\t<\/div>\n\t\t\t\t<\/div>","protected":false},"excerpt":{"rendered":"<p>La 39 SECIME acoger\u00e1 ma\u00f1ana el estreno nacional de la pel\u00edcula \u2018A la cara\u2019, de Javier Marco El director y parte de su equipo presentar\u00e1n en Medina del Campo el filme y tendr\u00e1n un encuentro con el p\u00fablico al terminar la proyecci\u00f3n Fantasmedina, ciclo dedicado al g\u00e9nero fant\u00e1stico y de terror, alcanza su und\u00e9cima edici\u00f3n con un total de ocho trabajos a concurso La jornada del martes 21 de abril se completar\u00e1 con la segunda sesi\u00f3n de \u2018Cortos con clase\u2019, dirigida a estudiantes de colegios e institutos Pueblosycomarcas.com;&nbsp;@PueblosComarcas La 39 Semana de Cine de Medina del Campo (SECIME) acoger\u00e1 ma\u00f1ana martes, 21 de abril, un nuevo estreno nacional dentro de su clara apuesta por el cine espa\u00f1ol. El director Javier Marco y su equipo presentar\u00e1n en el Auditorio Municipal Emiliano Allende a las 20 horas \u2018A la cara\u2019, largometraje que nace del corto del mismo nombre. Durante la jornada tambi\u00e9n tendr\u00e1 lugar la proyecci\u00f3n de los trabajos que compiten en el ciclo Fantasmedina, que alcanza este a\u00f1o su und\u00e9cima edici\u00f3n, adem\u00e1s de la segunda sesi\u00f3n de \u2018Cortos con clase\u2019, dirigida a estudiantes de colegios e institutos. El punto de partida de la cinta \u2018A la cara\u2019 se sit\u00faa en la recriminaci\u00f3n por parte de una presentadora de televisi\u00f3n a un hombre que le envi\u00f3 un mensaje de odio en redes sociales, para m\u00e1s tarde transformar ese choque violento en una extra\u00f1a convivencia entre ambos. Los dos protagonistas est\u00e1n interpretados por Manolo Solo y Sonia Almarcha, que retoman as\u00ed los papeles que ya hicieron en el cortometraje anterior, que se alz\u00f3 en 2020 con el Premio Goya en la categor\u00eda de ficci\u00f3n. El cineasta Javier Marco, que charlar\u00e1 con el p\u00fablico junto a parte de su equipo tras la proyecci\u00f3n de la pel\u00edcula, ha desarrollado a lo largo de su carrera un estilo propio caracterizado por una puesta en escena sobria, una direcci\u00f3n de actores muy precisa y un marcado inter\u00e9s por explorar las emociones humanas en contextos reconocibles. Su primer largometraje, \u2018Josefina\u2019, que particip\u00f3 en la secci\u00f3n Nuevos Directores del Festival de Cine de San Sebasti\u00e1n en 2021, cont\u00f3 en su reparto con int\u00e9rpretes de la talla de Emma Su\u00e1rez, Roberto \u00c1lamo o Pedro Casablanc, entre otros. FANTASMEDINA Y CORTOS CON CLASE El g\u00e9nero fant\u00e1stico y de terror vuelve a estar presente un a\u00f1o m\u00e1s en la SECIME con la und\u00e9cima edici\u00f3n de Fantasmedina, que cuenta con ocho trabajos a concurso que podr\u00e1n verse ma\u00f1ana a las 17 horas en el Auditorio Municipal Emiliano Allende. Fantasmas, tem\u00e1ticas de \u00e9poca, viajes en el tiempo o premoniciones vertebran los cortometrajes seleccionados. La animaci\u00f3n llegar\u00e1 de la mano de \u2018El fantasma de la quinta\u2019, de James A. Castillo, centrado en los a\u00f1os de Francisco de Goya en La Quinta del Sordo. Adem\u00e1s, el p\u00fablico disfrutar\u00e1 de las cintas \u2018Amira\u2019, de Javier Y\u00e1\u00f1ez; \u2018Buitres\u2019, de Santi Alvarado; \u2018Las l\u00e1grimas de S\u00edsifo\u2019, de Luis Larrodera; \u2018Lencer\u00eda Milagros\u2019, de Jana Moreno; \u2018P\u00e1lpito\u2019, de Marisa Crespo y Mois\u00e9s Romera; \u2018Se\u00f1uelo\u2019, de Martha G. Ayerbe; y \u2018Ten\u00e9is que verlo\u2019, de Nacho Solana. &nbsp;La programaci\u00f3n de ma\u00f1ana martes se cerrar\u00e1 con la segunda sesi\u00f3n del ciclo \u2018Cortos con clase\u2019. Los alumnos del Colegio San Jos\u00e9 (10 horas) y del Lope de Vega y Barrientos (12 horas) podr\u00e1n ver cuatro cortometrajes en el Auditorio Municipal: \u2018Davi\u2019, de Julia Gonz\u00e1lez; \u2018Marciano Garc\u00eda\u2019, de Luis Arrojo; \u2018Cap al cel\u2019, de Nicol\u00e1s Sole; y \u2018Les fleurs de Malva\u2019, de Anna Lys. HOY: ROEL A GUILLERMO GALOE, PROYECCI\u00d3N DE \u2018CIUDAD SIN SUE\u00d1O\u2019 Y ESTRENO NACIONAL El cineasta Guillermo Galoe recibir\u00e1 esta tarde a las 20 horas el Roel como Director del Siglo XXI como reconocimiento a su trayectoria, que en los \u00faltimos a\u00f1os lo ha consolidado como una de las voces m\u00e1s personales y relevantes del panorama nacional. Adem\u00e1s, la 39 SECIME proyectar\u00e1 su pel\u00edcula \u2018Ciudad sin sue\u00f1o\u2019 y tendr\u00e1 lugar un encuentro con el p\u00fablico en el que participar\u00e1 el propio Galoe y parte del equipo de la cinta. La jornada tambi\u00e9n contar\u00e1 con el estreno nacional de \u2018Un hombre de verdad\u2019, \u00f3pera prima Liteo Pedregal, mordaz comedia negra que disecciona con humor absurdo la crisis de identidad masculina. Su director y parte del equipo tambi\u00e9n se encontrar\u00e1n con el p\u00fablico una vez terminado el visionado. Finalmente, la programaci\u00f3n de hoy se completar\u00e1 con la primera sesi\u00f3n del ciclo \u2018Cortos con clase\u2019 para los estudiantes de los colegios Nuestra Se\u00f1ora de las Mercedes (10 horas) y del San Juan de la Cruz, Clemente Fern\u00e1ndez de la Devesa y Centro de Formaci\u00f3n y Empleo Crea Medina (12 horas).<\/p>","protected":false},"author":2,"featured_media":10320,"comment_status":"open","ping_status":"closed","sticky":false,"template":"","format":"standard","meta":{"site-sidebar-layout":"default","site-content-layout":"","ast-site-content-layout":"default","site-content-style":"default","site-sidebar-style":"default","ast-global-header-display":"","ast-banner-title-visibility":"","ast-main-header-display":"","ast-hfb-above-header-display":"","ast-hfb-below-header-display":"","ast-hfb-mobile-header-display":"","site-post-title":"disabled","ast-breadcrumbs-content":"","ast-featured-img":"","footer-sml-layout":"","theme-transparent-header-meta":"","adv-header-id-meta":"","stick-header-meta":"","header-above-stick-meta":"","header-main-stick-meta":"","header-below-stick-meta":"","astra-migrate-meta-layouts":"default","ast-page-background-enabled":"default","ast-page-background-meta":{"desktop":{"background-color":"var(--ast-global-color-5)","background-image":"","background-repeat":"repeat","background-position":"center center","background-size":"auto","background-attachment":"scroll","background-type":"","background-media":"","overlay-type":"","overlay-color":"","overlay-opacity":"","overlay-gradient":""},"tablet":{"background-color":"","background-image":"","background-repeat":"repeat","background-position":"center center","background-size":"auto","background-attachment":"scroll","background-type":"","background-media":"","overlay-type":"","overlay-color":"","overlay-opacity":"","overlay-gradient":""},"mobile":{"background-color":"","background-image":"","background-repeat":"repeat","background-position":"center center","background-size":"auto","background-attachment":"scroll","background-type":"","background-media":"","overlay-type":"","overlay-color":"","overlay-opacity":"","overlay-gradient":""}},"ast-content-background-meta":{"desktop":{"background-color":"var(--ast-global-color-4)","background-image":"","background-repeat":"repeat","background-position":"center center","background-size":"auto","background-attachment":"scroll","background-type":"","background-media":"","overlay-type":"","overlay-color":"","overlay-opacity":"","overlay-gradient":""},"tablet":{"background-color":"var(--ast-global-color-4)","background-image":"","background-repeat":"repeat","background-position":"center center","background-size":"auto","background-attachment":"scroll","background-type":"","background-media":"","overlay-type":"","overlay-color":"","overlay-opacity":"","overlay-gradient":""},"mobile":{"background-color":"var(--ast-global-color-4)","background-image":"","background-repeat":"repeat","background-position":"center center","background-size":"auto","background-attachment":"scroll","background-type":"","background-media":"","overlay-type":"","overlay-color":"","overlay-opacity":"","overlay-gradient":""}},"ngg_post_thumbnail":0,"footnotes":""},"categories":[14,16],"tags":[33,98],"class_list":["post-10319","post","type-post","status-publish","format-standard","has-post-thumbnail","hentry","category-cultura-y-tradicion","category-portada","tag-medina-del-campo","tag-semana-de-cine-de-medina-de-campo"],"aioseo_notices":[],"rttpg_featured_image_url":{"full":["https:\/\/pueblosycomarcas.com\/wp-content\/uploads\/2026\/04\/20260420_a-la-cara.jpg",800,400,false],"landscape":["https:\/\/pueblosycomarcas.com\/wp-content\/uploads\/2026\/04\/20260420_a-la-cara.jpg",800,400,false],"portraits":["https:\/\/pueblosycomarcas.com\/wp-content\/uploads\/2026\/04\/20260420_a-la-cara.jpg",800,400,false],"thumbnail":["https:\/\/pueblosycomarcas.com\/wp-content\/uploads\/2026\/04\/20260420_a-la-cara-150x150.jpg",150,150,true],"medium":["https:\/\/pueblosycomarcas.com\/wp-content\/uploads\/2026\/04\/20260420_a-la-cara-300x150.jpg",300,150,true],"large":["https:\/\/pueblosycomarcas.com\/wp-content\/uploads\/2026\/04\/20260420_a-la-cara.jpg",800,400,false],"1536x1536":["https:\/\/pueblosycomarcas.com\/wp-content\/uploads\/2026\/04\/20260420_a-la-cara.jpg",800,400,false],"2048x2048":["https:\/\/pueblosycomarcas.com\/wp-content\/uploads\/2026\/04\/20260420_a-la-cara.jpg",800,400,false],"trp-custom-language-flag":["https:\/\/pueblosycomarcas.com\/wp-content\/uploads\/2026\/04\/20260420_a-la-cara-18x9.jpg",18,9,true]},"rttpg_author":{"display_name":"Juanjo","author_link":"https:\/\/pueblosycomarcas.com\/en\/author\/pueblosycomarcas\/"},"rttpg_comment":0,"rttpg_category":"<a href=\"https:\/\/pueblosycomarcas.com\/en\/category\/cultura-y-tradicion\/\" rel=\"category tag\">Cultura y Tradici\u00f3n<\/a> <a href=\"https:\/\/pueblosycomarcas.com\/en\/category\/portada\/\" rel=\"category tag\">Portada<\/a>","rttpg_excerpt":"La 39 SECIME acoger\u00e1 ma\u00f1ana el estreno nacional de la pel\u00edcula \u2018A la cara\u2019, de Javier Marco El director y parte de su equipo presentar\u00e1n en Medina del Campo el filme y tendr\u00e1n un encuentro con el p\u00fablico al terminar la proyecci\u00f3n Fantasmedina, ciclo dedicado al g\u00e9nero fant\u00e1stico y de terror, alcanza su und\u00e9cima edici\u00f3n&hellip;","_links":{"self":[{"href":"https:\/\/pueblosycomarcas.com\/en\/wp-json\/wp\/v2\/posts\/10319","targetHints":{"allow":["GET"]}}],"collection":[{"href":"https:\/\/pueblosycomarcas.com\/en\/wp-json\/wp\/v2\/posts"}],"about":[{"href":"https:\/\/pueblosycomarcas.com\/en\/wp-json\/wp\/v2\/types\/post"}],"author":[{"embeddable":true,"href":"https:\/\/pueblosycomarcas.com\/en\/wp-json\/wp\/v2\/users\/2"}],"replies":[{"embeddable":true,"href":"https:\/\/pueblosycomarcas.com\/en\/wp-json\/wp\/v2\/comments?post=10319"}],"version-history":[{"count":5,"href":"https:\/\/pueblosycomarcas.com\/en\/wp-json\/wp\/v2\/posts\/10319\/revisions"}],"predecessor-version":[{"id":10325,"href":"https:\/\/pueblosycomarcas.com\/en\/wp-json\/wp\/v2\/posts\/10319\/revisions\/10325"}],"wp:featuredmedia":[{"embeddable":true,"href":"https:\/\/pueblosycomarcas.com\/en\/wp-json\/wp\/v2\/media\/10320"}],"wp:attachment":[{"href":"https:\/\/pueblosycomarcas.com\/en\/wp-json\/wp\/v2\/media?parent=10319"}],"wp:term":[{"taxonomy":"category","embeddable":true,"href":"https:\/\/pueblosycomarcas.com\/en\/wp-json\/wp\/v2\/categories?post=10319"},{"taxonomy":"post_tag","embeddable":true,"href":"https:\/\/pueblosycomarcas.com\/en\/wp-json\/wp\/v2\/tags?post=10319"}],"curies":[{"name":"wp","href":"https:\/\/api.w.org\/{rel}","templated":true}]}}